{"id":904377,"date":"2020-04-09T18:26:07","date_gmt":"2020-04-09T21:26:07","guid":{"rendered":"http:\/\/www.pm.pb.gov.br\/portal\/?p=904377"},"modified":"2020-04-10T11:27:04","modified_gmt":"2020-04-10T14:27:04","slug":"policia-militar-prende-acusados-de-trafico-e-estupro-em-patos","status":"publish","type":"post","link":"https:\/\/www.pm.pb.gov.br\/portal\/2020\/04\/09\/policia-militar-prende-acusados-de-trafico-e-estupro-em-patos\/","title":{"rendered":"Pol\u00edcia Militar prende acusados de tr\u00e1fico e estupro em Patos"},"content":{"rendered":"\n<p style=\"font-weight: 400;\">A Pol\u00edcia Militar intensificou as a\u00e7\u00f5es no sert\u00e3o da Para\u00edba e capturou tr\u00eas homens procurados pela Justi\u00e7a, que estavam sendo acusados de diversos crimes. As pris\u00f5es foram na manh\u00e3 desta quinta-feira (09) no munic\u00edpio de Patos (foto acima ilustrativa; registro: Sd Varela).<\/p>\n<p style=\"font-weight: 400;\">Todos os presos tiveram os mandados de pris\u00f5es expedidos pela 2\u00aa Vara Mista de Patos, e foram capturados pelos policiais do 3\u00ba Batalh\u00e3o e da For\u00e7a Regional, que receberam informa\u00e7\u00f5es da Coordenadoria de Intelig\u00eancia da PM (COInt). Um dos acusados foi localizado no bairro do Alto da Tubiba. Ele tem 32 anos de idade e estava sendo procurado pelo crime de tr\u00e1fico de drogas.<\/p>\n<p style=\"font-weight: 400;\">Outro preso, de 35 anos, que tamb\u00e9m era acusado de tr\u00e1fico e porte ilegal de arma de fogo, foi localizado no bairro Jos\u00e9 Mariz. J\u00e1 no bairro do Jatob\u00e1, um homem de 41 anos foi preso pelo crime de estupro. Todos os acusados foram encaminhados para a Delegacia da Pol\u00edcia Civil onde est\u00e3o \u00e0 disposi\u00e7\u00e3o da Justi\u00e7a.<\/p>\n","protected":false},"excerpt":{"rendered":"<p>A Pol\u00edcia Militar intensificou as a\u00e7\u00f5es no sert\u00e3o da Para\u00edba e capturou tr\u00eas homens procurados pela Justi\u00e7a, que estavam sendo<\/p>\n","protected":false},"author":12,"featured_media":904302,"comment_status":"closed","ping_status":"closed","sticky":false,"template":"","format":"standard","meta":{"_exactmetrics_skip_tracking":false,"_exactmetrics_sitenote_active":false,"_exactmetrics_sitenote_note":"","_exactmetrics_sitenote_category":0,"footnotes":""},"categories":[4],"tags":[],"yoast_head":"<!-- This site is optimized with the Yoast SEO plugin v22.0 - https:\/\/yoast.com\/wordpress\/plugins\/seo\/ -->\n<title>Pol\u00edcia Militar prende acusados de tr\u00e1fico e estupro em Patos - Pol\u00edcia Militar da Para\u00edba<\/title>\n<meta name=\"robots\" content=\"index, follow, max-snippet:-1, max-image-preview:large, max-video-preview:-1\" \/>\n<link rel=\"canonical\" href=\"https:\/\/www.pm.pb.gov.br\/portal\/2020\/04\/09\/policia-militar-prende-acusados-de-trafico-e-estupro-em-patos\/\" \/>\n<meta property=\"og:locale\" content=\"pt_BR\" \/>\n<meta property=\"og:type\" content=\"article\" \/>\n<meta property=\"og:title\" content=\"Pol\u00edcia Militar prende acusados de tr\u00e1fico e estupro em Patos - Pol\u00edcia Militar da Para\u00edba\" \/>\n<meta property=\"og:description\" content=\"A Pol\u00edcia Militar intensificou as a\u00e7\u00f5es no sert\u00e3o da Para\u00edba e capturou tr\u00eas homens procurados pela Justi\u00e7a, que estavam sendo\" \/>\n<meta property=\"og:url\" content=\"https:\/\/www.pm.pb.gov.br\/portal\/2020\/04\/09\/policia-militar-prende-acusados-de-trafico-e-estupro-em-patos\/\" \/>\n<meta property=\"og:site_name\" content=\"Pol\u00edcia Militar da Para\u00edba\" \/>\n<meta property=\"article:published_time\" content=\"2020-04-09T21:26:07+00:00\" \/>\n<meta property=\"article:modified_time\" content=\"2020-04-10T14:27:04+00:00\" \/>\n<meta property=\"og:image\" content=\"https:\/\/www.pm.pb.gov.br\/portal\/wp-content\/uploads\/2020\/04\/sertao1.jpg\" \/>\n\t<meta property=\"og:image:width\" content=\"800\" \/>\n\t<meta property=\"og:image:height\" content=\"445\" \/>\n\t<meta property=\"og:image:type\" content=\"image\/jpeg\" \/>\n<meta name=\"author\" content=\"Tarcisio Oliveira\" \/>\n<meta name=\"twitter:card\" content=\"summary_large_image\" \/>\n<meta name=\"twitter:label1\" content=\"Escrito por\" \/>\n\t<meta name=\"twitter:data1\" content=\"Tarcisio Oliveira\" \/>\n\t<meta name=\"twitter:label2\" content=\"Est. tempo de leitura\" \/>\n\t<meta name=\"twitter:data2\" content=\"1 minuto\" \/>\n<script type=\"application\/ld+json\" class=\"yoast-schema-graph\">{\"@context\":\"https:\/\/schema.org\",\"@graph\":[{\"@type\":\"Article\",\"@id\":\"https:\/\/www.pm.pb.gov.br\/portal\/2020\/04\/09\/policia-militar-prende-acusados-de-trafico-e-estupro-em-patos\/#article\",\"isPartOf\":{\"@id\":\"https:\/\/www.pm.pb.gov.br\/portal\/2020\/04\/09\/policia-militar-prende-acusados-de-trafico-e-estupro-em-patos\/\"},\"author\":{\"name\":\"Tarcisio Oliveira\",\"@id\":\"https:\/\/www.pm.pb.gov.br\/portal\/#\/schema\/person\/f84f56dcc78ce4357054da888b8247fd\"},\"headline\":\"Pol\u00edcia Militar prende acusados de tr\u00e1fico e estupro em Patos\",\"datePublished\":\"2020-04-09T21:26:07+00:00\",\"dateModified\":\"2020-04-10T14:27:04+00:00\",\"mainEntityOfPage\":{\"@id\":\"https:\/\/www.pm.pb.gov.br\/portal\/2020\/04\/09\/policia-militar-prende-acusados-de-trafico-e-estupro-em-patos\/\"},\"wordCount\":188,\"publisher\":{\"@id\":\"https:\/\/www.pm.pb.gov.br\/portal\/#organization\"},\"articleSection\":[\"A\u00e7\u00f5es Policiais\"],\"inLanguage\":\"pt-BR\"},{\"@type\":\"WebPage\",\"@id\":\"https:\/\/www.pm.pb.gov.br\/portal\/2020\/04\/09\/policia-militar-prende-acusados-de-trafico-e-estupro-em-patos\/\",\"url\":\"https:\/\/www.pm.pb.gov.br\/portal\/2020\/04\/09\/policia-militar-prende-acusados-de-trafico-e-estupro-em-patos\/\",\"name\":\"Pol\u00edcia Militar prende acusados de tr\u00e1fico e estupro em Patos - Pol\u00edcia Militar da Para\u00edba\",\"isPartOf\":{\"@id\":\"https:\/\/www.pm.pb.gov.br\/portal\/#website\"},\"datePublished\":\"2020-04-09T21:26:07+00:00\",\"dateModified\":\"2020-04-10T14:27:04+00:00\",\"breadcrumb\":{\"@id\":\"https:\/\/www.pm.pb.gov.br\/portal\/2020\/04\/09\/policia-militar-prende-acusados-de-trafico-e-estupro-em-patos\/#breadcrumb\"},\"inLanguage\":\"pt-BR\",\"potentialAction\":[{\"@type\":\"ReadAction\",\"target\":[\"https:\/\/www.pm.pb.gov.br\/portal\/2020\/04\/09\/policia-militar-prende-acusados-de-trafico-e-estupro-em-patos\/\"]}]},{\"@type\":\"BreadcrumbList\",\"@id\":\"https:\/\/www.pm.pb.gov.br\/portal\/2020\/04\/09\/policia-militar-prende-acusados-de-trafico-e-estupro-em-patos\/#breadcrumb\",\"itemListElement\":[{\"@type\":\"ListItem\",\"position\":1,\"name\":\"In\u00edcio\",\"item\":\"https:\/\/www.pm.pb.gov.br\/portal\/\"},{\"@type\":\"ListItem\",\"position\":2,\"name\":\"Pol\u00edcia Militar prende acusados de tr\u00e1fico e estupro em Patos\"}]},{\"@type\":\"WebSite\",\"@id\":\"https:\/\/www.pm.pb.gov.br\/portal\/#website\",\"url\":\"https:\/\/www.pm.pb.gov.br\/portal\/\",\"name\":\"Pol\u00edcia Militar da Para\u00edba\",\"description\":\"\",\"publisher\":{\"@id\":\"https:\/\/www.pm.pb.gov.br\/portal\/#organization\"},\"potentialAction\":[{\"@type\":\"SearchAction\",\"target\":{\"@type\":\"EntryPoint\",\"urlTemplate\":\"https:\/\/www.pm.pb.gov.br\/portal\/?s={search_term_string}\"},\"query-input\":\"required name=search_term_string\"}],\"inLanguage\":\"pt-BR\"},{\"@type\":\"Organization\",\"@id\":\"https:\/\/www.pm.pb.gov.br\/portal\/#organization\",\"name\":\"Pol\u00edcia Militar da Para\u00edba\",\"url\":\"https:\/\/www.pm.pb.gov.br\/portal\/\",\"logo\":{\"@type\":\"ImageObject\",\"inLanguage\":\"pt-BR\",\"@id\":\"https:\/\/www.pm.pb.gov.br\/portal\/#\/schema\/logo\/image\/\",\"url\":\"https:\/\/www.pm.pb.gov.br\/portal\/wp-content\/uploads\/2025\/03\/cropped-logo-site-mag2-1.png\",\"contentUrl\":\"https:\/\/www.pm.pb.gov.br\/portal\/wp-content\/uploads\/2025\/03\/cropped-logo-site-mag2-1.png\",\"width\":320,\"height\":90,\"caption\":\"Pol\u00edcia Militar da Para\u00edba\"},\"image\":{\"@id\":\"https:\/\/www.pm.pb.gov.br\/portal\/#\/schema\/logo\/image\/\"}},{\"@type\":\"Person\",\"@id\":\"https:\/\/www.pm.pb.gov.br\/portal\/#\/schema\/person\/f84f56dcc78ce4357054da888b8247fd\",\"name\":\"Tarcisio Oliveira\",\"image\":{\"@type\":\"ImageObject\",\"inLanguage\":\"pt-BR\",\"@id\":\"https:\/\/www.pm.pb.gov.br\/portal\/#\/schema\/person\/image\/\",\"url\":\"https:\/\/secure.gravatar.com\/avatar\/72917b630b69d31cd0297507f34bac97?s=96&d=mm&r=g\",\"contentUrl\":\"https:\/\/secure.gravatar.com\/avatar\/72917b630b69d31cd0297507f34bac97?s=96&d=mm&r=g\",\"caption\":\"Tarcisio Oliveira\"},\"url\":\"https:\/\/www.pm.pb.gov.br\/portal\/author\/tarcisio\/\"}]}<\/script>\n<!-- \/ Yoast SEO plugin. -->","yoast_head_json":{"title":"Pol\u00edcia Militar prende acusados de tr\u00e1fico e estupro em Patos - Pol\u00edcia Militar da Para\u00edba","robots":{"index":"index","follow":"follow","max-snippet":"max-snippet:-1","max-image-preview":"max-image-preview:large","max-video-preview":"max-video-preview:-1"},"canonical":"https:\/\/www.pm.pb.gov.br\/portal\/2020\/04\/09\/policia-militar-prende-acusados-de-trafico-e-estupro-em-patos\/","og_locale":"pt_BR","og_type":"article","og_title":"Pol\u00edcia Militar prende acusados de tr\u00e1fico e estupro em Patos - Pol\u00edcia Militar da Para\u00edba","og_description":"A Pol\u00edcia Militar intensificou as a\u00e7\u00f5es no sert\u00e3o da Para\u00edba e capturou tr\u00eas homens procurados pela Justi\u00e7a, que estavam sendo","og_url":"https:\/\/www.pm.pb.gov.br\/portal\/2020\/04\/09\/policia-militar-prende-acusados-de-trafico-e-estupro-em-patos\/","og_site_name":"Pol\u00edcia Militar da Para\u00edba","article_published_time":"2020-04-09T21:26:07+00:00","article_modified_time":"2020-04-10T14:27:04+00:00","og_image":[{"width":800,"height":445,"url":"https:\/\/www.pm.pb.gov.br\/portal\/wp-content\/uploads\/2020\/04\/sertao1.jpg","type":"image\/jpeg"}],"author":"Tarcisio Oliveira","twitter_card":"summary_large_image","twitter_misc":{"Escrito por":"Tarcisio Oliveira","Est. tempo de leitura":"1 minuto"},"schema":{"@context":"https:\/\/schema.org","@graph":[{"@type":"Article","@id":"https:\/\/www.pm.pb.gov.br\/portal\/2020\/04\/09\/policia-militar-prende-acusados-de-trafico-e-estupro-em-patos\/#article","isPartOf":{"@id":"https:\/\/www.pm.pb.gov.br\/portal\/2020\/04\/09\/policia-militar-prende-acusados-de-trafico-e-estupro-em-patos\/"},"author":{"name":"Tarcisio Oliveira","@id":"https:\/\/www.pm.pb.gov.br\/portal\/#\/schema\/person\/f84f56dcc78ce4357054da888b8247fd"},"headline":"Pol\u00edcia Militar prende acusados de tr\u00e1fico e estupro em Patos","datePublished":"2020-04-09T21:26:07+00:00","dateModified":"2020-04-10T14:27:04+00:00","mainEntityOfPage":{"@id":"https:\/\/www.pm.pb.gov.br\/portal\/2020\/04\/09\/policia-militar-prende-acusados-de-trafico-e-estupro-em-patos\/"},"wordCount":188,"publisher":{"@id":"https:\/\/www.pm.pb.gov.br\/portal\/#organization"},"articleSection":["A\u00e7\u00f5es Policiais"],"inLanguage":"pt-BR"},{"@type":"WebPage","@id":"https:\/\/www.pm.pb.gov.br\/portal\/2020\/04\/09\/policia-militar-prende-acusados-de-trafico-e-estupro-em-patos\/","url":"https:\/\/www.pm.pb.gov.br\/portal\/2020\/04\/09\/policia-militar-prende-acusados-de-trafico-e-estupro-em-patos\/","name":"Pol\u00edcia Militar prende acusados de tr\u00e1fico e estupro em Patos - Pol\u00edcia Militar da Para\u00edba","isPartOf":{"@id":"https:\/\/www.pm.pb.gov.br\/portal\/#website"},"datePublished":"2020-04-09T21:26:07+00:00","dateModified":"2020-04-10T14:27:04+00:00","breadcrumb":{"@id":"https:\/\/www.pm.pb.gov.br\/portal\/2020\/04\/09\/policia-militar-prende-acusados-de-trafico-e-estupro-em-patos\/#breadcrumb"},"inLanguage":"pt-BR","potentialAction":[{"@type":"ReadAction","target":["https:\/\/www.pm.pb.gov.br\/portal\/2020\/04\/09\/policia-militar-prende-acusados-de-trafico-e-estupro-em-patos\/"]}]},{"@type":"BreadcrumbList","@id":"https:\/\/www.pm.pb.gov.br\/portal\/2020\/04\/09\/policia-militar-prende-acusados-de-trafico-e-estupro-em-patos\/#breadcrumb","itemListElement":[{"@type":"ListItem","position":1,"name":"In\u00edcio","item":"https:\/\/www.pm.pb.gov.br\/portal\/"},{"@type":"ListItem","position":2,"name":"Pol\u00edcia Militar prende acusados de tr\u00e1fico e estupro em Patos"}]},{"@type":"WebSite","@id":"https:\/\/www.pm.pb.gov.br\/portal\/#website","url":"https:\/\/www.pm.pb.gov.br\/portal\/","name":"Pol\u00edcia Militar da Para\u00edba","description":"","publisher":{"@id":"https:\/\/www.pm.pb.gov.br\/portal\/#organization"},"potentialAction":[{"@type":"SearchAction","target":{"@type":"EntryPoint","urlTemplate":"https:\/\/www.pm.pb.gov.br\/portal\/?s={search_term_string}"},"query-input":"required name=search_term_string"}],"inLanguage":"pt-BR"},{"@type":"Organization","@id":"https:\/\/www.pm.pb.gov.br\/portal\/#organization","name":"Pol\u00edcia Militar da Para\u00edba","url":"https:\/\/www.pm.pb.gov.br\/portal\/","logo":{"@type":"ImageObject","inLanguage":"pt-BR","@id":"https:\/\/www.pm.pb.gov.br\/portal\/#\/schema\/logo\/image\/","url":"https:\/\/www.pm.pb.gov.br\/portal\/wp-content\/uploads\/2025\/03\/cropped-logo-site-mag2-1.png","contentUrl":"https:\/\/www.pm.pb.gov.br\/portal\/wp-content\/uploads\/2025\/03\/cropped-logo-site-mag2-1.png","width":320,"height":90,"caption":"Pol\u00edcia Militar da Para\u00edba"},"image":{"@id":"https:\/\/www.pm.pb.gov.br\/portal\/#\/schema\/logo\/image\/"}},{"@type":"Person","@id":"https:\/\/www.pm.pb.gov.br\/portal\/#\/schema\/person\/f84f56dcc78ce4357054da888b8247fd","name":"Tarcisio Oliveira","image":{"@type":"ImageObject","inLanguage":"pt-BR","@id":"https:\/\/www.pm.pb.gov.br\/portal\/#\/schema\/person\/image\/","url":"https:\/\/secure.gravatar.com\/avatar\/72917b630b69d31cd0297507f34bac97?s=96&d=mm&r=g","contentUrl":"https:\/\/secure.gravatar.com\/avatar\/72917b630b69d31cd0297507f34bac97?s=96&d=mm&r=g","caption":"Tarcisio Oliveira"},"url":"https:\/\/www.pm.pb.gov.br\/portal\/author\/tarcisio\/"}]}},"_links":{"self":[{"href":"https:\/\/www.pm.pb.gov.br\/portal\/wp-json\/wp\/v2\/posts\/904377"}],"collection":[{"href":"https:\/\/www.pm.pb.gov.br\/portal\/wp-json\/wp\/v2\/posts"}],"about":[{"href":"https:\/\/www.pm.pb.gov.br\/portal\/wp-json\/wp\/v2\/types\/post"}],"author":[{"embeddable":true,"href":"https:\/\/www.pm.pb.gov.br\/portal\/wp-json\/wp\/v2\/users\/12"}],"replies":[{"embeddable":true,"href":"https:\/\/www.pm.pb.gov.br\/portal\/wp-json\/wp\/v2\/comments?post=904377"}],"version-history":[{"count":1,"href":"https:\/\/www.pm.pb.gov.br\/portal\/wp-json\/wp\/v2\/posts\/904377\/revisions"}],"predecessor-version":[{"id":904378,"href":"https:\/\/www.pm.pb.gov.br\/portal\/wp-json\/wp\/v2\/posts\/904377\/revisions\/904378"}],"wp:featuredmedia":[{"embeddable":true,"href":"https:\/\/www.pm.pb.gov.br\/portal\/wp-json\/wp\/v2\/media\/904302"}],"wp:attachment":[{"href":"https:\/\/www.pm.pb.gov.br\/portal\/wp-json\/wp\/v2\/media?parent=904377"}],"wp:term":[{"taxonomy":"category","embeddable":true,"href":"https:\/\/www.pm.pb.gov.br\/portal\/wp-json\/wp\/v2\/categories?post=904377"},{"taxonomy":"post_tag","embeddable":true,"href":"https:\/\/www.pm.pb.gov.br\/portal\/wp-json\/wp\/v2\/tags?post=904377"}],"curies":[{"name":"wp","href":"https:\/\/api.w.org\/{rel}","templated":true}]}}