{"id":904370,"date":"2020-04-08T15:53:12","date_gmt":"2020-04-08T18:53:12","guid":{"rendered":"http:\/\/www.pm.pb.gov.br\/portal\/?p=904370"},"modified":"2020-04-08T15:53:17","modified_gmt":"2020-04-08T18:53:17","slug":"policia-militar-prende-estelionatario-de-sao-paulo-que-aplicava-golpes-em-campina-grande","status":"publish","type":"post","link":"https:\/\/www.pm.pb.gov.br\/portal\/2020\/04\/08\/policia-militar-prende-estelionatario-de-sao-paulo-que-aplicava-golpes-em-campina-grande\/","title":{"rendered":"Pol\u00edcia Militar prende estelionat\u00e1rio de S\u00e3o Paulo que aplicava golpes em Campina Grande"},"content":{"rendered":"\n<p>A Pol\u00edcia Militar prendeu, em Campina Grande, um homem do estado de S\u00e3o Paulo, suspeito de estelionato, que agia fingindo ser funcion\u00e1rio de institui\u00e7\u00f5es banc\u00e1rias. A pris\u00e3o, que aconteceu na manh\u00e3 desta quarta-feira (08), resultou ainda na apreens\u00e3o de mais de 10 mil reais em dinheiro, 10 maquinetas e diversos cart\u00f5es de estabelecimentos financeiros.<br \/><br \/>O suspeito, que tem 20 anos de idade, foi preso em um hotel no bairro do Alto Branco. \u201cFomos informados por uma das v\u00edtimas que este homem foi em sua casa, se identificou como sendo funcion\u00e1rio do banco Caixa Econ\u00f4mica Federal, e levou os cart\u00f5es da v\u00edtima alegando que estavam clonados\u201d, explicou o tenente-coronel Rog\u00e9rio Damasceno, comandante do 2\u00ba Batalh\u00e3o. \u201cDepois, a pr\u00f3pria v\u00edtima come\u00e7ou a receber liga\u00e7\u00f5es das operadoras de cart\u00f5es e do banco, informando sobre compras e saques. Sabendo disso, iniciamos as dilig\u00eancias e conseguimos chegar \u00e0 localiza\u00e7\u00e3o do suspeito, que estava em um hotel com farto material usado em crimes de estelionato\u201d.<br \/><br \/>No local, os policiais do 2\u00ba Batalh\u00e3o encontraram mais de 10 mil reais em dinheiro, 10 maquinetas para uso de cart\u00e3o de cr\u00e9dito, nove cart\u00f5es de v\u00e1rias operadoras, crach\u00e1s e formul\u00e1rios banc\u00e1rios, entre outros objetos. Segundo o comando do 2\u00ba Batalh\u00e3o, durante a pris\u00e3o, o suspeito ainda ofereceu dinheiro proveniente do crime para ser liberado pelos policiais.\u00a0\u00a0<br \/><br \/>O suspeito, que j\u00e1 tem v\u00e1rias passagens por assalto, foi preso e encaminhado para a Central de Pol\u00edcia, com todo material apreendido. Ele foi autuado por estelionato e corrup\u00e7\u00e3o e est\u00e1 \u00e0 disposi\u00e7\u00e3o da Justi\u00e7a.<\/p>\n","protected":false},"excerpt":{"rendered":"<p>A Pol\u00edcia Militar prendeu, em Campina Grande, um homem do estado de S\u00e3o Paulo, suspeito de estelionato, que agia fingindo<\/p>\n","protected":false},"author":12,"featured_media":904371,"comment_status":"closed","ping_status":"closed","sticky":false,"template":"","format":"standard","meta":{"_exactmetrics_skip_tracking":false,"_exactmetrics_sitenote_active":false,"_exactmetrics_sitenote_note":"","_exactmetrics_sitenote_category":0,"footnotes":""},"categories":[4],"tags":[],"yoast_head":"<!-- This site is optimized with the Yoast SEO plugin v22.0 - https:\/\/yoast.com\/wordpress\/plugins\/seo\/ -->\n<title>Pol\u00edcia Militar prende estelionat\u00e1rio de S\u00e3o Paulo que aplicava golpes em Campina Grande - Pol\u00edcia Militar da Para\u00edba<\/title>\n<meta name=\"robots\" content=\"index, follow, max-snippet:-1, max-image-preview:large, max-video-preview:-1\" \/>\n<link rel=\"canonical\" href=\"https:\/\/www.pm.pb.gov.br\/portal\/2020\/04\/08\/policia-militar-prende-estelionatario-de-sao-paulo-que-aplicava-golpes-em-campina-grande\/\" \/>\n<meta property=\"og:locale\" content=\"pt_BR\" \/>\n<meta property=\"og:type\" content=\"article\" \/>\n<meta property=\"og:title\" content=\"Pol\u00edcia Militar prende estelionat\u00e1rio de S\u00e3o Paulo que aplicava golpes em Campina Grande - Pol\u00edcia Militar da Para\u00edba\" \/>\n<meta property=\"og:description\" content=\"A Pol\u00edcia Militar prendeu, em Campina Grande, um homem do estado de S\u00e3o Paulo, suspeito de estelionato, que agia fingindo\" \/>\n<meta property=\"og:url\" content=\"https:\/\/www.pm.pb.gov.br\/portal\/2020\/04\/08\/policia-militar-prende-estelionatario-de-sao-paulo-que-aplicava-golpes-em-campina-grande\/\" \/>\n<meta property=\"og:site_name\" content=\"Pol\u00edcia Militar da Para\u00edba\" \/>\n<meta property=\"article:published_time\" content=\"2020-04-08T18:53:12+00:00\" \/>\n<meta property=\"article:modified_time\" content=\"2020-04-08T18:53:17+00:00\" \/>\n<meta property=\"og:image\" content=\"https:\/\/www.pm.pb.gov.br\/portal\/wp-content\/uploads\/2020\/04\/estelionato.jpeg\" \/>\n\t<meta property=\"og:image:width\" content=\"1152\" \/>\n\t<meta property=\"og:image:height\" content=\"531\" \/>\n\t<meta property=\"og:image:type\" content=\"image\/jpeg\" \/>\n<meta name=\"author\" content=\"Tarcisio Oliveira\" \/>\n<meta name=\"twitter:card\" content=\"summary_large_image\" \/>\n<meta name=\"twitter:label1\" content=\"Escrito por\" \/>\n\t<meta name=\"twitter:data1\" content=\"Tarcisio Oliveira\" \/>\n\t<meta name=\"twitter:label2\" content=\"Est. tempo de leitura\" \/>\n\t<meta name=\"twitter:data2\" content=\"1 minuto\" \/>\n<script type=\"application\/ld+json\" class=\"yoast-schema-graph\">{\"@context\":\"https:\/\/schema.org\",\"@graph\":[{\"@type\":\"Article\",\"@id\":\"https:\/\/www.pm.pb.gov.br\/portal\/2020\/04\/08\/policia-militar-prende-estelionatario-de-sao-paulo-que-aplicava-golpes-em-campina-grande\/#article\",\"isPartOf\":{\"@id\":\"https:\/\/www.pm.pb.gov.br\/portal\/2020\/04\/08\/policia-militar-prende-estelionatario-de-sao-paulo-que-aplicava-golpes-em-campina-grande\/\"},\"author\":{\"name\":\"Tarcisio Oliveira\",\"@id\":\"https:\/\/www.pm.pb.gov.br\/portal\/#\/schema\/person\/f84f56dcc78ce4357054da888b8247fd\"},\"headline\":\"Pol\u00edcia Militar prende estelionat\u00e1rio de S\u00e3o Paulo que aplicava golpes em Campina Grande\",\"datePublished\":\"2020-04-08T18:53:12+00:00\",\"dateModified\":\"2020-04-08T18:53:17+00:00\",\"mainEntityOfPage\":{\"@id\":\"https:\/\/www.pm.pb.gov.br\/portal\/2020\/04\/08\/policia-militar-prende-estelionatario-de-sao-paulo-que-aplicava-golpes-em-campina-grande\/\"},\"wordCount\":293,\"publisher\":{\"@id\":\"https:\/\/www.pm.pb.gov.br\/portal\/#organization\"},\"articleSection\":[\"A\u00e7\u00f5es Policiais\"],\"inLanguage\":\"pt-BR\"},{\"@type\":\"WebPage\",\"@id\":\"https:\/\/www.pm.pb.gov.br\/portal\/2020\/04\/08\/policia-militar-prende-estelionatario-de-sao-paulo-que-aplicava-golpes-em-campina-grande\/\",\"url\":\"https:\/\/www.pm.pb.gov.br\/portal\/2020\/04\/08\/policia-militar-prende-estelionatario-de-sao-paulo-que-aplicava-golpes-em-campina-grande\/\",\"name\":\"Pol\u00edcia Militar prende estelionat\u00e1rio de S\u00e3o Paulo que aplicava golpes em Campina Grande - Pol\u00edcia Militar da Para\u00edba\",\"isPartOf\":{\"@id\":\"https:\/\/www.pm.pb.gov.br\/portal\/#website\"},\"datePublished\":\"2020-04-08T18:53:12+00:00\",\"dateModified\":\"2020-04-08T18:53:17+00:00\",\"breadcrumb\":{\"@id\":\"https:\/\/www.pm.pb.gov.br\/portal\/2020\/04\/08\/policia-militar-prende-estelionatario-de-sao-paulo-que-aplicava-golpes-em-campina-grande\/#breadcrumb\"},\"inLanguage\":\"pt-BR\",\"potentialAction\":[{\"@type\":\"ReadAction\",\"target\":[\"https:\/\/www.pm.pb.gov.br\/portal\/2020\/04\/08\/policia-militar-prende-estelionatario-de-sao-paulo-que-aplicava-golpes-em-campina-grande\/\"]}]},{\"@type\":\"BreadcrumbList\",\"@id\":\"https:\/\/www.pm.pb.gov.br\/portal\/2020\/04\/08\/policia-militar-prende-estelionatario-de-sao-paulo-que-aplicava-golpes-em-campina-grande\/#breadcrumb\",\"itemListElement\":[{\"@type\":\"ListItem\",\"position\":1,\"name\":\"In\u00edcio\",\"item\":\"https:\/\/www.pm.pb.gov.br\/portal\/\"},{\"@type\":\"ListItem\",\"position\":2,\"name\":\"Pol\u00edcia Militar prende estelionat\u00e1rio de S\u00e3o Paulo que aplicava golpes em Campina Grande\"}]},{\"@type\":\"WebSite\",\"@id\":\"https:\/\/www.pm.pb.gov.br\/portal\/#website\",\"url\":\"https:\/\/www.pm.pb.gov.br\/portal\/\",\"name\":\"Pol\u00edcia Militar da Para\u00edba\",\"description\":\"\",\"publisher\":{\"@id\":\"https:\/\/www.pm.pb.gov.br\/portal\/#organization\"},\"potentialAction\":[{\"@type\":\"SearchAction\",\"target\":{\"@type\":\"EntryPoint\",\"urlTemplate\":\"https:\/\/www.pm.pb.gov.br\/portal\/?s={search_term_string}\"},\"query-input\":\"required name=search_term_string\"}],\"inLanguage\":\"pt-BR\"},{\"@type\":\"Organization\",\"@id\":\"https:\/\/www.pm.pb.gov.br\/portal\/#organization\",\"name\":\"Pol\u00edcia Militar da Para\u00edba\",\"url\":\"https:\/\/www.pm.pb.gov.br\/portal\/\",\"logo\":{\"@type\":\"ImageObject\",\"inLanguage\":\"pt-BR\",\"@id\":\"https:\/\/www.pm.pb.gov.br\/portal\/#\/schema\/logo\/image\/\",\"url\":\"https:\/\/www.pm.pb.gov.br\/portal\/wp-content\/uploads\/2025\/03\/cropped-logo-site-mag2-1.png\",\"contentUrl\":\"https:\/\/www.pm.pb.gov.br\/portal\/wp-content\/uploads\/2025\/03\/cropped-logo-site-mag2-1.png\",\"width\":320,\"height\":90,\"caption\":\"Pol\u00edcia Militar da Para\u00edba\"},\"image\":{\"@id\":\"https:\/\/www.pm.pb.gov.br\/portal\/#\/schema\/logo\/image\/\"}},{\"@type\":\"Person\",\"@id\":\"https:\/\/www.pm.pb.gov.br\/portal\/#\/schema\/person\/f84f56dcc78ce4357054da888b8247fd\",\"name\":\"Tarcisio Oliveira\",\"image\":{\"@type\":\"ImageObject\",\"inLanguage\":\"pt-BR\",\"@id\":\"https:\/\/www.pm.pb.gov.br\/portal\/#\/schema\/person\/image\/\",\"url\":\"https:\/\/secure.gravatar.com\/avatar\/72917b630b69d31cd0297507f34bac97?s=96&d=mm&r=g\",\"contentUrl\":\"https:\/\/secure.gravatar.com\/avatar\/72917b630b69d31cd0297507f34bac97?s=96&d=mm&r=g\",\"caption\":\"Tarcisio Oliveira\"},\"url\":\"https:\/\/www.pm.pb.gov.br\/portal\/author\/tarcisio\/\"}]}<\/script>\n<!-- \/ Yoast SEO plugin. -->","yoast_head_json":{"title":"Pol\u00edcia Militar prende estelionat\u00e1rio de S\u00e3o Paulo que aplicava golpes em Campina Grande - Pol\u00edcia Militar da Para\u00edba","robots":{"index":"index","follow":"follow","max-snippet":"max-snippet:-1","max-image-preview":"max-image-preview:large","max-video-preview":"max-video-preview:-1"},"canonical":"https:\/\/www.pm.pb.gov.br\/portal\/2020\/04\/08\/policia-militar-prende-estelionatario-de-sao-paulo-que-aplicava-golpes-em-campina-grande\/","og_locale":"pt_BR","og_type":"article","og_title":"Pol\u00edcia Militar prende estelionat\u00e1rio de S\u00e3o Paulo que aplicava golpes em Campina Grande - Pol\u00edcia Militar da Para\u00edba","og_description":"A Pol\u00edcia Militar prendeu, em Campina Grande, um homem do estado de S\u00e3o Paulo, suspeito de estelionato, que agia fingindo","og_url":"https:\/\/www.pm.pb.gov.br\/portal\/2020\/04\/08\/policia-militar-prende-estelionatario-de-sao-paulo-que-aplicava-golpes-em-campina-grande\/","og_site_name":"Pol\u00edcia Militar da Para\u00edba","article_published_time":"2020-04-08T18:53:12+00:00","article_modified_time":"2020-04-08T18:53:17+00:00","og_image":[{"width":1152,"height":531,"url":"https:\/\/www.pm.pb.gov.br\/portal\/wp-content\/uploads\/2020\/04\/estelionato.jpeg","type":"image\/jpeg"}],"author":"Tarcisio Oliveira","twitter_card":"summary_large_image","twitter_misc":{"Escrito por":"Tarcisio Oliveira","Est. tempo de leitura":"1 minuto"},"schema":{"@context":"https:\/\/schema.org","@graph":[{"@type":"Article","@id":"https:\/\/www.pm.pb.gov.br\/portal\/2020\/04\/08\/policia-militar-prende-estelionatario-de-sao-paulo-que-aplicava-golpes-em-campina-grande\/#article","isPartOf":{"@id":"https:\/\/www.pm.pb.gov.br\/portal\/2020\/04\/08\/policia-militar-prende-estelionatario-de-sao-paulo-que-aplicava-golpes-em-campina-grande\/"},"author":{"name":"Tarcisio Oliveira","@id":"https:\/\/www.pm.pb.gov.br\/portal\/#\/schema\/person\/f84f56dcc78ce4357054da888b8247fd"},"headline":"Pol\u00edcia Militar prende estelionat\u00e1rio de S\u00e3o Paulo que aplicava golpes em Campina Grande","datePublished":"2020-04-08T18:53:12+00:00","dateModified":"2020-04-08T18:53:17+00:00","mainEntityOfPage":{"@id":"https:\/\/www.pm.pb.gov.br\/portal\/2020\/04\/08\/policia-militar-prende-estelionatario-de-sao-paulo-que-aplicava-golpes-em-campina-grande\/"},"wordCount":293,"publisher":{"@id":"https:\/\/www.pm.pb.gov.br\/portal\/#organization"},"articleSection":["A\u00e7\u00f5es Policiais"],"inLanguage":"pt-BR"},{"@type":"WebPage","@id":"https:\/\/www.pm.pb.gov.br\/portal\/2020\/04\/08\/policia-militar-prende-estelionatario-de-sao-paulo-que-aplicava-golpes-em-campina-grande\/","url":"https:\/\/www.pm.pb.gov.br\/portal\/2020\/04\/08\/policia-militar-prende-estelionatario-de-sao-paulo-que-aplicava-golpes-em-campina-grande\/","name":"Pol\u00edcia Militar prende estelionat\u00e1rio de S\u00e3o Paulo que aplicava golpes em Campina Grande - Pol\u00edcia Militar da Para\u00edba","isPartOf":{"@id":"https:\/\/www.pm.pb.gov.br\/portal\/#website"},"datePublished":"2020-04-08T18:53:12+00:00","dateModified":"2020-04-08T18:53:17+00:00","breadcrumb":{"@id":"https:\/\/www.pm.pb.gov.br\/portal\/2020\/04\/08\/policia-militar-prende-estelionatario-de-sao-paulo-que-aplicava-golpes-em-campina-grande\/#breadcrumb"},"inLanguage":"pt-BR","potentialAction":[{"@type":"ReadAction","target":["https:\/\/www.pm.pb.gov.br\/portal\/2020\/04\/08\/policia-militar-prende-estelionatario-de-sao-paulo-que-aplicava-golpes-em-campina-grande\/"]}]},{"@type":"BreadcrumbList","@id":"https:\/\/www.pm.pb.gov.br\/portal\/2020\/04\/08\/policia-militar-prende-estelionatario-de-sao-paulo-que-aplicava-golpes-em-campina-grande\/#breadcrumb","itemListElement":[{"@type":"ListItem","position":1,"name":"In\u00edcio","item":"https:\/\/www.pm.pb.gov.br\/portal\/"},{"@type":"ListItem","position":2,"name":"Pol\u00edcia Militar prende estelionat\u00e1rio de S\u00e3o Paulo que aplicava golpes em Campina Grande"}]},{"@type":"WebSite","@id":"https:\/\/www.pm.pb.gov.br\/portal\/#website","url":"https:\/\/www.pm.pb.gov.br\/portal\/","name":"Pol\u00edcia Militar da Para\u00edba","description":"","publisher":{"@id":"https:\/\/www.pm.pb.gov.br\/portal\/#organization"},"potentialAction":[{"@type":"SearchAction","target":{"@type":"EntryPoint","urlTemplate":"https:\/\/www.pm.pb.gov.br\/portal\/?s={search_term_string}"},"query-input":"required name=search_term_string"}],"inLanguage":"pt-BR"},{"@type":"Organization","@id":"https:\/\/www.pm.pb.gov.br\/portal\/#organization","name":"Pol\u00edcia Militar da Para\u00edba","url":"https:\/\/www.pm.pb.gov.br\/portal\/","logo":{"@type":"ImageObject","inLanguage":"pt-BR","@id":"https:\/\/www.pm.pb.gov.br\/portal\/#\/schema\/logo\/image\/","url":"https:\/\/www.pm.pb.gov.br\/portal\/wp-content\/uploads\/2025\/03\/cropped-logo-site-mag2-1.png","contentUrl":"https:\/\/www.pm.pb.gov.br\/portal\/wp-content\/uploads\/2025\/03\/cropped-logo-site-mag2-1.png","width":320,"height":90,"caption":"Pol\u00edcia Militar da Para\u00edba"},"image":{"@id":"https:\/\/www.pm.pb.gov.br\/portal\/#\/schema\/logo\/image\/"}},{"@type":"Person","@id":"https:\/\/www.pm.pb.gov.br\/portal\/#\/schema\/person\/f84f56dcc78ce4357054da888b8247fd","name":"Tarcisio Oliveira","image":{"@type":"ImageObject","inLanguage":"pt-BR","@id":"https:\/\/www.pm.pb.gov.br\/portal\/#\/schema\/person\/image\/","url":"https:\/\/secure.gravatar.com\/avatar\/72917b630b69d31cd0297507f34bac97?s=96&d=mm&r=g","contentUrl":"https:\/\/secure.gravatar.com\/avatar\/72917b630b69d31cd0297507f34bac97?s=96&d=mm&r=g","caption":"Tarcisio Oliveira"},"url":"https:\/\/www.pm.pb.gov.br\/portal\/author\/tarcisio\/"}]}},"_links":{"self":[{"href":"https:\/\/www.pm.pb.gov.br\/portal\/wp-json\/wp\/v2\/posts\/904370"}],"collection":[{"href":"https:\/\/www.pm.pb.gov.br\/portal\/wp-json\/wp\/v2\/posts"}],"about":[{"href":"https:\/\/www.pm.pb.gov.br\/portal\/wp-json\/wp\/v2\/types\/post"}],"author":[{"embeddable":true,"href":"https:\/\/www.pm.pb.gov.br\/portal\/wp-json\/wp\/v2\/users\/12"}],"replies":[{"embeddable":true,"href":"https:\/\/www.pm.pb.gov.br\/portal\/wp-json\/wp\/v2\/comments?post=904370"}],"version-history":[{"count":1,"href":"https:\/\/www.pm.pb.gov.br\/portal\/wp-json\/wp\/v2\/posts\/904370\/revisions"}],"predecessor-version":[{"id":904372,"href":"https:\/\/www.pm.pb.gov.br\/portal\/wp-json\/wp\/v2\/posts\/904370\/revisions\/904372"}],"wp:featuredmedia":[{"embeddable":true,"href":"https:\/\/www.pm.pb.gov.br\/portal\/wp-json\/wp\/v2\/media\/904371"}],"wp:attachment":[{"href":"https:\/\/www.pm.pb.gov.br\/portal\/wp-json\/wp\/v2\/media?parent=904370"}],"wp:term":[{"taxonomy":"category","embeddable":true,"href":"https:\/\/www.pm.pb.gov.br\/portal\/wp-json\/wp\/v2\/categories?post=904370"},{"taxonomy":"post_tag","embeddable":true,"href":"https:\/\/www.pm.pb.gov.br\/portal\/wp-json\/wp\/v2\/tags?post=904370"}],"curies":[{"name":"wp","href":"https:\/\/api.w.org\/{rel}","templated":true}]}}