{"id":904368,"date":"2020-04-13T07:48:14","date_gmt":"2020-04-13T10:48:14","guid":{"rendered":"http:\/\/www.pm.pb.gov.br\/portal\/?p=904368"},"modified":"2020-04-13T07:48:16","modified_gmt":"2020-04-13T10:48:16","slug":"policia-militar-prende-tres-suspeitos-durante-acoes-de-reforco-em-bairros-de-joao-pessoa","status":"publish","type":"post","link":"https:\/\/www.pm.pb.gov.br\/portal\/2020\/04\/13\/policia-militar-prende-tres-suspeitos-durante-acoes-de-reforco-em-bairros-de-joao-pessoa\/","title":{"rendered":"Pol\u00edcia Militar prende tr\u00eas suspeitos durante a\u00e7\u00f5es de refor\u00e7o em bairros de Jo\u00e3o Pessoa"},"content":{"rendered":"<p>A Pol\u00edcia Militar tem refor\u00e7ado o trabalho nos bairros de Mandacaru e Padre Z\u00e9, na Zona Norte de Jo\u00e3o Pessoa, e na noite desse domingo (12) prendeu tr\u00eas suspeitos, em duas a\u00e7\u00f5es diferentes.<\/p>\n<p>A primeira foi no Padre Z\u00e9, onde uma equipe do Batalh\u00e3o Especializado em Policiamento com Motocicletas (BPEMotos) realizava uma incurs\u00e3o na localidade conhecida como \u2018rua do cano\u2019, quando se deparou com um suspeito de 21 anos, na escadaria que tem no local. Ele estava com uma pistola e tentou jogar a arma por cima do telhado de uma casa, para n\u00e3o ser flagrado, mas a a\u00e7\u00e3o foi percebida, ele foi preso e a arma apreendida.<\/p>\n<p>Simultaneamente, no bairro de Mandacaru, os policiais do 1\u00ba Batalh\u00e3o prenderam dois suspeitos, de 20 e 28 anos, que s\u00e3o acusados de tentar matar um jovem de 19. A v\u00edtima \u00e9 de outro bairro e tinha ido visitar a m\u00e3e, quando os suspeitos tentaram invadir a casa e deram um tiro em dire\u00e7\u00e3o a resid\u00eancia. Com a chegada da PM, eles fugiram, mas foram localizados e presos. A arma n\u00e3o foi encontrada.<\/p>\n<p>Nos dois casos, os presos foram levados para a Central e Flagrantes, no Geisel.<\/p>\n","protected":false},"excerpt":{"rendered":"<p>A Pol\u00edcia Militar tem refor\u00e7ado o trabalho nos bairros de Mandacaru e Padre Z\u00e9, na Zona Norte de Jo\u00e3o Pessoa,<\/p>\n","protected":false},"author":10,"featured_media":904415,"comment_status":"closed","ping_status":"closed","sticky":false,"template":"","format":"standard","meta":{"_exactmetrics_skip_tracking":false,"_exactmetrics_sitenote_active":false,"_exactmetrics_sitenote_note":"","_exactmetrics_sitenote_category":0,"footnotes":""},"categories":[4],"tags":[],"yoast_head":"<!-- This site is optimized with the Yoast SEO plugin v22.0 - https:\/\/yoast.com\/wordpress\/plugins\/seo\/ -->\n<title>Pol\u00edcia Militar prende tr\u00eas suspeitos durante a\u00e7\u00f5es de refor\u00e7o em bairros de Jo\u00e3o Pessoa - Pol\u00edcia Militar da Para\u00edba<\/title>\n<meta name=\"robots\" content=\"index, follow, max-snippet:-1, max-image-preview:large, max-video-preview:-1\" \/>\n<link rel=\"canonical\" href=\"https:\/\/www.pm.pb.gov.br\/portal\/2020\/04\/13\/policia-militar-prende-tres-suspeitos-durante-acoes-de-reforco-em-bairros-de-joao-pessoa\/\" \/>\n<meta property=\"og:locale\" content=\"pt_BR\" \/>\n<meta property=\"og:type\" content=\"article\" \/>\n<meta property=\"og:title\" content=\"Pol\u00edcia Militar prende tr\u00eas suspeitos durante a\u00e7\u00f5es de refor\u00e7o em bairros de Jo\u00e3o Pessoa - Pol\u00edcia Militar da Para\u00edba\" \/>\n<meta property=\"og:description\" content=\"A Pol\u00edcia Militar tem refor\u00e7ado o trabalho nos bairros de Mandacaru e Padre Z\u00e9, na Zona Norte de Jo\u00e3o Pessoa,\" \/>\n<meta property=\"og:url\" content=\"https:\/\/www.pm.pb.gov.br\/portal\/2020\/04\/13\/policia-militar-prende-tres-suspeitos-durante-acoes-de-reforco-em-bairros-de-joao-pessoa\/\" \/>\n<meta property=\"og:site_name\" content=\"Pol\u00edcia Militar da Para\u00edba\" \/>\n<meta property=\"article:published_time\" content=\"2020-04-13T10:48:14+00:00\" \/>\n<meta property=\"article:modified_time\" content=\"2020-04-13T10:48:16+00:00\" \/>\n<meta property=\"og:image\" content=\"https:\/\/www.pm.pb.gov.br\/portal\/wp-content\/uploads\/2020\/04\/ARMA-APREENDIDA-NA-RUA-DO-CANO.jpeg\" \/>\n\t<meta property=\"og:image:width\" content=\"1040\" \/>\n\t<meta property=\"og:image:height\" content=\"780\" \/>\n\t<meta property=\"og:image:type\" content=\"image\/jpeg\" \/>\n<meta name=\"author\" content=\"WAGNER HENRIQUE VARELA DA SILVA\" \/>\n<meta name=\"twitter:card\" content=\"summary_large_image\" \/>\n<meta name=\"twitter:label1\" content=\"Escrito por\" \/>\n\t<meta name=\"twitter:data1\" content=\"WAGNER HENRIQUE VARELA DA SILVA\" \/>\n\t<meta name=\"twitter:label2\" content=\"Est. tempo de leitura\" \/>\n\t<meta name=\"twitter:data2\" content=\"1 minuto\" \/>\n<script type=\"application\/ld+json\" class=\"yoast-schema-graph\">{\"@context\":\"https:\/\/schema.org\",\"@graph\":[{\"@type\":\"Article\",\"@id\":\"https:\/\/www.pm.pb.gov.br\/portal\/2020\/04\/13\/policia-militar-prende-tres-suspeitos-durante-acoes-de-reforco-em-bairros-de-joao-pessoa\/#article\",\"isPartOf\":{\"@id\":\"https:\/\/www.pm.pb.gov.br\/portal\/2020\/04\/13\/policia-militar-prende-tres-suspeitos-durante-acoes-de-reforco-em-bairros-de-joao-pessoa\/\"},\"author\":{\"name\":\"WAGNER HENRIQUE VARELA DA SILVA\",\"@id\":\"https:\/\/www.pm.pb.gov.br\/portal\/#\/schema\/person\/b169b297b8494dea236e315ed1a201d1\"},\"headline\":\"Pol\u00edcia Militar prende tr\u00eas suspeitos durante a\u00e7\u00f5es de refor\u00e7o em bairros de Jo\u00e3o Pessoa\",\"datePublished\":\"2020-04-13T10:48:14+00:00\",\"dateModified\":\"2020-04-13T10:48:16+00:00\",\"mainEntityOfPage\":{\"@id\":\"https:\/\/www.pm.pb.gov.br\/portal\/2020\/04\/13\/policia-militar-prende-tres-suspeitos-durante-acoes-de-reforco-em-bairros-de-joao-pessoa\/\"},\"wordCount\":222,\"publisher\":{\"@id\":\"https:\/\/www.pm.pb.gov.br\/portal\/#organization\"},\"articleSection\":[\"A\u00e7\u00f5es Policiais\"],\"inLanguage\":\"pt-BR\"},{\"@type\":\"WebPage\",\"@id\":\"https:\/\/www.pm.pb.gov.br\/portal\/2020\/04\/13\/policia-militar-prende-tres-suspeitos-durante-acoes-de-reforco-em-bairros-de-joao-pessoa\/\",\"url\":\"https:\/\/www.pm.pb.gov.br\/portal\/2020\/04\/13\/policia-militar-prende-tres-suspeitos-durante-acoes-de-reforco-em-bairros-de-joao-pessoa\/\",\"name\":\"Pol\u00edcia Militar prende tr\u00eas suspeitos durante a\u00e7\u00f5es de refor\u00e7o em bairros de Jo\u00e3o Pessoa - Pol\u00edcia Militar da Para\u00edba\",\"isPartOf\":{\"@id\":\"https:\/\/www.pm.pb.gov.br\/portal\/#website\"},\"datePublished\":\"2020-04-13T10:48:14+00:00\",\"dateModified\":\"2020-04-13T10:48:16+00:00\",\"breadcrumb\":{\"@id\":\"https:\/\/www.pm.pb.gov.br\/portal\/2020\/04\/13\/policia-militar-prende-tres-suspeitos-durante-acoes-de-reforco-em-bairros-de-joao-pessoa\/#breadcrumb\"},\"inLanguage\":\"pt-BR\",\"potentialAction\":[{\"@type\":\"ReadAction\",\"target\":[\"https:\/\/www.pm.pb.gov.br\/portal\/2020\/04\/13\/policia-militar-prende-tres-suspeitos-durante-acoes-de-reforco-em-bairros-de-joao-pessoa\/\"]}]},{\"@type\":\"BreadcrumbList\",\"@id\":\"https:\/\/www.pm.pb.gov.br\/portal\/2020\/04\/13\/policia-militar-prende-tres-suspeitos-durante-acoes-de-reforco-em-bairros-de-joao-pessoa\/#breadcrumb\",\"itemListElement\":[{\"@type\":\"ListItem\",\"position\":1,\"name\":\"In\u00edcio\",\"item\":\"https:\/\/www.pm.pb.gov.br\/portal\/\"},{\"@type\":\"ListItem\",\"position\":2,\"name\":\"Pol\u00edcia Militar prende tr\u00eas suspeitos durante a\u00e7\u00f5es de refor\u00e7o em bairros de Jo\u00e3o Pessoa\"}]},{\"@type\":\"WebSite\",\"@id\":\"https:\/\/www.pm.pb.gov.br\/portal\/#website\",\"url\":\"https:\/\/www.pm.pb.gov.br\/portal\/\",\"name\":\"Pol\u00edcia Militar da Para\u00edba\",\"description\":\"\",\"publisher\":{\"@id\":\"https:\/\/www.pm.pb.gov.br\/portal\/#organization\"},\"potentialAction\":[{\"@type\":\"SearchAction\",\"target\":{\"@type\":\"EntryPoint\",\"urlTemplate\":\"https:\/\/www.pm.pb.gov.br\/portal\/?s={search_term_string}\"},\"query-input\":\"required name=search_term_string\"}],\"inLanguage\":\"pt-BR\"},{\"@type\":\"Organization\",\"@id\":\"https:\/\/www.pm.pb.gov.br\/portal\/#organization\",\"name\":\"Pol\u00edcia Militar da Para\u00edba\",\"url\":\"https:\/\/www.pm.pb.gov.br\/portal\/\",\"logo\":{\"@type\":\"ImageObject\",\"inLanguage\":\"pt-BR\",\"@id\":\"https:\/\/www.pm.pb.gov.br\/portal\/#\/schema\/logo\/image\/\",\"url\":\"https:\/\/www.pm.pb.gov.br\/portal\/wp-content\/uploads\/2025\/03\/cropped-logo-site-mag2-1.png\",\"contentUrl\":\"https:\/\/www.pm.pb.gov.br\/portal\/wp-content\/uploads\/2025\/03\/cropped-logo-site-mag2-1.png\",\"width\":320,\"height\":90,\"caption\":\"Pol\u00edcia Militar da Para\u00edba\"},\"image\":{\"@id\":\"https:\/\/www.pm.pb.gov.br\/portal\/#\/schema\/logo\/image\/\"}},{\"@type\":\"Person\",\"@id\":\"https:\/\/www.pm.pb.gov.br\/portal\/#\/schema\/person\/b169b297b8494dea236e315ed1a201d1\",\"name\":\"WAGNER HENRIQUE VARELA DA SILVA\",\"image\":{\"@type\":\"ImageObject\",\"inLanguage\":\"pt-BR\",\"@id\":\"https:\/\/www.pm.pb.gov.br\/portal\/#\/schema\/person\/image\/\",\"url\":\"https:\/\/secure.gravatar.com\/avatar\/e08af53176a66730df5c0706c6c31fd6?s=96&d=mm&r=g\",\"contentUrl\":\"https:\/\/secure.gravatar.com\/avatar\/e08af53176a66730df5c0706c6c31fd6?s=96&d=mm&r=g\",\"caption\":\"WAGNER HENRIQUE VARELA DA SILVA\"},\"url\":\"https:\/\/www.pm.pb.gov.br\/portal\/author\/varela\/\"}]}<\/script>\n<!-- \/ Yoast SEO plugin. -->","yoast_head_json":{"title":"Pol\u00edcia Militar prende tr\u00eas suspeitos durante a\u00e7\u00f5es de refor\u00e7o em bairros de Jo\u00e3o Pessoa - Pol\u00edcia Militar da Para\u00edba","robots":{"index":"index","follow":"follow","max-snippet":"max-snippet:-1","max-image-preview":"max-image-preview:large","max-video-preview":"max-video-preview:-1"},"canonical":"https:\/\/www.pm.pb.gov.br\/portal\/2020\/04\/13\/policia-militar-prende-tres-suspeitos-durante-acoes-de-reforco-em-bairros-de-joao-pessoa\/","og_locale":"pt_BR","og_type":"article","og_title":"Pol\u00edcia Militar prende tr\u00eas suspeitos durante a\u00e7\u00f5es de refor\u00e7o em bairros de Jo\u00e3o Pessoa - Pol\u00edcia Militar da Para\u00edba","og_description":"A Pol\u00edcia Militar tem refor\u00e7ado o trabalho nos bairros de Mandacaru e Padre Z\u00e9, na Zona Norte de Jo\u00e3o Pessoa,","og_url":"https:\/\/www.pm.pb.gov.br\/portal\/2020\/04\/13\/policia-militar-prende-tres-suspeitos-durante-acoes-de-reforco-em-bairros-de-joao-pessoa\/","og_site_name":"Pol\u00edcia Militar da Para\u00edba","article_published_time":"2020-04-13T10:48:14+00:00","article_modified_time":"2020-04-13T10:48:16+00:00","og_image":[{"width":1040,"height":780,"url":"https:\/\/www.pm.pb.gov.br\/portal\/wp-content\/uploads\/2020\/04\/ARMA-APREENDIDA-NA-RUA-DO-CANO.jpeg","type":"image\/jpeg"}],"author":"WAGNER HENRIQUE VARELA DA SILVA","twitter_card":"summary_large_image","twitter_misc":{"Escrito por":"WAGNER HENRIQUE VARELA DA SILVA","Est. tempo de leitura":"1 minuto"},"schema":{"@context":"https:\/\/schema.org","@graph":[{"@type":"Article","@id":"https:\/\/www.pm.pb.gov.br\/portal\/2020\/04\/13\/policia-militar-prende-tres-suspeitos-durante-acoes-de-reforco-em-bairros-de-joao-pessoa\/#article","isPartOf":{"@id":"https:\/\/www.pm.pb.gov.br\/portal\/2020\/04\/13\/policia-militar-prende-tres-suspeitos-durante-acoes-de-reforco-em-bairros-de-joao-pessoa\/"},"author":{"name":"WAGNER HENRIQUE VARELA DA SILVA","@id":"https:\/\/www.pm.pb.gov.br\/portal\/#\/schema\/person\/b169b297b8494dea236e315ed1a201d1"},"headline":"Pol\u00edcia Militar prende tr\u00eas suspeitos durante a\u00e7\u00f5es de refor\u00e7o em bairros de Jo\u00e3o Pessoa","datePublished":"2020-04-13T10:48:14+00:00","dateModified":"2020-04-13T10:48:16+00:00","mainEntityOfPage":{"@id":"https:\/\/www.pm.pb.gov.br\/portal\/2020\/04\/13\/policia-militar-prende-tres-suspeitos-durante-acoes-de-reforco-em-bairros-de-joao-pessoa\/"},"wordCount":222,"publisher":{"@id":"https:\/\/www.pm.pb.gov.br\/portal\/#organization"},"articleSection":["A\u00e7\u00f5es Policiais"],"inLanguage":"pt-BR"},{"@type":"WebPage","@id":"https:\/\/www.pm.pb.gov.br\/portal\/2020\/04\/13\/policia-militar-prende-tres-suspeitos-durante-acoes-de-reforco-em-bairros-de-joao-pessoa\/","url":"https:\/\/www.pm.pb.gov.br\/portal\/2020\/04\/13\/policia-militar-prende-tres-suspeitos-durante-acoes-de-reforco-em-bairros-de-joao-pessoa\/","name":"Pol\u00edcia Militar prende tr\u00eas suspeitos durante a\u00e7\u00f5es de refor\u00e7o em bairros de Jo\u00e3o Pessoa - Pol\u00edcia Militar da Para\u00edba","isPartOf":{"@id":"https:\/\/www.pm.pb.gov.br\/portal\/#website"},"datePublished":"2020-04-13T10:48:14+00:00","dateModified":"2020-04-13T10:48:16+00:00","breadcrumb":{"@id":"https:\/\/www.pm.pb.gov.br\/portal\/2020\/04\/13\/policia-militar-prende-tres-suspeitos-durante-acoes-de-reforco-em-bairros-de-joao-pessoa\/#breadcrumb"},"inLanguage":"pt-BR","potentialAction":[{"@type":"ReadAction","target":["https:\/\/www.pm.pb.gov.br\/portal\/2020\/04\/13\/policia-militar-prende-tres-suspeitos-durante-acoes-de-reforco-em-bairros-de-joao-pessoa\/"]}]},{"@type":"BreadcrumbList","@id":"https:\/\/www.pm.pb.gov.br\/portal\/2020\/04\/13\/policia-militar-prende-tres-suspeitos-durante-acoes-de-reforco-em-bairros-de-joao-pessoa\/#breadcrumb","itemListElement":[{"@type":"ListItem","position":1,"name":"In\u00edcio","item":"https:\/\/www.pm.pb.gov.br\/portal\/"},{"@type":"ListItem","position":2,"name":"Pol\u00edcia Militar prende tr\u00eas suspeitos durante a\u00e7\u00f5es de refor\u00e7o em bairros de Jo\u00e3o Pessoa"}]},{"@type":"WebSite","@id":"https:\/\/www.pm.pb.gov.br\/portal\/#website","url":"https:\/\/www.pm.pb.gov.br\/portal\/","name":"Pol\u00edcia Militar da Para\u00edba","description":"","publisher":{"@id":"https:\/\/www.pm.pb.gov.br\/portal\/#organization"},"potentialAction":[{"@type":"SearchAction","target":{"@type":"EntryPoint","urlTemplate":"https:\/\/www.pm.pb.gov.br\/portal\/?s={search_term_string}"},"query-input":"required name=search_term_string"}],"inLanguage":"pt-BR"},{"@type":"Organization","@id":"https:\/\/www.pm.pb.gov.br\/portal\/#organization","name":"Pol\u00edcia Militar da Para\u00edba","url":"https:\/\/www.pm.pb.gov.br\/portal\/","logo":{"@type":"ImageObject","inLanguage":"pt-BR","@id":"https:\/\/www.pm.pb.gov.br\/portal\/#\/schema\/logo\/image\/","url":"https:\/\/www.pm.pb.gov.br\/portal\/wp-content\/uploads\/2025\/03\/cropped-logo-site-mag2-1.png","contentUrl":"https:\/\/www.pm.pb.gov.br\/portal\/wp-content\/uploads\/2025\/03\/cropped-logo-site-mag2-1.png","width":320,"height":90,"caption":"Pol\u00edcia Militar da Para\u00edba"},"image":{"@id":"https:\/\/www.pm.pb.gov.br\/portal\/#\/schema\/logo\/image\/"}},{"@type":"Person","@id":"https:\/\/www.pm.pb.gov.br\/portal\/#\/schema\/person\/b169b297b8494dea236e315ed1a201d1","name":"WAGNER HENRIQUE VARELA DA SILVA","image":{"@type":"ImageObject","inLanguage":"pt-BR","@id":"https:\/\/www.pm.pb.gov.br\/portal\/#\/schema\/person\/image\/","url":"https:\/\/secure.gravatar.com\/avatar\/e08af53176a66730df5c0706c6c31fd6?s=96&d=mm&r=g","contentUrl":"https:\/\/secure.gravatar.com\/avatar\/e08af53176a66730df5c0706c6c31fd6?s=96&d=mm&r=g","caption":"WAGNER HENRIQUE VARELA DA SILVA"},"url":"https:\/\/www.pm.pb.gov.br\/portal\/author\/varela\/"}]}},"_links":{"self":[{"href":"https:\/\/www.pm.pb.gov.br\/portal\/wp-json\/wp\/v2\/posts\/904368"}],"collection":[{"href":"https:\/\/www.pm.pb.gov.br\/portal\/wp-json\/wp\/v2\/posts"}],"about":[{"href":"https:\/\/www.pm.pb.gov.br\/portal\/wp-json\/wp\/v2\/types\/post"}],"author":[{"embeddable":true,"href":"https:\/\/www.pm.pb.gov.br\/portal\/wp-json\/wp\/v2\/users\/10"}],"replies":[{"embeddable":true,"href":"https:\/\/www.pm.pb.gov.br\/portal\/wp-json\/wp\/v2\/comments?post=904368"}],"version-history":[{"count":1,"href":"https:\/\/www.pm.pb.gov.br\/portal\/wp-json\/wp\/v2\/posts\/904368\/revisions"}],"predecessor-version":[{"id":904413,"href":"https:\/\/www.pm.pb.gov.br\/portal\/wp-json\/wp\/v2\/posts\/904368\/revisions\/904413"}],"wp:featuredmedia":[{"embeddable":true,"href":"https:\/\/www.pm.pb.gov.br\/portal\/wp-json\/wp\/v2\/media\/904415"}],"wp:attachment":[{"href":"https:\/\/www.pm.pb.gov.br\/portal\/wp-json\/wp\/v2\/media?parent=904368"}],"wp:term":[{"taxonomy":"category","embeddable":true,"href":"https:\/\/www.pm.pb.gov.br\/portal\/wp-json\/wp\/v2\/categories?post=904368"},{"taxonomy":"post_tag","embeddable":true,"href":"https:\/\/www.pm.pb.gov.br\/portal\/wp-json\/wp\/v2\/tags?post=904368"}],"curies":[{"name":"wp","href":"https:\/\/api.w.org\/{rel}","templated":true}]}}