{"id":904365,"date":"2020-04-08T13:57:40","date_gmt":"2020-04-08T16:57:40","guid":{"rendered":"http:\/\/www.pm.pb.gov.br\/portal\/?p=904365"},"modified":"2020-04-08T13:57:42","modified_gmt":"2020-04-08T16:57:42","slug":"com-mais-de-mil-denuncias-de-aglomeracoes-atendidas-policia-militar-lanca-operacao-para-o-feriadao-da-semana-santa","status":"publish","type":"post","link":"https:\/\/www.pm.pb.gov.br\/portal\/2020\/04\/08\/com-mais-de-mil-denuncias-de-aglomeracoes-atendidas-policia-militar-lanca-operacao-para-o-feriadao-da-semana-santa\/","title":{"rendered":"Com mais de mil den\u00fancias de aglomera\u00e7\u00f5es atendidas, Pol\u00edcia Militar lan\u00e7a opera\u00e7\u00e3o para o feriad\u00e3o da Semana Santa"},"content":{"rendered":"<p>Passou de mil o n\u00famero de den\u00fancias de aglomera\u00e7\u00f5es de pessoas que a Pol\u00edcia Militar atendeu, nas duas \u00faltimas semanas, na Para\u00edba. Para refor\u00e7ar as fiscaliza\u00e7\u00f5es do cumprimento das medidas de isolamento social, a corpora\u00e7\u00e3o estar\u00e1 atuando com v\u00e1rias opera\u00e7\u00f5es para refor\u00e7ar o policiamento durante todo o feriad\u00e3o da Semana Santa.<\/p>\n<p>Os trabalhos ser\u00e3o coordenados pelo pr\u00f3prio comandante-geral da PM, coronel Euller Chaves, que no come\u00e7o da semana anunciou, por meio de videoconfer\u00eancia com comandantes das tr\u00eas regi\u00f5es do estado, as medidas que ser\u00e3o adotadas nos pr\u00f3ximos dias pela corpora\u00e7\u00e3o. \u201cPor determina\u00e7\u00e3o do governador Jo\u00e3o Azev\u00eado, estaremos refor\u00e7ando as a\u00e7\u00f5es para prevenir os crimes de roubos, arrombamentos e crimes contra a vida, al\u00e9m de dar continuidade \u00e0s orienta\u00e7\u00f5es e fiscaliza\u00e7\u00f5es sobre o isolamento social que se faz necess\u00e1rio para combater o avan\u00e7o do novo coronav\u00edrus, conforme v\u00eam alertando os principais \u00f3rg\u00e3os de sa\u00fade do mundo, do Brasil e da Para\u00edba. Para isso, estaremos atuando com um conjunto de opera\u00e7\u00f5es para todo o feriad\u00e3o da Semana Santa\u201d, detalhou.<\/p>\n<p>O plano operacional come\u00e7a a ser colocado em pr\u00e1tica com a Opera\u00e7\u00e3o Previna-se, que ser\u00e1 lan\u00e7ada na noite desta quarta-feira (8). S\u00e3o previstas pelo menos cinco opera\u00e7\u00f5es para o feriad\u00e3o, para refor\u00e7ar a seguran\u00e7a e tamb\u00e9m prevenir aglomera\u00e7\u00f5es, j\u00e1 que no per\u00edodo estar\u00e3o de folga as pessoas que na pandemia est\u00e3o trabalhando de casa, no chamado \u201chome work\u201d.<\/p>\n<p>Do dia 24 at\u00e9 essa ter\u00e7a-feira (7), foram atendidas 1.084 den\u00fancias de aglomera\u00e7\u00e3o de pessoas em bares, festas e outros pontos proibidos pelos decreto estadual. A maior parte foi em Jo\u00e3o Pessoa, com 632 atendimentos, sendo mais de 45% na zona sul, onde foram recebidas 294 solicita\u00e7\u00f5es. A capital \u00e9 onde tem o maior n\u00famero de casos confirmados de COVID-19, por isso o refor\u00e7o ser\u00e1 maior no munic\u00edpio, bem como nas regi\u00f5es de Campina Grande, Santa Rita, Cabedelo, Igaracy, Junco do Serid\u00f3, Patos, Serra Branca e Sousa \u2013 onde t\u00eam casos da doen\u00e7a.<\/p>\n<p>Pagamento do aux\u00edlio \u2013 A PM estar\u00e1 refor\u00e7ando tamb\u00e9m o policiamento perto de ag\u00eancias banc\u00e1rias e casas lot\u00e9ricas, j\u00e1 que estes locais estar\u00e3o com o pagamento do aux\u00edlio emergencial a trabalhadores informais, que come\u00e7a nesta quinta-feira (9). Al\u00e9m de prevenir crimes perto dos estabelecimentos, os policiais estar\u00e3o orientando tamb\u00e9m as ag\u00eancias e clientes sobre o que diz o decreto n\u00ba 40.141, de 26 de mar\u00e7o de 2020, para manter a dist\u00e2ncia de 1,5 metro entre as pessoas nesses locais.<\/p>\n","protected":false},"excerpt":{"rendered":"<p>Passou de mil o n\u00famero de den\u00fancias de aglomera\u00e7\u00f5es de pessoas que a Pol\u00edcia Militar atendeu, nas duas \u00faltimas semanas,<\/p>\n","protected":false},"author":10,"featured_media":904369,"comment_status":"closed","ping_status":"closed","sticky":false,"template":"","format":"standard","meta":{"_exactmetrics_skip_tracking":false,"_exactmetrics_sitenote_active":false,"_exactmetrics_sitenote_note":"","_exactmetrics_sitenote_category":0,"footnotes":""},"categories":[4],"tags":[],"yoast_head":"<!-- This site is optimized with the Yoast SEO plugin v22.0 - https:\/\/yoast.com\/wordpress\/plugins\/seo\/ -->\n<title>Com mais de mil den\u00fancias de aglomera\u00e7\u00f5es atendidas, Pol\u00edcia Militar lan\u00e7a opera\u00e7\u00e3o para o feriad\u00e3o da Semana Santa - Pol\u00edcia Militar da Para\u00edba<\/title>\n<meta name=\"robots\" content=\"index, follow, max-snippet:-1, max-image-preview:large, max-video-preview:-1\" \/>\n<link rel=\"canonical\" href=\"https:\/\/www.pm.pb.gov.br\/portal\/2020\/04\/08\/com-mais-de-mil-denuncias-de-aglomeracoes-atendidas-policia-militar-lanca-operacao-para-o-feriadao-da-semana-santa\/\" \/>\n<meta property=\"og:locale\" content=\"pt_BR\" \/>\n<meta property=\"og:type\" content=\"article\" \/>\n<meta property=\"og:title\" content=\"Com mais de mil den\u00fancias de aglomera\u00e7\u00f5es atendidas, Pol\u00edcia Militar lan\u00e7a opera\u00e7\u00e3o para o feriad\u00e3o da Semana Santa - Pol\u00edcia Militar da Para\u00edba\" \/>\n<meta property=\"og:description\" content=\"Passou de mil o n\u00famero de den\u00fancias de aglomera\u00e7\u00f5es de pessoas que a Pol\u00edcia Militar atendeu, nas duas \u00faltimas semanas,\" \/>\n<meta property=\"og:url\" content=\"https:\/\/www.pm.pb.gov.br\/portal\/2020\/04\/08\/com-mais-de-mil-denuncias-de-aglomeracoes-atendidas-policia-militar-lanca-operacao-para-o-feriadao-da-semana-santa\/\" \/>\n<meta property=\"og:site_name\" content=\"Pol\u00edcia Militar da Para\u00edba\" \/>\n<meta property=\"article:published_time\" content=\"2020-04-08T16:57:40+00:00\" \/>\n<meta property=\"article:modified_time\" content=\"2020-04-08T16:57:42+00:00\" \/>\n<meta property=\"og:image\" content=\"https:\/\/www.pm.pb.gov.br\/portal\/wp-content\/uploads\/2020\/04\/opera\u00e7\u00e3o.jpeg\" \/>\n\t<meta property=\"og:image:width\" content=\"1280\" \/>\n\t<meta property=\"og:image:height\" content=\"853\" \/>\n\t<meta property=\"og:image:type\" content=\"image\/jpeg\" \/>\n<meta name=\"author\" content=\"WAGNER HENRIQUE VARELA DA SILVA\" \/>\n<meta name=\"twitter:card\" content=\"summary_large_image\" \/>\n<meta name=\"twitter:label1\" content=\"Escrito por\" \/>\n\t<meta name=\"twitter:data1\" content=\"WAGNER HENRIQUE VARELA DA SILVA\" \/>\n\t<meta name=\"twitter:label2\" content=\"Est. tempo de leitura\" \/>\n\t<meta name=\"twitter:data2\" content=\"2 minutos\" \/>\n<script type=\"application\/ld+json\" class=\"yoast-schema-graph\">{\"@context\":\"https:\/\/schema.org\",\"@graph\":[{\"@type\":\"Article\",\"@id\":\"https:\/\/www.pm.pb.gov.br\/portal\/2020\/04\/08\/com-mais-de-mil-denuncias-de-aglomeracoes-atendidas-policia-militar-lanca-operacao-para-o-feriadao-da-semana-santa\/#article\",\"isPartOf\":{\"@id\":\"https:\/\/www.pm.pb.gov.br\/portal\/2020\/04\/08\/com-mais-de-mil-denuncias-de-aglomeracoes-atendidas-policia-militar-lanca-operacao-para-o-feriadao-da-semana-santa\/\"},\"author\":{\"name\":\"WAGNER HENRIQUE VARELA DA SILVA\",\"@id\":\"https:\/\/www.pm.pb.gov.br\/portal\/#\/schema\/person\/b169b297b8494dea236e315ed1a201d1\"},\"headline\":\"Com mais de mil den\u00fancias de aglomera\u00e7\u00f5es atendidas, Pol\u00edcia Militar lan\u00e7a opera\u00e7\u00e3o para o feriad\u00e3o da Semana Santa\",\"datePublished\":\"2020-04-08T16:57:40+00:00\",\"dateModified\":\"2020-04-08T16:57:42+00:00\",\"mainEntityOfPage\":{\"@id\":\"https:\/\/www.pm.pb.gov.br\/portal\/2020\/04\/08\/com-mais-de-mil-denuncias-de-aglomeracoes-atendidas-policia-militar-lanca-operacao-para-o-feriadao-da-semana-santa\/\"},\"wordCount\":484,\"publisher\":{\"@id\":\"https:\/\/www.pm.pb.gov.br\/portal\/#organization\"},\"articleSection\":[\"A\u00e7\u00f5es Policiais\"],\"inLanguage\":\"pt-BR\"},{\"@type\":\"WebPage\",\"@id\":\"https:\/\/www.pm.pb.gov.br\/portal\/2020\/04\/08\/com-mais-de-mil-denuncias-de-aglomeracoes-atendidas-policia-militar-lanca-operacao-para-o-feriadao-da-semana-santa\/\",\"url\":\"https:\/\/www.pm.pb.gov.br\/portal\/2020\/04\/08\/com-mais-de-mil-denuncias-de-aglomeracoes-atendidas-policia-militar-lanca-operacao-para-o-feriadao-da-semana-santa\/\",\"name\":\"Com mais de mil den\u00fancias de aglomera\u00e7\u00f5es atendidas, Pol\u00edcia Militar lan\u00e7a opera\u00e7\u00e3o para o feriad\u00e3o da Semana Santa - Pol\u00edcia Militar da Para\u00edba\",\"isPartOf\":{\"@id\":\"https:\/\/www.pm.pb.gov.br\/portal\/#website\"},\"datePublished\":\"2020-04-08T16:57:40+00:00\",\"dateModified\":\"2020-04-08T16:57:42+00:00\",\"breadcrumb\":{\"@id\":\"https:\/\/www.pm.pb.gov.br\/portal\/2020\/04\/08\/com-mais-de-mil-denuncias-de-aglomeracoes-atendidas-policia-militar-lanca-operacao-para-o-feriadao-da-semana-santa\/#breadcrumb\"},\"inLanguage\":\"pt-BR\",\"potentialAction\":[{\"@type\":\"ReadAction\",\"target\":[\"https:\/\/www.pm.pb.gov.br\/portal\/2020\/04\/08\/com-mais-de-mil-denuncias-de-aglomeracoes-atendidas-policia-militar-lanca-operacao-para-o-feriadao-da-semana-santa\/\"]}]},{\"@type\":\"BreadcrumbList\",\"@id\":\"https:\/\/www.pm.pb.gov.br\/portal\/2020\/04\/08\/com-mais-de-mil-denuncias-de-aglomeracoes-atendidas-policia-militar-lanca-operacao-para-o-feriadao-da-semana-santa\/#breadcrumb\",\"itemListElement\":[{\"@type\":\"ListItem\",\"position\":1,\"name\":\"In\u00edcio\",\"item\":\"https:\/\/www.pm.pb.gov.br\/portal\/\"},{\"@type\":\"ListItem\",\"position\":2,\"name\":\"Com mais de mil den\u00fancias de aglomera\u00e7\u00f5es atendidas, Pol\u00edcia Militar lan\u00e7a opera\u00e7\u00e3o para o feriad\u00e3o da Semana Santa\"}]},{\"@type\":\"WebSite\",\"@id\":\"https:\/\/www.pm.pb.gov.br\/portal\/#website\",\"url\":\"https:\/\/www.pm.pb.gov.br\/portal\/\",\"name\":\"Pol\u00edcia Militar da Para\u00edba\",\"description\":\"\",\"publisher\":{\"@id\":\"https:\/\/www.pm.pb.gov.br\/portal\/#organization\"},\"potentialAction\":[{\"@type\":\"SearchAction\",\"target\":{\"@type\":\"EntryPoint\",\"urlTemplate\":\"https:\/\/www.pm.pb.gov.br\/portal\/?s={search_term_string}\"},\"query-input\":\"required name=search_term_string\"}],\"inLanguage\":\"pt-BR\"},{\"@type\":\"Organization\",\"@id\":\"https:\/\/www.pm.pb.gov.br\/portal\/#organization\",\"name\":\"Pol\u00edcia Militar da Para\u00edba\",\"url\":\"https:\/\/www.pm.pb.gov.br\/portal\/\",\"logo\":{\"@type\":\"ImageObject\",\"inLanguage\":\"pt-BR\",\"@id\":\"https:\/\/www.pm.pb.gov.br\/portal\/#\/schema\/logo\/image\/\",\"url\":\"https:\/\/www.pm.pb.gov.br\/portal\/wp-content\/uploads\/2025\/03\/cropped-logo-site-mag2-1.png\",\"contentUrl\":\"https:\/\/www.pm.pb.gov.br\/portal\/wp-content\/uploads\/2025\/03\/cropped-logo-site-mag2-1.png\",\"width\":320,\"height\":90,\"caption\":\"Pol\u00edcia Militar da Para\u00edba\"},\"image\":{\"@id\":\"https:\/\/www.pm.pb.gov.br\/portal\/#\/schema\/logo\/image\/\"}},{\"@type\":\"Person\",\"@id\":\"https:\/\/www.pm.pb.gov.br\/portal\/#\/schema\/person\/b169b297b8494dea236e315ed1a201d1\",\"name\":\"WAGNER HENRIQUE VARELA DA SILVA\",\"image\":{\"@type\":\"ImageObject\",\"inLanguage\":\"pt-BR\",\"@id\":\"https:\/\/www.pm.pb.gov.br\/portal\/#\/schema\/person\/image\/\",\"url\":\"https:\/\/secure.gravatar.com\/avatar\/e08af53176a66730df5c0706c6c31fd6?s=96&d=mm&r=g\",\"contentUrl\":\"https:\/\/secure.gravatar.com\/avatar\/e08af53176a66730df5c0706c6c31fd6?s=96&d=mm&r=g\",\"caption\":\"WAGNER HENRIQUE VARELA DA SILVA\"},\"url\":\"https:\/\/www.pm.pb.gov.br\/portal\/author\/varela\/\"}]}<\/script>\n<!-- \/ Yoast SEO plugin. -->","yoast_head_json":{"title":"Com mais de mil den\u00fancias de aglomera\u00e7\u00f5es atendidas, Pol\u00edcia Militar lan\u00e7a opera\u00e7\u00e3o para o feriad\u00e3o da Semana Santa - Pol\u00edcia Militar da Para\u00edba","robots":{"index":"index","follow":"follow","max-snippet":"max-snippet:-1","max-image-preview":"max-image-preview:large","max-video-preview":"max-video-preview:-1"},"canonical":"https:\/\/www.pm.pb.gov.br\/portal\/2020\/04\/08\/com-mais-de-mil-denuncias-de-aglomeracoes-atendidas-policia-militar-lanca-operacao-para-o-feriadao-da-semana-santa\/","og_locale":"pt_BR","og_type":"article","og_title":"Com mais de mil den\u00fancias de aglomera\u00e7\u00f5es atendidas, Pol\u00edcia Militar lan\u00e7a opera\u00e7\u00e3o para o feriad\u00e3o da Semana Santa - Pol\u00edcia Militar da Para\u00edba","og_description":"Passou de mil o n\u00famero de den\u00fancias de aglomera\u00e7\u00f5es de pessoas que a Pol\u00edcia Militar atendeu, nas duas \u00faltimas semanas,","og_url":"https:\/\/www.pm.pb.gov.br\/portal\/2020\/04\/08\/com-mais-de-mil-denuncias-de-aglomeracoes-atendidas-policia-militar-lanca-operacao-para-o-feriadao-da-semana-santa\/","og_site_name":"Pol\u00edcia Militar da Para\u00edba","article_published_time":"2020-04-08T16:57:40+00:00","article_modified_time":"2020-04-08T16:57:42+00:00","og_image":[{"width":1280,"height":853,"url":"https:\/\/www.pm.pb.gov.br\/portal\/wp-content\/uploads\/2020\/04\/opera\u00e7\u00e3o.jpeg","type":"image\/jpeg"}],"author":"WAGNER HENRIQUE VARELA DA SILVA","twitter_card":"summary_large_image","twitter_misc":{"Escrito por":"WAGNER HENRIQUE VARELA DA SILVA","Est. tempo de leitura":"2 minutos"},"schema":{"@context":"https:\/\/schema.org","@graph":[{"@type":"Article","@id":"https:\/\/www.pm.pb.gov.br\/portal\/2020\/04\/08\/com-mais-de-mil-denuncias-de-aglomeracoes-atendidas-policia-militar-lanca-operacao-para-o-feriadao-da-semana-santa\/#article","isPartOf":{"@id":"https:\/\/www.pm.pb.gov.br\/portal\/2020\/04\/08\/com-mais-de-mil-denuncias-de-aglomeracoes-atendidas-policia-militar-lanca-operacao-para-o-feriadao-da-semana-santa\/"},"author":{"name":"WAGNER HENRIQUE VARELA DA SILVA","@id":"https:\/\/www.pm.pb.gov.br\/portal\/#\/schema\/person\/b169b297b8494dea236e315ed1a201d1"},"headline":"Com mais de mil den\u00fancias de aglomera\u00e7\u00f5es atendidas, Pol\u00edcia Militar lan\u00e7a opera\u00e7\u00e3o para o feriad\u00e3o da Semana Santa","datePublished":"2020-04-08T16:57:40+00:00","dateModified":"2020-04-08T16:57:42+00:00","mainEntityOfPage":{"@id":"https:\/\/www.pm.pb.gov.br\/portal\/2020\/04\/08\/com-mais-de-mil-denuncias-de-aglomeracoes-atendidas-policia-militar-lanca-operacao-para-o-feriadao-da-semana-santa\/"},"wordCount":484,"publisher":{"@id":"https:\/\/www.pm.pb.gov.br\/portal\/#organization"},"articleSection":["A\u00e7\u00f5es Policiais"],"inLanguage":"pt-BR"},{"@type":"WebPage","@id":"https:\/\/www.pm.pb.gov.br\/portal\/2020\/04\/08\/com-mais-de-mil-denuncias-de-aglomeracoes-atendidas-policia-militar-lanca-operacao-para-o-feriadao-da-semana-santa\/","url":"https:\/\/www.pm.pb.gov.br\/portal\/2020\/04\/08\/com-mais-de-mil-denuncias-de-aglomeracoes-atendidas-policia-militar-lanca-operacao-para-o-feriadao-da-semana-santa\/","name":"Com mais de mil den\u00fancias de aglomera\u00e7\u00f5es atendidas, Pol\u00edcia Militar lan\u00e7a opera\u00e7\u00e3o para o feriad\u00e3o da Semana Santa - Pol\u00edcia Militar da Para\u00edba","isPartOf":{"@id":"https:\/\/www.pm.pb.gov.br\/portal\/#website"},"datePublished":"2020-04-08T16:57:40+00:00","dateModified":"2020-04-08T16:57:42+00:00","breadcrumb":{"@id":"https:\/\/www.pm.pb.gov.br\/portal\/2020\/04\/08\/com-mais-de-mil-denuncias-de-aglomeracoes-atendidas-policia-militar-lanca-operacao-para-o-feriadao-da-semana-santa\/#breadcrumb"},"inLanguage":"pt-BR","potentialAction":[{"@type":"ReadAction","target":["https:\/\/www.pm.pb.gov.br\/portal\/2020\/04\/08\/com-mais-de-mil-denuncias-de-aglomeracoes-atendidas-policia-militar-lanca-operacao-para-o-feriadao-da-semana-santa\/"]}]},{"@type":"BreadcrumbList","@id":"https:\/\/www.pm.pb.gov.br\/portal\/2020\/04\/08\/com-mais-de-mil-denuncias-de-aglomeracoes-atendidas-policia-militar-lanca-operacao-para-o-feriadao-da-semana-santa\/#breadcrumb","itemListElement":[{"@type":"ListItem","position":1,"name":"In\u00edcio","item":"https:\/\/www.pm.pb.gov.br\/portal\/"},{"@type":"ListItem","position":2,"name":"Com mais de mil den\u00fancias de aglomera\u00e7\u00f5es atendidas, Pol\u00edcia Militar lan\u00e7a opera\u00e7\u00e3o para o feriad\u00e3o da Semana Santa"}]},{"@type":"WebSite","@id":"https:\/\/www.pm.pb.gov.br\/portal\/#website","url":"https:\/\/www.pm.pb.gov.br\/portal\/","name":"Pol\u00edcia Militar da Para\u00edba","description":"","publisher":{"@id":"https:\/\/www.pm.pb.gov.br\/portal\/#organization"},"potentialAction":[{"@type":"SearchAction","target":{"@type":"EntryPoint","urlTemplate":"https:\/\/www.pm.pb.gov.br\/portal\/?s={search_term_string}"},"query-input":"required name=search_term_string"}],"inLanguage":"pt-BR"},{"@type":"Organization","@id":"https:\/\/www.pm.pb.gov.br\/portal\/#organization","name":"Pol\u00edcia Militar da Para\u00edba","url":"https:\/\/www.pm.pb.gov.br\/portal\/","logo":{"@type":"ImageObject","inLanguage":"pt-BR","@id":"https:\/\/www.pm.pb.gov.br\/portal\/#\/schema\/logo\/image\/","url":"https:\/\/www.pm.pb.gov.br\/portal\/wp-content\/uploads\/2025\/03\/cropped-logo-site-mag2-1.png","contentUrl":"https:\/\/www.pm.pb.gov.br\/portal\/wp-content\/uploads\/2025\/03\/cropped-logo-site-mag2-1.png","width":320,"height":90,"caption":"Pol\u00edcia Militar da Para\u00edba"},"image":{"@id":"https:\/\/www.pm.pb.gov.br\/portal\/#\/schema\/logo\/image\/"}},{"@type":"Person","@id":"https:\/\/www.pm.pb.gov.br\/portal\/#\/schema\/person\/b169b297b8494dea236e315ed1a201d1","name":"WAGNER HENRIQUE VARELA DA SILVA","image":{"@type":"ImageObject","inLanguage":"pt-BR","@id":"https:\/\/www.pm.pb.gov.br\/portal\/#\/schema\/person\/image\/","url":"https:\/\/secure.gravatar.com\/avatar\/e08af53176a66730df5c0706c6c31fd6?s=96&d=mm&r=g","contentUrl":"https:\/\/secure.gravatar.com\/avatar\/e08af53176a66730df5c0706c6c31fd6?s=96&d=mm&r=g","caption":"WAGNER HENRIQUE VARELA DA SILVA"},"url":"https:\/\/www.pm.pb.gov.br\/portal\/author\/varela\/"}]}},"_links":{"self":[{"href":"https:\/\/www.pm.pb.gov.br\/portal\/wp-json\/wp\/v2\/posts\/904365"}],"collection":[{"href":"https:\/\/www.pm.pb.gov.br\/portal\/wp-json\/wp\/v2\/posts"}],"about":[{"href":"https:\/\/www.pm.pb.gov.br\/portal\/wp-json\/wp\/v2\/types\/post"}],"author":[{"embeddable":true,"href":"https:\/\/www.pm.pb.gov.br\/portal\/wp-json\/wp\/v2\/users\/10"}],"replies":[{"embeddable":true,"href":"https:\/\/www.pm.pb.gov.br\/portal\/wp-json\/wp\/v2\/comments?post=904365"}],"version-history":[{"count":1,"href":"https:\/\/www.pm.pb.gov.br\/portal\/wp-json\/wp\/v2\/posts\/904365\/revisions"}],"predecessor-version":[{"id":904367,"href":"https:\/\/www.pm.pb.gov.br\/portal\/wp-json\/wp\/v2\/posts\/904365\/revisions\/904367"}],"wp:featuredmedia":[{"embeddable":true,"href":"https:\/\/www.pm.pb.gov.br\/portal\/wp-json\/wp\/v2\/media\/904369"}],"wp:attachment":[{"href":"https:\/\/www.pm.pb.gov.br\/portal\/wp-json\/wp\/v2\/media?parent=904365"}],"wp:term":[{"taxonomy":"category","embeddable":true,"href":"https:\/\/www.pm.pb.gov.br\/portal\/wp-json\/wp\/v2\/categories?post=904365"},{"taxonomy":"post_tag","embeddable":true,"href":"https:\/\/www.pm.pb.gov.br\/portal\/wp-json\/wp\/v2\/tags?post=904365"}],"curies":[{"name":"wp","href":"https:\/\/api.w.org\/{rel}","templated":true}]}}