{"id":904356,"date":"2020-04-08T10:18:43","date_gmt":"2020-04-08T13:18:43","guid":{"rendered":"http:\/\/www.pm.pb.gov.br\/portal\/?p=904356"},"modified":"2020-04-08T10:18:44","modified_gmt":"2020-04-08T13:18:44","slug":"policia-militar-prende-suspeita-com-duas-armas-de-fogo-em-localidade-conhecida-como-beco-da-covardia","status":"publish","type":"post","link":"https:\/\/www.pm.pb.gov.br\/portal\/2020\/04\/08\/policia-militar-prende-suspeita-com-duas-armas-de-fogo-em-localidade-conhecida-como-beco-da-covardia\/","title":{"rendered":"Pol\u00edcia Militar prende suspeita com duas armas de fogo em localidade conhecida como \u2018Beco da Covardia\u2019"},"content":{"rendered":"<p>Uma mulher de 32 anos, que responde pelo crime de tr\u00e1fico de drogas, foi presa mais uma vez pela Pol\u00edcia Militar, na noite dessa ter\u00e7a-feira (7), na cidade de Santa Rita. Ela foi flagrada com duas pistolas e mais de 20 muni\u00e7\u00f5es prontas para o uso.<\/p>\n<p>A pris\u00e3o foi realizada pelos policiais da For\u00e7a T\u00e1tica do 7\u00ba Batalh\u00e3o, durante a\u00e7\u00e3o realizada na localidade conhecida por \u2018Beco da Covardia\u2019, que fica perto da passarela de pedestres de V\u00e1rzea Nova. A PM recebeu uma den\u00fancia da presen\u00e7a da suspeita armada no local e foi at\u00e9 l\u00e1, onde realizou o flagrante e apreendeu duas pistolas e uma quantia em dinheiro.<\/p>\n<p>Ela foi apresentada na Central de Flagrantes, em Jo\u00e3o Pessoa.<\/p>\n","protected":false},"excerpt":{"rendered":"<p>Uma mulher de 32 anos, que responde pelo crime de tr\u00e1fico de drogas, foi presa mais uma vez pela Pol\u00edcia<\/p>\n","protected":false},"author":10,"featured_media":904359,"comment_status":"closed","ping_status":"closed","sticky":false,"template":"","format":"standard","meta":{"_exactmetrics_skip_tracking":false,"_exactmetrics_sitenote_active":false,"_exactmetrics_sitenote_note":"","_exactmetrics_sitenote_category":0,"footnotes":""},"categories":[4],"tags":[],"yoast_head":"<!-- This site is optimized with the Yoast SEO plugin v22.0 - https:\/\/yoast.com\/wordpress\/plugins\/seo\/ -->\n<title>Pol\u00edcia Militar prende suspeita com duas armas de fogo em localidade conhecida como \u2018Beco da Covardia\u2019 - Pol\u00edcia Militar da Para\u00edba<\/title>\n<meta name=\"robots\" content=\"index, follow, max-snippet:-1, max-image-preview:large, max-video-preview:-1\" \/>\n<link rel=\"canonical\" href=\"https:\/\/www.pm.pb.gov.br\/portal\/2020\/04\/08\/policia-militar-prende-suspeita-com-duas-armas-de-fogo-em-localidade-conhecida-como-beco-da-covardia\/\" \/>\n<meta property=\"og:locale\" content=\"pt_BR\" \/>\n<meta property=\"og:type\" content=\"article\" \/>\n<meta property=\"og:title\" content=\"Pol\u00edcia Militar prende suspeita com duas armas de fogo em localidade conhecida como \u2018Beco da Covardia\u2019 - Pol\u00edcia Militar da Para\u00edba\" \/>\n<meta property=\"og:description\" content=\"Uma mulher de 32 anos, que responde pelo crime de tr\u00e1fico de drogas, foi presa mais uma vez pela Pol\u00edcia\" \/>\n<meta property=\"og:url\" content=\"https:\/\/www.pm.pb.gov.br\/portal\/2020\/04\/08\/policia-militar-prende-suspeita-com-duas-armas-de-fogo-em-localidade-conhecida-como-beco-da-covardia\/\" \/>\n<meta property=\"og:site_name\" content=\"Pol\u00edcia Militar da Para\u00edba\" \/>\n<meta property=\"article:published_time\" content=\"2020-04-08T13:18:43+00:00\" \/>\n<meta property=\"article:modified_time\" content=\"2020-04-08T13:18:44+00:00\" \/>\n<meta property=\"og:image\" content=\"https:\/\/www.pm.pb.gov.br\/portal\/wp-content\/uploads\/2020\/04\/arma-em-Santa-Rita.jpeg\" \/>\n\t<meta property=\"og:image:width\" content=\"960\" \/>\n\t<meta property=\"og:image:height\" content=\"1280\" \/>\n\t<meta property=\"og:image:type\" content=\"image\/jpeg\" \/>\n<meta name=\"author\" content=\"WAGNER HENRIQUE VARELA DA SILVA\" \/>\n<meta name=\"twitter:card\" content=\"summary_large_image\" \/>\n<meta name=\"twitter:label1\" content=\"Escrito por\" \/>\n\t<meta name=\"twitter:data1\" content=\"WAGNER HENRIQUE VARELA DA SILVA\" \/>\n\t<meta name=\"twitter:label2\" content=\"Est. tempo de leitura\" \/>\n\t<meta name=\"twitter:data2\" content=\"1 minuto\" \/>\n<script type=\"application\/ld+json\" class=\"yoast-schema-graph\">{\"@context\":\"https:\/\/schema.org\",\"@graph\":[{\"@type\":\"Article\",\"@id\":\"https:\/\/www.pm.pb.gov.br\/portal\/2020\/04\/08\/policia-militar-prende-suspeita-com-duas-armas-de-fogo-em-localidade-conhecida-como-beco-da-covardia\/#article\",\"isPartOf\":{\"@id\":\"https:\/\/www.pm.pb.gov.br\/portal\/2020\/04\/08\/policia-militar-prende-suspeita-com-duas-armas-de-fogo-em-localidade-conhecida-como-beco-da-covardia\/\"},\"author\":{\"name\":\"WAGNER HENRIQUE VARELA DA SILVA\",\"@id\":\"https:\/\/www.pm.pb.gov.br\/portal\/#\/schema\/person\/b169b297b8494dea236e315ed1a201d1\"},\"headline\":\"Pol\u00edcia Militar prende suspeita com duas armas de fogo em localidade conhecida como \u2018Beco da Covardia\u2019\",\"datePublished\":\"2020-04-08T13:18:43+00:00\",\"dateModified\":\"2020-04-08T13:18:44+00:00\",\"mainEntityOfPage\":{\"@id\":\"https:\/\/www.pm.pb.gov.br\/portal\/2020\/04\/08\/policia-militar-prende-suspeita-com-duas-armas-de-fogo-em-localidade-conhecida-como-beco-da-covardia\/\"},\"wordCount\":143,\"publisher\":{\"@id\":\"https:\/\/www.pm.pb.gov.br\/portal\/#organization\"},\"articleSection\":[\"A\u00e7\u00f5es Policiais\"],\"inLanguage\":\"pt-BR\"},{\"@type\":\"WebPage\",\"@id\":\"https:\/\/www.pm.pb.gov.br\/portal\/2020\/04\/08\/policia-militar-prende-suspeita-com-duas-armas-de-fogo-em-localidade-conhecida-como-beco-da-covardia\/\",\"url\":\"https:\/\/www.pm.pb.gov.br\/portal\/2020\/04\/08\/policia-militar-prende-suspeita-com-duas-armas-de-fogo-em-localidade-conhecida-como-beco-da-covardia\/\",\"name\":\"Pol\u00edcia Militar prende suspeita com duas armas de fogo em localidade conhecida como \u2018Beco da Covardia\u2019 - Pol\u00edcia Militar da Para\u00edba\",\"isPartOf\":{\"@id\":\"https:\/\/www.pm.pb.gov.br\/portal\/#website\"},\"datePublished\":\"2020-04-08T13:18:43+00:00\",\"dateModified\":\"2020-04-08T13:18:44+00:00\",\"breadcrumb\":{\"@id\":\"https:\/\/www.pm.pb.gov.br\/portal\/2020\/04\/08\/policia-militar-prende-suspeita-com-duas-armas-de-fogo-em-localidade-conhecida-como-beco-da-covardia\/#breadcrumb\"},\"inLanguage\":\"pt-BR\",\"potentialAction\":[{\"@type\":\"ReadAction\",\"target\":[\"https:\/\/www.pm.pb.gov.br\/portal\/2020\/04\/08\/policia-militar-prende-suspeita-com-duas-armas-de-fogo-em-localidade-conhecida-como-beco-da-covardia\/\"]}]},{\"@type\":\"BreadcrumbList\",\"@id\":\"https:\/\/www.pm.pb.gov.br\/portal\/2020\/04\/08\/policia-militar-prende-suspeita-com-duas-armas-de-fogo-em-localidade-conhecida-como-beco-da-covardia\/#breadcrumb\",\"itemListElement\":[{\"@type\":\"ListItem\",\"position\":1,\"name\":\"In\u00edcio\",\"item\":\"https:\/\/www.pm.pb.gov.br\/portal\/\"},{\"@type\":\"ListItem\",\"position\":2,\"name\":\"Pol\u00edcia Militar prende suspeita com duas armas de fogo em localidade conhecida como \u2018Beco da Covardia\u2019\"}]},{\"@type\":\"WebSite\",\"@id\":\"https:\/\/www.pm.pb.gov.br\/portal\/#website\",\"url\":\"https:\/\/www.pm.pb.gov.br\/portal\/\",\"name\":\"Pol\u00edcia Militar da Para\u00edba\",\"description\":\"\",\"publisher\":{\"@id\":\"https:\/\/www.pm.pb.gov.br\/portal\/#organization\"},\"potentialAction\":[{\"@type\":\"SearchAction\",\"target\":{\"@type\":\"EntryPoint\",\"urlTemplate\":\"https:\/\/www.pm.pb.gov.br\/portal\/?s={search_term_string}\"},\"query-input\":\"required name=search_term_string\"}],\"inLanguage\":\"pt-BR\"},{\"@type\":\"Organization\",\"@id\":\"https:\/\/www.pm.pb.gov.br\/portal\/#organization\",\"name\":\"Pol\u00edcia Militar da Para\u00edba\",\"url\":\"https:\/\/www.pm.pb.gov.br\/portal\/\",\"logo\":{\"@type\":\"ImageObject\",\"inLanguage\":\"pt-BR\",\"@id\":\"https:\/\/www.pm.pb.gov.br\/portal\/#\/schema\/logo\/image\/\",\"url\":\"https:\/\/www.pm.pb.gov.br\/portal\/wp-content\/uploads\/2025\/03\/cropped-logo-site-mag2-1.png\",\"contentUrl\":\"https:\/\/www.pm.pb.gov.br\/portal\/wp-content\/uploads\/2025\/03\/cropped-logo-site-mag2-1.png\",\"width\":320,\"height\":90,\"caption\":\"Pol\u00edcia Militar da Para\u00edba\"},\"image\":{\"@id\":\"https:\/\/www.pm.pb.gov.br\/portal\/#\/schema\/logo\/image\/\"}},{\"@type\":\"Person\",\"@id\":\"https:\/\/www.pm.pb.gov.br\/portal\/#\/schema\/person\/b169b297b8494dea236e315ed1a201d1\",\"name\":\"WAGNER HENRIQUE VARELA DA SILVA\",\"image\":{\"@type\":\"ImageObject\",\"inLanguage\":\"pt-BR\",\"@id\":\"https:\/\/www.pm.pb.gov.br\/portal\/#\/schema\/person\/image\/\",\"url\":\"https:\/\/secure.gravatar.com\/avatar\/e08af53176a66730df5c0706c6c31fd6?s=96&d=mm&r=g\",\"contentUrl\":\"https:\/\/secure.gravatar.com\/avatar\/e08af53176a66730df5c0706c6c31fd6?s=96&d=mm&r=g\",\"caption\":\"WAGNER HENRIQUE VARELA DA SILVA\"},\"url\":\"https:\/\/www.pm.pb.gov.br\/portal\/author\/varela\/\"}]}<\/script>\n<!-- \/ Yoast SEO plugin. -->","yoast_head_json":{"title":"Pol\u00edcia Militar prende suspeita com duas armas de fogo em localidade conhecida como \u2018Beco da Covardia\u2019 - Pol\u00edcia Militar da Para\u00edba","robots":{"index":"index","follow":"follow","max-snippet":"max-snippet:-1","max-image-preview":"max-image-preview:large","max-video-preview":"max-video-preview:-1"},"canonical":"https:\/\/www.pm.pb.gov.br\/portal\/2020\/04\/08\/policia-militar-prende-suspeita-com-duas-armas-de-fogo-em-localidade-conhecida-como-beco-da-covardia\/","og_locale":"pt_BR","og_type":"article","og_title":"Pol\u00edcia Militar prende suspeita com duas armas de fogo em localidade conhecida como \u2018Beco da Covardia\u2019 - Pol\u00edcia Militar da Para\u00edba","og_description":"Uma mulher de 32 anos, que responde pelo crime de tr\u00e1fico de drogas, foi presa mais uma vez pela Pol\u00edcia","og_url":"https:\/\/www.pm.pb.gov.br\/portal\/2020\/04\/08\/policia-militar-prende-suspeita-com-duas-armas-de-fogo-em-localidade-conhecida-como-beco-da-covardia\/","og_site_name":"Pol\u00edcia Militar da Para\u00edba","article_published_time":"2020-04-08T13:18:43+00:00","article_modified_time":"2020-04-08T13:18:44+00:00","og_image":[{"width":960,"height":1280,"url":"https:\/\/www.pm.pb.gov.br\/portal\/wp-content\/uploads\/2020\/04\/arma-em-Santa-Rita.jpeg","type":"image\/jpeg"}],"author":"WAGNER HENRIQUE VARELA DA SILVA","twitter_card":"summary_large_image","twitter_misc":{"Escrito por":"WAGNER HENRIQUE VARELA DA SILVA","Est. tempo de leitura":"1 minuto"},"schema":{"@context":"https:\/\/schema.org","@graph":[{"@type":"Article","@id":"https:\/\/www.pm.pb.gov.br\/portal\/2020\/04\/08\/policia-militar-prende-suspeita-com-duas-armas-de-fogo-em-localidade-conhecida-como-beco-da-covardia\/#article","isPartOf":{"@id":"https:\/\/www.pm.pb.gov.br\/portal\/2020\/04\/08\/policia-militar-prende-suspeita-com-duas-armas-de-fogo-em-localidade-conhecida-como-beco-da-covardia\/"},"author":{"name":"WAGNER HENRIQUE VARELA DA SILVA","@id":"https:\/\/www.pm.pb.gov.br\/portal\/#\/schema\/person\/b169b297b8494dea236e315ed1a201d1"},"headline":"Pol\u00edcia Militar prende suspeita com duas armas de fogo em localidade conhecida como \u2018Beco da Covardia\u2019","datePublished":"2020-04-08T13:18:43+00:00","dateModified":"2020-04-08T13:18:44+00:00","mainEntityOfPage":{"@id":"https:\/\/www.pm.pb.gov.br\/portal\/2020\/04\/08\/policia-militar-prende-suspeita-com-duas-armas-de-fogo-em-localidade-conhecida-como-beco-da-covardia\/"},"wordCount":143,"publisher":{"@id":"https:\/\/www.pm.pb.gov.br\/portal\/#organization"},"articleSection":["A\u00e7\u00f5es Policiais"],"inLanguage":"pt-BR"},{"@type":"WebPage","@id":"https:\/\/www.pm.pb.gov.br\/portal\/2020\/04\/08\/policia-militar-prende-suspeita-com-duas-armas-de-fogo-em-localidade-conhecida-como-beco-da-covardia\/","url":"https:\/\/www.pm.pb.gov.br\/portal\/2020\/04\/08\/policia-militar-prende-suspeita-com-duas-armas-de-fogo-em-localidade-conhecida-como-beco-da-covardia\/","name":"Pol\u00edcia Militar prende suspeita com duas armas de fogo em localidade conhecida como \u2018Beco da Covardia\u2019 - Pol\u00edcia Militar da Para\u00edba","isPartOf":{"@id":"https:\/\/www.pm.pb.gov.br\/portal\/#website"},"datePublished":"2020-04-08T13:18:43+00:00","dateModified":"2020-04-08T13:18:44+00:00","breadcrumb":{"@id":"https:\/\/www.pm.pb.gov.br\/portal\/2020\/04\/08\/policia-militar-prende-suspeita-com-duas-armas-de-fogo-em-localidade-conhecida-como-beco-da-covardia\/#breadcrumb"},"inLanguage":"pt-BR","potentialAction":[{"@type":"ReadAction","target":["https:\/\/www.pm.pb.gov.br\/portal\/2020\/04\/08\/policia-militar-prende-suspeita-com-duas-armas-de-fogo-em-localidade-conhecida-como-beco-da-covardia\/"]}]},{"@type":"BreadcrumbList","@id":"https:\/\/www.pm.pb.gov.br\/portal\/2020\/04\/08\/policia-militar-prende-suspeita-com-duas-armas-de-fogo-em-localidade-conhecida-como-beco-da-covardia\/#breadcrumb","itemListElement":[{"@type":"ListItem","position":1,"name":"In\u00edcio","item":"https:\/\/www.pm.pb.gov.br\/portal\/"},{"@type":"ListItem","position":2,"name":"Pol\u00edcia Militar prende suspeita com duas armas de fogo em localidade conhecida como \u2018Beco da Covardia\u2019"}]},{"@type":"WebSite","@id":"https:\/\/www.pm.pb.gov.br\/portal\/#website","url":"https:\/\/www.pm.pb.gov.br\/portal\/","name":"Pol\u00edcia Militar da Para\u00edba","description":"","publisher":{"@id":"https:\/\/www.pm.pb.gov.br\/portal\/#organization"},"potentialAction":[{"@type":"SearchAction","target":{"@type":"EntryPoint","urlTemplate":"https:\/\/www.pm.pb.gov.br\/portal\/?s={search_term_string}"},"query-input":"required name=search_term_string"}],"inLanguage":"pt-BR"},{"@type":"Organization","@id":"https:\/\/www.pm.pb.gov.br\/portal\/#organization","name":"Pol\u00edcia Militar da Para\u00edba","url":"https:\/\/www.pm.pb.gov.br\/portal\/","logo":{"@type":"ImageObject","inLanguage":"pt-BR","@id":"https:\/\/www.pm.pb.gov.br\/portal\/#\/schema\/logo\/image\/","url":"https:\/\/www.pm.pb.gov.br\/portal\/wp-content\/uploads\/2025\/03\/cropped-logo-site-mag2-1.png","contentUrl":"https:\/\/www.pm.pb.gov.br\/portal\/wp-content\/uploads\/2025\/03\/cropped-logo-site-mag2-1.png","width":320,"height":90,"caption":"Pol\u00edcia Militar da Para\u00edba"},"image":{"@id":"https:\/\/www.pm.pb.gov.br\/portal\/#\/schema\/logo\/image\/"}},{"@type":"Person","@id":"https:\/\/www.pm.pb.gov.br\/portal\/#\/schema\/person\/b169b297b8494dea236e315ed1a201d1","name":"WAGNER HENRIQUE VARELA DA SILVA","image":{"@type":"ImageObject","inLanguage":"pt-BR","@id":"https:\/\/www.pm.pb.gov.br\/portal\/#\/schema\/person\/image\/","url":"https:\/\/secure.gravatar.com\/avatar\/e08af53176a66730df5c0706c6c31fd6?s=96&d=mm&r=g","contentUrl":"https:\/\/secure.gravatar.com\/avatar\/e08af53176a66730df5c0706c6c31fd6?s=96&d=mm&r=g","caption":"WAGNER HENRIQUE VARELA DA SILVA"},"url":"https:\/\/www.pm.pb.gov.br\/portal\/author\/varela\/"}]}},"_links":{"self":[{"href":"https:\/\/www.pm.pb.gov.br\/portal\/wp-json\/wp\/v2\/posts\/904356"}],"collection":[{"href":"https:\/\/www.pm.pb.gov.br\/portal\/wp-json\/wp\/v2\/posts"}],"about":[{"href":"https:\/\/www.pm.pb.gov.br\/portal\/wp-json\/wp\/v2\/types\/post"}],"author":[{"embeddable":true,"href":"https:\/\/www.pm.pb.gov.br\/portal\/wp-json\/wp\/v2\/users\/10"}],"replies":[{"embeddable":true,"href":"https:\/\/www.pm.pb.gov.br\/portal\/wp-json\/wp\/v2\/comments?post=904356"}],"version-history":[{"count":2,"href":"https:\/\/www.pm.pb.gov.br\/portal\/wp-json\/wp\/v2\/posts\/904356\/revisions"}],"predecessor-version":[{"id":904360,"href":"https:\/\/www.pm.pb.gov.br\/portal\/wp-json\/wp\/v2\/posts\/904356\/revisions\/904360"}],"wp:featuredmedia":[{"embeddable":true,"href":"https:\/\/www.pm.pb.gov.br\/portal\/wp-json\/wp\/v2\/media\/904359"}],"wp:attachment":[{"href":"https:\/\/www.pm.pb.gov.br\/portal\/wp-json\/wp\/v2\/media?parent=904356"}],"wp:term":[{"taxonomy":"category","embeddable":true,"href":"https:\/\/www.pm.pb.gov.br\/portal\/wp-json\/wp\/v2\/categories?post=904356"},{"taxonomy":"post_tag","embeddable":true,"href":"https:\/\/www.pm.pb.gov.br\/portal\/wp-json\/wp\/v2\/tags?post=904356"}],"curies":[{"name":"wp","href":"https:\/\/api.w.org\/{rel}","templated":true}]}}