{"id":904163,"date":"2020-03-23T16:54:41","date_gmt":"2020-03-23T19:54:41","guid":{"rendered":"http:\/\/www.pm.pb.gov.br\/portal\/?p=904163"},"modified":"2020-03-23T17:10:41","modified_gmt":"2020-03-23T20:10:41","slug":"policiais-militares-incentivam-filhos-a-exibirem-mensagens-sobre-a-importancia-de-ficar-em-casa","status":"publish","type":"post","link":"https:\/\/www.pm.pb.gov.br\/portal\/2020\/03\/23\/policiais-militares-incentivam-filhos-a-exibirem-mensagens-sobre-a-importancia-de-ficar-em-casa\/","title":{"rendered":"Policiais militares incentivam filhos a exibirem mensagens sobre a import\u00e2ncia de ficar em casa"},"content":{"rendered":"<p>Fique em casa! Essa \u00e9 a mensagem mais difundida nesse tempo de preven\u00e7\u00e3o e combate \u00e0 prolifera\u00e7\u00e3o do novo coronav\u00edrus, mas os filhos dos policiais militares paraibanos t\u00eam sido incentivados pelos pais a refor\u00e7arem essa orienta\u00e7\u00e3o e assim conscientizar mais as pessoas sobre a import\u00e2ncia do isolamento social neste momento.<\/p>\n<p>\u00c9 o caso do menino Matheus, de 4 anos, que \u00e9 filho do tenente Gomes, da Companhia Especializada em Apoio ao Turista (CEATur), em Jo\u00e3o Pessoa. Vestido com uma miniatura da farda usada pelo pai, ele exibe as mensagens: \u201cMeu pai est\u00e1 na rua trabalhando por voc\u00eas\u201d; \u201cFiquem em casa por mim e pelo meu irm\u00e3ozinho (a) que ainda nem nasceu\u201d (foto abaixo e acima).<\/p>\n<p><img loading=\"lazy\" decoding=\"async\" class=\"size-medium wp-image-904167 aligncenter\" src=\"http:\/\/www.pm.pb.gov.br\/portal\/wp-content\/uploads\/2020\/03\/secom-334x445.jpg\" alt=\"\" width=\"334\" height=\"445\" srcset=\"https:\/\/www.pm.pb.gov.br\/portal\/wp-content\/uploads\/2020\/03\/secom-334x445.jpg 334w, https:\/\/www.pm.pb.gov.br\/portal\/wp-content\/uploads\/2020\/03\/secom-768x1024.jpg 768w, https:\/\/www.pm.pb.gov.br\/portal\/wp-content\/uploads\/2020\/03\/secom-428x570.jpg 428w, https:\/\/www.pm.pb.gov.br\/portal\/wp-content\/uploads\/2020\/03\/secom.jpg 960w\" sizes=\"(max-width: 334px) 100vw, 334px\" \/><\/p>\n<p>Com as a\u00e7\u00f5es que v\u00eam sendo realizadas pela PM para fiscalizar o cumprimento do Decreto Estadual n\u00ba 40.135, de 20 de mar\u00e7o de 2020, que, entre outras medidas, determinou o fechamento de shoppings, bares, restaurantes e outros estabelecimentos, os policiais militares passaram tamb\u00e9m a fiscalizar esses ambientes, ficando longe da fam\u00edlia, por isso o refor\u00e7o da crian\u00e7ada nas mensagens de conscientiza\u00e7\u00e3o.<\/p>\n<p>E quando pai e m\u00e3e s\u00e3o policiais militares, a\u00ed as l\u00e1grimas de saudade d\u00e3o lugar ao sorriso, como acontece com Ana Raquel, de 3 anos, filha do tenente Medeiros e da cabo Priscila, que atuam no 9\u00ba Batalh\u00e3o, na regi\u00e3o de Picu\u00ed. Ela exibe o quadro que escreveu com a ajuda dos pais, trazendo a mensagem: \u201cMeu pai est\u00e1 na rua por voc\u00ea, fique em casa por ele\u201d (foto abaixo).<\/p>\n<p><img loading=\"lazy\" decoding=\"async\" class=\"size-medium wp-image-904171 aligncenter\" src=\"http:\/\/www.pm.pb.gov.br\/portal\/wp-content\/uploads\/2020\/03\/WhatsApp-Image-2020-03-23-at-14.20.54-593x445.jpeg\" alt=\"\" width=\"593\" height=\"445\" srcset=\"https:\/\/www.pm.pb.gov.br\/portal\/wp-content\/uploads\/2020\/03\/WhatsApp-Image-2020-03-23-at-14.20.54-593x445.jpeg 593w, https:\/\/www.pm.pb.gov.br\/portal\/wp-content\/uploads\/2020\/03\/WhatsApp-Image-2020-03-23-at-14.20.54-768x576.jpeg 768w, https:\/\/www.pm.pb.gov.br\/portal\/wp-content\/uploads\/2020\/03\/WhatsApp-Image-2020-03-23-at-14.20.54-760x570.jpeg 760w, https:\/\/www.pm.pb.gov.br\/portal\/wp-content\/uploads\/2020\/03\/WhatsApp-Image-2020-03-23-at-14.20.54.jpeg 1280w\" sizes=\"(max-width: 593px) 100vw, 593px\" \/><\/p>\n<p>As fotos dessas e de outras crian\u00e7as t\u00eam circulado nas redes sociais, com mensagens de apoio aos profissionais da sa\u00fade e da seguran\u00e7a p\u00fablica, que neste per\u00edodo t\u00eam redobrado os esfor\u00e7os para livrar e salvar a sociedade do novo coronav\u00edrus.<\/p>\n<p><strong>Balan\u00e7o &#8211;<\/strong> S\u00f3 nesse domingo (22), quando entrou em vigor o Decreto Estadual n\u00ba 40.135, de 20 de mar\u00e7o de 2020, a Pol\u00edcia Militar foi respons\u00e1vel por 55 a\u00e7\u00f5es de fiscaliza\u00e7\u00e3o, sendo a maioria para ir at\u00e9 locais onde bares estavam abertos promovendo aglomera\u00e7\u00e3o de clientes e em festas realizadas pelas pessoas que foram dispensadas do trabalho para ficarem em casa. Foram 22 atendimentos em Jo\u00e3o Pessoa, 19 em Campina Grande e 14 em outras cidades.<\/p>\n","protected":false},"excerpt":{"rendered":"<p>Fique em casa! Essa \u00e9 a mensagem mais difundida nesse tempo de preven\u00e7\u00e3o e combate \u00e0 prolifera\u00e7\u00e3o do novo coronav\u00edrus,<\/p>\n","protected":false},"author":10,"featured_media":904169,"comment_status":"closed","ping_status":"closed","sticky":false,"template":"","format":"standard","meta":{"_exactmetrics_skip_tracking":false,"_exactmetrics_sitenote_active":false,"_exactmetrics_sitenote_note":"","_exactmetrics_sitenote_category":0,"footnotes":""},"categories":[24,14],"tags":[],"yoast_head":"<!-- This site is optimized with the Yoast SEO plugin v22.0 - https:\/\/yoast.com\/wordpress\/plugins\/seo\/ -->\n<title>Policiais militares incentivam filhos a exibirem mensagens sobre a import\u00e2ncia de ficar em casa - Pol\u00edcia Militar da Para\u00edba<\/title>\n<meta name=\"robots\" content=\"index, follow, max-snippet:-1, max-image-preview:large, max-video-preview:-1\" \/>\n<link rel=\"canonical\" href=\"https:\/\/www.pm.pb.gov.br\/portal\/2020\/03\/23\/policiais-militares-incentivam-filhos-a-exibirem-mensagens-sobre-a-importancia-de-ficar-em-casa\/\" \/>\n<meta property=\"og:locale\" content=\"pt_BR\" \/>\n<meta property=\"og:type\" content=\"article\" \/>\n<meta property=\"og:title\" content=\"Policiais militares incentivam filhos a exibirem mensagens sobre a import\u00e2ncia de ficar em casa - Pol\u00edcia Militar da Para\u00edba\" \/>\n<meta property=\"og:description\" content=\"Fique em casa! Essa \u00e9 a mensagem mais difundida nesse tempo de preven\u00e7\u00e3o e combate \u00e0 prolifera\u00e7\u00e3o do novo coronav\u00edrus,\" \/>\n<meta property=\"og:url\" content=\"https:\/\/www.pm.pb.gov.br\/portal\/2020\/03\/23\/policiais-militares-incentivam-filhos-a-exibirem-mensagens-sobre-a-importancia-de-ficar-em-casa\/\" \/>\n<meta property=\"og:site_name\" content=\"Pol\u00edcia Militar da Para\u00edba\" \/>\n<meta property=\"article:published_time\" content=\"2020-03-23T19:54:41+00:00\" \/>\n<meta property=\"article:modified_time\" content=\"2020-03-23T20:10:41+00:00\" \/>\n<meta property=\"og:image\" content=\"https:\/\/www.pm.pb.gov.br\/portal\/wp-content\/uploads\/2020\/03\/secom1.jpg\" \/>\n\t<meta property=\"og:image:width\" content=\"600\" \/>\n\t<meta property=\"og:image:height\" content=\"445\" \/>\n\t<meta property=\"og:image:type\" content=\"image\/jpeg\" \/>\n<meta name=\"author\" content=\"WAGNER HENRIQUE VARELA DA SILVA\" \/>\n<meta name=\"twitter:card\" content=\"summary_large_image\" \/>\n<meta name=\"twitter:label1\" content=\"Escrito por\" \/>\n\t<meta name=\"twitter:data1\" content=\"WAGNER HENRIQUE VARELA DA SILVA\" \/>\n\t<meta name=\"twitter:label2\" content=\"Est. tempo de leitura\" \/>\n\t<meta name=\"twitter:data2\" content=\"2 minutos\" \/>\n<script type=\"application\/ld+json\" class=\"yoast-schema-graph\">{\"@context\":\"https:\/\/schema.org\",\"@graph\":[{\"@type\":\"Article\",\"@id\":\"https:\/\/www.pm.pb.gov.br\/portal\/2020\/03\/23\/policiais-militares-incentivam-filhos-a-exibirem-mensagens-sobre-a-importancia-de-ficar-em-casa\/#article\",\"isPartOf\":{\"@id\":\"https:\/\/www.pm.pb.gov.br\/portal\/2020\/03\/23\/policiais-militares-incentivam-filhos-a-exibirem-mensagens-sobre-a-importancia-de-ficar-em-casa\/\"},\"author\":{\"name\":\"WAGNER HENRIQUE VARELA DA SILVA\",\"@id\":\"https:\/\/www.pm.pb.gov.br\/portal\/#\/schema\/person\/b169b297b8494dea236e315ed1a201d1\"},\"headline\":\"Policiais militares incentivam filhos a exibirem mensagens sobre a import\u00e2ncia de ficar em casa\",\"datePublished\":\"2020-03-23T19:54:41+00:00\",\"dateModified\":\"2020-03-23T20:10:41+00:00\",\"mainEntityOfPage\":{\"@id\":\"https:\/\/www.pm.pb.gov.br\/portal\/2020\/03\/23\/policiais-militares-incentivam-filhos-a-exibirem-mensagens-sobre-a-importancia-de-ficar-em-casa\/\"},\"wordCount\":400,\"publisher\":{\"@id\":\"https:\/\/www.pm.pb.gov.br\/portal\/#organization\"},\"articleSection\":[\"A\u00e7\u00f5es de Sa\u00fade\",\"Preven\u00e7\u00e3o\"],\"inLanguage\":\"pt-BR\"},{\"@type\":\"WebPage\",\"@id\":\"https:\/\/www.pm.pb.gov.br\/portal\/2020\/03\/23\/policiais-militares-incentivam-filhos-a-exibirem-mensagens-sobre-a-importancia-de-ficar-em-casa\/\",\"url\":\"https:\/\/www.pm.pb.gov.br\/portal\/2020\/03\/23\/policiais-militares-incentivam-filhos-a-exibirem-mensagens-sobre-a-importancia-de-ficar-em-casa\/\",\"name\":\"Policiais militares incentivam filhos a exibirem mensagens sobre a import\u00e2ncia de ficar em casa - Pol\u00edcia Militar da Para\u00edba\",\"isPartOf\":{\"@id\":\"https:\/\/www.pm.pb.gov.br\/portal\/#website\"},\"datePublished\":\"2020-03-23T19:54:41+00:00\",\"dateModified\":\"2020-03-23T20:10:41+00:00\",\"breadcrumb\":{\"@id\":\"https:\/\/www.pm.pb.gov.br\/portal\/2020\/03\/23\/policiais-militares-incentivam-filhos-a-exibirem-mensagens-sobre-a-importancia-de-ficar-em-casa\/#breadcrumb\"},\"inLanguage\":\"pt-BR\",\"potentialAction\":[{\"@type\":\"ReadAction\",\"target\":[\"https:\/\/www.pm.pb.gov.br\/portal\/2020\/03\/23\/policiais-militares-incentivam-filhos-a-exibirem-mensagens-sobre-a-importancia-de-ficar-em-casa\/\"]}]},{\"@type\":\"BreadcrumbList\",\"@id\":\"https:\/\/www.pm.pb.gov.br\/portal\/2020\/03\/23\/policiais-militares-incentivam-filhos-a-exibirem-mensagens-sobre-a-importancia-de-ficar-em-casa\/#breadcrumb\",\"itemListElement\":[{\"@type\":\"ListItem\",\"position\":1,\"name\":\"In\u00edcio\",\"item\":\"https:\/\/www.pm.pb.gov.br\/portal\/\"},{\"@type\":\"ListItem\",\"position\":2,\"name\":\"Policiais militares incentivam filhos a exibirem mensagens sobre a import\u00e2ncia de ficar em casa\"}]},{\"@type\":\"WebSite\",\"@id\":\"https:\/\/www.pm.pb.gov.br\/portal\/#website\",\"url\":\"https:\/\/www.pm.pb.gov.br\/portal\/\",\"name\":\"Pol\u00edcia Militar da Para\u00edba\",\"description\":\"\",\"publisher\":{\"@id\":\"https:\/\/www.pm.pb.gov.br\/portal\/#organization\"},\"potentialAction\":[{\"@type\":\"SearchAction\",\"target\":{\"@type\":\"EntryPoint\",\"urlTemplate\":\"https:\/\/www.pm.pb.gov.br\/portal\/?s={search_term_string}\"},\"query-input\":\"required name=search_term_string\"}],\"inLanguage\":\"pt-BR\"},{\"@type\":\"Organization\",\"@id\":\"https:\/\/www.pm.pb.gov.br\/portal\/#organization\",\"name\":\"Pol\u00edcia Militar da Para\u00edba\",\"url\":\"https:\/\/www.pm.pb.gov.br\/portal\/\",\"logo\":{\"@type\":\"ImageObject\",\"inLanguage\":\"pt-BR\",\"@id\":\"https:\/\/www.pm.pb.gov.br\/portal\/#\/schema\/logo\/image\/\",\"url\":\"https:\/\/www.pm.pb.gov.br\/portal\/wp-content\/uploads\/2025\/03\/cropped-logo-site-mag2-1.png\",\"contentUrl\":\"https:\/\/www.pm.pb.gov.br\/portal\/wp-content\/uploads\/2025\/03\/cropped-logo-site-mag2-1.png\",\"width\":320,\"height\":90,\"caption\":\"Pol\u00edcia Militar da Para\u00edba\"},\"image\":{\"@id\":\"https:\/\/www.pm.pb.gov.br\/portal\/#\/schema\/logo\/image\/\"}},{\"@type\":\"Person\",\"@id\":\"https:\/\/www.pm.pb.gov.br\/portal\/#\/schema\/person\/b169b297b8494dea236e315ed1a201d1\",\"name\":\"WAGNER HENRIQUE VARELA DA SILVA\",\"image\":{\"@type\":\"ImageObject\",\"inLanguage\":\"pt-BR\",\"@id\":\"https:\/\/www.pm.pb.gov.br\/portal\/#\/schema\/person\/image\/\",\"url\":\"https:\/\/secure.gravatar.com\/avatar\/e08af53176a66730df5c0706c6c31fd6?s=96&d=mm&r=g\",\"contentUrl\":\"https:\/\/secure.gravatar.com\/avatar\/e08af53176a66730df5c0706c6c31fd6?s=96&d=mm&r=g\",\"caption\":\"WAGNER HENRIQUE VARELA DA SILVA\"},\"url\":\"https:\/\/www.pm.pb.gov.br\/portal\/author\/varela\/\"}]}<\/script>\n<!-- \/ Yoast SEO plugin. -->","yoast_head_json":{"title":"Policiais militares incentivam filhos a exibirem mensagens sobre a import\u00e2ncia de ficar em casa - Pol\u00edcia Militar da Para\u00edba","robots":{"index":"index","follow":"follow","max-snippet":"max-snippet:-1","max-image-preview":"max-image-preview:large","max-video-preview":"max-video-preview:-1"},"canonical":"https:\/\/www.pm.pb.gov.br\/portal\/2020\/03\/23\/policiais-militares-incentivam-filhos-a-exibirem-mensagens-sobre-a-importancia-de-ficar-em-casa\/","og_locale":"pt_BR","og_type":"article","og_title":"Policiais militares incentivam filhos a exibirem mensagens sobre a import\u00e2ncia de ficar em casa - Pol\u00edcia Militar da Para\u00edba","og_description":"Fique em casa! Essa \u00e9 a mensagem mais difundida nesse tempo de preven\u00e7\u00e3o e combate \u00e0 prolifera\u00e7\u00e3o do novo coronav\u00edrus,","og_url":"https:\/\/www.pm.pb.gov.br\/portal\/2020\/03\/23\/policiais-militares-incentivam-filhos-a-exibirem-mensagens-sobre-a-importancia-de-ficar-em-casa\/","og_site_name":"Pol\u00edcia Militar da Para\u00edba","article_published_time":"2020-03-23T19:54:41+00:00","article_modified_time":"2020-03-23T20:10:41+00:00","og_image":[{"width":600,"height":445,"url":"https:\/\/www.pm.pb.gov.br\/portal\/wp-content\/uploads\/2020\/03\/secom1.jpg","type":"image\/jpeg"}],"author":"WAGNER HENRIQUE VARELA DA SILVA","twitter_card":"summary_large_image","twitter_misc":{"Escrito por":"WAGNER HENRIQUE VARELA DA SILVA","Est. tempo de leitura":"2 minutos"},"schema":{"@context":"https:\/\/schema.org","@graph":[{"@type":"Article","@id":"https:\/\/www.pm.pb.gov.br\/portal\/2020\/03\/23\/policiais-militares-incentivam-filhos-a-exibirem-mensagens-sobre-a-importancia-de-ficar-em-casa\/#article","isPartOf":{"@id":"https:\/\/www.pm.pb.gov.br\/portal\/2020\/03\/23\/policiais-militares-incentivam-filhos-a-exibirem-mensagens-sobre-a-importancia-de-ficar-em-casa\/"},"author":{"name":"WAGNER HENRIQUE VARELA DA SILVA","@id":"https:\/\/www.pm.pb.gov.br\/portal\/#\/schema\/person\/b169b297b8494dea236e315ed1a201d1"},"headline":"Policiais militares incentivam filhos a exibirem mensagens sobre a import\u00e2ncia de ficar em casa","datePublished":"2020-03-23T19:54:41+00:00","dateModified":"2020-03-23T20:10:41+00:00","mainEntityOfPage":{"@id":"https:\/\/www.pm.pb.gov.br\/portal\/2020\/03\/23\/policiais-militares-incentivam-filhos-a-exibirem-mensagens-sobre-a-importancia-de-ficar-em-casa\/"},"wordCount":400,"publisher":{"@id":"https:\/\/www.pm.pb.gov.br\/portal\/#organization"},"articleSection":["A\u00e7\u00f5es de Sa\u00fade","Preven\u00e7\u00e3o"],"inLanguage":"pt-BR"},{"@type":"WebPage","@id":"https:\/\/www.pm.pb.gov.br\/portal\/2020\/03\/23\/policiais-militares-incentivam-filhos-a-exibirem-mensagens-sobre-a-importancia-de-ficar-em-casa\/","url":"https:\/\/www.pm.pb.gov.br\/portal\/2020\/03\/23\/policiais-militares-incentivam-filhos-a-exibirem-mensagens-sobre-a-importancia-de-ficar-em-casa\/","name":"Policiais militares incentivam filhos a exibirem mensagens sobre a import\u00e2ncia de ficar em casa - Pol\u00edcia Militar da Para\u00edba","isPartOf":{"@id":"https:\/\/www.pm.pb.gov.br\/portal\/#website"},"datePublished":"2020-03-23T19:54:41+00:00","dateModified":"2020-03-23T20:10:41+00:00","breadcrumb":{"@id":"https:\/\/www.pm.pb.gov.br\/portal\/2020\/03\/23\/policiais-militares-incentivam-filhos-a-exibirem-mensagens-sobre-a-importancia-de-ficar-em-casa\/#breadcrumb"},"inLanguage":"pt-BR","potentialAction":[{"@type":"ReadAction","target":["https:\/\/www.pm.pb.gov.br\/portal\/2020\/03\/23\/policiais-militares-incentivam-filhos-a-exibirem-mensagens-sobre-a-importancia-de-ficar-em-casa\/"]}]},{"@type":"BreadcrumbList","@id":"https:\/\/www.pm.pb.gov.br\/portal\/2020\/03\/23\/policiais-militares-incentivam-filhos-a-exibirem-mensagens-sobre-a-importancia-de-ficar-em-casa\/#breadcrumb","itemListElement":[{"@type":"ListItem","position":1,"name":"In\u00edcio","item":"https:\/\/www.pm.pb.gov.br\/portal\/"},{"@type":"ListItem","position":2,"name":"Policiais militares incentivam filhos a exibirem mensagens sobre a import\u00e2ncia de ficar em casa"}]},{"@type":"WebSite","@id":"https:\/\/www.pm.pb.gov.br\/portal\/#website","url":"https:\/\/www.pm.pb.gov.br\/portal\/","name":"Pol\u00edcia Militar da Para\u00edba","description":"","publisher":{"@id":"https:\/\/www.pm.pb.gov.br\/portal\/#organization"},"potentialAction":[{"@type":"SearchAction","target":{"@type":"EntryPoint","urlTemplate":"https:\/\/www.pm.pb.gov.br\/portal\/?s={search_term_string}"},"query-input":"required name=search_term_string"}],"inLanguage":"pt-BR"},{"@type":"Organization","@id":"https:\/\/www.pm.pb.gov.br\/portal\/#organization","name":"Pol\u00edcia Militar da Para\u00edba","url":"https:\/\/www.pm.pb.gov.br\/portal\/","logo":{"@type":"ImageObject","inLanguage":"pt-BR","@id":"https:\/\/www.pm.pb.gov.br\/portal\/#\/schema\/logo\/image\/","url":"https:\/\/www.pm.pb.gov.br\/portal\/wp-content\/uploads\/2025\/03\/cropped-logo-site-mag2-1.png","contentUrl":"https:\/\/www.pm.pb.gov.br\/portal\/wp-content\/uploads\/2025\/03\/cropped-logo-site-mag2-1.png","width":320,"height":90,"caption":"Pol\u00edcia Militar da Para\u00edba"},"image":{"@id":"https:\/\/www.pm.pb.gov.br\/portal\/#\/schema\/logo\/image\/"}},{"@type":"Person","@id":"https:\/\/www.pm.pb.gov.br\/portal\/#\/schema\/person\/b169b297b8494dea236e315ed1a201d1","name":"WAGNER HENRIQUE VARELA DA SILVA","image":{"@type":"ImageObject","inLanguage":"pt-BR","@id":"https:\/\/www.pm.pb.gov.br\/portal\/#\/schema\/person\/image\/","url":"https:\/\/secure.gravatar.com\/avatar\/e08af53176a66730df5c0706c6c31fd6?s=96&d=mm&r=g","contentUrl":"https:\/\/secure.gravatar.com\/avatar\/e08af53176a66730df5c0706c6c31fd6?s=96&d=mm&r=g","caption":"WAGNER HENRIQUE VARELA DA SILVA"},"url":"https:\/\/www.pm.pb.gov.br\/portal\/author\/varela\/"}]}},"_links":{"self":[{"href":"https:\/\/www.pm.pb.gov.br\/portal\/wp-json\/wp\/v2\/posts\/904163"}],"collection":[{"href":"https:\/\/www.pm.pb.gov.br\/portal\/wp-json\/wp\/v2\/posts"}],"about":[{"href":"https:\/\/www.pm.pb.gov.br\/portal\/wp-json\/wp\/v2\/types\/post"}],"author":[{"embeddable":true,"href":"https:\/\/www.pm.pb.gov.br\/portal\/wp-json\/wp\/v2\/users\/10"}],"replies":[{"embeddable":true,"href":"https:\/\/www.pm.pb.gov.br\/portal\/wp-json\/wp\/v2\/comments?post=904163"}],"version-history":[{"count":4,"href":"https:\/\/www.pm.pb.gov.br\/portal\/wp-json\/wp\/v2\/posts\/904163\/revisions"}],"predecessor-version":[{"id":904173,"href":"https:\/\/www.pm.pb.gov.br\/portal\/wp-json\/wp\/v2\/posts\/904163\/revisions\/904173"}],"wp:featuredmedia":[{"embeddable":true,"href":"https:\/\/www.pm.pb.gov.br\/portal\/wp-json\/wp\/v2\/media\/904169"}],"wp:attachment":[{"href":"https:\/\/www.pm.pb.gov.br\/portal\/wp-json\/wp\/v2\/media?parent=904163"}],"wp:term":[{"taxonomy":"category","embeddable":true,"href":"https:\/\/www.pm.pb.gov.br\/portal\/wp-json\/wp\/v2\/categories?post=904163"},{"taxonomy":"post_tag","embeddable":true,"href":"https:\/\/www.pm.pb.gov.br\/portal\/wp-json\/wp\/v2\/tags?post=904163"}],"curies":[{"name":"wp","href":"https:\/\/api.w.org\/{rel}","templated":true}]}}