{"id":904149,"date":"2020-03-20T15:56:26","date_gmt":"2020-03-20T18:56:26","guid":{"rendered":"http:\/\/www.pm.pb.gov.br\/portal\/?p=904149"},"modified":"2020-03-21T15:57:57","modified_gmt":"2020-03-21T18:57:57","slug":"policias-e-bombeiros-intensificam-recomendacoes-para-que-populacao-cumpra-isolamento-social","status":"publish","type":"post","link":"https:\/\/www.pm.pb.gov.br\/portal\/2020\/03\/20\/policias-e-bombeiros-intensificam-recomendacoes-para-que-populacao-cumpra-isolamento-social\/","title":{"rendered":"Pol\u00edcias e bombeiros intensificam recomenda\u00e7\u00f5es para que popula\u00e7\u00e3o cumpra isolamento social"},"content":{"rendered":"\n<p>Por determina\u00e7\u00e3o do secret\u00e1rio da Seguran\u00e7a e da Defesa Social, Jean Nunes, a partir desta sexta-feira (20), a Pol\u00edcia Militar, a Pol\u00edcia Civil e o Corpo de Bombeiros Militar da Para\u00edba est\u00e3o intensificando a\u00e7\u00f5es de conscientiza\u00e7\u00e3o, para que a popula\u00e7\u00e3o cumpra as orienta\u00e7\u00f5es de isolamento social, em virtude da pandemia do coronav\u00edrus no pa\u00eds. Conforme adiantou, medidas administrativas e criminais ser\u00e3o tomadas contra quem apresentar sintomas da doen\u00e7a e ainda estiver circulando nas ruas (foto acima ilustrativa).\u00a0<br \/><br \/>\u201cNosso trabalho \u00e9 orientar a popula\u00e7\u00e3o quanto \u00e0 necessidade de recolhimento, de isolamento domiciliar. As viaturas est\u00e3o circulando e explicando \u00e0s pessoas que n\u00e3o se deve estar em cal\u00e7adas, em pra\u00e7as, na praia, bares, restaurantes. Devem ser seguidas as orienta\u00e7\u00f5es do Minist\u00e9rio da Sa\u00fade, da Secretaria de Estado da Sa\u00fade e aqueles que insistirem em estar circulando, mesmo com sintomas da doen\u00e7a, ser\u00e3o responsabilizados, pois isso \u00e9 crime contra a sa\u00fade p\u00fablica\u201d, explicou Jean Nunes.\u00a0Segundo os artigos 267 e 268 do C\u00f3digo Penal Brasileiro (CPB), s\u00e3o crimes contra a sa\u00fade p\u00fablica causar epidemia mediante a propaga\u00e7\u00e3o de genes patog\u00eanicos e infringir determina\u00e7\u00e3o do poder p\u00fablico, destinada a impedir introdu\u00e7\u00e3o ou propaga\u00e7\u00e3o de doen\u00e7a contagiosa, respectivamente.\u00a0<br \/><br \/><strong>Suspens\u00e3o de atendimento na sede da Sesds<\/strong>\u00a0\u2013 O secret\u00e1rio Jean Nunes tamb\u00e9m publicou a portaria n\u00ba 16\/2020 nesta quinta-feira (19), suspendendo de forma imediata o atendimento ao p\u00fablico externo na sede da pasta, localizada no bairro de Mangabeira, em Jo\u00e3o Pessoa, em observa\u00e7\u00e3o \u00e0s recomenda\u00e7\u00f5es m\u00e9dicas de preven\u00e7\u00e3o ao Covid-19. O documento determina a prefer\u00eancia ao atendimento via telefone, por meio do n\u00famero 3213-9065 (Protocolo Geral) ou e-mail:\u00a0<a href=\"mailto:protocolo@sesds.pb.gov.br\" target=\"_blank\" rel=\"noopener noreferrer\">protocolo@sesds.pb.gov.br<\/a>. A medida se estende tamb\u00e9m \u00e0 Delegacia Geral de Pol\u00edcia Civil, que funciona no mesmo pr\u00e9dio, e \u00e0 coordena\u00e7\u00e3o do Centro Integrado de Opera\u00e7\u00f5es (CIOP), tanto na capital quanto em Campina Grande.\u00a0<\/p>\n","protected":false},"excerpt":{"rendered":"<p>Por determina\u00e7\u00e3o do secret\u00e1rio da Seguran\u00e7a e da Defesa Social, Jean Nunes, a partir desta sexta-feira (20), a Pol\u00edcia Militar,<\/p>\n","protected":false},"author":12,"featured_media":904037,"comment_status":"closed","ping_status":"closed","sticky":false,"template":"","format":"standard","meta":{"_exactmetrics_skip_tracking":false,"_exactmetrics_sitenote_active":false,"_exactmetrics_sitenote_note":"","_exactmetrics_sitenote_category":0,"footnotes":""},"categories":[24,4,14],"tags":[],"yoast_head":"<!-- This site is optimized with the Yoast SEO plugin v22.0 - https:\/\/yoast.com\/wordpress\/plugins\/seo\/ -->\n<title>Pol\u00edcias e bombeiros intensificam recomenda\u00e7\u00f5es para que popula\u00e7\u00e3o cumpra isolamento social - Pol\u00edcia Militar da Para\u00edba<\/title>\n<meta name=\"robots\" content=\"index, follow, max-snippet:-1, max-image-preview:large, max-video-preview:-1\" \/>\n<link rel=\"canonical\" href=\"https:\/\/www.pm.pb.gov.br\/portal\/2020\/03\/20\/policias-e-bombeiros-intensificam-recomendacoes-para-que-populacao-cumpra-isolamento-social\/\" \/>\n<meta property=\"og:locale\" content=\"pt_BR\" \/>\n<meta property=\"og:type\" content=\"article\" \/>\n<meta property=\"og:title\" content=\"Pol\u00edcias e bombeiros intensificam recomenda\u00e7\u00f5es para que popula\u00e7\u00e3o cumpra isolamento social - Pol\u00edcia Militar da Para\u00edba\" \/>\n<meta property=\"og:description\" content=\"Por determina\u00e7\u00e3o do secret\u00e1rio da Seguran\u00e7a e da Defesa Social, Jean Nunes, a partir desta sexta-feira (20), a Pol\u00edcia Militar,\" \/>\n<meta property=\"og:url\" content=\"https:\/\/www.pm.pb.gov.br\/portal\/2020\/03\/20\/policias-e-bombeiros-intensificam-recomendacoes-para-que-populacao-cumpra-isolamento-social\/\" \/>\n<meta property=\"og:site_name\" content=\"Pol\u00edcia Militar da Para\u00edba\" \/>\n<meta property=\"article:published_time\" content=\"2020-03-20T18:56:26+00:00\" \/>\n<meta property=\"article:modified_time\" content=\"2020-03-21T18:57:57+00:00\" \/>\n<meta property=\"og:image\" content=\"https:\/\/www.pm.pb.gov.br\/portal\/wp-content\/uploads\/2020\/03\/oppordosol1.jpeg\" \/>\n\t<meta property=\"og:image:width\" content=\"800\" \/>\n\t<meta property=\"og:image:height\" content=\"445\" \/>\n\t<meta property=\"og:image:type\" content=\"image\/jpeg\" \/>\n<meta name=\"author\" content=\"Tarcisio Oliveira\" \/>\n<meta name=\"twitter:card\" content=\"summary_large_image\" \/>\n<meta name=\"twitter:label1\" content=\"Escrito por\" \/>\n\t<meta name=\"twitter:data1\" content=\"Tarcisio Oliveira\" \/>\n\t<meta name=\"twitter:label2\" content=\"Est. tempo de leitura\" \/>\n\t<meta name=\"twitter:data2\" content=\"2 minutos\" \/>\n<script type=\"application\/ld+json\" class=\"yoast-schema-graph\">{\"@context\":\"https:\/\/schema.org\",\"@graph\":[{\"@type\":\"Article\",\"@id\":\"https:\/\/www.pm.pb.gov.br\/portal\/2020\/03\/20\/policias-e-bombeiros-intensificam-recomendacoes-para-que-populacao-cumpra-isolamento-social\/#article\",\"isPartOf\":{\"@id\":\"https:\/\/www.pm.pb.gov.br\/portal\/2020\/03\/20\/policias-e-bombeiros-intensificam-recomendacoes-para-que-populacao-cumpra-isolamento-social\/\"},\"author\":{\"name\":\"Tarcisio Oliveira\",\"@id\":\"https:\/\/www.pm.pb.gov.br\/portal\/#\/schema\/person\/f84f56dcc78ce4357054da888b8247fd\"},\"headline\":\"Pol\u00edcias e bombeiros intensificam recomenda\u00e7\u00f5es para que popula\u00e7\u00e3o cumpra isolamento social\",\"datePublished\":\"2020-03-20T18:56:26+00:00\",\"dateModified\":\"2020-03-21T18:57:57+00:00\",\"mainEntityOfPage\":{\"@id\":\"https:\/\/www.pm.pb.gov.br\/portal\/2020\/03\/20\/policias-e-bombeiros-intensificam-recomendacoes-para-que-populacao-cumpra-isolamento-social\/\"},\"wordCount\":357,\"publisher\":{\"@id\":\"https:\/\/www.pm.pb.gov.br\/portal\/#organization\"},\"articleSection\":[\"A\u00e7\u00f5es de Sa\u00fade\",\"A\u00e7\u00f5es Policiais\",\"Preven\u00e7\u00e3o\"],\"inLanguage\":\"pt-BR\"},{\"@type\":\"WebPage\",\"@id\":\"https:\/\/www.pm.pb.gov.br\/portal\/2020\/03\/20\/policias-e-bombeiros-intensificam-recomendacoes-para-que-populacao-cumpra-isolamento-social\/\",\"url\":\"https:\/\/www.pm.pb.gov.br\/portal\/2020\/03\/20\/policias-e-bombeiros-intensificam-recomendacoes-para-que-populacao-cumpra-isolamento-social\/\",\"name\":\"Pol\u00edcias e bombeiros intensificam recomenda\u00e7\u00f5es para que popula\u00e7\u00e3o cumpra isolamento social - Pol\u00edcia Militar da Para\u00edba\",\"isPartOf\":{\"@id\":\"https:\/\/www.pm.pb.gov.br\/portal\/#website\"},\"datePublished\":\"2020-03-20T18:56:26+00:00\",\"dateModified\":\"2020-03-21T18:57:57+00:00\",\"breadcrumb\":{\"@id\":\"https:\/\/www.pm.pb.gov.br\/portal\/2020\/03\/20\/policias-e-bombeiros-intensificam-recomendacoes-para-que-populacao-cumpra-isolamento-social\/#breadcrumb\"},\"inLanguage\":\"pt-BR\",\"potentialAction\":[{\"@type\":\"ReadAction\",\"target\":[\"https:\/\/www.pm.pb.gov.br\/portal\/2020\/03\/20\/policias-e-bombeiros-intensificam-recomendacoes-para-que-populacao-cumpra-isolamento-social\/\"]}]},{\"@type\":\"BreadcrumbList\",\"@id\":\"https:\/\/www.pm.pb.gov.br\/portal\/2020\/03\/20\/policias-e-bombeiros-intensificam-recomendacoes-para-que-populacao-cumpra-isolamento-social\/#breadcrumb\",\"itemListElement\":[{\"@type\":\"ListItem\",\"position\":1,\"name\":\"In\u00edcio\",\"item\":\"https:\/\/www.pm.pb.gov.br\/portal\/\"},{\"@type\":\"ListItem\",\"position\":2,\"name\":\"Pol\u00edcias e bombeiros intensificam recomenda\u00e7\u00f5es para que popula\u00e7\u00e3o cumpra isolamento social\"}]},{\"@type\":\"WebSite\",\"@id\":\"https:\/\/www.pm.pb.gov.br\/portal\/#website\",\"url\":\"https:\/\/www.pm.pb.gov.br\/portal\/\",\"name\":\"Pol\u00edcia Militar da Para\u00edba\",\"description\":\"\",\"publisher\":{\"@id\":\"https:\/\/www.pm.pb.gov.br\/portal\/#organization\"},\"potentialAction\":[{\"@type\":\"SearchAction\",\"target\":{\"@type\":\"EntryPoint\",\"urlTemplate\":\"https:\/\/www.pm.pb.gov.br\/portal\/?s={search_term_string}\"},\"query-input\":\"required name=search_term_string\"}],\"inLanguage\":\"pt-BR\"},{\"@type\":\"Organization\",\"@id\":\"https:\/\/www.pm.pb.gov.br\/portal\/#organization\",\"name\":\"Pol\u00edcia Militar da Para\u00edba\",\"url\":\"https:\/\/www.pm.pb.gov.br\/portal\/\",\"logo\":{\"@type\":\"ImageObject\",\"inLanguage\":\"pt-BR\",\"@id\":\"https:\/\/www.pm.pb.gov.br\/portal\/#\/schema\/logo\/image\/\",\"url\":\"https:\/\/www.pm.pb.gov.br\/portal\/wp-content\/uploads\/2025\/03\/cropped-logo-site-mag2-1.png\",\"contentUrl\":\"https:\/\/www.pm.pb.gov.br\/portal\/wp-content\/uploads\/2025\/03\/cropped-logo-site-mag2-1.png\",\"width\":320,\"height\":90,\"caption\":\"Pol\u00edcia Militar da Para\u00edba\"},\"image\":{\"@id\":\"https:\/\/www.pm.pb.gov.br\/portal\/#\/schema\/logo\/image\/\"}},{\"@type\":\"Person\",\"@id\":\"https:\/\/www.pm.pb.gov.br\/portal\/#\/schema\/person\/f84f56dcc78ce4357054da888b8247fd\",\"name\":\"Tarcisio Oliveira\",\"image\":{\"@type\":\"ImageObject\",\"inLanguage\":\"pt-BR\",\"@id\":\"https:\/\/www.pm.pb.gov.br\/portal\/#\/schema\/person\/image\/\",\"url\":\"https:\/\/secure.gravatar.com\/avatar\/72917b630b69d31cd0297507f34bac97?s=96&d=mm&r=g\",\"contentUrl\":\"https:\/\/secure.gravatar.com\/avatar\/72917b630b69d31cd0297507f34bac97?s=96&d=mm&r=g\",\"caption\":\"Tarcisio Oliveira\"},\"url\":\"https:\/\/www.pm.pb.gov.br\/portal\/author\/tarcisio\/\"}]}<\/script>\n<!-- \/ Yoast SEO plugin. -->","yoast_head_json":{"title":"Pol\u00edcias e bombeiros intensificam recomenda\u00e7\u00f5es para que popula\u00e7\u00e3o cumpra isolamento social - Pol\u00edcia Militar da Para\u00edba","robots":{"index":"index","follow":"follow","max-snippet":"max-snippet:-1","max-image-preview":"max-image-preview:large","max-video-preview":"max-video-preview:-1"},"canonical":"https:\/\/www.pm.pb.gov.br\/portal\/2020\/03\/20\/policias-e-bombeiros-intensificam-recomendacoes-para-que-populacao-cumpra-isolamento-social\/","og_locale":"pt_BR","og_type":"article","og_title":"Pol\u00edcias e bombeiros intensificam recomenda\u00e7\u00f5es para que popula\u00e7\u00e3o cumpra isolamento social - Pol\u00edcia Militar da Para\u00edba","og_description":"Por determina\u00e7\u00e3o do secret\u00e1rio da Seguran\u00e7a e da Defesa Social, Jean Nunes, a partir desta sexta-feira (20), a Pol\u00edcia Militar,","og_url":"https:\/\/www.pm.pb.gov.br\/portal\/2020\/03\/20\/policias-e-bombeiros-intensificam-recomendacoes-para-que-populacao-cumpra-isolamento-social\/","og_site_name":"Pol\u00edcia Militar da Para\u00edba","article_published_time":"2020-03-20T18:56:26+00:00","article_modified_time":"2020-03-21T18:57:57+00:00","og_image":[{"width":800,"height":445,"url":"https:\/\/www.pm.pb.gov.br\/portal\/wp-content\/uploads\/2020\/03\/oppordosol1.jpeg","type":"image\/jpeg"}],"author":"Tarcisio Oliveira","twitter_card":"summary_large_image","twitter_misc":{"Escrito por":"Tarcisio Oliveira","Est. tempo de leitura":"2 minutos"},"schema":{"@context":"https:\/\/schema.org","@graph":[{"@type":"Article","@id":"https:\/\/www.pm.pb.gov.br\/portal\/2020\/03\/20\/policias-e-bombeiros-intensificam-recomendacoes-para-que-populacao-cumpra-isolamento-social\/#article","isPartOf":{"@id":"https:\/\/www.pm.pb.gov.br\/portal\/2020\/03\/20\/policias-e-bombeiros-intensificam-recomendacoes-para-que-populacao-cumpra-isolamento-social\/"},"author":{"name":"Tarcisio Oliveira","@id":"https:\/\/www.pm.pb.gov.br\/portal\/#\/schema\/person\/f84f56dcc78ce4357054da888b8247fd"},"headline":"Pol\u00edcias e bombeiros intensificam recomenda\u00e7\u00f5es para que popula\u00e7\u00e3o cumpra isolamento social","datePublished":"2020-03-20T18:56:26+00:00","dateModified":"2020-03-21T18:57:57+00:00","mainEntityOfPage":{"@id":"https:\/\/www.pm.pb.gov.br\/portal\/2020\/03\/20\/policias-e-bombeiros-intensificam-recomendacoes-para-que-populacao-cumpra-isolamento-social\/"},"wordCount":357,"publisher":{"@id":"https:\/\/www.pm.pb.gov.br\/portal\/#organization"},"articleSection":["A\u00e7\u00f5es de Sa\u00fade","A\u00e7\u00f5es Policiais","Preven\u00e7\u00e3o"],"inLanguage":"pt-BR"},{"@type":"WebPage","@id":"https:\/\/www.pm.pb.gov.br\/portal\/2020\/03\/20\/policias-e-bombeiros-intensificam-recomendacoes-para-que-populacao-cumpra-isolamento-social\/","url":"https:\/\/www.pm.pb.gov.br\/portal\/2020\/03\/20\/policias-e-bombeiros-intensificam-recomendacoes-para-que-populacao-cumpra-isolamento-social\/","name":"Pol\u00edcias e bombeiros intensificam recomenda\u00e7\u00f5es para que popula\u00e7\u00e3o cumpra isolamento social - Pol\u00edcia Militar da Para\u00edba","isPartOf":{"@id":"https:\/\/www.pm.pb.gov.br\/portal\/#website"},"datePublished":"2020-03-20T18:56:26+00:00","dateModified":"2020-03-21T18:57:57+00:00","breadcrumb":{"@id":"https:\/\/www.pm.pb.gov.br\/portal\/2020\/03\/20\/policias-e-bombeiros-intensificam-recomendacoes-para-que-populacao-cumpra-isolamento-social\/#breadcrumb"},"inLanguage":"pt-BR","potentialAction":[{"@type":"ReadAction","target":["https:\/\/www.pm.pb.gov.br\/portal\/2020\/03\/20\/policias-e-bombeiros-intensificam-recomendacoes-para-que-populacao-cumpra-isolamento-social\/"]}]},{"@type":"BreadcrumbList","@id":"https:\/\/www.pm.pb.gov.br\/portal\/2020\/03\/20\/policias-e-bombeiros-intensificam-recomendacoes-para-que-populacao-cumpra-isolamento-social\/#breadcrumb","itemListElement":[{"@type":"ListItem","position":1,"name":"In\u00edcio","item":"https:\/\/www.pm.pb.gov.br\/portal\/"},{"@type":"ListItem","position":2,"name":"Pol\u00edcias e bombeiros intensificam recomenda\u00e7\u00f5es para que popula\u00e7\u00e3o cumpra isolamento social"}]},{"@type":"WebSite","@id":"https:\/\/www.pm.pb.gov.br\/portal\/#website","url":"https:\/\/www.pm.pb.gov.br\/portal\/","name":"Pol\u00edcia Militar da Para\u00edba","description":"","publisher":{"@id":"https:\/\/www.pm.pb.gov.br\/portal\/#organization"},"potentialAction":[{"@type":"SearchAction","target":{"@type":"EntryPoint","urlTemplate":"https:\/\/www.pm.pb.gov.br\/portal\/?s={search_term_string}"},"query-input":"required name=search_term_string"}],"inLanguage":"pt-BR"},{"@type":"Organization","@id":"https:\/\/www.pm.pb.gov.br\/portal\/#organization","name":"Pol\u00edcia Militar da Para\u00edba","url":"https:\/\/www.pm.pb.gov.br\/portal\/","logo":{"@type":"ImageObject","inLanguage":"pt-BR","@id":"https:\/\/www.pm.pb.gov.br\/portal\/#\/schema\/logo\/image\/","url":"https:\/\/www.pm.pb.gov.br\/portal\/wp-content\/uploads\/2025\/03\/cropped-logo-site-mag2-1.png","contentUrl":"https:\/\/www.pm.pb.gov.br\/portal\/wp-content\/uploads\/2025\/03\/cropped-logo-site-mag2-1.png","width":320,"height":90,"caption":"Pol\u00edcia Militar da Para\u00edba"},"image":{"@id":"https:\/\/www.pm.pb.gov.br\/portal\/#\/schema\/logo\/image\/"}},{"@type":"Person","@id":"https:\/\/www.pm.pb.gov.br\/portal\/#\/schema\/person\/f84f56dcc78ce4357054da888b8247fd","name":"Tarcisio Oliveira","image":{"@type":"ImageObject","inLanguage":"pt-BR","@id":"https:\/\/www.pm.pb.gov.br\/portal\/#\/schema\/person\/image\/","url":"https:\/\/secure.gravatar.com\/avatar\/72917b630b69d31cd0297507f34bac97?s=96&d=mm&r=g","contentUrl":"https:\/\/secure.gravatar.com\/avatar\/72917b630b69d31cd0297507f34bac97?s=96&d=mm&r=g","caption":"Tarcisio Oliveira"},"url":"https:\/\/www.pm.pb.gov.br\/portal\/author\/tarcisio\/"}]}},"_links":{"self":[{"href":"https:\/\/www.pm.pb.gov.br\/portal\/wp-json\/wp\/v2\/posts\/904149"}],"collection":[{"href":"https:\/\/www.pm.pb.gov.br\/portal\/wp-json\/wp\/v2\/posts"}],"about":[{"href":"https:\/\/www.pm.pb.gov.br\/portal\/wp-json\/wp\/v2\/types\/post"}],"author":[{"embeddable":true,"href":"https:\/\/www.pm.pb.gov.br\/portal\/wp-json\/wp\/v2\/users\/12"}],"replies":[{"embeddable":true,"href":"https:\/\/www.pm.pb.gov.br\/portal\/wp-json\/wp\/v2\/comments?post=904149"}],"version-history":[{"count":1,"href":"https:\/\/www.pm.pb.gov.br\/portal\/wp-json\/wp\/v2\/posts\/904149\/revisions"}],"predecessor-version":[{"id":904150,"href":"https:\/\/www.pm.pb.gov.br\/portal\/wp-json\/wp\/v2\/posts\/904149\/revisions\/904150"}],"wp:featuredmedia":[{"embeddable":true,"href":"https:\/\/www.pm.pb.gov.br\/portal\/wp-json\/wp\/v2\/media\/904037"}],"wp:attachment":[{"href":"https:\/\/www.pm.pb.gov.br\/portal\/wp-json\/wp\/v2\/media?parent=904149"}],"wp:term":[{"taxonomy":"category","embeddable":true,"href":"https:\/\/www.pm.pb.gov.br\/portal\/wp-json\/wp\/v2\/categories?post=904149"},{"taxonomy":"post_tag","embeddable":true,"href":"https:\/\/www.pm.pb.gov.br\/portal\/wp-json\/wp\/v2\/tags?post=904149"}],"curies":[{"name":"wp","href":"https:\/\/api.w.org\/{rel}","templated":true}]}}