{"id":904063,"date":"2020-03-11T10:43:54","date_gmt":"2020-03-11T13:43:54","guid":{"rendered":"http:\/\/www.pm.pb.gov.br\/portal\/?p=904063"},"modified":"2020-03-11T10:44:53","modified_gmt":"2020-03-11T13:44:53","slug":"policia-militar-fecha-rota-de-fuga-de-suspeitos-de-assalto-apreende-arma-e-recupera-celulares-roubados-na-capital","status":"publish","type":"post","link":"https:\/\/www.pm.pb.gov.br\/portal\/2020\/03\/11\/policia-militar-fecha-rota-de-fuga-de-suspeitos-de-assalto-apreende-arma-e-recupera-celulares-roubados-na-capital\/","title":{"rendered":"Pol\u00edcia Militar fecha rota de fuga de suspeitos de assalto, apreende arma e recupera celulares roubados na Capital"},"content":{"rendered":"\n<p style=\"font-weight: 400;\">A Pol\u00edcia Militar apreendeu, nas primeiras horas desta quarta-feira (11), um rev\u00f3lver que estaria sendo usado para amea\u00e7ar v\u00edtimas em assaltos no hor\u00e1rio, em bairros da Zona Sul da Capital. A arma foi apreendida durante persegui\u00e7\u00e3o realizada a uma dupla de moto, no bairro do Valentina.<\/p>\n<p style=\"font-weight: 400;\">\u00a0<\/p>\n<p style=\"font-weight: 400;\">Os policiais do 5\u00ba Batalh\u00e3o interceptaram a fuga dos criminosos, o suspeito que estava na garupa do ve\u00edculo caiu da moto, ainda chegou a atirar contra as viaturas, que revidaram e ele fugiu deixando a arma para tr\u00e1s. O outro acusado fugiu na moto, que est\u00e1 sendo identificada.<\/p>\n<p style=\"font-weight: 400;\">\u00a0<\/p>\n<p style=\"font-weight: 400;\">Al\u00e9m da arma apreendida, a a\u00e7\u00e3o da PM recuperou prontamente tr\u00eas celulares que tinham sido roubados de v\u00edtimas, logo cedo da manh\u00e3. O material foi levado para a Central de Flagrantes, no Geisel, e as buscas pelos suspeitos continuam.<\/p>\n","protected":false},"excerpt":{"rendered":"<p>A Pol\u00edcia Militar apreendeu, nas primeiras horas desta quarta-feira (11), um rev\u00f3lver que estaria sendo usado para amea\u00e7ar v\u00edtimas em<\/p>\n","protected":false},"author":10,"featured_media":904066,"comment_status":"closed","ping_status":"closed","sticky":false,"template":"","format":"standard","meta":{"_exactmetrics_skip_tracking":false,"_exactmetrics_sitenote_active":false,"_exactmetrics_sitenote_note":"","_exactmetrics_sitenote_category":0,"footnotes":""},"categories":[4],"tags":[],"yoast_head":"<!-- This site is optimized with the Yoast SEO plugin v22.0 - https:\/\/yoast.com\/wordpress\/plugins\/seo\/ -->\n<title>Pol\u00edcia Militar fecha rota de fuga de suspeitos de assalto, apreende arma e recupera celulares roubados na Capital - Pol\u00edcia Militar da Para\u00edba<\/title>\n<meta name=\"robots\" content=\"index, follow, max-snippet:-1, max-image-preview:large, max-video-preview:-1\" \/>\n<link rel=\"canonical\" href=\"https:\/\/www.pm.pb.gov.br\/portal\/2020\/03\/11\/policia-militar-fecha-rota-de-fuga-de-suspeitos-de-assalto-apreende-arma-e-recupera-celulares-roubados-na-capital\/\" \/>\n<meta property=\"og:locale\" content=\"pt_BR\" \/>\n<meta property=\"og:type\" content=\"article\" \/>\n<meta property=\"og:title\" content=\"Pol\u00edcia Militar fecha rota de fuga de suspeitos de assalto, apreende arma e recupera celulares roubados na Capital - Pol\u00edcia Militar da Para\u00edba\" \/>\n<meta property=\"og:description\" content=\"A Pol\u00edcia Militar apreendeu, nas primeiras horas desta quarta-feira (11), um rev\u00f3lver que estaria sendo usado para amea\u00e7ar v\u00edtimas em\" \/>\n<meta property=\"og:url\" content=\"https:\/\/www.pm.pb.gov.br\/portal\/2020\/03\/11\/policia-militar-fecha-rota-de-fuga-de-suspeitos-de-assalto-apreende-arma-e-recupera-celulares-roubados-na-capital\/\" \/>\n<meta property=\"og:site_name\" content=\"Pol\u00edcia Militar da Para\u00edba\" \/>\n<meta property=\"article:published_time\" content=\"2020-03-11T13:43:54+00:00\" \/>\n<meta property=\"article:modified_time\" content=\"2020-03-11T13:44:53+00:00\" \/>\n<meta property=\"og:image\" content=\"https:\/\/www.pm.pb.gov.br\/portal\/wp-content\/uploads\/2020\/03\/WhatsApp-Image-2020-03-11-at-10.33.50.jpg\" \/>\n\t<meta property=\"og:image:width\" content=\"800\" \/>\n\t<meta property=\"og:image:height\" content=\"445\" \/>\n\t<meta property=\"og:image:type\" content=\"image\/jpeg\" \/>\n<meta name=\"author\" content=\"WAGNER HENRIQUE VARELA DA SILVA\" \/>\n<meta name=\"twitter:card\" content=\"summary_large_image\" \/>\n<meta name=\"twitter:label1\" content=\"Escrito por\" \/>\n\t<meta name=\"twitter:data1\" content=\"WAGNER HENRIQUE VARELA DA SILVA\" \/>\n\t<meta name=\"twitter:label2\" content=\"Est. tempo de leitura\" \/>\n\t<meta name=\"twitter:data2\" content=\"1 minuto\" \/>\n<script type=\"application\/ld+json\" class=\"yoast-schema-graph\">{\"@context\":\"https:\/\/schema.org\",\"@graph\":[{\"@type\":\"Article\",\"@id\":\"https:\/\/www.pm.pb.gov.br\/portal\/2020\/03\/11\/policia-militar-fecha-rota-de-fuga-de-suspeitos-de-assalto-apreende-arma-e-recupera-celulares-roubados-na-capital\/#article\",\"isPartOf\":{\"@id\":\"https:\/\/www.pm.pb.gov.br\/portal\/2020\/03\/11\/policia-militar-fecha-rota-de-fuga-de-suspeitos-de-assalto-apreende-arma-e-recupera-celulares-roubados-na-capital\/\"},\"author\":{\"name\":\"WAGNER HENRIQUE VARELA DA SILVA\",\"@id\":\"https:\/\/www.pm.pb.gov.br\/portal\/#\/schema\/person\/b169b297b8494dea236e315ed1a201d1\"},\"headline\":\"Pol\u00edcia Militar fecha rota de fuga de suspeitos de assalto, apreende arma e recupera celulares roubados na Capital\",\"datePublished\":\"2020-03-11T13:43:54+00:00\",\"dateModified\":\"2020-03-11T13:44:53+00:00\",\"mainEntityOfPage\":{\"@id\":\"https:\/\/www.pm.pb.gov.br\/portal\/2020\/03\/11\/policia-militar-fecha-rota-de-fuga-de-suspeitos-de-assalto-apreende-arma-e-recupera-celulares-roubados-na-capital\/\"},\"wordCount\":163,\"publisher\":{\"@id\":\"https:\/\/www.pm.pb.gov.br\/portal\/#organization\"},\"articleSection\":[\"A\u00e7\u00f5es Policiais\"],\"inLanguage\":\"pt-BR\"},{\"@type\":\"WebPage\",\"@id\":\"https:\/\/www.pm.pb.gov.br\/portal\/2020\/03\/11\/policia-militar-fecha-rota-de-fuga-de-suspeitos-de-assalto-apreende-arma-e-recupera-celulares-roubados-na-capital\/\",\"url\":\"https:\/\/www.pm.pb.gov.br\/portal\/2020\/03\/11\/policia-militar-fecha-rota-de-fuga-de-suspeitos-de-assalto-apreende-arma-e-recupera-celulares-roubados-na-capital\/\",\"name\":\"Pol\u00edcia Militar fecha rota de fuga de suspeitos de assalto, apreende arma e recupera celulares roubados na Capital - Pol\u00edcia Militar da Para\u00edba\",\"isPartOf\":{\"@id\":\"https:\/\/www.pm.pb.gov.br\/portal\/#website\"},\"datePublished\":\"2020-03-11T13:43:54+00:00\",\"dateModified\":\"2020-03-11T13:44:53+00:00\",\"breadcrumb\":{\"@id\":\"https:\/\/www.pm.pb.gov.br\/portal\/2020\/03\/11\/policia-militar-fecha-rota-de-fuga-de-suspeitos-de-assalto-apreende-arma-e-recupera-celulares-roubados-na-capital\/#breadcrumb\"},\"inLanguage\":\"pt-BR\",\"potentialAction\":[{\"@type\":\"ReadAction\",\"target\":[\"https:\/\/www.pm.pb.gov.br\/portal\/2020\/03\/11\/policia-militar-fecha-rota-de-fuga-de-suspeitos-de-assalto-apreende-arma-e-recupera-celulares-roubados-na-capital\/\"]}]},{\"@type\":\"BreadcrumbList\",\"@id\":\"https:\/\/www.pm.pb.gov.br\/portal\/2020\/03\/11\/policia-militar-fecha-rota-de-fuga-de-suspeitos-de-assalto-apreende-arma-e-recupera-celulares-roubados-na-capital\/#breadcrumb\",\"itemListElement\":[{\"@type\":\"ListItem\",\"position\":1,\"name\":\"In\u00edcio\",\"item\":\"https:\/\/www.pm.pb.gov.br\/portal\/\"},{\"@type\":\"ListItem\",\"position\":2,\"name\":\"Pol\u00edcia Militar fecha rota de fuga de suspeitos de assalto, apreende arma e recupera celulares roubados na Capital\"}]},{\"@type\":\"WebSite\",\"@id\":\"https:\/\/www.pm.pb.gov.br\/portal\/#website\",\"url\":\"https:\/\/www.pm.pb.gov.br\/portal\/\",\"name\":\"Pol\u00edcia Militar da Para\u00edba\",\"description\":\"\",\"publisher\":{\"@id\":\"https:\/\/www.pm.pb.gov.br\/portal\/#organization\"},\"potentialAction\":[{\"@type\":\"SearchAction\",\"target\":{\"@type\":\"EntryPoint\",\"urlTemplate\":\"https:\/\/www.pm.pb.gov.br\/portal\/?s={search_term_string}\"},\"query-input\":\"required name=search_term_string\"}],\"inLanguage\":\"pt-BR\"},{\"@type\":\"Organization\",\"@id\":\"https:\/\/www.pm.pb.gov.br\/portal\/#organization\",\"name\":\"Pol\u00edcia Militar da Para\u00edba\",\"url\":\"https:\/\/www.pm.pb.gov.br\/portal\/\",\"logo\":{\"@type\":\"ImageObject\",\"inLanguage\":\"pt-BR\",\"@id\":\"https:\/\/www.pm.pb.gov.br\/portal\/#\/schema\/logo\/image\/\",\"url\":\"https:\/\/www.pm.pb.gov.br\/portal\/wp-content\/uploads\/2025\/03\/cropped-logo-site-mag2-1.png\",\"contentUrl\":\"https:\/\/www.pm.pb.gov.br\/portal\/wp-content\/uploads\/2025\/03\/cropped-logo-site-mag2-1.png\",\"width\":320,\"height\":90,\"caption\":\"Pol\u00edcia Militar da Para\u00edba\"},\"image\":{\"@id\":\"https:\/\/www.pm.pb.gov.br\/portal\/#\/schema\/logo\/image\/\"}},{\"@type\":\"Person\",\"@id\":\"https:\/\/www.pm.pb.gov.br\/portal\/#\/schema\/person\/b169b297b8494dea236e315ed1a201d1\",\"name\":\"WAGNER HENRIQUE VARELA DA SILVA\",\"image\":{\"@type\":\"ImageObject\",\"inLanguage\":\"pt-BR\",\"@id\":\"https:\/\/www.pm.pb.gov.br\/portal\/#\/schema\/person\/image\/\",\"url\":\"https:\/\/secure.gravatar.com\/avatar\/e08af53176a66730df5c0706c6c31fd6?s=96&d=mm&r=g\",\"contentUrl\":\"https:\/\/secure.gravatar.com\/avatar\/e08af53176a66730df5c0706c6c31fd6?s=96&d=mm&r=g\",\"caption\":\"WAGNER HENRIQUE VARELA DA SILVA\"},\"url\":\"https:\/\/www.pm.pb.gov.br\/portal\/author\/varela\/\"}]}<\/script>\n<!-- \/ Yoast SEO plugin. -->","yoast_head_json":{"title":"Pol\u00edcia Militar fecha rota de fuga de suspeitos de assalto, apreende arma e recupera celulares roubados na Capital - Pol\u00edcia Militar da Para\u00edba","robots":{"index":"index","follow":"follow","max-snippet":"max-snippet:-1","max-image-preview":"max-image-preview:large","max-video-preview":"max-video-preview:-1"},"canonical":"https:\/\/www.pm.pb.gov.br\/portal\/2020\/03\/11\/policia-militar-fecha-rota-de-fuga-de-suspeitos-de-assalto-apreende-arma-e-recupera-celulares-roubados-na-capital\/","og_locale":"pt_BR","og_type":"article","og_title":"Pol\u00edcia Militar fecha rota de fuga de suspeitos de assalto, apreende arma e recupera celulares roubados na Capital - Pol\u00edcia Militar da Para\u00edba","og_description":"A Pol\u00edcia Militar apreendeu, nas primeiras horas desta quarta-feira (11), um rev\u00f3lver que estaria sendo usado para amea\u00e7ar v\u00edtimas em","og_url":"https:\/\/www.pm.pb.gov.br\/portal\/2020\/03\/11\/policia-militar-fecha-rota-de-fuga-de-suspeitos-de-assalto-apreende-arma-e-recupera-celulares-roubados-na-capital\/","og_site_name":"Pol\u00edcia Militar da Para\u00edba","article_published_time":"2020-03-11T13:43:54+00:00","article_modified_time":"2020-03-11T13:44:53+00:00","og_image":[{"width":800,"height":445,"url":"https:\/\/www.pm.pb.gov.br\/portal\/wp-content\/uploads\/2020\/03\/WhatsApp-Image-2020-03-11-at-10.33.50.jpg","type":"image\/jpeg"}],"author":"WAGNER HENRIQUE VARELA DA SILVA","twitter_card":"summary_large_image","twitter_misc":{"Escrito por":"WAGNER HENRIQUE VARELA DA SILVA","Est. tempo de leitura":"1 minuto"},"schema":{"@context":"https:\/\/schema.org","@graph":[{"@type":"Article","@id":"https:\/\/www.pm.pb.gov.br\/portal\/2020\/03\/11\/policia-militar-fecha-rota-de-fuga-de-suspeitos-de-assalto-apreende-arma-e-recupera-celulares-roubados-na-capital\/#article","isPartOf":{"@id":"https:\/\/www.pm.pb.gov.br\/portal\/2020\/03\/11\/policia-militar-fecha-rota-de-fuga-de-suspeitos-de-assalto-apreende-arma-e-recupera-celulares-roubados-na-capital\/"},"author":{"name":"WAGNER HENRIQUE VARELA DA SILVA","@id":"https:\/\/www.pm.pb.gov.br\/portal\/#\/schema\/person\/b169b297b8494dea236e315ed1a201d1"},"headline":"Pol\u00edcia Militar fecha rota de fuga de suspeitos de assalto, apreende arma e recupera celulares roubados na Capital","datePublished":"2020-03-11T13:43:54+00:00","dateModified":"2020-03-11T13:44:53+00:00","mainEntityOfPage":{"@id":"https:\/\/www.pm.pb.gov.br\/portal\/2020\/03\/11\/policia-militar-fecha-rota-de-fuga-de-suspeitos-de-assalto-apreende-arma-e-recupera-celulares-roubados-na-capital\/"},"wordCount":163,"publisher":{"@id":"https:\/\/www.pm.pb.gov.br\/portal\/#organization"},"articleSection":["A\u00e7\u00f5es Policiais"],"inLanguage":"pt-BR"},{"@type":"WebPage","@id":"https:\/\/www.pm.pb.gov.br\/portal\/2020\/03\/11\/policia-militar-fecha-rota-de-fuga-de-suspeitos-de-assalto-apreende-arma-e-recupera-celulares-roubados-na-capital\/","url":"https:\/\/www.pm.pb.gov.br\/portal\/2020\/03\/11\/policia-militar-fecha-rota-de-fuga-de-suspeitos-de-assalto-apreende-arma-e-recupera-celulares-roubados-na-capital\/","name":"Pol\u00edcia Militar fecha rota de fuga de suspeitos de assalto, apreende arma e recupera celulares roubados na Capital - Pol\u00edcia Militar da Para\u00edba","isPartOf":{"@id":"https:\/\/www.pm.pb.gov.br\/portal\/#website"},"datePublished":"2020-03-11T13:43:54+00:00","dateModified":"2020-03-11T13:44:53+00:00","breadcrumb":{"@id":"https:\/\/www.pm.pb.gov.br\/portal\/2020\/03\/11\/policia-militar-fecha-rota-de-fuga-de-suspeitos-de-assalto-apreende-arma-e-recupera-celulares-roubados-na-capital\/#breadcrumb"},"inLanguage":"pt-BR","potentialAction":[{"@type":"ReadAction","target":["https:\/\/www.pm.pb.gov.br\/portal\/2020\/03\/11\/policia-militar-fecha-rota-de-fuga-de-suspeitos-de-assalto-apreende-arma-e-recupera-celulares-roubados-na-capital\/"]}]},{"@type":"BreadcrumbList","@id":"https:\/\/www.pm.pb.gov.br\/portal\/2020\/03\/11\/policia-militar-fecha-rota-de-fuga-de-suspeitos-de-assalto-apreende-arma-e-recupera-celulares-roubados-na-capital\/#breadcrumb","itemListElement":[{"@type":"ListItem","position":1,"name":"In\u00edcio","item":"https:\/\/www.pm.pb.gov.br\/portal\/"},{"@type":"ListItem","position":2,"name":"Pol\u00edcia Militar fecha rota de fuga de suspeitos de assalto, apreende arma e recupera celulares roubados na Capital"}]},{"@type":"WebSite","@id":"https:\/\/www.pm.pb.gov.br\/portal\/#website","url":"https:\/\/www.pm.pb.gov.br\/portal\/","name":"Pol\u00edcia Militar da Para\u00edba","description":"","publisher":{"@id":"https:\/\/www.pm.pb.gov.br\/portal\/#organization"},"potentialAction":[{"@type":"SearchAction","target":{"@type":"EntryPoint","urlTemplate":"https:\/\/www.pm.pb.gov.br\/portal\/?s={search_term_string}"},"query-input":"required name=search_term_string"}],"inLanguage":"pt-BR"},{"@type":"Organization","@id":"https:\/\/www.pm.pb.gov.br\/portal\/#organization","name":"Pol\u00edcia Militar da Para\u00edba","url":"https:\/\/www.pm.pb.gov.br\/portal\/","logo":{"@type":"ImageObject","inLanguage":"pt-BR","@id":"https:\/\/www.pm.pb.gov.br\/portal\/#\/schema\/logo\/image\/","url":"https:\/\/www.pm.pb.gov.br\/portal\/wp-content\/uploads\/2025\/03\/cropped-logo-site-mag2-1.png","contentUrl":"https:\/\/www.pm.pb.gov.br\/portal\/wp-content\/uploads\/2025\/03\/cropped-logo-site-mag2-1.png","width":320,"height":90,"caption":"Pol\u00edcia Militar da Para\u00edba"},"image":{"@id":"https:\/\/www.pm.pb.gov.br\/portal\/#\/schema\/logo\/image\/"}},{"@type":"Person","@id":"https:\/\/www.pm.pb.gov.br\/portal\/#\/schema\/person\/b169b297b8494dea236e315ed1a201d1","name":"WAGNER HENRIQUE VARELA DA SILVA","image":{"@type":"ImageObject","inLanguage":"pt-BR","@id":"https:\/\/www.pm.pb.gov.br\/portal\/#\/schema\/person\/image\/","url":"https:\/\/secure.gravatar.com\/avatar\/e08af53176a66730df5c0706c6c31fd6?s=96&d=mm&r=g","contentUrl":"https:\/\/secure.gravatar.com\/avatar\/e08af53176a66730df5c0706c6c31fd6?s=96&d=mm&r=g","caption":"WAGNER HENRIQUE VARELA DA SILVA"},"url":"https:\/\/www.pm.pb.gov.br\/portal\/author\/varela\/"}]}},"_links":{"self":[{"href":"https:\/\/www.pm.pb.gov.br\/portal\/wp-json\/wp\/v2\/posts\/904063"}],"collection":[{"href":"https:\/\/www.pm.pb.gov.br\/portal\/wp-json\/wp\/v2\/posts"}],"about":[{"href":"https:\/\/www.pm.pb.gov.br\/portal\/wp-json\/wp\/v2\/types\/post"}],"author":[{"embeddable":true,"href":"https:\/\/www.pm.pb.gov.br\/portal\/wp-json\/wp\/v2\/users\/10"}],"replies":[{"embeddable":true,"href":"https:\/\/www.pm.pb.gov.br\/portal\/wp-json\/wp\/v2\/comments?post=904063"}],"version-history":[{"count":1,"href":"https:\/\/www.pm.pb.gov.br\/portal\/wp-json\/wp\/v2\/posts\/904063\/revisions"}],"predecessor-version":[{"id":904065,"href":"https:\/\/www.pm.pb.gov.br\/portal\/wp-json\/wp\/v2\/posts\/904063\/revisions\/904065"}],"wp:featuredmedia":[{"embeddable":true,"href":"https:\/\/www.pm.pb.gov.br\/portal\/wp-json\/wp\/v2\/media\/904066"}],"wp:attachment":[{"href":"https:\/\/www.pm.pb.gov.br\/portal\/wp-json\/wp\/v2\/media?parent=904063"}],"wp:term":[{"taxonomy":"category","embeddable":true,"href":"https:\/\/www.pm.pb.gov.br\/portal\/wp-json\/wp\/v2\/categories?post=904063"},{"taxonomy":"post_tag","embeddable":true,"href":"https:\/\/www.pm.pb.gov.br\/portal\/wp-json\/wp\/v2\/tags?post=904063"}],"curies":[{"name":"wp","href":"https:\/\/api.w.org\/{rel}","templated":true}]}}