{"id":904047,"date":"2020-03-08T13:00:47","date_gmt":"2020-03-08T16:00:47","guid":{"rendered":"http:\/\/www.pm.pb.gov.br\/portal\/?p=904047"},"modified":"2020-03-08T13:00:48","modified_gmt":"2020-03-08T16:00:48","slug":"policia-militar-prende-suspeito-de-invadir-casa-e-fazer-proprietario-refem-em-patos","status":"publish","type":"post","link":"https:\/\/www.pm.pb.gov.br\/portal\/2020\/03\/08\/policia-militar-prende-suspeito-de-invadir-casa-e-fazer-proprietario-refem-em-patos\/","title":{"rendered":"Pol\u00edcia Militar prende suspeito de invadir casa e fazer propriet\u00e1rio ref\u00e9m em Patos"},"content":{"rendered":"\n<p>Policiais militares do 3\u00b0 BPM prenderam, na noite desse s\u00e1bado (07), um suspeito que estava realizando v\u00e1rios roubos no bairro Santo Ant\u00f4nio, em Patos. O suspeito, de 33 anos, ainda fez uma v\u00edtima de ref\u00e9m.<\/p>\n<p>A Pol\u00edcia Militar recebeu informa\u00e7\u00f5es de populares que um indiv\u00edduo de bicicleta, que estaria realizando v\u00e1rios roubos, estava em uma localidade. Os policiais, rapidamente, realizaram um cerco e conseguiram localizar o suspeito no interior de uma das casas e teria tomado como ref\u00e9m o propriet\u00e1rio, que estava sob amea\u00e7a do suspeito com uma faca. Ap\u00f3s v\u00e1rias tentativas de negocia\u00e7\u00e3o, os policiais entraram na casa e conseguiram imobilizar o suspeito, com ele foram recuperados v\u00e1rios objetos, como celulares, rel\u00f3gios e dinheiro, al\u00e9m da faca utilizada nos roubos.<\/p>\n<p>O suspeito foi preso e conduzido \u00e0 delegacia da cidade de Patos, e l\u00e1 foi verificado que contra ele havia um mandado de pris\u00e3o, emitido pela justi\u00e7a do Estado do Rio de Janeiro.<\/p>\n<p>\u00a0<\/p>\n<p>\u00a0<\/p>\n","protected":false},"excerpt":{"rendered":"<p>Policiais militares do 3\u00b0 BPM prenderam, na noite desse s\u00e1bado (07), um suspeito que estava realizando v\u00e1rios roubos no bairro<\/p>\n","protected":false},"author":11,"featured_media":904048,"comment_status":"closed","ping_status":"closed","sticky":false,"template":"","format":"standard","meta":{"_exactmetrics_skip_tracking":false,"_exactmetrics_sitenote_active":false,"_exactmetrics_sitenote_note":"","_exactmetrics_sitenote_category":0,"footnotes":""},"categories":[4],"tags":[],"yoast_head":"<!-- This site is optimized with the Yoast SEO plugin v22.0 - https:\/\/yoast.com\/wordpress\/plugins\/seo\/ -->\n<title>Pol\u00edcia Militar prende suspeito de invadir casa e fazer propriet\u00e1rio ref\u00e9m em Patos - Pol\u00edcia Militar da Para\u00edba<\/title>\n<meta name=\"robots\" content=\"index, follow, max-snippet:-1, max-image-preview:large, max-video-preview:-1\" \/>\n<link rel=\"canonical\" href=\"https:\/\/www.pm.pb.gov.br\/portal\/2020\/03\/08\/policia-militar-prende-suspeito-de-invadir-casa-e-fazer-proprietario-refem-em-patos\/\" \/>\n<meta property=\"og:locale\" content=\"pt_BR\" \/>\n<meta property=\"og:type\" content=\"article\" \/>\n<meta property=\"og:title\" content=\"Pol\u00edcia Militar prende suspeito de invadir casa e fazer propriet\u00e1rio ref\u00e9m em Patos - Pol\u00edcia Militar da Para\u00edba\" \/>\n<meta property=\"og:description\" content=\"Policiais militares do 3\u00b0 BPM prenderam, na noite desse s\u00e1bado (07), um suspeito que estava realizando v\u00e1rios roubos no bairro\" \/>\n<meta property=\"og:url\" content=\"https:\/\/www.pm.pb.gov.br\/portal\/2020\/03\/08\/policia-militar-prende-suspeito-de-invadir-casa-e-fazer-proprietario-refem-em-patos\/\" \/>\n<meta property=\"og:site_name\" content=\"Pol\u00edcia Militar da Para\u00edba\" \/>\n<meta property=\"article:published_time\" content=\"2020-03-08T16:00:47+00:00\" \/>\n<meta property=\"article:modified_time\" content=\"2020-03-08T16:00:48+00:00\" \/>\n<meta property=\"og:image\" content=\"https:\/\/www.pm.pb.gov.br\/portal\/wp-content\/uploads\/2020\/03\/patos.jpg\" \/>\n\t<meta property=\"og:image:width\" content=\"811\" \/>\n\t<meta property=\"og:image:height\" content=\"451\" \/>\n\t<meta property=\"og:image:type\" content=\"image\/jpeg\" \/>\n<meta name=\"author\" content=\"Hermerson Pedro\" \/>\n<meta name=\"twitter:card\" content=\"summary_large_image\" \/>\n<meta name=\"twitter:label1\" content=\"Escrito por\" \/>\n\t<meta name=\"twitter:data1\" content=\"Hermerson Pedro\" \/>\n\t<meta name=\"twitter:label2\" content=\"Est. tempo de leitura\" \/>\n\t<meta name=\"twitter:data2\" content=\"1 minuto\" \/>\n<script type=\"application\/ld+json\" class=\"yoast-schema-graph\">{\"@context\":\"https:\/\/schema.org\",\"@graph\":[{\"@type\":\"Article\",\"@id\":\"https:\/\/www.pm.pb.gov.br\/portal\/2020\/03\/08\/policia-militar-prende-suspeito-de-invadir-casa-e-fazer-proprietario-refem-em-patos\/#article\",\"isPartOf\":{\"@id\":\"https:\/\/www.pm.pb.gov.br\/portal\/2020\/03\/08\/policia-militar-prende-suspeito-de-invadir-casa-e-fazer-proprietario-refem-em-patos\/\"},\"author\":{\"name\":\"Hermerson Pedro\",\"@id\":\"https:\/\/www.pm.pb.gov.br\/portal\/#\/schema\/person\/d14ec57cfec6ba094c033291a557dc3b\"},\"headline\":\"Pol\u00edcia Militar prende suspeito de invadir casa e fazer propriet\u00e1rio ref\u00e9m em Patos\",\"datePublished\":\"2020-03-08T16:00:47+00:00\",\"dateModified\":\"2020-03-08T16:00:48+00:00\",\"mainEntityOfPage\":{\"@id\":\"https:\/\/www.pm.pb.gov.br\/portal\/2020\/03\/08\/policia-militar-prende-suspeito-de-invadir-casa-e-fazer-proprietario-refem-em-patos\/\"},\"wordCount\":186,\"publisher\":{\"@id\":\"https:\/\/www.pm.pb.gov.br\/portal\/#organization\"},\"articleSection\":[\"A\u00e7\u00f5es Policiais\"],\"inLanguage\":\"pt-BR\"},{\"@type\":\"WebPage\",\"@id\":\"https:\/\/www.pm.pb.gov.br\/portal\/2020\/03\/08\/policia-militar-prende-suspeito-de-invadir-casa-e-fazer-proprietario-refem-em-patos\/\",\"url\":\"https:\/\/www.pm.pb.gov.br\/portal\/2020\/03\/08\/policia-militar-prende-suspeito-de-invadir-casa-e-fazer-proprietario-refem-em-patos\/\",\"name\":\"Pol\u00edcia Militar prende suspeito de invadir casa e fazer propriet\u00e1rio ref\u00e9m em Patos - Pol\u00edcia Militar da Para\u00edba\",\"isPartOf\":{\"@id\":\"https:\/\/www.pm.pb.gov.br\/portal\/#website\"},\"datePublished\":\"2020-03-08T16:00:47+00:00\",\"dateModified\":\"2020-03-08T16:00:48+00:00\",\"breadcrumb\":{\"@id\":\"https:\/\/www.pm.pb.gov.br\/portal\/2020\/03\/08\/policia-militar-prende-suspeito-de-invadir-casa-e-fazer-proprietario-refem-em-patos\/#breadcrumb\"},\"inLanguage\":\"pt-BR\",\"potentialAction\":[{\"@type\":\"ReadAction\",\"target\":[\"https:\/\/www.pm.pb.gov.br\/portal\/2020\/03\/08\/policia-militar-prende-suspeito-de-invadir-casa-e-fazer-proprietario-refem-em-patos\/\"]}]},{\"@type\":\"BreadcrumbList\",\"@id\":\"https:\/\/www.pm.pb.gov.br\/portal\/2020\/03\/08\/policia-militar-prende-suspeito-de-invadir-casa-e-fazer-proprietario-refem-em-patos\/#breadcrumb\",\"itemListElement\":[{\"@type\":\"ListItem\",\"position\":1,\"name\":\"In\u00edcio\",\"item\":\"https:\/\/www.pm.pb.gov.br\/portal\/\"},{\"@type\":\"ListItem\",\"position\":2,\"name\":\"Pol\u00edcia Militar prende suspeito de invadir casa e fazer propriet\u00e1rio ref\u00e9m em Patos\"}]},{\"@type\":\"WebSite\",\"@id\":\"https:\/\/www.pm.pb.gov.br\/portal\/#website\",\"url\":\"https:\/\/www.pm.pb.gov.br\/portal\/\",\"name\":\"Pol\u00edcia Militar da Para\u00edba\",\"description\":\"\",\"publisher\":{\"@id\":\"https:\/\/www.pm.pb.gov.br\/portal\/#organization\"},\"potentialAction\":[{\"@type\":\"SearchAction\",\"target\":{\"@type\":\"EntryPoint\",\"urlTemplate\":\"https:\/\/www.pm.pb.gov.br\/portal\/?s={search_term_string}\"},\"query-input\":\"required name=search_term_string\"}],\"inLanguage\":\"pt-BR\"},{\"@type\":\"Organization\",\"@id\":\"https:\/\/www.pm.pb.gov.br\/portal\/#organization\",\"name\":\"Pol\u00edcia Militar da Para\u00edba\",\"url\":\"https:\/\/www.pm.pb.gov.br\/portal\/\",\"logo\":{\"@type\":\"ImageObject\",\"inLanguage\":\"pt-BR\",\"@id\":\"https:\/\/www.pm.pb.gov.br\/portal\/#\/schema\/logo\/image\/\",\"url\":\"https:\/\/www.pm.pb.gov.br\/portal\/wp-content\/uploads\/2025\/03\/cropped-logo-site-mag2-1.png\",\"contentUrl\":\"https:\/\/www.pm.pb.gov.br\/portal\/wp-content\/uploads\/2025\/03\/cropped-logo-site-mag2-1.png\",\"width\":320,\"height\":90,\"caption\":\"Pol\u00edcia Militar da Para\u00edba\"},\"image\":{\"@id\":\"https:\/\/www.pm.pb.gov.br\/portal\/#\/schema\/logo\/image\/\"}},{\"@type\":\"Person\",\"@id\":\"https:\/\/www.pm.pb.gov.br\/portal\/#\/schema\/person\/d14ec57cfec6ba094c033291a557dc3b\",\"name\":\"Hermerson Pedro\",\"image\":{\"@type\":\"ImageObject\",\"inLanguage\":\"pt-BR\",\"@id\":\"https:\/\/www.pm.pb.gov.br\/portal\/#\/schema\/person\/image\/\",\"url\":\"https:\/\/secure.gravatar.com\/avatar\/179290e0ec2caf97139df534dc3e55df?s=96&d=mm&r=g\",\"contentUrl\":\"https:\/\/secure.gravatar.com\/avatar\/179290e0ec2caf97139df534dc3e55df?s=96&d=mm&r=g\",\"caption\":\"Hermerson Pedro\"},\"url\":\"https:\/\/www.pm.pb.gov.br\/portal\/author\/hermerson\/\"}]}<\/script>\n<!-- \/ Yoast SEO plugin. -->","yoast_head_json":{"title":"Pol\u00edcia Militar prende suspeito de invadir casa e fazer propriet\u00e1rio ref\u00e9m em Patos - Pol\u00edcia Militar da Para\u00edba","robots":{"index":"index","follow":"follow","max-snippet":"max-snippet:-1","max-image-preview":"max-image-preview:large","max-video-preview":"max-video-preview:-1"},"canonical":"https:\/\/www.pm.pb.gov.br\/portal\/2020\/03\/08\/policia-militar-prende-suspeito-de-invadir-casa-e-fazer-proprietario-refem-em-patos\/","og_locale":"pt_BR","og_type":"article","og_title":"Pol\u00edcia Militar prende suspeito de invadir casa e fazer propriet\u00e1rio ref\u00e9m em Patos - Pol\u00edcia Militar da Para\u00edba","og_description":"Policiais militares do 3\u00b0 BPM prenderam, na noite desse s\u00e1bado (07), um suspeito que estava realizando v\u00e1rios roubos no bairro","og_url":"https:\/\/www.pm.pb.gov.br\/portal\/2020\/03\/08\/policia-militar-prende-suspeito-de-invadir-casa-e-fazer-proprietario-refem-em-patos\/","og_site_name":"Pol\u00edcia Militar da Para\u00edba","article_published_time":"2020-03-08T16:00:47+00:00","article_modified_time":"2020-03-08T16:00:48+00:00","og_image":[{"width":811,"height":451,"url":"https:\/\/www.pm.pb.gov.br\/portal\/wp-content\/uploads\/2020\/03\/patos.jpg","type":"image\/jpeg"}],"author":"Hermerson Pedro","twitter_card":"summary_large_image","twitter_misc":{"Escrito por":"Hermerson Pedro","Est. tempo de leitura":"1 minuto"},"schema":{"@context":"https:\/\/schema.org","@graph":[{"@type":"Article","@id":"https:\/\/www.pm.pb.gov.br\/portal\/2020\/03\/08\/policia-militar-prende-suspeito-de-invadir-casa-e-fazer-proprietario-refem-em-patos\/#article","isPartOf":{"@id":"https:\/\/www.pm.pb.gov.br\/portal\/2020\/03\/08\/policia-militar-prende-suspeito-de-invadir-casa-e-fazer-proprietario-refem-em-patos\/"},"author":{"name":"Hermerson Pedro","@id":"https:\/\/www.pm.pb.gov.br\/portal\/#\/schema\/person\/d14ec57cfec6ba094c033291a557dc3b"},"headline":"Pol\u00edcia Militar prende suspeito de invadir casa e fazer propriet\u00e1rio ref\u00e9m em Patos","datePublished":"2020-03-08T16:00:47+00:00","dateModified":"2020-03-08T16:00:48+00:00","mainEntityOfPage":{"@id":"https:\/\/www.pm.pb.gov.br\/portal\/2020\/03\/08\/policia-militar-prende-suspeito-de-invadir-casa-e-fazer-proprietario-refem-em-patos\/"},"wordCount":186,"publisher":{"@id":"https:\/\/www.pm.pb.gov.br\/portal\/#organization"},"articleSection":["A\u00e7\u00f5es Policiais"],"inLanguage":"pt-BR"},{"@type":"WebPage","@id":"https:\/\/www.pm.pb.gov.br\/portal\/2020\/03\/08\/policia-militar-prende-suspeito-de-invadir-casa-e-fazer-proprietario-refem-em-patos\/","url":"https:\/\/www.pm.pb.gov.br\/portal\/2020\/03\/08\/policia-militar-prende-suspeito-de-invadir-casa-e-fazer-proprietario-refem-em-patos\/","name":"Pol\u00edcia Militar prende suspeito de invadir casa e fazer propriet\u00e1rio ref\u00e9m em Patos - Pol\u00edcia Militar da Para\u00edba","isPartOf":{"@id":"https:\/\/www.pm.pb.gov.br\/portal\/#website"},"datePublished":"2020-03-08T16:00:47+00:00","dateModified":"2020-03-08T16:00:48+00:00","breadcrumb":{"@id":"https:\/\/www.pm.pb.gov.br\/portal\/2020\/03\/08\/policia-militar-prende-suspeito-de-invadir-casa-e-fazer-proprietario-refem-em-patos\/#breadcrumb"},"inLanguage":"pt-BR","potentialAction":[{"@type":"ReadAction","target":["https:\/\/www.pm.pb.gov.br\/portal\/2020\/03\/08\/policia-militar-prende-suspeito-de-invadir-casa-e-fazer-proprietario-refem-em-patos\/"]}]},{"@type":"BreadcrumbList","@id":"https:\/\/www.pm.pb.gov.br\/portal\/2020\/03\/08\/policia-militar-prende-suspeito-de-invadir-casa-e-fazer-proprietario-refem-em-patos\/#breadcrumb","itemListElement":[{"@type":"ListItem","position":1,"name":"In\u00edcio","item":"https:\/\/www.pm.pb.gov.br\/portal\/"},{"@type":"ListItem","position":2,"name":"Pol\u00edcia Militar prende suspeito de invadir casa e fazer propriet\u00e1rio ref\u00e9m em Patos"}]},{"@type":"WebSite","@id":"https:\/\/www.pm.pb.gov.br\/portal\/#website","url":"https:\/\/www.pm.pb.gov.br\/portal\/","name":"Pol\u00edcia Militar da Para\u00edba","description":"","publisher":{"@id":"https:\/\/www.pm.pb.gov.br\/portal\/#organization"},"potentialAction":[{"@type":"SearchAction","target":{"@type":"EntryPoint","urlTemplate":"https:\/\/www.pm.pb.gov.br\/portal\/?s={search_term_string}"},"query-input":"required name=search_term_string"}],"inLanguage":"pt-BR"},{"@type":"Organization","@id":"https:\/\/www.pm.pb.gov.br\/portal\/#organization","name":"Pol\u00edcia Militar da Para\u00edba","url":"https:\/\/www.pm.pb.gov.br\/portal\/","logo":{"@type":"ImageObject","inLanguage":"pt-BR","@id":"https:\/\/www.pm.pb.gov.br\/portal\/#\/schema\/logo\/image\/","url":"https:\/\/www.pm.pb.gov.br\/portal\/wp-content\/uploads\/2025\/03\/cropped-logo-site-mag2-1.png","contentUrl":"https:\/\/www.pm.pb.gov.br\/portal\/wp-content\/uploads\/2025\/03\/cropped-logo-site-mag2-1.png","width":320,"height":90,"caption":"Pol\u00edcia Militar da Para\u00edba"},"image":{"@id":"https:\/\/www.pm.pb.gov.br\/portal\/#\/schema\/logo\/image\/"}},{"@type":"Person","@id":"https:\/\/www.pm.pb.gov.br\/portal\/#\/schema\/person\/d14ec57cfec6ba094c033291a557dc3b","name":"Hermerson Pedro","image":{"@type":"ImageObject","inLanguage":"pt-BR","@id":"https:\/\/www.pm.pb.gov.br\/portal\/#\/schema\/person\/image\/","url":"https:\/\/secure.gravatar.com\/avatar\/179290e0ec2caf97139df534dc3e55df?s=96&d=mm&r=g","contentUrl":"https:\/\/secure.gravatar.com\/avatar\/179290e0ec2caf97139df534dc3e55df?s=96&d=mm&r=g","caption":"Hermerson Pedro"},"url":"https:\/\/www.pm.pb.gov.br\/portal\/author\/hermerson\/"}]}},"_links":{"self":[{"href":"https:\/\/www.pm.pb.gov.br\/portal\/wp-json\/wp\/v2\/posts\/904047"}],"collection":[{"href":"https:\/\/www.pm.pb.gov.br\/portal\/wp-json\/wp\/v2\/posts"}],"about":[{"href":"https:\/\/www.pm.pb.gov.br\/portal\/wp-json\/wp\/v2\/types\/post"}],"author":[{"embeddable":true,"href":"https:\/\/www.pm.pb.gov.br\/portal\/wp-json\/wp\/v2\/users\/11"}],"replies":[{"embeddable":true,"href":"https:\/\/www.pm.pb.gov.br\/portal\/wp-json\/wp\/v2\/comments?post=904047"}],"version-history":[{"count":1,"href":"https:\/\/www.pm.pb.gov.br\/portal\/wp-json\/wp\/v2\/posts\/904047\/revisions"}],"predecessor-version":[{"id":904049,"href":"https:\/\/www.pm.pb.gov.br\/portal\/wp-json\/wp\/v2\/posts\/904047\/revisions\/904049"}],"wp:featuredmedia":[{"embeddable":true,"href":"https:\/\/www.pm.pb.gov.br\/portal\/wp-json\/wp\/v2\/media\/904048"}],"wp:attachment":[{"href":"https:\/\/www.pm.pb.gov.br\/portal\/wp-json\/wp\/v2\/media?parent=904047"}],"wp:term":[{"taxonomy":"category","embeddable":true,"href":"https:\/\/www.pm.pb.gov.br\/portal\/wp-json\/wp\/v2\/categories?post=904047"},{"taxonomy":"post_tag","embeddable":true,"href":"https:\/\/www.pm.pb.gov.br\/portal\/wp-json\/wp\/v2\/tags?post=904047"}],"curies":[{"name":"wp","href":"https:\/\/api.w.org\/{rel}","templated":true}]}}