{"id":903972,"date":"2020-02-28T17:02:04","date_gmt":"2020-02-28T20:02:04","guid":{"rendered":"http:\/\/www.pm.pb.gov.br\/portal\/?p=903972"},"modified":"2020-02-29T00:04:20","modified_gmt":"2020-02-29T03:04:20","slug":"policia-militar-desarticula-boca-de-fumo-e-prende-suspeito-com-armas-de-fogo-e-drogas-na-capital","status":"publish","type":"post","link":"https:\/\/www.pm.pb.gov.br\/portal\/2020\/02\/28\/policia-militar-desarticula-boca-de-fumo-e-prende-suspeito-com-armas-de-fogo-e-drogas-na-capital\/","title":{"rendered":"Pol\u00edcia Militar desarticula boca de fumo e prende suspeito com armas de fogo e drogas na capital"},"content":{"rendered":"\n<p>Em mais uma a\u00e7\u00e3o de combate ao tr\u00e1fico de drogas, a Pol\u00edcia Militar prendeu um homem suspeito de ser o \u2018vigia\u2019 de uma boca de fumo na comunidade Saturnino de Brito, regi\u00e3o das Trincheiras, em Jo\u00e3o Pessoa. A a\u00e7\u00e3o aconteceu no come\u00e7o da tarde desta sexta-feira (28).<br \/><br \/>O suspeito, de 26 anos de idade, foi flagrado pelos policiais da For\u00e7a T\u00e1tica do 1\u00ba Batalh\u00e3o, que estavam atuando na \u00e1rea, seguindo orienta\u00e7\u00f5es da Coordenadoria de Intelig\u00eancia da PM (COInt). \u201cEle tentou se desfazer de um rev\u00f3lver calibre 38 ao fugir da abordagem, mas foi detido no ato\u201d, explicou o capit\u00e3o Marx Cahu\u00ea, comandante da For\u00e7a T\u00e1tica, e que conduziu a a\u00e7\u00e3o.\u201cPossivelmente ele fazia a \u2018seguran\u00e7a\u2019 da boca de fumo que funcionava na \u00e1rea\u201d, relatou o oficial.<br \/><br \/>Em uma casa abandonada, que o suspeito utilizava para o tr\u00e1fico, os policiais encontraram uma espingarda calibre 12, muni\u00e7\u00f5es e 100 trouxas de subst\u00e2ncia semelhante \u00e0 maconha (foto acima). O suspeito foi encaminhado para a Central de Flagrantes, onde foi autuado por porte ilegal de arma de fogo e tr\u00e1fico de drogas.<\/p>\n","protected":false},"excerpt":{"rendered":"<p>Em mais uma a\u00e7\u00e3o de combate ao tr\u00e1fico de drogas, a Pol\u00edcia Militar prendeu um homem suspeito de ser o<\/p>\n","protected":false},"author":12,"featured_media":903973,"comment_status":"closed","ping_status":"closed","sticky":false,"template":"","format":"standard","meta":{"_exactmetrics_skip_tracking":false,"_exactmetrics_sitenote_active":false,"_exactmetrics_sitenote_note":"","_exactmetrics_sitenote_category":0,"footnotes":""},"categories":[4],"tags":[],"yoast_head":"<!-- This site is optimized with the Yoast SEO plugin v22.0 - https:\/\/yoast.com\/wordpress\/plugins\/seo\/ -->\n<title>Pol\u00edcia Militar desarticula boca de fumo e prende suspeito com armas de fogo e drogas na capital - Pol\u00edcia Militar da Para\u00edba<\/title>\n<meta name=\"robots\" content=\"index, follow, max-snippet:-1, max-image-preview:large, max-video-preview:-1\" \/>\n<link rel=\"canonical\" href=\"https:\/\/www.pm.pb.gov.br\/portal\/2020\/02\/28\/policia-militar-desarticula-boca-de-fumo-e-prende-suspeito-com-armas-de-fogo-e-drogas-na-capital\/\" \/>\n<meta property=\"og:locale\" content=\"pt_BR\" \/>\n<meta property=\"og:type\" content=\"article\" \/>\n<meta property=\"og:title\" content=\"Pol\u00edcia Militar desarticula boca de fumo e prende suspeito com armas de fogo e drogas na capital - Pol\u00edcia Militar da Para\u00edba\" \/>\n<meta property=\"og:description\" content=\"Em mais uma a\u00e7\u00e3o de combate ao tr\u00e1fico de drogas, a Pol\u00edcia Militar prendeu um homem suspeito de ser o\" \/>\n<meta property=\"og:url\" content=\"https:\/\/www.pm.pb.gov.br\/portal\/2020\/02\/28\/policia-militar-desarticula-boca-de-fumo-e-prende-suspeito-com-armas-de-fogo-e-drogas-na-capital\/\" \/>\n<meta property=\"og:site_name\" content=\"Pol\u00edcia Militar da Para\u00edba\" \/>\n<meta property=\"article:published_time\" content=\"2020-02-28T20:02:04+00:00\" \/>\n<meta property=\"article:modified_time\" content=\"2020-02-29T03:04:20+00:00\" \/>\n<meta property=\"og:image\" content=\"https:\/\/www.pm.pb.gov.br\/portal\/wp-content\/uploads\/2020\/02\/armaedrogasapreendidas.jpeg\" \/>\n\t<meta property=\"og:image:width\" content=\"800\" \/>\n\t<meta property=\"og:image:height\" content=\"445\" \/>\n\t<meta property=\"og:image:type\" content=\"image\/jpeg\" \/>\n<meta name=\"author\" content=\"Tarcisio Oliveira\" \/>\n<meta name=\"twitter:card\" content=\"summary_large_image\" \/>\n<meta name=\"twitter:label1\" content=\"Escrito por\" \/>\n\t<meta name=\"twitter:data1\" content=\"Tarcisio Oliveira\" \/>\n\t<meta name=\"twitter:label2\" content=\"Est. tempo de leitura\" \/>\n\t<meta name=\"twitter:data2\" content=\"1 minuto\" \/>\n<script type=\"application\/ld+json\" class=\"yoast-schema-graph\">{\"@context\":\"https:\/\/schema.org\",\"@graph\":[{\"@type\":\"Article\",\"@id\":\"https:\/\/www.pm.pb.gov.br\/portal\/2020\/02\/28\/policia-militar-desarticula-boca-de-fumo-e-prende-suspeito-com-armas-de-fogo-e-drogas-na-capital\/#article\",\"isPartOf\":{\"@id\":\"https:\/\/www.pm.pb.gov.br\/portal\/2020\/02\/28\/policia-militar-desarticula-boca-de-fumo-e-prende-suspeito-com-armas-de-fogo-e-drogas-na-capital\/\"},\"author\":{\"name\":\"Tarcisio Oliveira\",\"@id\":\"https:\/\/www.pm.pb.gov.br\/portal\/#\/schema\/person\/f84f56dcc78ce4357054da888b8247fd\"},\"headline\":\"Pol\u00edcia Militar desarticula boca de fumo e prende suspeito com armas de fogo e drogas na capital\",\"datePublished\":\"2020-02-28T20:02:04+00:00\",\"dateModified\":\"2020-02-29T03:04:20+00:00\",\"mainEntityOfPage\":{\"@id\":\"https:\/\/www.pm.pb.gov.br\/portal\/2020\/02\/28\/policia-militar-desarticula-boca-de-fumo-e-prende-suspeito-com-armas-de-fogo-e-drogas-na-capital\/\"},\"wordCount\":211,\"publisher\":{\"@id\":\"https:\/\/www.pm.pb.gov.br\/portal\/#organization\"},\"articleSection\":[\"A\u00e7\u00f5es Policiais\"],\"inLanguage\":\"pt-BR\"},{\"@type\":\"WebPage\",\"@id\":\"https:\/\/www.pm.pb.gov.br\/portal\/2020\/02\/28\/policia-militar-desarticula-boca-de-fumo-e-prende-suspeito-com-armas-de-fogo-e-drogas-na-capital\/\",\"url\":\"https:\/\/www.pm.pb.gov.br\/portal\/2020\/02\/28\/policia-militar-desarticula-boca-de-fumo-e-prende-suspeito-com-armas-de-fogo-e-drogas-na-capital\/\",\"name\":\"Pol\u00edcia Militar desarticula boca de fumo e prende suspeito com armas de fogo e drogas na capital - Pol\u00edcia Militar da Para\u00edba\",\"isPartOf\":{\"@id\":\"https:\/\/www.pm.pb.gov.br\/portal\/#website\"},\"datePublished\":\"2020-02-28T20:02:04+00:00\",\"dateModified\":\"2020-02-29T03:04:20+00:00\",\"breadcrumb\":{\"@id\":\"https:\/\/www.pm.pb.gov.br\/portal\/2020\/02\/28\/policia-militar-desarticula-boca-de-fumo-e-prende-suspeito-com-armas-de-fogo-e-drogas-na-capital\/#breadcrumb\"},\"inLanguage\":\"pt-BR\",\"potentialAction\":[{\"@type\":\"ReadAction\",\"target\":[\"https:\/\/www.pm.pb.gov.br\/portal\/2020\/02\/28\/policia-militar-desarticula-boca-de-fumo-e-prende-suspeito-com-armas-de-fogo-e-drogas-na-capital\/\"]}]},{\"@type\":\"BreadcrumbList\",\"@id\":\"https:\/\/www.pm.pb.gov.br\/portal\/2020\/02\/28\/policia-militar-desarticula-boca-de-fumo-e-prende-suspeito-com-armas-de-fogo-e-drogas-na-capital\/#breadcrumb\",\"itemListElement\":[{\"@type\":\"ListItem\",\"position\":1,\"name\":\"In\u00edcio\",\"item\":\"https:\/\/www.pm.pb.gov.br\/portal\/\"},{\"@type\":\"ListItem\",\"position\":2,\"name\":\"Pol\u00edcia Militar desarticula boca de fumo e prende suspeito com armas de fogo e drogas na capital\"}]},{\"@type\":\"WebSite\",\"@id\":\"https:\/\/www.pm.pb.gov.br\/portal\/#website\",\"url\":\"https:\/\/www.pm.pb.gov.br\/portal\/\",\"name\":\"Pol\u00edcia Militar da Para\u00edba\",\"description\":\"\",\"publisher\":{\"@id\":\"https:\/\/www.pm.pb.gov.br\/portal\/#organization\"},\"potentialAction\":[{\"@type\":\"SearchAction\",\"target\":{\"@type\":\"EntryPoint\",\"urlTemplate\":\"https:\/\/www.pm.pb.gov.br\/portal\/?s={search_term_string}\"},\"query-input\":\"required name=search_term_string\"}],\"inLanguage\":\"pt-BR\"},{\"@type\":\"Organization\",\"@id\":\"https:\/\/www.pm.pb.gov.br\/portal\/#organization\",\"name\":\"Pol\u00edcia Militar da Para\u00edba\",\"url\":\"https:\/\/www.pm.pb.gov.br\/portal\/\",\"logo\":{\"@type\":\"ImageObject\",\"inLanguage\":\"pt-BR\",\"@id\":\"https:\/\/www.pm.pb.gov.br\/portal\/#\/schema\/logo\/image\/\",\"url\":\"https:\/\/www.pm.pb.gov.br\/portal\/wp-content\/uploads\/2025\/03\/cropped-logo-site-mag2-1.png\",\"contentUrl\":\"https:\/\/www.pm.pb.gov.br\/portal\/wp-content\/uploads\/2025\/03\/cropped-logo-site-mag2-1.png\",\"width\":320,\"height\":90,\"caption\":\"Pol\u00edcia Militar da Para\u00edba\"},\"image\":{\"@id\":\"https:\/\/www.pm.pb.gov.br\/portal\/#\/schema\/logo\/image\/\"}},{\"@type\":\"Person\",\"@id\":\"https:\/\/www.pm.pb.gov.br\/portal\/#\/schema\/person\/f84f56dcc78ce4357054da888b8247fd\",\"name\":\"Tarcisio Oliveira\",\"image\":{\"@type\":\"ImageObject\",\"inLanguage\":\"pt-BR\",\"@id\":\"https:\/\/www.pm.pb.gov.br\/portal\/#\/schema\/person\/image\/\",\"url\":\"https:\/\/secure.gravatar.com\/avatar\/72917b630b69d31cd0297507f34bac97?s=96&d=mm&r=g\",\"contentUrl\":\"https:\/\/secure.gravatar.com\/avatar\/72917b630b69d31cd0297507f34bac97?s=96&d=mm&r=g\",\"caption\":\"Tarcisio Oliveira\"},\"url\":\"https:\/\/www.pm.pb.gov.br\/portal\/author\/tarcisio\/\"}]}<\/script>\n<!-- \/ Yoast SEO plugin. -->","yoast_head_json":{"title":"Pol\u00edcia Militar desarticula boca de fumo e prende suspeito com armas de fogo e drogas na capital - Pol\u00edcia Militar da Para\u00edba","robots":{"index":"index","follow":"follow","max-snippet":"max-snippet:-1","max-image-preview":"max-image-preview:large","max-video-preview":"max-video-preview:-1"},"canonical":"https:\/\/www.pm.pb.gov.br\/portal\/2020\/02\/28\/policia-militar-desarticula-boca-de-fumo-e-prende-suspeito-com-armas-de-fogo-e-drogas-na-capital\/","og_locale":"pt_BR","og_type":"article","og_title":"Pol\u00edcia Militar desarticula boca de fumo e prende suspeito com armas de fogo e drogas na capital - Pol\u00edcia Militar da Para\u00edba","og_description":"Em mais uma a\u00e7\u00e3o de combate ao tr\u00e1fico de drogas, a Pol\u00edcia Militar prendeu um homem suspeito de ser o","og_url":"https:\/\/www.pm.pb.gov.br\/portal\/2020\/02\/28\/policia-militar-desarticula-boca-de-fumo-e-prende-suspeito-com-armas-de-fogo-e-drogas-na-capital\/","og_site_name":"Pol\u00edcia Militar da Para\u00edba","article_published_time":"2020-02-28T20:02:04+00:00","article_modified_time":"2020-02-29T03:04:20+00:00","og_image":[{"width":800,"height":445,"url":"https:\/\/www.pm.pb.gov.br\/portal\/wp-content\/uploads\/2020\/02\/armaedrogasapreendidas.jpeg","type":"image\/jpeg"}],"author":"Tarcisio Oliveira","twitter_card":"summary_large_image","twitter_misc":{"Escrito por":"Tarcisio Oliveira","Est. tempo de leitura":"1 minuto"},"schema":{"@context":"https:\/\/schema.org","@graph":[{"@type":"Article","@id":"https:\/\/www.pm.pb.gov.br\/portal\/2020\/02\/28\/policia-militar-desarticula-boca-de-fumo-e-prende-suspeito-com-armas-de-fogo-e-drogas-na-capital\/#article","isPartOf":{"@id":"https:\/\/www.pm.pb.gov.br\/portal\/2020\/02\/28\/policia-militar-desarticula-boca-de-fumo-e-prende-suspeito-com-armas-de-fogo-e-drogas-na-capital\/"},"author":{"name":"Tarcisio Oliveira","@id":"https:\/\/www.pm.pb.gov.br\/portal\/#\/schema\/person\/f84f56dcc78ce4357054da888b8247fd"},"headline":"Pol\u00edcia Militar desarticula boca de fumo e prende suspeito com armas de fogo e drogas na capital","datePublished":"2020-02-28T20:02:04+00:00","dateModified":"2020-02-29T03:04:20+00:00","mainEntityOfPage":{"@id":"https:\/\/www.pm.pb.gov.br\/portal\/2020\/02\/28\/policia-militar-desarticula-boca-de-fumo-e-prende-suspeito-com-armas-de-fogo-e-drogas-na-capital\/"},"wordCount":211,"publisher":{"@id":"https:\/\/www.pm.pb.gov.br\/portal\/#organization"},"articleSection":["A\u00e7\u00f5es Policiais"],"inLanguage":"pt-BR"},{"@type":"WebPage","@id":"https:\/\/www.pm.pb.gov.br\/portal\/2020\/02\/28\/policia-militar-desarticula-boca-de-fumo-e-prende-suspeito-com-armas-de-fogo-e-drogas-na-capital\/","url":"https:\/\/www.pm.pb.gov.br\/portal\/2020\/02\/28\/policia-militar-desarticula-boca-de-fumo-e-prende-suspeito-com-armas-de-fogo-e-drogas-na-capital\/","name":"Pol\u00edcia Militar desarticula boca de fumo e prende suspeito com armas de fogo e drogas na capital - Pol\u00edcia Militar da Para\u00edba","isPartOf":{"@id":"https:\/\/www.pm.pb.gov.br\/portal\/#website"},"datePublished":"2020-02-28T20:02:04+00:00","dateModified":"2020-02-29T03:04:20+00:00","breadcrumb":{"@id":"https:\/\/www.pm.pb.gov.br\/portal\/2020\/02\/28\/policia-militar-desarticula-boca-de-fumo-e-prende-suspeito-com-armas-de-fogo-e-drogas-na-capital\/#breadcrumb"},"inLanguage":"pt-BR","potentialAction":[{"@type":"ReadAction","target":["https:\/\/www.pm.pb.gov.br\/portal\/2020\/02\/28\/policia-militar-desarticula-boca-de-fumo-e-prende-suspeito-com-armas-de-fogo-e-drogas-na-capital\/"]}]},{"@type":"BreadcrumbList","@id":"https:\/\/www.pm.pb.gov.br\/portal\/2020\/02\/28\/policia-militar-desarticula-boca-de-fumo-e-prende-suspeito-com-armas-de-fogo-e-drogas-na-capital\/#breadcrumb","itemListElement":[{"@type":"ListItem","position":1,"name":"In\u00edcio","item":"https:\/\/www.pm.pb.gov.br\/portal\/"},{"@type":"ListItem","position":2,"name":"Pol\u00edcia Militar desarticula boca de fumo e prende suspeito com armas de fogo e drogas na capital"}]},{"@type":"WebSite","@id":"https:\/\/www.pm.pb.gov.br\/portal\/#website","url":"https:\/\/www.pm.pb.gov.br\/portal\/","name":"Pol\u00edcia Militar da Para\u00edba","description":"","publisher":{"@id":"https:\/\/www.pm.pb.gov.br\/portal\/#organization"},"potentialAction":[{"@type":"SearchAction","target":{"@type":"EntryPoint","urlTemplate":"https:\/\/www.pm.pb.gov.br\/portal\/?s={search_term_string}"},"query-input":"required name=search_term_string"}],"inLanguage":"pt-BR"},{"@type":"Organization","@id":"https:\/\/www.pm.pb.gov.br\/portal\/#organization","name":"Pol\u00edcia Militar da Para\u00edba","url":"https:\/\/www.pm.pb.gov.br\/portal\/","logo":{"@type":"ImageObject","inLanguage":"pt-BR","@id":"https:\/\/www.pm.pb.gov.br\/portal\/#\/schema\/logo\/image\/","url":"https:\/\/www.pm.pb.gov.br\/portal\/wp-content\/uploads\/2025\/03\/cropped-logo-site-mag2-1.png","contentUrl":"https:\/\/www.pm.pb.gov.br\/portal\/wp-content\/uploads\/2025\/03\/cropped-logo-site-mag2-1.png","width":320,"height":90,"caption":"Pol\u00edcia Militar da Para\u00edba"},"image":{"@id":"https:\/\/www.pm.pb.gov.br\/portal\/#\/schema\/logo\/image\/"}},{"@type":"Person","@id":"https:\/\/www.pm.pb.gov.br\/portal\/#\/schema\/person\/f84f56dcc78ce4357054da888b8247fd","name":"Tarcisio Oliveira","image":{"@type":"ImageObject","inLanguage":"pt-BR","@id":"https:\/\/www.pm.pb.gov.br\/portal\/#\/schema\/person\/image\/","url":"https:\/\/secure.gravatar.com\/avatar\/72917b630b69d31cd0297507f34bac97?s=96&d=mm&r=g","contentUrl":"https:\/\/secure.gravatar.com\/avatar\/72917b630b69d31cd0297507f34bac97?s=96&d=mm&r=g","caption":"Tarcisio Oliveira"},"url":"https:\/\/www.pm.pb.gov.br\/portal\/author\/tarcisio\/"}]}},"_links":{"self":[{"href":"https:\/\/www.pm.pb.gov.br\/portal\/wp-json\/wp\/v2\/posts\/903972"}],"collection":[{"href":"https:\/\/www.pm.pb.gov.br\/portal\/wp-json\/wp\/v2\/posts"}],"about":[{"href":"https:\/\/www.pm.pb.gov.br\/portal\/wp-json\/wp\/v2\/types\/post"}],"author":[{"embeddable":true,"href":"https:\/\/www.pm.pb.gov.br\/portal\/wp-json\/wp\/v2\/users\/12"}],"replies":[{"embeddable":true,"href":"https:\/\/www.pm.pb.gov.br\/portal\/wp-json\/wp\/v2\/comments?post=903972"}],"version-history":[{"count":1,"href":"https:\/\/www.pm.pb.gov.br\/portal\/wp-json\/wp\/v2\/posts\/903972\/revisions"}],"predecessor-version":[{"id":903974,"href":"https:\/\/www.pm.pb.gov.br\/portal\/wp-json\/wp\/v2\/posts\/903972\/revisions\/903974"}],"wp:featuredmedia":[{"embeddable":true,"href":"https:\/\/www.pm.pb.gov.br\/portal\/wp-json\/wp\/v2\/media\/903973"}],"wp:attachment":[{"href":"https:\/\/www.pm.pb.gov.br\/portal\/wp-json\/wp\/v2\/media?parent=903972"}],"wp:term":[{"taxonomy":"category","embeddable":true,"href":"https:\/\/www.pm.pb.gov.br\/portal\/wp-json\/wp\/v2\/categories?post=903972"},{"taxonomy":"post_tag","embeddable":true,"href":"https:\/\/www.pm.pb.gov.br\/portal\/wp-json\/wp\/v2\/tags?post=903972"}],"curies":[{"name":"wp","href":"https:\/\/api.w.org\/{rel}","templated":true}]}}