{"id":903917,"date":"2020-02-23T18:02:09","date_gmt":"2020-02-23T21:02:09","guid":{"rendered":"http:\/\/www.pm.pb.gov.br\/portal\/?p=903917"},"modified":"2020-02-23T18:02:11","modified_gmt":"2020-02-23T21:02:11","slug":"carnaval-policia-militar-apreende-arma-de-fogo-em-carro-de-luxo-e-drogas-em-jacuma","status":"publish","type":"post","link":"https:\/\/www.pm.pb.gov.br\/portal\/2020\/02\/23\/carnaval-policia-militar-apreende-arma-de-fogo-em-carro-de-luxo-e-drogas-em-jacuma\/","title":{"rendered":"Carnaval: Pol\u00edcia Militar apreende arma de fogo em carro de luxo, e drogas em Jacum\u00e3"},"content":{"rendered":"\n<p>As a\u00e7\u00f5es policiais preventivas durante este Carnaval continuam. Na noite do \u00faltimo s\u00e1bado (22) e in\u00edcio deste domingo (23), a Pol\u00edcia Militar apreendeu uma arma de fogo que estava em um ve\u00edculo de luxo, e drogas, ambas a\u00e7\u00f5es em Jacum\u00e3, distrito do Conde, regi\u00e3o do litoral sul da Para\u00edba (foto acima ilustrativa; foto: Sd Varela).<\/p>\n<p>A arma de fogo, um rev\u00f3lver calibre 38 e muni\u00e7\u00f5es, foi encontrada em uma abordagem a um ve\u00edculo Land Rover que transitava nas proximidades da pra\u00e7a de Jacum\u00e3, nas \u00faltimas horas do s\u00e1bado. Dois homens estavam no carro abordado e, um deles, de 18 anos de idade, assumiu a propriedade do rev\u00f3lver (foto abaixo). Ele foi conduzido para a delegacia local para os procedimentos cab\u00edveis.<\/p>\n<p><img loading=\"lazy\" decoding=\"async\" class=\"wp-image-903918 aligncenter\" src=\"http:\/\/www.pm.pb.gov.br\/portal\/wp-content\/uploads\/2020\/02\/WhatsApp-Image-2020-02-23-at-11.41.38-791x445.jpeg\" alt=\"\" width=\"514\" height=\"289\" srcset=\"https:\/\/www.pm.pb.gov.br\/portal\/wp-content\/uploads\/2020\/02\/WhatsApp-Image-2020-02-23-at-11.41.38-791x445.jpeg 791w, https:\/\/www.pm.pb.gov.br\/portal\/wp-content\/uploads\/2020\/02\/WhatsApp-Image-2020-02-23-at-11.41.38-768x432.jpeg 768w, https:\/\/www.pm.pb.gov.br\/portal\/wp-content\/uploads\/2020\/02\/WhatsApp-Image-2020-02-23-at-11.41.38-1013x570.jpeg 1013w, https:\/\/www.pm.pb.gov.br\/portal\/wp-content\/uploads\/2020\/02\/WhatsApp-Image-2020-02-23-at-11.41.38.jpeg 1280w\" sizes=\"(max-width: 514px) 100vw, 514px\" \/><\/p>\n<p>J\u00e1 na madrugada de domingo, durante abordagem a um grupo de tr\u00eas pessoas, a PM localizou 22 papelotes de subst\u00e2ncia semelhante \u00e0 LSD e mais de R$ 450 em c\u00e9dulas (foto abaixo) com um dos abordados, que tinha 22 anos de idade. A a\u00e7\u00e3o aconteceu na pra\u00e7a de Jacum\u00e3, e o suspeito foi levado para a delegacia local, onde foi autuado por tr\u00e1fico de drogas.\u00a0<\/p>\n<p><img loading=\"lazy\" decoding=\"async\" class=\"wp-image-903919 aligncenter\" src=\"http:\/\/www.pm.pb.gov.br\/portal\/wp-content\/uploads\/2020\/02\/WhatsApp-Image-2020-02-23-at-11.41.38-111-355x445.jpeg\" alt=\"\" width=\"288\" height=\"361\" srcset=\"https:\/\/www.pm.pb.gov.br\/portal\/wp-content\/uploads\/2020\/02\/WhatsApp-Image-2020-02-23-at-11.41.38-111-355x445.jpeg 355w, https:\/\/www.pm.pb.gov.br\/portal\/wp-content\/uploads\/2020\/02\/WhatsApp-Image-2020-02-23-at-11.41.38-111-455x570.jpeg 455w, https:\/\/www.pm.pb.gov.br\/portal\/wp-content\/uploads\/2020\/02\/WhatsApp-Image-2020-02-23-at-11.41.38-111.jpeg 622w\" sizes=\"(max-width: 288px) 100vw, 288px\" \/><\/p>\n<p>As a\u00e7\u00f5es foram realizadas pelo Batalh\u00e3o de Policiamento de Tr\u00e2nsito, e por cadetes da Academia de Pol\u00edcia Militar do Cabo Branco.<\/p>\n","protected":false},"excerpt":{"rendered":"<p>As a\u00e7\u00f5es policiais preventivas durante este Carnaval continuam. Na noite do \u00faltimo s\u00e1bado (22) e in\u00edcio deste domingo (23), a<\/p>\n","protected":false},"author":12,"featured_media":903921,"comment_status":"closed","ping_status":"closed","sticky":false,"template":"","format":"standard","meta":{"_exactmetrics_skip_tracking":false,"_exactmetrics_sitenote_active":false,"_exactmetrics_sitenote_note":"","_exactmetrics_sitenote_category":0,"footnotes":""},"categories":[4],"tags":[],"yoast_head":"<!-- This site is optimized with the Yoast SEO plugin v22.0 - https:\/\/yoast.com\/wordpress\/plugins\/seo\/ -->\n<title>Carnaval: Pol\u00edcia Militar apreende arma de fogo em carro de luxo, e drogas em Jacum\u00e3 - Pol\u00edcia Militar da Para\u00edba<\/title>\n<meta name=\"robots\" content=\"index, follow, max-snippet:-1, max-image-preview:large, max-video-preview:-1\" \/>\n<link rel=\"canonical\" href=\"https:\/\/www.pm.pb.gov.br\/portal\/2020\/02\/23\/carnaval-policia-militar-apreende-arma-de-fogo-em-carro-de-luxo-e-drogas-em-jacuma\/\" \/>\n<meta property=\"og:locale\" content=\"pt_BR\" \/>\n<meta property=\"og:type\" content=\"article\" \/>\n<meta property=\"og:title\" content=\"Carnaval: Pol\u00edcia Militar apreende arma de fogo em carro de luxo, e drogas em Jacum\u00e3 - Pol\u00edcia Militar da Para\u00edba\" \/>\n<meta property=\"og:description\" content=\"As a\u00e7\u00f5es policiais preventivas durante este Carnaval continuam. Na noite do \u00faltimo s\u00e1bado (22) e in\u00edcio deste domingo (23), a\" \/>\n<meta property=\"og:url\" content=\"https:\/\/www.pm.pb.gov.br\/portal\/2020\/02\/23\/carnaval-policia-militar-apreende-arma-de-fogo-em-carro-de-luxo-e-drogas-em-jacuma\/\" \/>\n<meta property=\"og:site_name\" content=\"Pol\u00edcia Militar da Para\u00edba\" \/>\n<meta property=\"article:published_time\" content=\"2020-02-23T21:02:09+00:00\" \/>\n<meta property=\"article:modified_time\" content=\"2020-02-23T21:02:11+00:00\" \/>\n<meta property=\"og:image\" content=\"https:\/\/www.pm.pb.gov.br\/portal\/wp-content\/uploads\/2020\/02\/ilustrativa.jpeg\" \/>\n\t<meta property=\"og:image:width\" content=\"800\" \/>\n\t<meta property=\"og:image:height\" content=\"445\" \/>\n\t<meta property=\"og:image:type\" content=\"image\/jpeg\" \/>\n<meta name=\"author\" content=\"Tarcisio Oliveira\" \/>\n<meta name=\"twitter:card\" content=\"summary_large_image\" \/>\n<meta name=\"twitter:label1\" content=\"Escrito por\" \/>\n\t<meta name=\"twitter:data1\" content=\"Tarcisio Oliveira\" \/>\n\t<meta name=\"twitter:label2\" content=\"Est. tempo de leitura\" \/>\n\t<meta name=\"twitter:data2\" content=\"1 minuto\" \/>\n<script type=\"application\/ld+json\" class=\"yoast-schema-graph\">{\"@context\":\"https:\/\/schema.org\",\"@graph\":[{\"@type\":\"Article\",\"@id\":\"https:\/\/www.pm.pb.gov.br\/portal\/2020\/02\/23\/carnaval-policia-militar-apreende-arma-de-fogo-em-carro-de-luxo-e-drogas-em-jacuma\/#article\",\"isPartOf\":{\"@id\":\"https:\/\/www.pm.pb.gov.br\/portal\/2020\/02\/23\/carnaval-policia-militar-apreende-arma-de-fogo-em-carro-de-luxo-e-drogas-em-jacuma\/\"},\"author\":{\"name\":\"Tarcisio Oliveira\",\"@id\":\"https:\/\/www.pm.pb.gov.br\/portal\/#\/schema\/person\/f84f56dcc78ce4357054da888b8247fd\"},\"headline\":\"Carnaval: Pol\u00edcia Militar apreende arma de fogo em carro de luxo, e drogas em Jacum\u00e3\",\"datePublished\":\"2020-02-23T21:02:09+00:00\",\"dateModified\":\"2020-02-23T21:02:11+00:00\",\"mainEntityOfPage\":{\"@id\":\"https:\/\/www.pm.pb.gov.br\/portal\/2020\/02\/23\/carnaval-policia-militar-apreende-arma-de-fogo-em-carro-de-luxo-e-drogas-em-jacuma\/\"},\"wordCount\":239,\"publisher\":{\"@id\":\"https:\/\/www.pm.pb.gov.br\/portal\/#organization\"},\"articleSection\":[\"A\u00e7\u00f5es Policiais\"],\"inLanguage\":\"pt-BR\"},{\"@type\":\"WebPage\",\"@id\":\"https:\/\/www.pm.pb.gov.br\/portal\/2020\/02\/23\/carnaval-policia-militar-apreende-arma-de-fogo-em-carro-de-luxo-e-drogas-em-jacuma\/\",\"url\":\"https:\/\/www.pm.pb.gov.br\/portal\/2020\/02\/23\/carnaval-policia-militar-apreende-arma-de-fogo-em-carro-de-luxo-e-drogas-em-jacuma\/\",\"name\":\"Carnaval: Pol\u00edcia Militar apreende arma de fogo em carro de luxo, e drogas em Jacum\u00e3 - Pol\u00edcia Militar da Para\u00edba\",\"isPartOf\":{\"@id\":\"https:\/\/www.pm.pb.gov.br\/portal\/#website\"},\"datePublished\":\"2020-02-23T21:02:09+00:00\",\"dateModified\":\"2020-02-23T21:02:11+00:00\",\"breadcrumb\":{\"@id\":\"https:\/\/www.pm.pb.gov.br\/portal\/2020\/02\/23\/carnaval-policia-militar-apreende-arma-de-fogo-em-carro-de-luxo-e-drogas-em-jacuma\/#breadcrumb\"},\"inLanguage\":\"pt-BR\",\"potentialAction\":[{\"@type\":\"ReadAction\",\"target\":[\"https:\/\/www.pm.pb.gov.br\/portal\/2020\/02\/23\/carnaval-policia-militar-apreende-arma-de-fogo-em-carro-de-luxo-e-drogas-em-jacuma\/\"]}]},{\"@type\":\"BreadcrumbList\",\"@id\":\"https:\/\/www.pm.pb.gov.br\/portal\/2020\/02\/23\/carnaval-policia-militar-apreende-arma-de-fogo-em-carro-de-luxo-e-drogas-em-jacuma\/#breadcrumb\",\"itemListElement\":[{\"@type\":\"ListItem\",\"position\":1,\"name\":\"In\u00edcio\",\"item\":\"https:\/\/www.pm.pb.gov.br\/portal\/\"},{\"@type\":\"ListItem\",\"position\":2,\"name\":\"Carnaval: Pol\u00edcia Militar apreende arma de fogo em carro de luxo, e drogas em Jacum\u00e3\"}]},{\"@type\":\"WebSite\",\"@id\":\"https:\/\/www.pm.pb.gov.br\/portal\/#website\",\"url\":\"https:\/\/www.pm.pb.gov.br\/portal\/\",\"name\":\"Pol\u00edcia Militar da Para\u00edba\",\"description\":\"\",\"publisher\":{\"@id\":\"https:\/\/www.pm.pb.gov.br\/portal\/#organization\"},\"potentialAction\":[{\"@type\":\"SearchAction\",\"target\":{\"@type\":\"EntryPoint\",\"urlTemplate\":\"https:\/\/www.pm.pb.gov.br\/portal\/?s={search_term_string}\"},\"query-input\":\"required name=search_term_string\"}],\"inLanguage\":\"pt-BR\"},{\"@type\":\"Organization\",\"@id\":\"https:\/\/www.pm.pb.gov.br\/portal\/#organization\",\"name\":\"Pol\u00edcia Militar da Para\u00edba\",\"url\":\"https:\/\/www.pm.pb.gov.br\/portal\/\",\"logo\":{\"@type\":\"ImageObject\",\"inLanguage\":\"pt-BR\",\"@id\":\"https:\/\/www.pm.pb.gov.br\/portal\/#\/schema\/logo\/image\/\",\"url\":\"https:\/\/www.pm.pb.gov.br\/portal\/wp-content\/uploads\/2025\/03\/cropped-logo-site-mag2-1.png\",\"contentUrl\":\"https:\/\/www.pm.pb.gov.br\/portal\/wp-content\/uploads\/2025\/03\/cropped-logo-site-mag2-1.png\",\"width\":320,\"height\":90,\"caption\":\"Pol\u00edcia Militar da Para\u00edba\"},\"image\":{\"@id\":\"https:\/\/www.pm.pb.gov.br\/portal\/#\/schema\/logo\/image\/\"}},{\"@type\":\"Person\",\"@id\":\"https:\/\/www.pm.pb.gov.br\/portal\/#\/schema\/person\/f84f56dcc78ce4357054da888b8247fd\",\"name\":\"Tarcisio Oliveira\",\"image\":{\"@type\":\"ImageObject\",\"inLanguage\":\"pt-BR\",\"@id\":\"https:\/\/www.pm.pb.gov.br\/portal\/#\/schema\/person\/image\/\",\"url\":\"https:\/\/secure.gravatar.com\/avatar\/72917b630b69d31cd0297507f34bac97?s=96&d=mm&r=g\",\"contentUrl\":\"https:\/\/secure.gravatar.com\/avatar\/72917b630b69d31cd0297507f34bac97?s=96&d=mm&r=g\",\"caption\":\"Tarcisio Oliveira\"},\"url\":\"https:\/\/www.pm.pb.gov.br\/portal\/author\/tarcisio\/\"}]}<\/script>\n<!-- \/ Yoast SEO plugin. -->","yoast_head_json":{"title":"Carnaval: Pol\u00edcia Militar apreende arma de fogo em carro de luxo, e drogas em Jacum\u00e3 - Pol\u00edcia Militar da Para\u00edba","robots":{"index":"index","follow":"follow","max-snippet":"max-snippet:-1","max-image-preview":"max-image-preview:large","max-video-preview":"max-video-preview:-1"},"canonical":"https:\/\/www.pm.pb.gov.br\/portal\/2020\/02\/23\/carnaval-policia-militar-apreende-arma-de-fogo-em-carro-de-luxo-e-drogas-em-jacuma\/","og_locale":"pt_BR","og_type":"article","og_title":"Carnaval: Pol\u00edcia Militar apreende arma de fogo em carro de luxo, e drogas em Jacum\u00e3 - Pol\u00edcia Militar da Para\u00edba","og_description":"As a\u00e7\u00f5es policiais preventivas durante este Carnaval continuam. Na noite do \u00faltimo s\u00e1bado (22) e in\u00edcio deste domingo (23), a","og_url":"https:\/\/www.pm.pb.gov.br\/portal\/2020\/02\/23\/carnaval-policia-militar-apreende-arma-de-fogo-em-carro-de-luxo-e-drogas-em-jacuma\/","og_site_name":"Pol\u00edcia Militar da Para\u00edba","article_published_time":"2020-02-23T21:02:09+00:00","article_modified_time":"2020-02-23T21:02:11+00:00","og_image":[{"width":800,"height":445,"url":"https:\/\/www.pm.pb.gov.br\/portal\/wp-content\/uploads\/2020\/02\/ilustrativa.jpeg","type":"image\/jpeg"}],"author":"Tarcisio Oliveira","twitter_card":"summary_large_image","twitter_misc":{"Escrito por":"Tarcisio Oliveira","Est. tempo de leitura":"1 minuto"},"schema":{"@context":"https:\/\/schema.org","@graph":[{"@type":"Article","@id":"https:\/\/www.pm.pb.gov.br\/portal\/2020\/02\/23\/carnaval-policia-militar-apreende-arma-de-fogo-em-carro-de-luxo-e-drogas-em-jacuma\/#article","isPartOf":{"@id":"https:\/\/www.pm.pb.gov.br\/portal\/2020\/02\/23\/carnaval-policia-militar-apreende-arma-de-fogo-em-carro-de-luxo-e-drogas-em-jacuma\/"},"author":{"name":"Tarcisio Oliveira","@id":"https:\/\/www.pm.pb.gov.br\/portal\/#\/schema\/person\/f84f56dcc78ce4357054da888b8247fd"},"headline":"Carnaval: Pol\u00edcia Militar apreende arma de fogo em carro de luxo, e drogas em Jacum\u00e3","datePublished":"2020-02-23T21:02:09+00:00","dateModified":"2020-02-23T21:02:11+00:00","mainEntityOfPage":{"@id":"https:\/\/www.pm.pb.gov.br\/portal\/2020\/02\/23\/carnaval-policia-militar-apreende-arma-de-fogo-em-carro-de-luxo-e-drogas-em-jacuma\/"},"wordCount":239,"publisher":{"@id":"https:\/\/www.pm.pb.gov.br\/portal\/#organization"},"articleSection":["A\u00e7\u00f5es Policiais"],"inLanguage":"pt-BR"},{"@type":"WebPage","@id":"https:\/\/www.pm.pb.gov.br\/portal\/2020\/02\/23\/carnaval-policia-militar-apreende-arma-de-fogo-em-carro-de-luxo-e-drogas-em-jacuma\/","url":"https:\/\/www.pm.pb.gov.br\/portal\/2020\/02\/23\/carnaval-policia-militar-apreende-arma-de-fogo-em-carro-de-luxo-e-drogas-em-jacuma\/","name":"Carnaval: Pol\u00edcia Militar apreende arma de fogo em carro de luxo, e drogas em Jacum\u00e3 - Pol\u00edcia Militar da Para\u00edba","isPartOf":{"@id":"https:\/\/www.pm.pb.gov.br\/portal\/#website"},"datePublished":"2020-02-23T21:02:09+00:00","dateModified":"2020-02-23T21:02:11+00:00","breadcrumb":{"@id":"https:\/\/www.pm.pb.gov.br\/portal\/2020\/02\/23\/carnaval-policia-militar-apreende-arma-de-fogo-em-carro-de-luxo-e-drogas-em-jacuma\/#breadcrumb"},"inLanguage":"pt-BR","potentialAction":[{"@type":"ReadAction","target":["https:\/\/www.pm.pb.gov.br\/portal\/2020\/02\/23\/carnaval-policia-militar-apreende-arma-de-fogo-em-carro-de-luxo-e-drogas-em-jacuma\/"]}]},{"@type":"BreadcrumbList","@id":"https:\/\/www.pm.pb.gov.br\/portal\/2020\/02\/23\/carnaval-policia-militar-apreende-arma-de-fogo-em-carro-de-luxo-e-drogas-em-jacuma\/#breadcrumb","itemListElement":[{"@type":"ListItem","position":1,"name":"In\u00edcio","item":"https:\/\/www.pm.pb.gov.br\/portal\/"},{"@type":"ListItem","position":2,"name":"Carnaval: Pol\u00edcia Militar apreende arma de fogo em carro de luxo, e drogas em Jacum\u00e3"}]},{"@type":"WebSite","@id":"https:\/\/www.pm.pb.gov.br\/portal\/#website","url":"https:\/\/www.pm.pb.gov.br\/portal\/","name":"Pol\u00edcia Militar da Para\u00edba","description":"","publisher":{"@id":"https:\/\/www.pm.pb.gov.br\/portal\/#organization"},"potentialAction":[{"@type":"SearchAction","target":{"@type":"EntryPoint","urlTemplate":"https:\/\/www.pm.pb.gov.br\/portal\/?s={search_term_string}"},"query-input":"required name=search_term_string"}],"inLanguage":"pt-BR"},{"@type":"Organization","@id":"https:\/\/www.pm.pb.gov.br\/portal\/#organization","name":"Pol\u00edcia Militar da Para\u00edba","url":"https:\/\/www.pm.pb.gov.br\/portal\/","logo":{"@type":"ImageObject","inLanguage":"pt-BR","@id":"https:\/\/www.pm.pb.gov.br\/portal\/#\/schema\/logo\/image\/","url":"https:\/\/www.pm.pb.gov.br\/portal\/wp-content\/uploads\/2025\/03\/cropped-logo-site-mag2-1.png","contentUrl":"https:\/\/www.pm.pb.gov.br\/portal\/wp-content\/uploads\/2025\/03\/cropped-logo-site-mag2-1.png","width":320,"height":90,"caption":"Pol\u00edcia Militar da Para\u00edba"},"image":{"@id":"https:\/\/www.pm.pb.gov.br\/portal\/#\/schema\/logo\/image\/"}},{"@type":"Person","@id":"https:\/\/www.pm.pb.gov.br\/portal\/#\/schema\/person\/f84f56dcc78ce4357054da888b8247fd","name":"Tarcisio Oliveira","image":{"@type":"ImageObject","inLanguage":"pt-BR","@id":"https:\/\/www.pm.pb.gov.br\/portal\/#\/schema\/person\/image\/","url":"https:\/\/secure.gravatar.com\/avatar\/72917b630b69d31cd0297507f34bac97?s=96&d=mm&r=g","contentUrl":"https:\/\/secure.gravatar.com\/avatar\/72917b630b69d31cd0297507f34bac97?s=96&d=mm&r=g","caption":"Tarcisio Oliveira"},"url":"https:\/\/www.pm.pb.gov.br\/portal\/author\/tarcisio\/"}]}},"_links":{"self":[{"href":"https:\/\/www.pm.pb.gov.br\/portal\/wp-json\/wp\/v2\/posts\/903917"}],"collection":[{"href":"https:\/\/www.pm.pb.gov.br\/portal\/wp-json\/wp\/v2\/posts"}],"about":[{"href":"https:\/\/www.pm.pb.gov.br\/portal\/wp-json\/wp\/v2\/types\/post"}],"author":[{"embeddable":true,"href":"https:\/\/www.pm.pb.gov.br\/portal\/wp-json\/wp\/v2\/users\/12"}],"replies":[{"embeddable":true,"href":"https:\/\/www.pm.pb.gov.br\/portal\/wp-json\/wp\/v2\/comments?post=903917"}],"version-history":[{"count":1,"href":"https:\/\/www.pm.pb.gov.br\/portal\/wp-json\/wp\/v2\/posts\/903917\/revisions"}],"predecessor-version":[{"id":903920,"href":"https:\/\/www.pm.pb.gov.br\/portal\/wp-json\/wp\/v2\/posts\/903917\/revisions\/903920"}],"wp:featuredmedia":[{"embeddable":true,"href":"https:\/\/www.pm.pb.gov.br\/portal\/wp-json\/wp\/v2\/media\/903921"}],"wp:attachment":[{"href":"https:\/\/www.pm.pb.gov.br\/portal\/wp-json\/wp\/v2\/media?parent=903917"}],"wp:term":[{"taxonomy":"category","embeddable":true,"href":"https:\/\/www.pm.pb.gov.br\/portal\/wp-json\/wp\/v2\/categories?post=903917"},{"taxonomy":"post_tag","embeddable":true,"href":"https:\/\/www.pm.pb.gov.br\/portal\/wp-json\/wp\/v2\/tags?post=903917"}],"curies":[{"name":"wp","href":"https:\/\/api.w.org\/{rel}","templated":true}]}}