{"id":903907,"date":"2020-02-21T15:34:59","date_gmt":"2020-02-21T18:34:59","guid":{"rendered":"http:\/\/www.pm.pb.gov.br\/portal\/?p=903907"},"modified":"2020-02-21T15:35:01","modified_gmt":"2020-02-21T18:35:01","slug":"carnaval-2020-seguranca-emprega-policiais-militares-e-civis-e-bombeiros-do-litoral-ao-sertao","status":"publish","type":"post","link":"https:\/\/www.pm.pb.gov.br\/portal\/2020\/02\/21\/carnaval-2020-seguranca-emprega-policiais-militares-e-civis-e-bombeiros-do-litoral-ao-sertao\/","title":{"rendered":"Carnaval 2020: Seguran\u00e7a emprega policiais militares e civis e bombeiros do litoral ao sert\u00e3o"},"content":{"rendered":"\n<p>As for\u00e7as de Seguran\u00e7a da Para\u00edba estar\u00e3o trabalhando em todo o Estado para garantir a tranquilidade dos foli\u00f5es durante o per\u00edodo carnavalesco. As atividades ser\u00e3o iniciadas neste s\u00e1bado (22) e seguem at\u00e9 a Quarta-feira de Cinzas, com a execu\u00e7\u00e3o de um Planejamento Operacional da Secretaria de Estado da Seguran\u00e7a e da Defesa Social (Sesds), que envolve a\u00e7\u00f5es preventivas e repressivas, realiza\u00e7\u00e3o de procedimentos policiais, al\u00e9m de resgates e salvamentos, tanto na regi\u00e3o do litoral como no sert\u00e3o paraibano, por parte dos \u00f3rg\u00e3os operativos da pasta (foto acima: Sd Varela).<br \/>\u00a0<br \/>A Pol\u00edcia Militar montou um esquema envolvendo o refor\u00e7o de 1.850 policiais por dia, especificamente para os festejos e locais de maior movimenta\u00e7\u00e3o nesta \u00e9poca. Eles ser\u00e3o auxiliados por toda uma log\u00edstica de viaturas, POPs (Pontos de Observa\u00e7\u00e3o Policial), drones e van de videomonitoramento. Entre as pr\u00e9vias e o carnaval, a PM estar\u00e1 atuando em pelo menos 629 eventos, o que demanda mais de 17 mil servi\u00e7os gerados.<br \/>\u00a0<br \/>O refor\u00e7o maior \u00e9 para o litoral paraibano, com mais de 900 policiais por dia, atuando nas praias de Jacum\u00e3, Lucena e Ba\u00eda da Trai\u00e7\u00e3o, entre outros destinos. As a\u00e7\u00f5es de tr\u00e2nsito e a preven\u00e7\u00e3o aos crimes ambientais tamb\u00e9m fazem parte do planejamento montado pela corpora\u00e7\u00e3o, com a presen\u00e7a do Batalh\u00e3o de Policiamento de Tr\u00e2nsito (BPTran) e do Batalh\u00e3o de Pol\u00edcia Ambiental (BPAmb).<br \/>\u00a0<br \/>As a\u00e7\u00f5es do Corpo de Bombeiros Militar (CBMPB) incluem preven\u00e7\u00e3o e o salvamento aqu\u00e1tico, que ser\u00e3o os principais focos da institui\u00e7\u00e3o no Carnaval 2020. Al\u00e9m disso, ser\u00e1 realizado combate a inc\u00eandio, atendimento pr\u00e9-hospitalar e busca e salvamento, bem como a atua\u00e7\u00e3o dos mergulhadores de resgate, que acontecer\u00e1 em todo o per\u00edodo carnavalesco. De forma geral, ser\u00e3o 454 militares empregados durante o per\u00edodo, desenvolvendo a\u00e7\u00f5es de preven\u00e7\u00e3o e emerg\u00eancia, auxiliados por 10 embarca\u00e7\u00f5es.<br \/>\u00a0<br \/>O emprego ser\u00e1 feito de modo a otimizar o servi\u00e7o durante os dias de festa, garantindo assim a divers\u00e3o daqueles que passar\u00e3o o feriado na regi\u00e3o metropolitana de Jo\u00e3o Pessoa, em especial nas praias. Em decorr\u00eancia do aumento de banhistas no litoral paraibano, a institui\u00e7\u00e3o incrementa a preven\u00e7\u00e3o aqu\u00e1tica. Da praia de Barra de Camaratuba at\u00e9 Aca\u00fa, na cidade de Pitimbu, a corpora\u00e7\u00e3o ter\u00e1 guarda-vidas espalhados nos pontos tradicionalmente mais movimentados, totalizando 36 postos ativos. Ainda ir\u00e3o acontecer blitzen preventivas nas vias que d\u00e3o acesso \u00e0s principais praias, juntamente com o Departamento Estadual de Tr\u00e2nsito (Detran) da Para\u00edba.<br \/>\u00a0<br \/>A Pol\u00edcia Civil da Para\u00edba vai aumentar o efetivo nas delegacias e manter p\u00f3los de atendimento em regime de plant\u00e3o durante o Carnaval, em todas as regi\u00f5es do Estado. Ser\u00e3o utilizados 1.005 policiais civis em escalas de plant\u00e3o entre delegados, escriv\u00e3es, agentes de investiga\u00e7\u00e3o, agentes operacionais, peritos, t\u00e9cnicos em per\u00edcia, necrotomistas e papiloscopistas. Para atendimento \u00e0 popula\u00e7\u00e3o, tamb\u00e9m ser\u00e3o utilizadas 270 viaturas espalhadas entre os p\u00f3los de plant\u00e3o das seccionais de Pol\u00edcia Civil do litoral ao sert\u00e3o.<br \/>\u00a0<br \/>A Delegacia M\u00f3vel estar\u00e1 presente nos pontos mais movimentados durante o per\u00edodo carnavalesco. Em Jo\u00e3o Pessoa, al\u00e9m dos plant\u00f5es j\u00e1 realizados cotidianamente na Central de Pol\u00edcia, dever\u00e3o abrir tamb\u00e9m \u00e0 noite em plant\u00e3o 24 horas a 10\u00aa Delegacia Distrital (Av. Nego) e a Delegacia do Turista, localizada no t\u00e9rreo do pr\u00e9dio da PBTur, em Tamba\u00fa. Ainda \u00e9 poss\u00edvel utilizar a Delegacia On Line (<a href=\"http:\/\/www.delegaciaonline.pb.gov.br\/\" target=\"_blank\" rel=\"noopener noreferrer\" data-saferedirecturl=\"https:\/\/www.google.com\/url?q=http:\/\/www.delegaciaonline.pb.gov.br&amp;source=gmail&amp;ust=1582395548286000&amp;usg=AFQjCNFw9eK5teWJJQeYf5deqBrWM1FyLA\">www.delegaciaonline.pb.gov.br<\/a><wbr \/>) para registros de ocorr\u00eancias que n\u00e3o envolvem viol\u00eancia, como perdas, furtos, extravios, acidentes de tr\u00e2nsito sem v\u00edtimas e tamb\u00e9m para registro de desaparecimento de pessoas.<\/p>\n","protected":false},"excerpt":{"rendered":"<p>As for\u00e7as de Seguran\u00e7a da Para\u00edba estar\u00e3o trabalhando em todo o Estado para garantir a tranquilidade dos foli\u00f5es durante o<\/p>\n","protected":false},"author":12,"featured_media":903908,"comment_status":"closed","ping_status":"closed","sticky":false,"template":"","format":"standard","meta":{"_exactmetrics_skip_tracking":false,"_exactmetrics_sitenote_active":false,"_exactmetrics_sitenote_note":"","_exactmetrics_sitenote_category":0,"footnotes":""},"categories":[4],"tags":[],"yoast_head":"<!-- This site is optimized with the Yoast SEO plugin v22.0 - https:\/\/yoast.com\/wordpress\/plugins\/seo\/ -->\n<title>Carnaval 2020: Seguran\u00e7a emprega policiais militares e civis e bombeiros do litoral ao sert\u00e3o - Pol\u00edcia Militar da Para\u00edba<\/title>\n<meta name=\"robots\" content=\"index, follow, max-snippet:-1, max-image-preview:large, max-video-preview:-1\" \/>\n<link rel=\"canonical\" href=\"https:\/\/www.pm.pb.gov.br\/portal\/2020\/02\/21\/carnaval-2020-seguranca-emprega-policiais-militares-e-civis-e-bombeiros-do-litoral-ao-sertao\/\" \/>\n<meta property=\"og:locale\" content=\"pt_BR\" \/>\n<meta property=\"og:type\" content=\"article\" \/>\n<meta property=\"og:title\" content=\"Carnaval 2020: Seguran\u00e7a emprega policiais militares e civis e bombeiros do litoral ao sert\u00e3o - Pol\u00edcia Militar da Para\u00edba\" \/>\n<meta property=\"og:description\" content=\"As for\u00e7as de Seguran\u00e7a da Para\u00edba estar\u00e3o trabalhando em todo o Estado para garantir a tranquilidade dos foli\u00f5es durante o\" \/>\n<meta property=\"og:url\" content=\"https:\/\/www.pm.pb.gov.br\/portal\/2020\/02\/21\/carnaval-2020-seguranca-emprega-policiais-militares-e-civis-e-bombeiros-do-litoral-ao-sertao\/\" \/>\n<meta property=\"og:site_name\" content=\"Pol\u00edcia Militar da Para\u00edba\" \/>\n<meta property=\"article:published_time\" content=\"2020-02-21T18:34:59+00:00\" \/>\n<meta property=\"article:modified_time\" content=\"2020-02-21T18:35:01+00:00\" \/>\n<meta property=\"og:image\" content=\"https:\/\/www.pm.pb.gov.br\/portal\/wp-content\/uploads\/2020\/02\/DSC_6185_Carna.jpg\" \/>\n\t<meta property=\"og:image:width\" content=\"4358\" \/>\n\t<meta property=\"og:image:height\" content=\"2424\" \/>\n\t<meta property=\"og:image:type\" content=\"image\/jpeg\" \/>\n<meta name=\"author\" content=\"Tarcisio Oliveira\" \/>\n<meta name=\"twitter:card\" content=\"summary_large_image\" \/>\n<meta name=\"twitter:label1\" content=\"Escrito por\" \/>\n\t<meta name=\"twitter:data1\" content=\"Tarcisio Oliveira\" \/>\n\t<meta name=\"twitter:label2\" content=\"Est. tempo de leitura\" \/>\n\t<meta name=\"twitter:data2\" content=\"3 minutos\" \/>\n<script type=\"application\/ld+json\" class=\"yoast-schema-graph\">{\"@context\":\"https:\/\/schema.org\",\"@graph\":[{\"@type\":\"Article\",\"@id\":\"https:\/\/www.pm.pb.gov.br\/portal\/2020\/02\/21\/carnaval-2020-seguranca-emprega-policiais-militares-e-civis-e-bombeiros-do-litoral-ao-sertao\/#article\",\"isPartOf\":{\"@id\":\"https:\/\/www.pm.pb.gov.br\/portal\/2020\/02\/21\/carnaval-2020-seguranca-emprega-policiais-militares-e-civis-e-bombeiros-do-litoral-ao-sertao\/\"},\"author\":{\"name\":\"Tarcisio Oliveira\",\"@id\":\"https:\/\/www.pm.pb.gov.br\/portal\/#\/schema\/person\/f84f56dcc78ce4357054da888b8247fd\"},\"headline\":\"Carnaval 2020: Seguran\u00e7a emprega policiais militares e civis e bombeiros do litoral ao sert\u00e3o\",\"datePublished\":\"2020-02-21T18:34:59+00:00\",\"dateModified\":\"2020-02-21T18:35:01+00:00\",\"mainEntityOfPage\":{\"@id\":\"https:\/\/www.pm.pb.gov.br\/portal\/2020\/02\/21\/carnaval-2020-seguranca-emprega-policiais-militares-e-civis-e-bombeiros-do-litoral-ao-sertao\/\"},\"wordCount\":661,\"publisher\":{\"@id\":\"https:\/\/www.pm.pb.gov.br\/portal\/#organization\"},\"articleSection\":[\"A\u00e7\u00f5es Policiais\"],\"inLanguage\":\"pt-BR\"},{\"@type\":\"WebPage\",\"@id\":\"https:\/\/www.pm.pb.gov.br\/portal\/2020\/02\/21\/carnaval-2020-seguranca-emprega-policiais-militares-e-civis-e-bombeiros-do-litoral-ao-sertao\/\",\"url\":\"https:\/\/www.pm.pb.gov.br\/portal\/2020\/02\/21\/carnaval-2020-seguranca-emprega-policiais-militares-e-civis-e-bombeiros-do-litoral-ao-sertao\/\",\"name\":\"Carnaval 2020: Seguran\u00e7a emprega policiais militares e civis e bombeiros do litoral ao sert\u00e3o - Pol\u00edcia Militar da Para\u00edba\",\"isPartOf\":{\"@id\":\"https:\/\/www.pm.pb.gov.br\/portal\/#website\"},\"datePublished\":\"2020-02-21T18:34:59+00:00\",\"dateModified\":\"2020-02-21T18:35:01+00:00\",\"breadcrumb\":{\"@id\":\"https:\/\/www.pm.pb.gov.br\/portal\/2020\/02\/21\/carnaval-2020-seguranca-emprega-policiais-militares-e-civis-e-bombeiros-do-litoral-ao-sertao\/#breadcrumb\"},\"inLanguage\":\"pt-BR\",\"potentialAction\":[{\"@type\":\"ReadAction\",\"target\":[\"https:\/\/www.pm.pb.gov.br\/portal\/2020\/02\/21\/carnaval-2020-seguranca-emprega-policiais-militares-e-civis-e-bombeiros-do-litoral-ao-sertao\/\"]}]},{\"@type\":\"BreadcrumbList\",\"@id\":\"https:\/\/www.pm.pb.gov.br\/portal\/2020\/02\/21\/carnaval-2020-seguranca-emprega-policiais-militares-e-civis-e-bombeiros-do-litoral-ao-sertao\/#breadcrumb\",\"itemListElement\":[{\"@type\":\"ListItem\",\"position\":1,\"name\":\"In\u00edcio\",\"item\":\"https:\/\/www.pm.pb.gov.br\/portal\/\"},{\"@type\":\"ListItem\",\"position\":2,\"name\":\"Carnaval 2020: Seguran\u00e7a emprega policiais militares e civis e bombeiros do litoral ao sert\u00e3o\"}]},{\"@type\":\"WebSite\",\"@id\":\"https:\/\/www.pm.pb.gov.br\/portal\/#website\",\"url\":\"https:\/\/www.pm.pb.gov.br\/portal\/\",\"name\":\"Pol\u00edcia Militar da Para\u00edba\",\"description\":\"\",\"publisher\":{\"@id\":\"https:\/\/www.pm.pb.gov.br\/portal\/#organization\"},\"potentialAction\":[{\"@type\":\"SearchAction\",\"target\":{\"@type\":\"EntryPoint\",\"urlTemplate\":\"https:\/\/www.pm.pb.gov.br\/portal\/?s={search_term_string}\"},\"query-input\":\"required name=search_term_string\"}],\"inLanguage\":\"pt-BR\"},{\"@type\":\"Organization\",\"@id\":\"https:\/\/www.pm.pb.gov.br\/portal\/#organization\",\"name\":\"Pol\u00edcia Militar da Para\u00edba\",\"url\":\"https:\/\/www.pm.pb.gov.br\/portal\/\",\"logo\":{\"@type\":\"ImageObject\",\"inLanguage\":\"pt-BR\",\"@id\":\"https:\/\/www.pm.pb.gov.br\/portal\/#\/schema\/logo\/image\/\",\"url\":\"https:\/\/www.pm.pb.gov.br\/portal\/wp-content\/uploads\/2025\/03\/cropped-logo-site-mag2-1.png\",\"contentUrl\":\"https:\/\/www.pm.pb.gov.br\/portal\/wp-content\/uploads\/2025\/03\/cropped-logo-site-mag2-1.png\",\"width\":320,\"height\":90,\"caption\":\"Pol\u00edcia Militar da Para\u00edba\"},\"image\":{\"@id\":\"https:\/\/www.pm.pb.gov.br\/portal\/#\/schema\/logo\/image\/\"}},{\"@type\":\"Person\",\"@id\":\"https:\/\/www.pm.pb.gov.br\/portal\/#\/schema\/person\/f84f56dcc78ce4357054da888b8247fd\",\"name\":\"Tarcisio Oliveira\",\"image\":{\"@type\":\"ImageObject\",\"inLanguage\":\"pt-BR\",\"@id\":\"https:\/\/www.pm.pb.gov.br\/portal\/#\/schema\/person\/image\/\",\"url\":\"https:\/\/secure.gravatar.com\/avatar\/72917b630b69d31cd0297507f34bac97?s=96&d=mm&r=g\",\"contentUrl\":\"https:\/\/secure.gravatar.com\/avatar\/72917b630b69d31cd0297507f34bac97?s=96&d=mm&r=g\",\"caption\":\"Tarcisio Oliveira\"},\"url\":\"https:\/\/www.pm.pb.gov.br\/portal\/author\/tarcisio\/\"}]}<\/script>\n<!-- \/ Yoast SEO plugin. -->","yoast_head_json":{"title":"Carnaval 2020: Seguran\u00e7a emprega policiais militares e civis e bombeiros do litoral ao sert\u00e3o - Pol\u00edcia Militar da Para\u00edba","robots":{"index":"index","follow":"follow","max-snippet":"max-snippet:-1","max-image-preview":"max-image-preview:large","max-video-preview":"max-video-preview:-1"},"canonical":"https:\/\/www.pm.pb.gov.br\/portal\/2020\/02\/21\/carnaval-2020-seguranca-emprega-policiais-militares-e-civis-e-bombeiros-do-litoral-ao-sertao\/","og_locale":"pt_BR","og_type":"article","og_title":"Carnaval 2020: Seguran\u00e7a emprega policiais militares e civis e bombeiros do litoral ao sert\u00e3o - Pol\u00edcia Militar da Para\u00edba","og_description":"As for\u00e7as de Seguran\u00e7a da Para\u00edba estar\u00e3o trabalhando em todo o Estado para garantir a tranquilidade dos foli\u00f5es durante o","og_url":"https:\/\/www.pm.pb.gov.br\/portal\/2020\/02\/21\/carnaval-2020-seguranca-emprega-policiais-militares-e-civis-e-bombeiros-do-litoral-ao-sertao\/","og_site_name":"Pol\u00edcia Militar da Para\u00edba","article_published_time":"2020-02-21T18:34:59+00:00","article_modified_time":"2020-02-21T18:35:01+00:00","og_image":[{"width":4358,"height":2424,"url":"https:\/\/www.pm.pb.gov.br\/portal\/wp-content\/uploads\/2020\/02\/DSC_6185_Carna.jpg","type":"image\/jpeg"}],"author":"Tarcisio Oliveira","twitter_card":"summary_large_image","twitter_misc":{"Escrito por":"Tarcisio Oliveira","Est. tempo de leitura":"3 minutos"},"schema":{"@context":"https:\/\/schema.org","@graph":[{"@type":"Article","@id":"https:\/\/www.pm.pb.gov.br\/portal\/2020\/02\/21\/carnaval-2020-seguranca-emprega-policiais-militares-e-civis-e-bombeiros-do-litoral-ao-sertao\/#article","isPartOf":{"@id":"https:\/\/www.pm.pb.gov.br\/portal\/2020\/02\/21\/carnaval-2020-seguranca-emprega-policiais-militares-e-civis-e-bombeiros-do-litoral-ao-sertao\/"},"author":{"name":"Tarcisio Oliveira","@id":"https:\/\/www.pm.pb.gov.br\/portal\/#\/schema\/person\/f84f56dcc78ce4357054da888b8247fd"},"headline":"Carnaval 2020: Seguran\u00e7a emprega policiais militares e civis e bombeiros do litoral ao sert\u00e3o","datePublished":"2020-02-21T18:34:59+00:00","dateModified":"2020-02-21T18:35:01+00:00","mainEntityOfPage":{"@id":"https:\/\/www.pm.pb.gov.br\/portal\/2020\/02\/21\/carnaval-2020-seguranca-emprega-policiais-militares-e-civis-e-bombeiros-do-litoral-ao-sertao\/"},"wordCount":661,"publisher":{"@id":"https:\/\/www.pm.pb.gov.br\/portal\/#organization"},"articleSection":["A\u00e7\u00f5es Policiais"],"inLanguage":"pt-BR"},{"@type":"WebPage","@id":"https:\/\/www.pm.pb.gov.br\/portal\/2020\/02\/21\/carnaval-2020-seguranca-emprega-policiais-militares-e-civis-e-bombeiros-do-litoral-ao-sertao\/","url":"https:\/\/www.pm.pb.gov.br\/portal\/2020\/02\/21\/carnaval-2020-seguranca-emprega-policiais-militares-e-civis-e-bombeiros-do-litoral-ao-sertao\/","name":"Carnaval 2020: Seguran\u00e7a emprega policiais militares e civis e bombeiros do litoral ao sert\u00e3o - Pol\u00edcia Militar da Para\u00edba","isPartOf":{"@id":"https:\/\/www.pm.pb.gov.br\/portal\/#website"},"datePublished":"2020-02-21T18:34:59+00:00","dateModified":"2020-02-21T18:35:01+00:00","breadcrumb":{"@id":"https:\/\/www.pm.pb.gov.br\/portal\/2020\/02\/21\/carnaval-2020-seguranca-emprega-policiais-militares-e-civis-e-bombeiros-do-litoral-ao-sertao\/#breadcrumb"},"inLanguage":"pt-BR","potentialAction":[{"@type":"ReadAction","target":["https:\/\/www.pm.pb.gov.br\/portal\/2020\/02\/21\/carnaval-2020-seguranca-emprega-policiais-militares-e-civis-e-bombeiros-do-litoral-ao-sertao\/"]}]},{"@type":"BreadcrumbList","@id":"https:\/\/www.pm.pb.gov.br\/portal\/2020\/02\/21\/carnaval-2020-seguranca-emprega-policiais-militares-e-civis-e-bombeiros-do-litoral-ao-sertao\/#breadcrumb","itemListElement":[{"@type":"ListItem","position":1,"name":"In\u00edcio","item":"https:\/\/www.pm.pb.gov.br\/portal\/"},{"@type":"ListItem","position":2,"name":"Carnaval 2020: Seguran\u00e7a emprega policiais militares e civis e bombeiros do litoral ao sert\u00e3o"}]},{"@type":"WebSite","@id":"https:\/\/www.pm.pb.gov.br\/portal\/#website","url":"https:\/\/www.pm.pb.gov.br\/portal\/","name":"Pol\u00edcia Militar da Para\u00edba","description":"","publisher":{"@id":"https:\/\/www.pm.pb.gov.br\/portal\/#organization"},"potentialAction":[{"@type":"SearchAction","target":{"@type":"EntryPoint","urlTemplate":"https:\/\/www.pm.pb.gov.br\/portal\/?s={search_term_string}"},"query-input":"required name=search_term_string"}],"inLanguage":"pt-BR"},{"@type":"Organization","@id":"https:\/\/www.pm.pb.gov.br\/portal\/#organization","name":"Pol\u00edcia Militar da Para\u00edba","url":"https:\/\/www.pm.pb.gov.br\/portal\/","logo":{"@type":"ImageObject","inLanguage":"pt-BR","@id":"https:\/\/www.pm.pb.gov.br\/portal\/#\/schema\/logo\/image\/","url":"https:\/\/www.pm.pb.gov.br\/portal\/wp-content\/uploads\/2025\/03\/cropped-logo-site-mag2-1.png","contentUrl":"https:\/\/www.pm.pb.gov.br\/portal\/wp-content\/uploads\/2025\/03\/cropped-logo-site-mag2-1.png","width":320,"height":90,"caption":"Pol\u00edcia Militar da Para\u00edba"},"image":{"@id":"https:\/\/www.pm.pb.gov.br\/portal\/#\/schema\/logo\/image\/"}},{"@type":"Person","@id":"https:\/\/www.pm.pb.gov.br\/portal\/#\/schema\/person\/f84f56dcc78ce4357054da888b8247fd","name":"Tarcisio Oliveira","image":{"@type":"ImageObject","inLanguage":"pt-BR","@id":"https:\/\/www.pm.pb.gov.br\/portal\/#\/schema\/person\/image\/","url":"https:\/\/secure.gravatar.com\/avatar\/72917b630b69d31cd0297507f34bac97?s=96&d=mm&r=g","contentUrl":"https:\/\/secure.gravatar.com\/avatar\/72917b630b69d31cd0297507f34bac97?s=96&d=mm&r=g","caption":"Tarcisio Oliveira"},"url":"https:\/\/www.pm.pb.gov.br\/portal\/author\/tarcisio\/"}]}},"_links":{"self":[{"href":"https:\/\/www.pm.pb.gov.br\/portal\/wp-json\/wp\/v2\/posts\/903907"}],"collection":[{"href":"https:\/\/www.pm.pb.gov.br\/portal\/wp-json\/wp\/v2\/posts"}],"about":[{"href":"https:\/\/www.pm.pb.gov.br\/portal\/wp-json\/wp\/v2\/types\/post"}],"author":[{"embeddable":true,"href":"https:\/\/www.pm.pb.gov.br\/portal\/wp-json\/wp\/v2\/users\/12"}],"replies":[{"embeddable":true,"href":"https:\/\/www.pm.pb.gov.br\/portal\/wp-json\/wp\/v2\/comments?post=903907"}],"version-history":[{"count":2,"href":"https:\/\/www.pm.pb.gov.br\/portal\/wp-json\/wp\/v2\/posts\/903907\/revisions"}],"predecessor-version":[{"id":903910,"href":"https:\/\/www.pm.pb.gov.br\/portal\/wp-json\/wp\/v2\/posts\/903907\/revisions\/903910"}],"wp:featuredmedia":[{"embeddable":true,"href":"https:\/\/www.pm.pb.gov.br\/portal\/wp-json\/wp\/v2\/media\/903908"}],"wp:attachment":[{"href":"https:\/\/www.pm.pb.gov.br\/portal\/wp-json\/wp\/v2\/media?parent=903907"}],"wp:term":[{"taxonomy":"category","embeddable":true,"href":"https:\/\/www.pm.pb.gov.br\/portal\/wp-json\/wp\/v2\/categories?post=903907"},{"taxonomy":"post_tag","embeddable":true,"href":"https:\/\/www.pm.pb.gov.br\/portal\/wp-json\/wp\/v2\/tags?post=903907"}],"curies":[{"name":"wp","href":"https:\/\/api.w.org\/{rel}","templated":true}]}}