{"id":903901,"date":"2020-02-18T16:10:32","date_gmt":"2020-02-18T19:10:32","guid":{"rendered":"http:\/\/www.pm.pb.gov.br\/portal\/?p=903901"},"modified":"2020-02-18T16:10:33","modified_gmt":"2020-02-18T19:10:33","slug":"policia-militar-captura-no-sertao-foragido-da-justica-do-parana","status":"publish","type":"post","link":"https:\/\/www.pm.pb.gov.br\/portal\/2020\/02\/18\/policia-militar-captura-no-sertao-foragido-da-justica-do-parana\/","title":{"rendered":"Pol\u00edcia Militar captura no Sert\u00e3o foragido da Justi\u00e7a do Paran\u00e1"},"content":{"rendered":"\n<p>A Pol\u00edcia Militar da Para\u00edba prendeu um foragido da Justi\u00e7a, que estava sendo procurado no estado do Paran\u00e1 pelo crime de homic\u00eddio. Ele foi preso na manh\u00e3 desta ter\u00e7a-feira (18), em Bel\u00e9m do Brejo do Cruz, que fica a cerca de 403 quil\u00f4metros de dist\u00e2ncia de Jo\u00e3o Pessoa.\u00a0<br \/><br \/>Policiais do 12\u00ba Batalh\u00e3o, do destacamento da cidade, realizavam policiamento preventivo quando abordaram um homem de 36 anos de idade. Ao ser feita a consulta junto ao banco de dados, foi constatado que em seu desfavor havia um mandado de pris\u00e3o expedido pelo Tribunal de Justi\u00e7a do Paran\u00e1, em que ele \u00e9 acusado de praticar um homic\u00eddio.\u00a0<br \/><br \/>O homem foi levado para a delegacia de Pol\u00edcia Civil para que fossem tomadas as medidas cab\u00edveis, e agora ele ficar\u00e1 \u00e0 disposi\u00e7\u00e3o da Justi\u00e7a.<br \/><br \/><strong>Dados<\/strong>\u00a0\u2013 Segundo a Coordenadoria de Estat\u00edstica e Avalia\u00e7\u00e3o da PMPB (EM\/7), em 2020 a corpora\u00e7\u00e3o j\u00e1 cumpriu 140 mandados de pris\u00e3o em todo o estado<\/p>\n","protected":false},"excerpt":{"rendered":"<p>A Pol\u00edcia Militar da Para\u00edba prendeu um foragido da Justi\u00e7a, que estava sendo procurado no estado do Paran\u00e1 pelo crime<\/p>\n","protected":false},"author":15,"featured_media":902591,"comment_status":"closed","ping_status":"closed","sticky":false,"template":"","format":"standard","meta":{"_exactmetrics_skip_tracking":false,"_exactmetrics_sitenote_active":false,"_exactmetrics_sitenote_note":"","_exactmetrics_sitenote_category":0,"footnotes":""},"categories":[4],"tags":[],"yoast_head":"<!-- This site is optimized with the Yoast SEO plugin v22.0 - https:\/\/yoast.com\/wordpress\/plugins\/seo\/ -->\n<title>Pol\u00edcia Militar captura no Sert\u00e3o foragido da Justi\u00e7a do Paran\u00e1 - Pol\u00edcia Militar da Para\u00edba<\/title>\n<meta name=\"robots\" content=\"index, follow, max-snippet:-1, max-image-preview:large, max-video-preview:-1\" \/>\n<link rel=\"canonical\" href=\"https:\/\/www.pm.pb.gov.br\/portal\/2020\/02\/18\/policia-militar-captura-no-sertao-foragido-da-justica-do-parana\/\" \/>\n<meta property=\"og:locale\" content=\"pt_BR\" \/>\n<meta property=\"og:type\" content=\"article\" \/>\n<meta property=\"og:title\" content=\"Pol\u00edcia Militar captura no Sert\u00e3o foragido da Justi\u00e7a do Paran\u00e1 - Pol\u00edcia Militar da Para\u00edba\" \/>\n<meta property=\"og:description\" content=\"A Pol\u00edcia Militar da Para\u00edba prendeu um foragido da Justi\u00e7a, que estava sendo procurado no estado do Paran\u00e1 pelo crime\" \/>\n<meta property=\"og:url\" content=\"https:\/\/www.pm.pb.gov.br\/portal\/2020\/02\/18\/policia-militar-captura-no-sertao-foragido-da-justica-do-parana\/\" \/>\n<meta property=\"og:site_name\" content=\"Pol\u00edcia Militar da Para\u00edba\" \/>\n<meta property=\"article:published_time\" content=\"2020-02-18T19:10:32+00:00\" \/>\n<meta property=\"article:modified_time\" content=\"2020-02-18T19:10:33+00:00\" \/>\n<meta property=\"og:image\" content=\"https:\/\/www.pm.pb.gov.br\/portal\/wp-content\/uploads\/2019\/10\/sertaoilustrativa.jpeg\" \/>\n\t<meta property=\"og:image:width\" content=\"800\" \/>\n\t<meta property=\"og:image:height\" content=\"445\" \/>\n\t<meta property=\"og:image:type\" content=\"image\/jpeg\" \/>\n<meta name=\"author\" content=\"Marcio Gomes dos Santos\" \/>\n<meta name=\"twitter:card\" content=\"summary_large_image\" \/>\n<meta name=\"twitter:label1\" content=\"Escrito por\" \/>\n\t<meta name=\"twitter:data1\" content=\"Marcio Gomes dos Santos\" \/>\n\t<meta name=\"twitter:label2\" content=\"Est. tempo de leitura\" \/>\n\t<meta name=\"twitter:data2\" content=\"1 minuto\" \/>\n<script type=\"application\/ld+json\" class=\"yoast-schema-graph\">{\"@context\":\"https:\/\/schema.org\",\"@graph\":[{\"@type\":\"Article\",\"@id\":\"https:\/\/www.pm.pb.gov.br\/portal\/2020\/02\/18\/policia-militar-captura-no-sertao-foragido-da-justica-do-parana\/#article\",\"isPartOf\":{\"@id\":\"https:\/\/www.pm.pb.gov.br\/portal\/2020\/02\/18\/policia-militar-captura-no-sertao-foragido-da-justica-do-parana\/\"},\"author\":{\"name\":\"Marcio Gomes dos Santos\",\"@id\":\"https:\/\/www.pm.pb.gov.br\/portal\/#\/schema\/person\/30d571652b38533c2211e4e89bf5a502\"},\"headline\":\"Pol\u00edcia Militar captura no Sert\u00e3o foragido da Justi\u00e7a do Paran\u00e1\",\"datePublished\":\"2020-02-18T19:10:32+00:00\",\"dateModified\":\"2020-02-18T19:10:33+00:00\",\"mainEntityOfPage\":{\"@id\":\"https:\/\/www.pm.pb.gov.br\/portal\/2020\/02\/18\/policia-militar-captura-no-sertao-foragido-da-justica-do-parana\/\"},\"wordCount\":181,\"publisher\":{\"@id\":\"https:\/\/www.pm.pb.gov.br\/portal\/#organization\"},\"articleSection\":[\"A\u00e7\u00f5es Policiais\"],\"inLanguage\":\"pt-BR\"},{\"@type\":\"WebPage\",\"@id\":\"https:\/\/www.pm.pb.gov.br\/portal\/2020\/02\/18\/policia-militar-captura-no-sertao-foragido-da-justica-do-parana\/\",\"url\":\"https:\/\/www.pm.pb.gov.br\/portal\/2020\/02\/18\/policia-militar-captura-no-sertao-foragido-da-justica-do-parana\/\",\"name\":\"Pol\u00edcia Militar captura no Sert\u00e3o foragido da Justi\u00e7a do Paran\u00e1 - Pol\u00edcia Militar da Para\u00edba\",\"isPartOf\":{\"@id\":\"https:\/\/www.pm.pb.gov.br\/portal\/#website\"},\"datePublished\":\"2020-02-18T19:10:32+00:00\",\"dateModified\":\"2020-02-18T19:10:33+00:00\",\"breadcrumb\":{\"@id\":\"https:\/\/www.pm.pb.gov.br\/portal\/2020\/02\/18\/policia-militar-captura-no-sertao-foragido-da-justica-do-parana\/#breadcrumb\"},\"inLanguage\":\"pt-BR\",\"potentialAction\":[{\"@type\":\"ReadAction\",\"target\":[\"https:\/\/www.pm.pb.gov.br\/portal\/2020\/02\/18\/policia-militar-captura-no-sertao-foragido-da-justica-do-parana\/\"]}]},{\"@type\":\"BreadcrumbList\",\"@id\":\"https:\/\/www.pm.pb.gov.br\/portal\/2020\/02\/18\/policia-militar-captura-no-sertao-foragido-da-justica-do-parana\/#breadcrumb\",\"itemListElement\":[{\"@type\":\"ListItem\",\"position\":1,\"name\":\"In\u00edcio\",\"item\":\"https:\/\/www.pm.pb.gov.br\/portal\/\"},{\"@type\":\"ListItem\",\"position\":2,\"name\":\"Pol\u00edcia Militar captura no Sert\u00e3o foragido da Justi\u00e7a do Paran\u00e1\"}]},{\"@type\":\"WebSite\",\"@id\":\"https:\/\/www.pm.pb.gov.br\/portal\/#website\",\"url\":\"https:\/\/www.pm.pb.gov.br\/portal\/\",\"name\":\"Pol\u00edcia Militar da Para\u00edba\",\"description\":\"\",\"publisher\":{\"@id\":\"https:\/\/www.pm.pb.gov.br\/portal\/#organization\"},\"potentialAction\":[{\"@type\":\"SearchAction\",\"target\":{\"@type\":\"EntryPoint\",\"urlTemplate\":\"https:\/\/www.pm.pb.gov.br\/portal\/?s={search_term_string}\"},\"query-input\":\"required name=search_term_string\"}],\"inLanguage\":\"pt-BR\"},{\"@type\":\"Organization\",\"@id\":\"https:\/\/www.pm.pb.gov.br\/portal\/#organization\",\"name\":\"Pol\u00edcia Militar da Para\u00edba\",\"url\":\"https:\/\/www.pm.pb.gov.br\/portal\/\",\"logo\":{\"@type\":\"ImageObject\",\"inLanguage\":\"pt-BR\",\"@id\":\"https:\/\/www.pm.pb.gov.br\/portal\/#\/schema\/logo\/image\/\",\"url\":\"https:\/\/www.pm.pb.gov.br\/portal\/wp-content\/uploads\/2025\/03\/cropped-logo-site-mag2-1.png\",\"contentUrl\":\"https:\/\/www.pm.pb.gov.br\/portal\/wp-content\/uploads\/2025\/03\/cropped-logo-site-mag2-1.png\",\"width\":320,\"height\":90,\"caption\":\"Pol\u00edcia Militar da Para\u00edba\"},\"image\":{\"@id\":\"https:\/\/www.pm.pb.gov.br\/portal\/#\/schema\/logo\/image\/\"}},{\"@type\":\"Person\",\"@id\":\"https:\/\/www.pm.pb.gov.br\/portal\/#\/schema\/person\/30d571652b38533c2211e4e89bf5a502\",\"name\":\"Marcio Gomes dos Santos\",\"image\":{\"@type\":\"ImageObject\",\"inLanguage\":\"pt-BR\",\"@id\":\"https:\/\/www.pm.pb.gov.br\/portal\/#\/schema\/person\/image\/\",\"url\":\"https:\/\/secure.gravatar.com\/avatar\/cf4ec2cb690101e1581c7773aa350c19?s=96&d=mm&r=g\",\"contentUrl\":\"https:\/\/secure.gravatar.com\/avatar\/cf4ec2cb690101e1581c7773aa350c19?s=96&d=mm&r=g\",\"caption\":\"Marcio Gomes dos Santos\"},\"url\":\"https:\/\/www.pm.pb.gov.br\/portal\/author\/mgomes\/\"}]}<\/script>\n<!-- \/ Yoast SEO plugin. -->","yoast_head_json":{"title":"Pol\u00edcia Militar captura no Sert\u00e3o foragido da Justi\u00e7a do Paran\u00e1 - Pol\u00edcia Militar da Para\u00edba","robots":{"index":"index","follow":"follow","max-snippet":"max-snippet:-1","max-image-preview":"max-image-preview:large","max-video-preview":"max-video-preview:-1"},"canonical":"https:\/\/www.pm.pb.gov.br\/portal\/2020\/02\/18\/policia-militar-captura-no-sertao-foragido-da-justica-do-parana\/","og_locale":"pt_BR","og_type":"article","og_title":"Pol\u00edcia Militar captura no Sert\u00e3o foragido da Justi\u00e7a do Paran\u00e1 - Pol\u00edcia Militar da Para\u00edba","og_description":"A Pol\u00edcia Militar da Para\u00edba prendeu um foragido da Justi\u00e7a, que estava sendo procurado no estado do Paran\u00e1 pelo crime","og_url":"https:\/\/www.pm.pb.gov.br\/portal\/2020\/02\/18\/policia-militar-captura-no-sertao-foragido-da-justica-do-parana\/","og_site_name":"Pol\u00edcia Militar da Para\u00edba","article_published_time":"2020-02-18T19:10:32+00:00","article_modified_time":"2020-02-18T19:10:33+00:00","og_image":[{"width":800,"height":445,"url":"https:\/\/www.pm.pb.gov.br\/portal\/wp-content\/uploads\/2019\/10\/sertaoilustrativa.jpeg","type":"image\/jpeg"}],"author":"Marcio Gomes dos Santos","twitter_card":"summary_large_image","twitter_misc":{"Escrito por":"Marcio Gomes dos Santos","Est. tempo de leitura":"1 minuto"},"schema":{"@context":"https:\/\/schema.org","@graph":[{"@type":"Article","@id":"https:\/\/www.pm.pb.gov.br\/portal\/2020\/02\/18\/policia-militar-captura-no-sertao-foragido-da-justica-do-parana\/#article","isPartOf":{"@id":"https:\/\/www.pm.pb.gov.br\/portal\/2020\/02\/18\/policia-militar-captura-no-sertao-foragido-da-justica-do-parana\/"},"author":{"name":"Marcio Gomes dos Santos","@id":"https:\/\/www.pm.pb.gov.br\/portal\/#\/schema\/person\/30d571652b38533c2211e4e89bf5a502"},"headline":"Pol\u00edcia Militar captura no Sert\u00e3o foragido da Justi\u00e7a do Paran\u00e1","datePublished":"2020-02-18T19:10:32+00:00","dateModified":"2020-02-18T19:10:33+00:00","mainEntityOfPage":{"@id":"https:\/\/www.pm.pb.gov.br\/portal\/2020\/02\/18\/policia-militar-captura-no-sertao-foragido-da-justica-do-parana\/"},"wordCount":181,"publisher":{"@id":"https:\/\/www.pm.pb.gov.br\/portal\/#organization"},"articleSection":["A\u00e7\u00f5es Policiais"],"inLanguage":"pt-BR"},{"@type":"WebPage","@id":"https:\/\/www.pm.pb.gov.br\/portal\/2020\/02\/18\/policia-militar-captura-no-sertao-foragido-da-justica-do-parana\/","url":"https:\/\/www.pm.pb.gov.br\/portal\/2020\/02\/18\/policia-militar-captura-no-sertao-foragido-da-justica-do-parana\/","name":"Pol\u00edcia Militar captura no Sert\u00e3o foragido da Justi\u00e7a do Paran\u00e1 - Pol\u00edcia Militar da Para\u00edba","isPartOf":{"@id":"https:\/\/www.pm.pb.gov.br\/portal\/#website"},"datePublished":"2020-02-18T19:10:32+00:00","dateModified":"2020-02-18T19:10:33+00:00","breadcrumb":{"@id":"https:\/\/www.pm.pb.gov.br\/portal\/2020\/02\/18\/policia-militar-captura-no-sertao-foragido-da-justica-do-parana\/#breadcrumb"},"inLanguage":"pt-BR","potentialAction":[{"@type":"ReadAction","target":["https:\/\/www.pm.pb.gov.br\/portal\/2020\/02\/18\/policia-militar-captura-no-sertao-foragido-da-justica-do-parana\/"]}]},{"@type":"BreadcrumbList","@id":"https:\/\/www.pm.pb.gov.br\/portal\/2020\/02\/18\/policia-militar-captura-no-sertao-foragido-da-justica-do-parana\/#breadcrumb","itemListElement":[{"@type":"ListItem","position":1,"name":"In\u00edcio","item":"https:\/\/www.pm.pb.gov.br\/portal\/"},{"@type":"ListItem","position":2,"name":"Pol\u00edcia Militar captura no Sert\u00e3o foragido da Justi\u00e7a do Paran\u00e1"}]},{"@type":"WebSite","@id":"https:\/\/www.pm.pb.gov.br\/portal\/#website","url":"https:\/\/www.pm.pb.gov.br\/portal\/","name":"Pol\u00edcia Militar da Para\u00edba","description":"","publisher":{"@id":"https:\/\/www.pm.pb.gov.br\/portal\/#organization"},"potentialAction":[{"@type":"SearchAction","target":{"@type":"EntryPoint","urlTemplate":"https:\/\/www.pm.pb.gov.br\/portal\/?s={search_term_string}"},"query-input":"required name=search_term_string"}],"inLanguage":"pt-BR"},{"@type":"Organization","@id":"https:\/\/www.pm.pb.gov.br\/portal\/#organization","name":"Pol\u00edcia Militar da Para\u00edba","url":"https:\/\/www.pm.pb.gov.br\/portal\/","logo":{"@type":"ImageObject","inLanguage":"pt-BR","@id":"https:\/\/www.pm.pb.gov.br\/portal\/#\/schema\/logo\/image\/","url":"https:\/\/www.pm.pb.gov.br\/portal\/wp-content\/uploads\/2025\/03\/cropped-logo-site-mag2-1.png","contentUrl":"https:\/\/www.pm.pb.gov.br\/portal\/wp-content\/uploads\/2025\/03\/cropped-logo-site-mag2-1.png","width":320,"height":90,"caption":"Pol\u00edcia Militar da Para\u00edba"},"image":{"@id":"https:\/\/www.pm.pb.gov.br\/portal\/#\/schema\/logo\/image\/"}},{"@type":"Person","@id":"https:\/\/www.pm.pb.gov.br\/portal\/#\/schema\/person\/30d571652b38533c2211e4e89bf5a502","name":"Marcio Gomes dos Santos","image":{"@type":"ImageObject","inLanguage":"pt-BR","@id":"https:\/\/www.pm.pb.gov.br\/portal\/#\/schema\/person\/image\/","url":"https:\/\/secure.gravatar.com\/avatar\/cf4ec2cb690101e1581c7773aa350c19?s=96&d=mm&r=g","contentUrl":"https:\/\/secure.gravatar.com\/avatar\/cf4ec2cb690101e1581c7773aa350c19?s=96&d=mm&r=g","caption":"Marcio Gomes dos Santos"},"url":"https:\/\/www.pm.pb.gov.br\/portal\/author\/mgomes\/"}]}},"_links":{"self":[{"href":"https:\/\/www.pm.pb.gov.br\/portal\/wp-json\/wp\/v2\/posts\/903901"}],"collection":[{"href":"https:\/\/www.pm.pb.gov.br\/portal\/wp-json\/wp\/v2\/posts"}],"about":[{"href":"https:\/\/www.pm.pb.gov.br\/portal\/wp-json\/wp\/v2\/types\/post"}],"author":[{"embeddable":true,"href":"https:\/\/www.pm.pb.gov.br\/portal\/wp-json\/wp\/v2\/users\/15"}],"replies":[{"embeddable":true,"href":"https:\/\/www.pm.pb.gov.br\/portal\/wp-json\/wp\/v2\/comments?post=903901"}],"version-history":[{"count":1,"href":"https:\/\/www.pm.pb.gov.br\/portal\/wp-json\/wp\/v2\/posts\/903901\/revisions"}],"predecessor-version":[{"id":903902,"href":"https:\/\/www.pm.pb.gov.br\/portal\/wp-json\/wp\/v2\/posts\/903901\/revisions\/903902"}],"wp:featuredmedia":[{"embeddable":true,"href":"https:\/\/www.pm.pb.gov.br\/portal\/wp-json\/wp\/v2\/media\/902591"}],"wp:attachment":[{"href":"https:\/\/www.pm.pb.gov.br\/portal\/wp-json\/wp\/v2\/media?parent=903901"}],"wp:term":[{"taxonomy":"category","embeddable":true,"href":"https:\/\/www.pm.pb.gov.br\/portal\/wp-json\/wp\/v2\/categories?post=903901"},{"taxonomy":"post_tag","embeddable":true,"href":"https:\/\/www.pm.pb.gov.br\/portal\/wp-json\/wp\/v2\/tags?post=903901"}],"curies":[{"name":"wp","href":"https:\/\/api.w.org\/{rel}","templated":true}]}}