{"id":903897,"date":"2020-02-18T13:51:46","date_gmt":"2020-02-18T16:51:46","guid":{"rendered":"http:\/\/www.pm.pb.gov.br\/portal\/?p=903897"},"modified":"2020-02-18T14:37:12","modified_gmt":"2020-02-18T17:37:12","slug":"seguranca-orienta-cidadaos-sobre-uso-do-190-193-e-197-e-alerta-que-trote-e-crime","status":"publish","type":"post","link":"https:\/\/www.pm.pb.gov.br\/portal\/2020\/02\/18\/seguranca-orienta-cidadaos-sobre-uso-do-190-193-e-197-e-alerta-que-trote-e-crime\/","title":{"rendered":"Seguran\u00e7a orienta cidad\u00e3os sobre uso do 190, 193 e 197 e alerta que trote \u00e9 crime"},"content":{"rendered":"\n<p>Na Para\u00edba, tr\u00eas n\u00fameros para contato direto com as Pol\u00edcias Militar e Civil e o Corpo de Bombeiros Militar s\u00e3o oferecidos pela Secretaria de Estado da Seguran\u00e7a e da Defesa Social (Sesds) \u00e0 popula\u00e7\u00e3o para registros de ocorr\u00eancias e atendimentos de urg\u00eancia e emerg\u00eancia ou para denunciar fatos que necessitam de investiga\u00e7\u00e3o: 190, 193 e 197.\u00a0\u00a0As chamadas s\u00e3o direcionadas \u00e0s institui\u00e7\u00f5es respons\u00e1veis pelo atendimento \u00e0 popula\u00e7\u00e3o em todo o Estado.\u00a0Os n\u00fameros de telefone, que funcionam gratuitamente e de forma ininterrupta, podem ser discados de aparelhos fixos ou m\u00f3veis e o esclarecimento sobre a diferen\u00e7a entre os servi\u00e7os d\u00e1 mais agilidade na resposta dos \u00f3rg\u00e3os de seguran\u00e7a p\u00fablica \u00e0 popula\u00e7\u00e3o. Liga\u00e7\u00f5es indevidas, conhecidas como trotes, s\u00e3o crime previsto no C\u00f3digo Penal Brasileiro, sujeito \u00e0 deten\u00e7\u00e3o e multa.\u00a0\u00a0<br \/><br \/>Na pr\u00e1tica, quando o cidad\u00e3o liga para o 190, a Pol\u00edcia Militar \u00e9 acionada. S\u00e3o chamadas como roubos, furtos, crimes contra a vida, ou tentativas, entre outros tipos de ocorr\u00eancia policial. J\u00e1 o 193 deve ser utilizado pelo cidad\u00e3o que deseja atendimento por parte do Corpo de Bombeiros Militar, que trabalha com resgates, acidentes, colis\u00f5es, inc\u00eandios, entre as poss\u00edveis situa\u00e7\u00f5es de emerg\u00eancia relacionadas \u00e0 vida. Ambos os n\u00fameros est\u00e3o diretamente ligados aos atendimentos realizados pelo Centro Integrado de Opera\u00e7\u00f5es (Ciop) da Sesds.\u00a0<br \/><br \/>De acordo com o coordenador do servi\u00e7o, coronel J\u00falio C\u00e9sar de Oliveira, somente no 2\u00ba semestre de 2019, o Ciop recebeu 60 mil liga\u00e7\u00f5es direcionadas ao 193 e 320 mil pra o 190. Dessas, 19% e 41%, respectivamente, foram consideradas indevidas, o que inclui os trotes. \u201cUm mesmo n\u00famero chegou a ligar tr\u00eas mil vezes, de forma indevida, para o Ciop. Ao mesmo tempo que \u00e9 importante orientar o cidad\u00e3o para o servi\u00e7o prestado por cada n\u00famero de urg\u00eancia e emerg\u00eancia, \u00e9 preciso orientar tamb\u00e9m sobre o fato de que trote \u00e9 crime e que existe uma san\u00e7\u00e3o prevista para a essa pr\u00e1tica, pass\u00edvel de deten\u00e7\u00e3o ou multa\u201d, alertou o coordenador.\u00a0<br \/><br \/><strong>Para investiga\u00e7\u00e3o<\/strong> \u2013 O Disque Den\u00fancia 197 \u00e9 um canal direto do cidad\u00e3o com a Pol\u00edcia Civil, para encaminhar den\u00fancias que ser\u00e3o investigadas e que podem ser acompanhadas por um n\u00famero de protocolo, explicou o coronel J\u00falio C\u00e9sar.\u00a0A liga\u00e7\u00e3o para o servi\u00e7o \u00e9 gratuita, de celular ou telefone convencional, partindo de qualquer lugar do Estado, 24h por dia. O diferencial \u00e9 que o denunciante n\u00e3o precisa se identificar e as informa\u00e7\u00f5es s\u00e3o repassadas para a unidade policial respons\u00e1vel pela apura\u00e7\u00e3o da den\u00fancia.<\/p>\n","protected":false},"excerpt":{"rendered":"<p>Na Para\u00edba, tr\u00eas n\u00fameros para contato direto com as Pol\u00edcias Militar e Civil e o Corpo de Bombeiros Militar s\u00e3o<\/p>\n","protected":false},"author":15,"featured_media":903900,"comment_status":"closed","ping_status":"closed","sticky":false,"template":"","format":"standard","meta":{"_exactmetrics_skip_tracking":false,"_exactmetrics_sitenote_active":false,"_exactmetrics_sitenote_note":"","_exactmetrics_sitenote_category":0,"footnotes":""},"categories":[16,14],"tags":[],"yoast_head":"<!-- This site is optimized with the Yoast SEO plugin v22.0 - https:\/\/yoast.com\/wordpress\/plugins\/seo\/ -->\n<title>Seguran\u00e7a orienta cidad\u00e3os sobre uso do 190, 193 e 197 e alerta que trote \u00e9 crime - Pol\u00edcia Militar da Para\u00edba<\/title>\n<meta name=\"robots\" content=\"index, follow, max-snippet:-1, max-image-preview:large, max-video-preview:-1\" \/>\n<link rel=\"canonical\" href=\"https:\/\/www.pm.pb.gov.br\/portal\/2020\/02\/18\/seguranca-orienta-cidadaos-sobre-uso-do-190-193-e-197-e-alerta-que-trote-e-crime\/\" \/>\n<meta property=\"og:locale\" content=\"pt_BR\" \/>\n<meta property=\"og:type\" content=\"article\" \/>\n<meta property=\"og:title\" content=\"Seguran\u00e7a orienta cidad\u00e3os sobre uso do 190, 193 e 197 e alerta que trote \u00e9 crime - Pol\u00edcia Militar da Para\u00edba\" \/>\n<meta property=\"og:description\" content=\"Na Para\u00edba, tr\u00eas n\u00fameros para contato direto com as Pol\u00edcias Militar e Civil e o Corpo de Bombeiros Militar s\u00e3o\" \/>\n<meta property=\"og:url\" content=\"https:\/\/www.pm.pb.gov.br\/portal\/2020\/02\/18\/seguranca-orienta-cidadaos-sobre-uso-do-190-193-e-197-e-alerta-que-trote-e-crime\/\" \/>\n<meta property=\"og:site_name\" content=\"Pol\u00edcia Militar da Para\u00edba\" \/>\n<meta property=\"article:published_time\" content=\"2020-02-18T16:51:46+00:00\" \/>\n<meta property=\"article:modified_time\" content=\"2020-02-18T17:37:12+00:00\" \/>\n<meta property=\"og:image\" content=\"https:\/\/www.pm.pb.gov.br\/portal\/wp-content\/uploads\/2020\/02\/sesds.jpg\" \/>\n\t<meta property=\"og:image:width\" content=\"800\" \/>\n\t<meta property=\"og:image:height\" content=\"445\" \/>\n\t<meta property=\"og:image:type\" content=\"image\/jpeg\" \/>\n<meta name=\"author\" content=\"Marcio Gomes dos Santos\" \/>\n<meta name=\"twitter:card\" content=\"summary_large_image\" \/>\n<meta name=\"twitter:label1\" content=\"Escrito por\" \/>\n\t<meta name=\"twitter:data1\" content=\"Marcio Gomes dos Santos\" \/>\n\t<meta name=\"twitter:label2\" content=\"Est. tempo de leitura\" \/>\n\t<meta name=\"twitter:data2\" content=\"2 minutos\" \/>\n<script type=\"application\/ld+json\" class=\"yoast-schema-graph\">{\"@context\":\"https:\/\/schema.org\",\"@graph\":[{\"@type\":\"Article\",\"@id\":\"https:\/\/www.pm.pb.gov.br\/portal\/2020\/02\/18\/seguranca-orienta-cidadaos-sobre-uso-do-190-193-e-197-e-alerta-que-trote-e-crime\/#article\",\"isPartOf\":{\"@id\":\"https:\/\/www.pm.pb.gov.br\/portal\/2020\/02\/18\/seguranca-orienta-cidadaos-sobre-uso-do-190-193-e-197-e-alerta-que-trote-e-crime\/\"},\"author\":{\"name\":\"Marcio Gomes dos Santos\",\"@id\":\"https:\/\/www.pm.pb.gov.br\/portal\/#\/schema\/person\/30d571652b38533c2211e4e89bf5a502\"},\"headline\":\"Seguran\u00e7a orienta cidad\u00e3os sobre uso do 190, 193 e 197 e alerta que trote \u00e9 crime\",\"datePublished\":\"2020-02-18T16:51:46+00:00\",\"dateModified\":\"2020-02-18T17:37:12+00:00\",\"mainEntityOfPage\":{\"@id\":\"https:\/\/www.pm.pb.gov.br\/portal\/2020\/02\/18\/seguranca-orienta-cidadaos-sobre-uso-do-190-193-e-197-e-alerta-que-trote-e-crime\/\"},\"wordCount\":465,\"publisher\":{\"@id\":\"https:\/\/www.pm.pb.gov.br\/portal\/#organization\"},\"articleSection\":[\"Orienta\u00e7\u00f5es\",\"Preven\u00e7\u00e3o\"],\"inLanguage\":\"pt-BR\"},{\"@type\":\"WebPage\",\"@id\":\"https:\/\/www.pm.pb.gov.br\/portal\/2020\/02\/18\/seguranca-orienta-cidadaos-sobre-uso-do-190-193-e-197-e-alerta-que-trote-e-crime\/\",\"url\":\"https:\/\/www.pm.pb.gov.br\/portal\/2020\/02\/18\/seguranca-orienta-cidadaos-sobre-uso-do-190-193-e-197-e-alerta-que-trote-e-crime\/\",\"name\":\"Seguran\u00e7a orienta cidad\u00e3os sobre uso do 190, 193 e 197 e alerta que trote \u00e9 crime - Pol\u00edcia Militar da Para\u00edba\",\"isPartOf\":{\"@id\":\"https:\/\/www.pm.pb.gov.br\/portal\/#website\"},\"datePublished\":\"2020-02-18T16:51:46+00:00\",\"dateModified\":\"2020-02-18T17:37:12+00:00\",\"breadcrumb\":{\"@id\":\"https:\/\/www.pm.pb.gov.br\/portal\/2020\/02\/18\/seguranca-orienta-cidadaos-sobre-uso-do-190-193-e-197-e-alerta-que-trote-e-crime\/#breadcrumb\"},\"inLanguage\":\"pt-BR\",\"potentialAction\":[{\"@type\":\"ReadAction\",\"target\":[\"https:\/\/www.pm.pb.gov.br\/portal\/2020\/02\/18\/seguranca-orienta-cidadaos-sobre-uso-do-190-193-e-197-e-alerta-que-trote-e-crime\/\"]}]},{\"@type\":\"BreadcrumbList\",\"@id\":\"https:\/\/www.pm.pb.gov.br\/portal\/2020\/02\/18\/seguranca-orienta-cidadaos-sobre-uso-do-190-193-e-197-e-alerta-que-trote-e-crime\/#breadcrumb\",\"itemListElement\":[{\"@type\":\"ListItem\",\"position\":1,\"name\":\"In\u00edcio\",\"item\":\"https:\/\/www.pm.pb.gov.br\/portal\/\"},{\"@type\":\"ListItem\",\"position\":2,\"name\":\"Seguran\u00e7a orienta cidad\u00e3os sobre uso do 190, 193 e 197 e alerta que trote \u00e9 crime\"}]},{\"@type\":\"WebSite\",\"@id\":\"https:\/\/www.pm.pb.gov.br\/portal\/#website\",\"url\":\"https:\/\/www.pm.pb.gov.br\/portal\/\",\"name\":\"Pol\u00edcia Militar da Para\u00edba\",\"description\":\"\",\"publisher\":{\"@id\":\"https:\/\/www.pm.pb.gov.br\/portal\/#organization\"},\"potentialAction\":[{\"@type\":\"SearchAction\",\"target\":{\"@type\":\"EntryPoint\",\"urlTemplate\":\"https:\/\/www.pm.pb.gov.br\/portal\/?s={search_term_string}\"},\"query-input\":\"required name=search_term_string\"}],\"inLanguage\":\"pt-BR\"},{\"@type\":\"Organization\",\"@id\":\"https:\/\/www.pm.pb.gov.br\/portal\/#organization\",\"name\":\"Pol\u00edcia Militar da Para\u00edba\",\"url\":\"https:\/\/www.pm.pb.gov.br\/portal\/\",\"logo\":{\"@type\":\"ImageObject\",\"inLanguage\":\"pt-BR\",\"@id\":\"https:\/\/www.pm.pb.gov.br\/portal\/#\/schema\/logo\/image\/\",\"url\":\"https:\/\/www.pm.pb.gov.br\/portal\/wp-content\/uploads\/2025\/03\/cropped-logo-site-mag2-1.png\",\"contentUrl\":\"https:\/\/www.pm.pb.gov.br\/portal\/wp-content\/uploads\/2025\/03\/cropped-logo-site-mag2-1.png\",\"width\":320,\"height\":90,\"caption\":\"Pol\u00edcia Militar da Para\u00edba\"},\"image\":{\"@id\":\"https:\/\/www.pm.pb.gov.br\/portal\/#\/schema\/logo\/image\/\"}},{\"@type\":\"Person\",\"@id\":\"https:\/\/www.pm.pb.gov.br\/portal\/#\/schema\/person\/30d571652b38533c2211e4e89bf5a502\",\"name\":\"Marcio Gomes dos Santos\",\"image\":{\"@type\":\"ImageObject\",\"inLanguage\":\"pt-BR\",\"@id\":\"https:\/\/www.pm.pb.gov.br\/portal\/#\/schema\/person\/image\/\",\"url\":\"https:\/\/secure.gravatar.com\/avatar\/cf4ec2cb690101e1581c7773aa350c19?s=96&d=mm&r=g\",\"contentUrl\":\"https:\/\/secure.gravatar.com\/avatar\/cf4ec2cb690101e1581c7773aa350c19?s=96&d=mm&r=g\",\"caption\":\"Marcio Gomes dos Santos\"},\"url\":\"https:\/\/www.pm.pb.gov.br\/portal\/author\/mgomes\/\"}]}<\/script>\n<!-- \/ Yoast SEO plugin. -->","yoast_head_json":{"title":"Seguran\u00e7a orienta cidad\u00e3os sobre uso do 190, 193 e 197 e alerta que trote \u00e9 crime - Pol\u00edcia Militar da Para\u00edba","robots":{"index":"index","follow":"follow","max-snippet":"max-snippet:-1","max-image-preview":"max-image-preview:large","max-video-preview":"max-video-preview:-1"},"canonical":"https:\/\/www.pm.pb.gov.br\/portal\/2020\/02\/18\/seguranca-orienta-cidadaos-sobre-uso-do-190-193-e-197-e-alerta-que-trote-e-crime\/","og_locale":"pt_BR","og_type":"article","og_title":"Seguran\u00e7a orienta cidad\u00e3os sobre uso do 190, 193 e 197 e alerta que trote \u00e9 crime - Pol\u00edcia Militar da Para\u00edba","og_description":"Na Para\u00edba, tr\u00eas n\u00fameros para contato direto com as Pol\u00edcias Militar e Civil e o Corpo de Bombeiros Militar s\u00e3o","og_url":"https:\/\/www.pm.pb.gov.br\/portal\/2020\/02\/18\/seguranca-orienta-cidadaos-sobre-uso-do-190-193-e-197-e-alerta-que-trote-e-crime\/","og_site_name":"Pol\u00edcia Militar da Para\u00edba","article_published_time":"2020-02-18T16:51:46+00:00","article_modified_time":"2020-02-18T17:37:12+00:00","og_image":[{"width":800,"height":445,"url":"https:\/\/www.pm.pb.gov.br\/portal\/wp-content\/uploads\/2020\/02\/sesds.jpg","type":"image\/jpeg"}],"author":"Marcio Gomes dos Santos","twitter_card":"summary_large_image","twitter_misc":{"Escrito por":"Marcio Gomes dos Santos","Est. tempo de leitura":"2 minutos"},"schema":{"@context":"https:\/\/schema.org","@graph":[{"@type":"Article","@id":"https:\/\/www.pm.pb.gov.br\/portal\/2020\/02\/18\/seguranca-orienta-cidadaos-sobre-uso-do-190-193-e-197-e-alerta-que-trote-e-crime\/#article","isPartOf":{"@id":"https:\/\/www.pm.pb.gov.br\/portal\/2020\/02\/18\/seguranca-orienta-cidadaos-sobre-uso-do-190-193-e-197-e-alerta-que-trote-e-crime\/"},"author":{"name":"Marcio Gomes dos Santos","@id":"https:\/\/www.pm.pb.gov.br\/portal\/#\/schema\/person\/30d571652b38533c2211e4e89bf5a502"},"headline":"Seguran\u00e7a orienta cidad\u00e3os sobre uso do 190, 193 e 197 e alerta que trote \u00e9 crime","datePublished":"2020-02-18T16:51:46+00:00","dateModified":"2020-02-18T17:37:12+00:00","mainEntityOfPage":{"@id":"https:\/\/www.pm.pb.gov.br\/portal\/2020\/02\/18\/seguranca-orienta-cidadaos-sobre-uso-do-190-193-e-197-e-alerta-que-trote-e-crime\/"},"wordCount":465,"publisher":{"@id":"https:\/\/www.pm.pb.gov.br\/portal\/#organization"},"articleSection":["Orienta\u00e7\u00f5es","Preven\u00e7\u00e3o"],"inLanguage":"pt-BR"},{"@type":"WebPage","@id":"https:\/\/www.pm.pb.gov.br\/portal\/2020\/02\/18\/seguranca-orienta-cidadaos-sobre-uso-do-190-193-e-197-e-alerta-que-trote-e-crime\/","url":"https:\/\/www.pm.pb.gov.br\/portal\/2020\/02\/18\/seguranca-orienta-cidadaos-sobre-uso-do-190-193-e-197-e-alerta-que-trote-e-crime\/","name":"Seguran\u00e7a orienta cidad\u00e3os sobre uso do 190, 193 e 197 e alerta que trote \u00e9 crime - Pol\u00edcia Militar da Para\u00edba","isPartOf":{"@id":"https:\/\/www.pm.pb.gov.br\/portal\/#website"},"datePublished":"2020-02-18T16:51:46+00:00","dateModified":"2020-02-18T17:37:12+00:00","breadcrumb":{"@id":"https:\/\/www.pm.pb.gov.br\/portal\/2020\/02\/18\/seguranca-orienta-cidadaos-sobre-uso-do-190-193-e-197-e-alerta-que-trote-e-crime\/#breadcrumb"},"inLanguage":"pt-BR","potentialAction":[{"@type":"ReadAction","target":["https:\/\/www.pm.pb.gov.br\/portal\/2020\/02\/18\/seguranca-orienta-cidadaos-sobre-uso-do-190-193-e-197-e-alerta-que-trote-e-crime\/"]}]},{"@type":"BreadcrumbList","@id":"https:\/\/www.pm.pb.gov.br\/portal\/2020\/02\/18\/seguranca-orienta-cidadaos-sobre-uso-do-190-193-e-197-e-alerta-que-trote-e-crime\/#breadcrumb","itemListElement":[{"@type":"ListItem","position":1,"name":"In\u00edcio","item":"https:\/\/www.pm.pb.gov.br\/portal\/"},{"@type":"ListItem","position":2,"name":"Seguran\u00e7a orienta cidad\u00e3os sobre uso do 190, 193 e 197 e alerta que trote \u00e9 crime"}]},{"@type":"WebSite","@id":"https:\/\/www.pm.pb.gov.br\/portal\/#website","url":"https:\/\/www.pm.pb.gov.br\/portal\/","name":"Pol\u00edcia Militar da Para\u00edba","description":"","publisher":{"@id":"https:\/\/www.pm.pb.gov.br\/portal\/#organization"},"potentialAction":[{"@type":"SearchAction","target":{"@type":"EntryPoint","urlTemplate":"https:\/\/www.pm.pb.gov.br\/portal\/?s={search_term_string}"},"query-input":"required name=search_term_string"}],"inLanguage":"pt-BR"},{"@type":"Organization","@id":"https:\/\/www.pm.pb.gov.br\/portal\/#organization","name":"Pol\u00edcia Militar da Para\u00edba","url":"https:\/\/www.pm.pb.gov.br\/portal\/","logo":{"@type":"ImageObject","inLanguage":"pt-BR","@id":"https:\/\/www.pm.pb.gov.br\/portal\/#\/schema\/logo\/image\/","url":"https:\/\/www.pm.pb.gov.br\/portal\/wp-content\/uploads\/2025\/03\/cropped-logo-site-mag2-1.png","contentUrl":"https:\/\/www.pm.pb.gov.br\/portal\/wp-content\/uploads\/2025\/03\/cropped-logo-site-mag2-1.png","width":320,"height":90,"caption":"Pol\u00edcia Militar da Para\u00edba"},"image":{"@id":"https:\/\/www.pm.pb.gov.br\/portal\/#\/schema\/logo\/image\/"}},{"@type":"Person","@id":"https:\/\/www.pm.pb.gov.br\/portal\/#\/schema\/person\/30d571652b38533c2211e4e89bf5a502","name":"Marcio Gomes dos Santos","image":{"@type":"ImageObject","inLanguage":"pt-BR","@id":"https:\/\/www.pm.pb.gov.br\/portal\/#\/schema\/person\/image\/","url":"https:\/\/secure.gravatar.com\/avatar\/cf4ec2cb690101e1581c7773aa350c19?s=96&d=mm&r=g","contentUrl":"https:\/\/secure.gravatar.com\/avatar\/cf4ec2cb690101e1581c7773aa350c19?s=96&d=mm&r=g","caption":"Marcio Gomes dos Santos"},"url":"https:\/\/www.pm.pb.gov.br\/portal\/author\/mgomes\/"}]}},"_links":{"self":[{"href":"https:\/\/www.pm.pb.gov.br\/portal\/wp-json\/wp\/v2\/posts\/903897"}],"collection":[{"href":"https:\/\/www.pm.pb.gov.br\/portal\/wp-json\/wp\/v2\/posts"}],"about":[{"href":"https:\/\/www.pm.pb.gov.br\/portal\/wp-json\/wp\/v2\/types\/post"}],"author":[{"embeddable":true,"href":"https:\/\/www.pm.pb.gov.br\/portal\/wp-json\/wp\/v2\/users\/15"}],"replies":[{"embeddable":true,"href":"https:\/\/www.pm.pb.gov.br\/portal\/wp-json\/wp\/v2\/comments?post=903897"}],"version-history":[{"count":1,"href":"https:\/\/www.pm.pb.gov.br\/portal\/wp-json\/wp\/v2\/posts\/903897\/revisions"}],"predecessor-version":[{"id":903898,"href":"https:\/\/www.pm.pb.gov.br\/portal\/wp-json\/wp\/v2\/posts\/903897\/revisions\/903898"}],"wp:featuredmedia":[{"embeddable":true,"href":"https:\/\/www.pm.pb.gov.br\/portal\/wp-json\/wp\/v2\/media\/903900"}],"wp:attachment":[{"href":"https:\/\/www.pm.pb.gov.br\/portal\/wp-json\/wp\/v2\/media?parent=903897"}],"wp:term":[{"taxonomy":"category","embeddable":true,"href":"https:\/\/www.pm.pb.gov.br\/portal\/wp-json\/wp\/v2\/categories?post=903897"},{"taxonomy":"post_tag","embeddable":true,"href":"https:\/\/www.pm.pb.gov.br\/portal\/wp-json\/wp\/v2\/tags?post=903897"}],"curies":[{"name":"wp","href":"https:\/\/api.w.org\/{rel}","templated":true}]}}