{"id":903886,"date":"2020-02-23T08:50:46","date_gmt":"2020-02-23T11:50:46","guid":{"rendered":"http:\/\/www.pm.pb.gov.br\/portal\/?p=903886"},"modified":"2020-02-23T08:55:38","modified_gmt":"2020-02-23T11:55:38","slug":"policial-de-folga-intercepta-fuga-de-criminosos-que-tentaram-assaltar-supermercado-na-capital-e-prende-um-deles-em-flagrante","status":"publish","type":"post","link":"https:\/\/www.pm.pb.gov.br\/portal\/2020\/02\/23\/policial-de-folga-intercepta-fuga-de-criminosos-que-tentaram-assaltar-supermercado-na-capital-e-prende-um-deles-em-flagrante\/","title":{"rendered":"Policial de folga intercepta fuga de criminosos que tentaram assaltar supermercado na Capital e prende um deles em flagrante"},"content":{"rendered":"<p>Um soldado da 1\u00aa Companhia de Choque do Batalh\u00e3o de Opera\u00e7\u00f5es Especiais (BOPE) da Pol\u00edcia Militar enfrentou sozinho tr\u00eas criminosos que tinham acabado de tentar assaltar um supermercado, na noite desse s\u00e1bado (22), no bairro do Jos\u00e9 Am\u00e9rico, em Jo\u00e3o Pessoa. O militar estava de folga, comemorando o anivers\u00e1rio do filho, quando escutou os tiros e foi ver o que era.<\/p>\n<p>Quando saiu, o PM se deparou com os acusados armados, fugindo, ap\u00f3s abandonarem o carro usado na a\u00e7\u00e3o criminosa. Houve troca de tiros e o policial conseguiu prender um deles em flagrante com um rev\u00f3lver. Os outros dois fugiram. O que foi preso tem 25 anos e j\u00e1 responde a processo por homic\u00eddio na Vara \u00danica de Lucena. A arma que ele estava tinha sido furtada na cidade de Campina Grande.<\/p>\n<p><strong>Assalto frustrado<\/strong> \u2013 O assalto ao supermercado foi frustrado gra\u00e7as a a\u00e7\u00e3o r\u00e1pida de um policial que tamb\u00e9m estava de folga. Ele, que \u00e9 cabo da For\u00e7a Regional, tinha feito as compras e parou para cumprimentar um conhecido. Neste momento, o PM de folga percebeu quando o carro com os criminosos parou, um dos acusados desceu armado e ent\u00e3o largou as sacolas de feira e reagiu contra os suspeitos, tendo in\u00edcio um troca de tiros que obrigou os bandidos a abandonarem o carro e fugirem a p\u00e9.<\/p>\n<p>Todo o caso foi registrado na Central de Flagrantes, no Geisel, e os dois bandidos que fugiram est\u00e3o sendo procurados.<\/p>\n","protected":false},"excerpt":{"rendered":"<p>Um soldado da 1\u00aa Companhia de Choque do Batalh\u00e3o de Opera\u00e7\u00f5es Especiais (BOPE) da Pol\u00edcia Militar enfrentou sozinho tr\u00eas criminosos<\/p>\n","protected":false},"author":10,"featured_media":903913,"comment_status":"closed","ping_status":"closed","sticky":false,"template":"","format":"standard","meta":{"_exactmetrics_skip_tracking":false,"_exactmetrics_sitenote_active":false,"_exactmetrics_sitenote_note":"","_exactmetrics_sitenote_category":0,"footnotes":""},"categories":[4],"tags":[],"yoast_head":"<!-- This site is optimized with the Yoast SEO plugin v22.0 - https:\/\/yoast.com\/wordpress\/plugins\/seo\/ -->\n<title>Policial de folga intercepta fuga de criminosos que tentaram assaltar supermercado na Capital e prende um deles em flagrante - Pol\u00edcia Militar da Para\u00edba<\/title>\n<meta name=\"robots\" content=\"index, follow, max-snippet:-1, max-image-preview:large, max-video-preview:-1\" \/>\n<link rel=\"canonical\" href=\"https:\/\/www.pm.pb.gov.br\/portal\/2020\/02\/23\/policial-de-folga-intercepta-fuga-de-criminosos-que-tentaram-assaltar-supermercado-na-capital-e-prende-um-deles-em-flagrante\/\" \/>\n<meta property=\"og:locale\" content=\"pt_BR\" \/>\n<meta property=\"og:type\" content=\"article\" \/>\n<meta property=\"og:title\" content=\"Policial de folga intercepta fuga de criminosos que tentaram assaltar supermercado na Capital e prende um deles em flagrante - Pol\u00edcia Militar da Para\u00edba\" \/>\n<meta property=\"og:description\" content=\"Um soldado da 1\u00aa Companhia de Choque do Batalh\u00e3o de Opera\u00e7\u00f5es Especiais (BOPE) da Pol\u00edcia Militar enfrentou sozinho tr\u00eas criminosos\" \/>\n<meta property=\"og:url\" content=\"https:\/\/www.pm.pb.gov.br\/portal\/2020\/02\/23\/policial-de-folga-intercepta-fuga-de-criminosos-que-tentaram-assaltar-supermercado-na-capital-e-prende-um-deles-em-flagrante\/\" \/>\n<meta property=\"og:site_name\" content=\"Pol\u00edcia Militar da Para\u00edba\" \/>\n<meta property=\"article:published_time\" content=\"2020-02-23T11:50:46+00:00\" \/>\n<meta property=\"article:modified_time\" content=\"2020-02-23T11:55:38+00:00\" \/>\n<meta property=\"og:image\" content=\"https:\/\/www.pm.pb.gov.br\/portal\/wp-content\/uploads\/2020\/02\/arma-apreendida-no-Jos\u00e9-Am\u00e9rico.jpeg\" \/>\n\t<meta property=\"og:image:width\" content=\"720\" \/>\n\t<meta property=\"og:image:height\" content=\"1280\" \/>\n\t<meta property=\"og:image:type\" content=\"image\/jpeg\" \/>\n<meta name=\"author\" content=\"WAGNER HENRIQUE VARELA DA SILVA\" \/>\n<meta name=\"twitter:card\" content=\"summary_large_image\" \/>\n<meta name=\"twitter:label1\" content=\"Escrito por\" \/>\n\t<meta name=\"twitter:data1\" content=\"WAGNER HENRIQUE VARELA DA SILVA\" \/>\n\t<meta name=\"twitter:label2\" content=\"Est. tempo de leitura\" \/>\n\t<meta name=\"twitter:data2\" content=\"1 minuto\" \/>\n<script type=\"application\/ld+json\" class=\"yoast-schema-graph\">{\"@context\":\"https:\/\/schema.org\",\"@graph\":[{\"@type\":\"Article\",\"@id\":\"https:\/\/www.pm.pb.gov.br\/portal\/2020\/02\/23\/policial-de-folga-intercepta-fuga-de-criminosos-que-tentaram-assaltar-supermercado-na-capital-e-prende-um-deles-em-flagrante\/#article\",\"isPartOf\":{\"@id\":\"https:\/\/www.pm.pb.gov.br\/portal\/2020\/02\/23\/policial-de-folga-intercepta-fuga-de-criminosos-que-tentaram-assaltar-supermercado-na-capital-e-prende-um-deles-em-flagrante\/\"},\"author\":{\"name\":\"WAGNER HENRIQUE VARELA DA SILVA\",\"@id\":\"https:\/\/www.pm.pb.gov.br\/portal\/#\/schema\/person\/b169b297b8494dea236e315ed1a201d1\"},\"headline\":\"Policial de folga intercepta fuga de criminosos que tentaram assaltar supermercado na Capital e prende um deles em flagrante\",\"datePublished\":\"2020-02-23T11:50:46+00:00\",\"dateModified\":\"2020-02-23T11:55:38+00:00\",\"mainEntityOfPage\":{\"@id\":\"https:\/\/www.pm.pb.gov.br\/portal\/2020\/02\/23\/policial-de-folga-intercepta-fuga-de-criminosos-que-tentaram-assaltar-supermercado-na-capital-e-prende-um-deles-em-flagrante\/\"},\"wordCount\":273,\"publisher\":{\"@id\":\"https:\/\/www.pm.pb.gov.br\/portal\/#organization\"},\"articleSection\":[\"A\u00e7\u00f5es Policiais\"],\"inLanguage\":\"pt-BR\"},{\"@type\":\"WebPage\",\"@id\":\"https:\/\/www.pm.pb.gov.br\/portal\/2020\/02\/23\/policial-de-folga-intercepta-fuga-de-criminosos-que-tentaram-assaltar-supermercado-na-capital-e-prende-um-deles-em-flagrante\/\",\"url\":\"https:\/\/www.pm.pb.gov.br\/portal\/2020\/02\/23\/policial-de-folga-intercepta-fuga-de-criminosos-que-tentaram-assaltar-supermercado-na-capital-e-prende-um-deles-em-flagrante\/\",\"name\":\"Policial de folga intercepta fuga de criminosos que tentaram assaltar supermercado na Capital e prende um deles em flagrante - Pol\u00edcia Militar da Para\u00edba\",\"isPartOf\":{\"@id\":\"https:\/\/www.pm.pb.gov.br\/portal\/#website\"},\"datePublished\":\"2020-02-23T11:50:46+00:00\",\"dateModified\":\"2020-02-23T11:55:38+00:00\",\"breadcrumb\":{\"@id\":\"https:\/\/www.pm.pb.gov.br\/portal\/2020\/02\/23\/policial-de-folga-intercepta-fuga-de-criminosos-que-tentaram-assaltar-supermercado-na-capital-e-prende-um-deles-em-flagrante\/#breadcrumb\"},\"inLanguage\":\"pt-BR\",\"potentialAction\":[{\"@type\":\"ReadAction\",\"target\":[\"https:\/\/www.pm.pb.gov.br\/portal\/2020\/02\/23\/policial-de-folga-intercepta-fuga-de-criminosos-que-tentaram-assaltar-supermercado-na-capital-e-prende-um-deles-em-flagrante\/\"]}]},{\"@type\":\"BreadcrumbList\",\"@id\":\"https:\/\/www.pm.pb.gov.br\/portal\/2020\/02\/23\/policial-de-folga-intercepta-fuga-de-criminosos-que-tentaram-assaltar-supermercado-na-capital-e-prende-um-deles-em-flagrante\/#breadcrumb\",\"itemListElement\":[{\"@type\":\"ListItem\",\"position\":1,\"name\":\"In\u00edcio\",\"item\":\"https:\/\/www.pm.pb.gov.br\/portal\/\"},{\"@type\":\"ListItem\",\"position\":2,\"name\":\"Policial de folga intercepta fuga de criminosos que tentaram assaltar supermercado na Capital e prende um deles em flagrante\"}]},{\"@type\":\"WebSite\",\"@id\":\"https:\/\/www.pm.pb.gov.br\/portal\/#website\",\"url\":\"https:\/\/www.pm.pb.gov.br\/portal\/\",\"name\":\"Pol\u00edcia Militar da Para\u00edba\",\"description\":\"\",\"publisher\":{\"@id\":\"https:\/\/www.pm.pb.gov.br\/portal\/#organization\"},\"potentialAction\":[{\"@type\":\"SearchAction\",\"target\":{\"@type\":\"EntryPoint\",\"urlTemplate\":\"https:\/\/www.pm.pb.gov.br\/portal\/?s={search_term_string}\"},\"query-input\":\"required name=search_term_string\"}],\"inLanguage\":\"pt-BR\"},{\"@type\":\"Organization\",\"@id\":\"https:\/\/www.pm.pb.gov.br\/portal\/#organization\",\"name\":\"Pol\u00edcia Militar da Para\u00edba\",\"url\":\"https:\/\/www.pm.pb.gov.br\/portal\/\",\"logo\":{\"@type\":\"ImageObject\",\"inLanguage\":\"pt-BR\",\"@id\":\"https:\/\/www.pm.pb.gov.br\/portal\/#\/schema\/logo\/image\/\",\"url\":\"https:\/\/www.pm.pb.gov.br\/portal\/wp-content\/uploads\/2025\/03\/cropped-logo-site-mag2-1.png\",\"contentUrl\":\"https:\/\/www.pm.pb.gov.br\/portal\/wp-content\/uploads\/2025\/03\/cropped-logo-site-mag2-1.png\",\"width\":320,\"height\":90,\"caption\":\"Pol\u00edcia Militar da Para\u00edba\"},\"image\":{\"@id\":\"https:\/\/www.pm.pb.gov.br\/portal\/#\/schema\/logo\/image\/\"}},{\"@type\":\"Person\",\"@id\":\"https:\/\/www.pm.pb.gov.br\/portal\/#\/schema\/person\/b169b297b8494dea236e315ed1a201d1\",\"name\":\"WAGNER HENRIQUE VARELA DA SILVA\",\"image\":{\"@type\":\"ImageObject\",\"inLanguage\":\"pt-BR\",\"@id\":\"https:\/\/www.pm.pb.gov.br\/portal\/#\/schema\/person\/image\/\",\"url\":\"https:\/\/secure.gravatar.com\/avatar\/e08af53176a66730df5c0706c6c31fd6?s=96&d=mm&r=g\",\"contentUrl\":\"https:\/\/secure.gravatar.com\/avatar\/e08af53176a66730df5c0706c6c31fd6?s=96&d=mm&r=g\",\"caption\":\"WAGNER HENRIQUE VARELA DA SILVA\"},\"url\":\"https:\/\/www.pm.pb.gov.br\/portal\/author\/varela\/\"}]}<\/script>\n<!-- \/ Yoast SEO plugin. -->","yoast_head_json":{"title":"Policial de folga intercepta fuga de criminosos que tentaram assaltar supermercado na Capital e prende um deles em flagrante - Pol\u00edcia Militar da Para\u00edba","robots":{"index":"index","follow":"follow","max-snippet":"max-snippet:-1","max-image-preview":"max-image-preview:large","max-video-preview":"max-video-preview:-1"},"canonical":"https:\/\/www.pm.pb.gov.br\/portal\/2020\/02\/23\/policial-de-folga-intercepta-fuga-de-criminosos-que-tentaram-assaltar-supermercado-na-capital-e-prende-um-deles-em-flagrante\/","og_locale":"pt_BR","og_type":"article","og_title":"Policial de folga intercepta fuga de criminosos que tentaram assaltar supermercado na Capital e prende um deles em flagrante - Pol\u00edcia Militar da Para\u00edba","og_description":"Um soldado da 1\u00aa Companhia de Choque do Batalh\u00e3o de Opera\u00e7\u00f5es Especiais (BOPE) da Pol\u00edcia Militar enfrentou sozinho tr\u00eas criminosos","og_url":"https:\/\/www.pm.pb.gov.br\/portal\/2020\/02\/23\/policial-de-folga-intercepta-fuga-de-criminosos-que-tentaram-assaltar-supermercado-na-capital-e-prende-um-deles-em-flagrante\/","og_site_name":"Pol\u00edcia Militar da Para\u00edba","article_published_time":"2020-02-23T11:50:46+00:00","article_modified_time":"2020-02-23T11:55:38+00:00","og_image":[{"width":720,"height":1280,"url":"https:\/\/www.pm.pb.gov.br\/portal\/wp-content\/uploads\/2020\/02\/arma-apreendida-no-Jos\u00e9-Am\u00e9rico.jpeg","type":"image\/jpeg"}],"author":"WAGNER HENRIQUE VARELA DA SILVA","twitter_card":"summary_large_image","twitter_misc":{"Escrito por":"WAGNER HENRIQUE VARELA DA SILVA","Est. tempo de leitura":"1 minuto"},"schema":{"@context":"https:\/\/schema.org","@graph":[{"@type":"Article","@id":"https:\/\/www.pm.pb.gov.br\/portal\/2020\/02\/23\/policial-de-folga-intercepta-fuga-de-criminosos-que-tentaram-assaltar-supermercado-na-capital-e-prende-um-deles-em-flagrante\/#article","isPartOf":{"@id":"https:\/\/www.pm.pb.gov.br\/portal\/2020\/02\/23\/policial-de-folga-intercepta-fuga-de-criminosos-que-tentaram-assaltar-supermercado-na-capital-e-prende-um-deles-em-flagrante\/"},"author":{"name":"WAGNER HENRIQUE VARELA DA SILVA","@id":"https:\/\/www.pm.pb.gov.br\/portal\/#\/schema\/person\/b169b297b8494dea236e315ed1a201d1"},"headline":"Policial de folga intercepta fuga de criminosos que tentaram assaltar supermercado na Capital e prende um deles em flagrante","datePublished":"2020-02-23T11:50:46+00:00","dateModified":"2020-02-23T11:55:38+00:00","mainEntityOfPage":{"@id":"https:\/\/www.pm.pb.gov.br\/portal\/2020\/02\/23\/policial-de-folga-intercepta-fuga-de-criminosos-que-tentaram-assaltar-supermercado-na-capital-e-prende-um-deles-em-flagrante\/"},"wordCount":273,"publisher":{"@id":"https:\/\/www.pm.pb.gov.br\/portal\/#organization"},"articleSection":["A\u00e7\u00f5es Policiais"],"inLanguage":"pt-BR"},{"@type":"WebPage","@id":"https:\/\/www.pm.pb.gov.br\/portal\/2020\/02\/23\/policial-de-folga-intercepta-fuga-de-criminosos-que-tentaram-assaltar-supermercado-na-capital-e-prende-um-deles-em-flagrante\/","url":"https:\/\/www.pm.pb.gov.br\/portal\/2020\/02\/23\/policial-de-folga-intercepta-fuga-de-criminosos-que-tentaram-assaltar-supermercado-na-capital-e-prende-um-deles-em-flagrante\/","name":"Policial de folga intercepta fuga de criminosos que tentaram assaltar supermercado na Capital e prende um deles em flagrante - Pol\u00edcia Militar da Para\u00edba","isPartOf":{"@id":"https:\/\/www.pm.pb.gov.br\/portal\/#website"},"datePublished":"2020-02-23T11:50:46+00:00","dateModified":"2020-02-23T11:55:38+00:00","breadcrumb":{"@id":"https:\/\/www.pm.pb.gov.br\/portal\/2020\/02\/23\/policial-de-folga-intercepta-fuga-de-criminosos-que-tentaram-assaltar-supermercado-na-capital-e-prende-um-deles-em-flagrante\/#breadcrumb"},"inLanguage":"pt-BR","potentialAction":[{"@type":"ReadAction","target":["https:\/\/www.pm.pb.gov.br\/portal\/2020\/02\/23\/policial-de-folga-intercepta-fuga-de-criminosos-que-tentaram-assaltar-supermercado-na-capital-e-prende-um-deles-em-flagrante\/"]}]},{"@type":"BreadcrumbList","@id":"https:\/\/www.pm.pb.gov.br\/portal\/2020\/02\/23\/policial-de-folga-intercepta-fuga-de-criminosos-que-tentaram-assaltar-supermercado-na-capital-e-prende-um-deles-em-flagrante\/#breadcrumb","itemListElement":[{"@type":"ListItem","position":1,"name":"In\u00edcio","item":"https:\/\/www.pm.pb.gov.br\/portal\/"},{"@type":"ListItem","position":2,"name":"Policial de folga intercepta fuga de criminosos que tentaram assaltar supermercado na Capital e prende um deles em flagrante"}]},{"@type":"WebSite","@id":"https:\/\/www.pm.pb.gov.br\/portal\/#website","url":"https:\/\/www.pm.pb.gov.br\/portal\/","name":"Pol\u00edcia Militar da Para\u00edba","description":"","publisher":{"@id":"https:\/\/www.pm.pb.gov.br\/portal\/#organization"},"potentialAction":[{"@type":"SearchAction","target":{"@type":"EntryPoint","urlTemplate":"https:\/\/www.pm.pb.gov.br\/portal\/?s={search_term_string}"},"query-input":"required name=search_term_string"}],"inLanguage":"pt-BR"},{"@type":"Organization","@id":"https:\/\/www.pm.pb.gov.br\/portal\/#organization","name":"Pol\u00edcia Militar da Para\u00edba","url":"https:\/\/www.pm.pb.gov.br\/portal\/","logo":{"@type":"ImageObject","inLanguage":"pt-BR","@id":"https:\/\/www.pm.pb.gov.br\/portal\/#\/schema\/logo\/image\/","url":"https:\/\/www.pm.pb.gov.br\/portal\/wp-content\/uploads\/2025\/03\/cropped-logo-site-mag2-1.png","contentUrl":"https:\/\/www.pm.pb.gov.br\/portal\/wp-content\/uploads\/2025\/03\/cropped-logo-site-mag2-1.png","width":320,"height":90,"caption":"Pol\u00edcia Militar da Para\u00edba"},"image":{"@id":"https:\/\/www.pm.pb.gov.br\/portal\/#\/schema\/logo\/image\/"}},{"@type":"Person","@id":"https:\/\/www.pm.pb.gov.br\/portal\/#\/schema\/person\/b169b297b8494dea236e315ed1a201d1","name":"WAGNER HENRIQUE VARELA DA SILVA","image":{"@type":"ImageObject","inLanguage":"pt-BR","@id":"https:\/\/www.pm.pb.gov.br\/portal\/#\/schema\/person\/image\/","url":"https:\/\/secure.gravatar.com\/avatar\/e08af53176a66730df5c0706c6c31fd6?s=96&d=mm&r=g","contentUrl":"https:\/\/secure.gravatar.com\/avatar\/e08af53176a66730df5c0706c6c31fd6?s=96&d=mm&r=g","caption":"WAGNER HENRIQUE VARELA DA SILVA"},"url":"https:\/\/www.pm.pb.gov.br\/portal\/author\/varela\/"}]}},"_links":{"self":[{"href":"https:\/\/www.pm.pb.gov.br\/portal\/wp-json\/wp\/v2\/posts\/903886"}],"collection":[{"href":"https:\/\/www.pm.pb.gov.br\/portal\/wp-json\/wp\/v2\/posts"}],"about":[{"href":"https:\/\/www.pm.pb.gov.br\/portal\/wp-json\/wp\/v2\/types\/post"}],"author":[{"embeddable":true,"href":"https:\/\/www.pm.pb.gov.br\/portal\/wp-json\/wp\/v2\/users\/10"}],"replies":[{"embeddable":true,"href":"https:\/\/www.pm.pb.gov.br\/portal\/wp-json\/wp\/v2\/comments?post=903886"}],"version-history":[{"count":3,"href":"https:\/\/www.pm.pb.gov.br\/portal\/wp-json\/wp\/v2\/posts\/903886\/revisions"}],"predecessor-version":[{"id":903915,"href":"https:\/\/www.pm.pb.gov.br\/portal\/wp-json\/wp\/v2\/posts\/903886\/revisions\/903915"}],"wp:featuredmedia":[{"embeddable":true,"href":"https:\/\/www.pm.pb.gov.br\/portal\/wp-json\/wp\/v2\/media\/903913"}],"wp:attachment":[{"href":"https:\/\/www.pm.pb.gov.br\/portal\/wp-json\/wp\/v2\/media?parent=903886"}],"wp:term":[{"taxonomy":"category","embeddable":true,"href":"https:\/\/www.pm.pb.gov.br\/portal\/wp-json\/wp\/v2\/categories?post=903886"},{"taxonomy":"post_tag","embeddable":true,"href":"https:\/\/www.pm.pb.gov.br\/portal\/wp-json\/wp\/v2\/tags?post=903886"}],"curies":[{"name":"wp","href":"https:\/\/api.w.org\/{rel}","templated":true}]}}