{"id":903867,"date":"2020-02-14T09:56:14","date_gmt":"2020-02-14T12:56:14","guid":{"rendered":"http:\/\/www.pm.pb.gov.br\/portal\/?p=903867"},"modified":"2020-02-14T09:56:16","modified_gmt":"2020-02-14T12:56:16","slug":"policia-militar-garante-a-tranquilidade-nos-eventos-de-abertura-das-previas-carnavalescas-em-joao-pessoa","status":"publish","type":"post","link":"https:\/\/www.pm.pb.gov.br\/portal\/2020\/02\/14\/policia-militar-garante-a-tranquilidade-nos-eventos-de-abertura-das-previas-carnavalescas-em-joao-pessoa\/","title":{"rendered":"Pol\u00edcia Militar garante a tranquilidade nos eventos de abertura das pr\u00e9vias carnavalescas em Jo\u00e3o Pessoa"},"content":{"rendered":"\n<p style=\"font-weight: 400;\">A Pol\u00edcia Militar realizou a seguran\u00e7a em pelo menos sete eventos de abertura das pr\u00e9vias carnavalescas de Jo\u00e3o Pessoa, na noite dessa quinta-feira (13), e garantiu a tranquilidade dos festejos, que n\u00e3o registraram nenhuma ocorr\u00eancia. O policiamento contou com a presen\u00e7a de v\u00e1rias unidades operacionais da corpora\u00e7\u00e3o e o trabalho foi coordenado pessoalmente pelo comandante-geral da PM, coronel Euller Chaves.<\/p>\n<p style=\"font-weight: 400;\">Foi mobilizado um refor\u00e7o de mais de 250 policiais, no total, para a seguran\u00e7a na abertura, no Ponto de Cem Reis, nos blocos Anjo Azul, Pinguim, da Cueca e Confete e Serpentina, tamb\u00e9m no centro, bloco Jaguaribe Folia, em Jaguaribe, e Piratas, nos Banc\u00e1rios. O policiamento nos bairros continuou normal e equipes do Batalh\u00e3o de Opera\u00e7\u00f5es Especiais (Bope) e Batalh\u00e3o Especializado em Policiamento com Motocicletas (BEPMotos) realizaram a\u00e7\u00f5es em algumas comunidades.<\/p>\n<p style=\"font-weight: 400;\">Para esta sexta-feira (14), quando tem in\u00edcio a programa\u00e7\u00e3o de blocos que descem a Via Folia, na Epit\u00e1cio Pessoa, a Pol\u00edcia Militar montou um esquema de seguran\u00e7a que conta com dez Pontos de Observa\u00e7\u00e3o Policial (POP), tr\u00eas plataformas e uma van com videomonitoramento por c\u00e2meras ao longo da avenida, para auxiliar o refor\u00e7o dos 444 policiais que atuar\u00e3o na seguran\u00e7a da regi\u00e3o onde desfila o bloco Vumbora. Trinta e seis viaturas \u2013 entre carros e motos \u2013 tamb\u00e9m fazem parte do plano.<\/p>\n<p style=\"font-weight: 400;\"><strong>Fim de semana<\/strong><strong>\u00a0\u2013 <\/strong>Al\u00e9m do bloco da sexta-feira, a PM atuar\u00e1 na seguran\u00e7a de outros 14 blocos carnavalescos neste s\u00e1bado e domingo (16), na Capital. O destaque s\u00e3o os blocos dos Atletas e Banho de Cheiro, que descem a Via Folia, no s\u00e1bado, que contar\u00e3o com a seguran\u00e7a de mais de 300 policiais e 30 viaturas, e as Virgens de Tamba\u00fa, no domingo, que ter\u00e1 um forte esquema de seguran\u00e7a com 636 policiais e 58 viaturas, atuando n\u00e3o s\u00f3 no bloco, mas na dispers\u00e3o do evento.\u00a0<\/p>\n","protected":false},"excerpt":{"rendered":"<p>A Pol\u00edcia Militar realizou a seguran\u00e7a em pelo menos sete eventos de abertura das pr\u00e9vias carnavalescas de Jo\u00e3o Pessoa, na<\/p>\n","protected":false},"author":10,"featured_media":903869,"comment_status":"closed","ping_status":"closed","sticky":false,"template":"","format":"standard","meta":{"_exactmetrics_skip_tracking":false,"_exactmetrics_sitenote_active":false,"_exactmetrics_sitenote_note":"","_exactmetrics_sitenote_category":0,"footnotes":""},"categories":[4],"tags":[],"yoast_head":"<!-- This site is optimized with the Yoast SEO plugin v22.0 - https:\/\/yoast.com\/wordpress\/plugins\/seo\/ -->\n<title>Pol\u00edcia Militar garante a tranquilidade nos eventos de abertura das pr\u00e9vias carnavalescas em Jo\u00e3o Pessoa - Pol\u00edcia Militar da Para\u00edba<\/title>\n<meta name=\"robots\" content=\"index, follow, max-snippet:-1, max-image-preview:large, max-video-preview:-1\" \/>\n<link rel=\"canonical\" href=\"https:\/\/www.pm.pb.gov.br\/portal\/2020\/02\/14\/policia-militar-garante-a-tranquilidade-nos-eventos-de-abertura-das-previas-carnavalescas-em-joao-pessoa\/\" \/>\n<meta property=\"og:locale\" content=\"pt_BR\" \/>\n<meta property=\"og:type\" content=\"article\" \/>\n<meta property=\"og:title\" content=\"Pol\u00edcia Militar garante a tranquilidade nos eventos de abertura das pr\u00e9vias carnavalescas em Jo\u00e3o Pessoa - Pol\u00edcia Militar da Para\u00edba\" \/>\n<meta property=\"og:description\" content=\"A Pol\u00edcia Militar realizou a seguran\u00e7a em pelo menos sete eventos de abertura das pr\u00e9vias carnavalescas de Jo\u00e3o Pessoa, na\" \/>\n<meta property=\"og:url\" content=\"https:\/\/www.pm.pb.gov.br\/portal\/2020\/02\/14\/policia-militar-garante-a-tranquilidade-nos-eventos-de-abertura-das-previas-carnavalescas-em-joao-pessoa\/\" \/>\n<meta property=\"og:site_name\" content=\"Pol\u00edcia Militar da Para\u00edba\" \/>\n<meta property=\"article:published_time\" content=\"2020-02-14T12:56:14+00:00\" \/>\n<meta property=\"article:modified_time\" content=\"2020-02-14T12:56:16+00:00\" \/>\n<meta property=\"og:image\" content=\"https:\/\/www.pm.pb.gov.br\/portal\/wp-content\/uploads\/2020\/02\/FOLIA-3-1.jpg\" \/>\n\t<meta property=\"og:image:width\" content=\"1276\" \/>\n\t<meta property=\"og:image:height\" content=\"710\" \/>\n\t<meta property=\"og:image:type\" content=\"image\/jpeg\" \/>\n<meta name=\"author\" content=\"WAGNER HENRIQUE VARELA DA SILVA\" \/>\n<meta name=\"twitter:card\" content=\"summary_large_image\" \/>\n<meta name=\"twitter:label1\" content=\"Escrito por\" \/>\n\t<meta name=\"twitter:data1\" content=\"WAGNER HENRIQUE VARELA DA SILVA\" \/>\n\t<meta name=\"twitter:label2\" content=\"Est. tempo de leitura\" \/>\n\t<meta name=\"twitter:data2\" content=\"2 minutos\" \/>\n<script type=\"application\/ld+json\" class=\"yoast-schema-graph\">{\"@context\":\"https:\/\/schema.org\",\"@graph\":[{\"@type\":\"Article\",\"@id\":\"https:\/\/www.pm.pb.gov.br\/portal\/2020\/02\/14\/policia-militar-garante-a-tranquilidade-nos-eventos-de-abertura-das-previas-carnavalescas-em-joao-pessoa\/#article\",\"isPartOf\":{\"@id\":\"https:\/\/www.pm.pb.gov.br\/portal\/2020\/02\/14\/policia-militar-garante-a-tranquilidade-nos-eventos-de-abertura-das-previas-carnavalescas-em-joao-pessoa\/\"},\"author\":{\"name\":\"WAGNER HENRIQUE VARELA DA SILVA\",\"@id\":\"https:\/\/www.pm.pb.gov.br\/portal\/#\/schema\/person\/b169b297b8494dea236e315ed1a201d1\"},\"headline\":\"Pol\u00edcia Militar garante a tranquilidade nos eventos de abertura das pr\u00e9vias carnavalescas em Jo\u00e3o Pessoa\",\"datePublished\":\"2020-02-14T12:56:14+00:00\",\"dateModified\":\"2020-02-14T12:56:16+00:00\",\"mainEntityOfPage\":{\"@id\":\"https:\/\/www.pm.pb.gov.br\/portal\/2020\/02\/14\/policia-militar-garante-a-tranquilidade-nos-eventos-de-abertura-das-previas-carnavalescas-em-joao-pessoa\/\"},\"wordCount\":345,\"publisher\":{\"@id\":\"https:\/\/www.pm.pb.gov.br\/portal\/#organization\"},\"articleSection\":[\"A\u00e7\u00f5es Policiais\"],\"inLanguage\":\"pt-BR\"},{\"@type\":\"WebPage\",\"@id\":\"https:\/\/www.pm.pb.gov.br\/portal\/2020\/02\/14\/policia-militar-garante-a-tranquilidade-nos-eventos-de-abertura-das-previas-carnavalescas-em-joao-pessoa\/\",\"url\":\"https:\/\/www.pm.pb.gov.br\/portal\/2020\/02\/14\/policia-militar-garante-a-tranquilidade-nos-eventos-de-abertura-das-previas-carnavalescas-em-joao-pessoa\/\",\"name\":\"Pol\u00edcia Militar garante a tranquilidade nos eventos de abertura das pr\u00e9vias carnavalescas em Jo\u00e3o Pessoa - Pol\u00edcia Militar da Para\u00edba\",\"isPartOf\":{\"@id\":\"https:\/\/www.pm.pb.gov.br\/portal\/#website\"},\"datePublished\":\"2020-02-14T12:56:14+00:00\",\"dateModified\":\"2020-02-14T12:56:16+00:00\",\"breadcrumb\":{\"@id\":\"https:\/\/www.pm.pb.gov.br\/portal\/2020\/02\/14\/policia-militar-garante-a-tranquilidade-nos-eventos-de-abertura-das-previas-carnavalescas-em-joao-pessoa\/#breadcrumb\"},\"inLanguage\":\"pt-BR\",\"potentialAction\":[{\"@type\":\"ReadAction\",\"target\":[\"https:\/\/www.pm.pb.gov.br\/portal\/2020\/02\/14\/policia-militar-garante-a-tranquilidade-nos-eventos-de-abertura-das-previas-carnavalescas-em-joao-pessoa\/\"]}]},{\"@type\":\"BreadcrumbList\",\"@id\":\"https:\/\/www.pm.pb.gov.br\/portal\/2020\/02\/14\/policia-militar-garante-a-tranquilidade-nos-eventos-de-abertura-das-previas-carnavalescas-em-joao-pessoa\/#breadcrumb\",\"itemListElement\":[{\"@type\":\"ListItem\",\"position\":1,\"name\":\"In\u00edcio\",\"item\":\"https:\/\/www.pm.pb.gov.br\/portal\/\"},{\"@type\":\"ListItem\",\"position\":2,\"name\":\"Pol\u00edcia Militar garante a tranquilidade nos eventos de abertura das pr\u00e9vias carnavalescas em Jo\u00e3o Pessoa\"}]},{\"@type\":\"WebSite\",\"@id\":\"https:\/\/www.pm.pb.gov.br\/portal\/#website\",\"url\":\"https:\/\/www.pm.pb.gov.br\/portal\/\",\"name\":\"Pol\u00edcia Militar da Para\u00edba\",\"description\":\"\",\"publisher\":{\"@id\":\"https:\/\/www.pm.pb.gov.br\/portal\/#organization\"},\"potentialAction\":[{\"@type\":\"SearchAction\",\"target\":{\"@type\":\"EntryPoint\",\"urlTemplate\":\"https:\/\/www.pm.pb.gov.br\/portal\/?s={search_term_string}\"},\"query-input\":\"required name=search_term_string\"}],\"inLanguage\":\"pt-BR\"},{\"@type\":\"Organization\",\"@id\":\"https:\/\/www.pm.pb.gov.br\/portal\/#organization\",\"name\":\"Pol\u00edcia Militar da Para\u00edba\",\"url\":\"https:\/\/www.pm.pb.gov.br\/portal\/\",\"logo\":{\"@type\":\"ImageObject\",\"inLanguage\":\"pt-BR\",\"@id\":\"https:\/\/www.pm.pb.gov.br\/portal\/#\/schema\/logo\/image\/\",\"url\":\"https:\/\/www.pm.pb.gov.br\/portal\/wp-content\/uploads\/2025\/03\/cropped-logo-site-mag2-1.png\",\"contentUrl\":\"https:\/\/www.pm.pb.gov.br\/portal\/wp-content\/uploads\/2025\/03\/cropped-logo-site-mag2-1.png\",\"width\":320,\"height\":90,\"caption\":\"Pol\u00edcia Militar da Para\u00edba\"},\"image\":{\"@id\":\"https:\/\/www.pm.pb.gov.br\/portal\/#\/schema\/logo\/image\/\"}},{\"@type\":\"Person\",\"@id\":\"https:\/\/www.pm.pb.gov.br\/portal\/#\/schema\/person\/b169b297b8494dea236e315ed1a201d1\",\"name\":\"WAGNER HENRIQUE VARELA DA SILVA\",\"image\":{\"@type\":\"ImageObject\",\"inLanguage\":\"pt-BR\",\"@id\":\"https:\/\/www.pm.pb.gov.br\/portal\/#\/schema\/person\/image\/\",\"url\":\"https:\/\/secure.gravatar.com\/avatar\/e08af53176a66730df5c0706c6c31fd6?s=96&d=mm&r=g\",\"contentUrl\":\"https:\/\/secure.gravatar.com\/avatar\/e08af53176a66730df5c0706c6c31fd6?s=96&d=mm&r=g\",\"caption\":\"WAGNER HENRIQUE VARELA DA SILVA\"},\"url\":\"https:\/\/www.pm.pb.gov.br\/portal\/author\/varela\/\"}]}<\/script>\n<!-- \/ Yoast SEO plugin. -->","yoast_head_json":{"title":"Pol\u00edcia Militar garante a tranquilidade nos eventos de abertura das pr\u00e9vias carnavalescas em Jo\u00e3o Pessoa - Pol\u00edcia Militar da Para\u00edba","robots":{"index":"index","follow":"follow","max-snippet":"max-snippet:-1","max-image-preview":"max-image-preview:large","max-video-preview":"max-video-preview:-1"},"canonical":"https:\/\/www.pm.pb.gov.br\/portal\/2020\/02\/14\/policia-militar-garante-a-tranquilidade-nos-eventos-de-abertura-das-previas-carnavalescas-em-joao-pessoa\/","og_locale":"pt_BR","og_type":"article","og_title":"Pol\u00edcia Militar garante a tranquilidade nos eventos de abertura das pr\u00e9vias carnavalescas em Jo\u00e3o Pessoa - Pol\u00edcia Militar da Para\u00edba","og_description":"A Pol\u00edcia Militar realizou a seguran\u00e7a em pelo menos sete eventos de abertura das pr\u00e9vias carnavalescas de Jo\u00e3o Pessoa, na","og_url":"https:\/\/www.pm.pb.gov.br\/portal\/2020\/02\/14\/policia-militar-garante-a-tranquilidade-nos-eventos-de-abertura-das-previas-carnavalescas-em-joao-pessoa\/","og_site_name":"Pol\u00edcia Militar da Para\u00edba","article_published_time":"2020-02-14T12:56:14+00:00","article_modified_time":"2020-02-14T12:56:16+00:00","og_image":[{"width":1276,"height":710,"url":"https:\/\/www.pm.pb.gov.br\/portal\/wp-content\/uploads\/2020\/02\/FOLIA-3-1.jpg","type":"image\/jpeg"}],"author":"WAGNER HENRIQUE VARELA DA SILVA","twitter_card":"summary_large_image","twitter_misc":{"Escrito por":"WAGNER HENRIQUE VARELA DA SILVA","Est. tempo de leitura":"2 minutos"},"schema":{"@context":"https:\/\/schema.org","@graph":[{"@type":"Article","@id":"https:\/\/www.pm.pb.gov.br\/portal\/2020\/02\/14\/policia-militar-garante-a-tranquilidade-nos-eventos-de-abertura-das-previas-carnavalescas-em-joao-pessoa\/#article","isPartOf":{"@id":"https:\/\/www.pm.pb.gov.br\/portal\/2020\/02\/14\/policia-militar-garante-a-tranquilidade-nos-eventos-de-abertura-das-previas-carnavalescas-em-joao-pessoa\/"},"author":{"name":"WAGNER HENRIQUE VARELA DA SILVA","@id":"https:\/\/www.pm.pb.gov.br\/portal\/#\/schema\/person\/b169b297b8494dea236e315ed1a201d1"},"headline":"Pol\u00edcia Militar garante a tranquilidade nos eventos de abertura das pr\u00e9vias carnavalescas em Jo\u00e3o Pessoa","datePublished":"2020-02-14T12:56:14+00:00","dateModified":"2020-02-14T12:56:16+00:00","mainEntityOfPage":{"@id":"https:\/\/www.pm.pb.gov.br\/portal\/2020\/02\/14\/policia-militar-garante-a-tranquilidade-nos-eventos-de-abertura-das-previas-carnavalescas-em-joao-pessoa\/"},"wordCount":345,"publisher":{"@id":"https:\/\/www.pm.pb.gov.br\/portal\/#organization"},"articleSection":["A\u00e7\u00f5es Policiais"],"inLanguage":"pt-BR"},{"@type":"WebPage","@id":"https:\/\/www.pm.pb.gov.br\/portal\/2020\/02\/14\/policia-militar-garante-a-tranquilidade-nos-eventos-de-abertura-das-previas-carnavalescas-em-joao-pessoa\/","url":"https:\/\/www.pm.pb.gov.br\/portal\/2020\/02\/14\/policia-militar-garante-a-tranquilidade-nos-eventos-de-abertura-das-previas-carnavalescas-em-joao-pessoa\/","name":"Pol\u00edcia Militar garante a tranquilidade nos eventos de abertura das pr\u00e9vias carnavalescas em Jo\u00e3o Pessoa - Pol\u00edcia Militar da Para\u00edba","isPartOf":{"@id":"https:\/\/www.pm.pb.gov.br\/portal\/#website"},"datePublished":"2020-02-14T12:56:14+00:00","dateModified":"2020-02-14T12:56:16+00:00","breadcrumb":{"@id":"https:\/\/www.pm.pb.gov.br\/portal\/2020\/02\/14\/policia-militar-garante-a-tranquilidade-nos-eventos-de-abertura-das-previas-carnavalescas-em-joao-pessoa\/#breadcrumb"},"inLanguage":"pt-BR","potentialAction":[{"@type":"ReadAction","target":["https:\/\/www.pm.pb.gov.br\/portal\/2020\/02\/14\/policia-militar-garante-a-tranquilidade-nos-eventos-de-abertura-das-previas-carnavalescas-em-joao-pessoa\/"]}]},{"@type":"BreadcrumbList","@id":"https:\/\/www.pm.pb.gov.br\/portal\/2020\/02\/14\/policia-militar-garante-a-tranquilidade-nos-eventos-de-abertura-das-previas-carnavalescas-em-joao-pessoa\/#breadcrumb","itemListElement":[{"@type":"ListItem","position":1,"name":"In\u00edcio","item":"https:\/\/www.pm.pb.gov.br\/portal\/"},{"@type":"ListItem","position":2,"name":"Pol\u00edcia Militar garante a tranquilidade nos eventos de abertura das pr\u00e9vias carnavalescas em Jo\u00e3o Pessoa"}]},{"@type":"WebSite","@id":"https:\/\/www.pm.pb.gov.br\/portal\/#website","url":"https:\/\/www.pm.pb.gov.br\/portal\/","name":"Pol\u00edcia Militar da Para\u00edba","description":"","publisher":{"@id":"https:\/\/www.pm.pb.gov.br\/portal\/#organization"},"potentialAction":[{"@type":"SearchAction","target":{"@type":"EntryPoint","urlTemplate":"https:\/\/www.pm.pb.gov.br\/portal\/?s={search_term_string}"},"query-input":"required name=search_term_string"}],"inLanguage":"pt-BR"},{"@type":"Organization","@id":"https:\/\/www.pm.pb.gov.br\/portal\/#organization","name":"Pol\u00edcia Militar da Para\u00edba","url":"https:\/\/www.pm.pb.gov.br\/portal\/","logo":{"@type":"ImageObject","inLanguage":"pt-BR","@id":"https:\/\/www.pm.pb.gov.br\/portal\/#\/schema\/logo\/image\/","url":"https:\/\/www.pm.pb.gov.br\/portal\/wp-content\/uploads\/2025\/03\/cropped-logo-site-mag2-1.png","contentUrl":"https:\/\/www.pm.pb.gov.br\/portal\/wp-content\/uploads\/2025\/03\/cropped-logo-site-mag2-1.png","width":320,"height":90,"caption":"Pol\u00edcia Militar da Para\u00edba"},"image":{"@id":"https:\/\/www.pm.pb.gov.br\/portal\/#\/schema\/logo\/image\/"}},{"@type":"Person","@id":"https:\/\/www.pm.pb.gov.br\/portal\/#\/schema\/person\/b169b297b8494dea236e315ed1a201d1","name":"WAGNER HENRIQUE VARELA DA SILVA","image":{"@type":"ImageObject","inLanguage":"pt-BR","@id":"https:\/\/www.pm.pb.gov.br\/portal\/#\/schema\/person\/image\/","url":"https:\/\/secure.gravatar.com\/avatar\/e08af53176a66730df5c0706c6c31fd6?s=96&d=mm&r=g","contentUrl":"https:\/\/secure.gravatar.com\/avatar\/e08af53176a66730df5c0706c6c31fd6?s=96&d=mm&r=g","caption":"WAGNER HENRIQUE VARELA DA SILVA"},"url":"https:\/\/www.pm.pb.gov.br\/portal\/author\/varela\/"}]}},"_links":{"self":[{"href":"https:\/\/www.pm.pb.gov.br\/portal\/wp-json\/wp\/v2\/posts\/903867"}],"collection":[{"href":"https:\/\/www.pm.pb.gov.br\/portal\/wp-json\/wp\/v2\/posts"}],"about":[{"href":"https:\/\/www.pm.pb.gov.br\/portal\/wp-json\/wp\/v2\/types\/post"}],"author":[{"embeddable":true,"href":"https:\/\/www.pm.pb.gov.br\/portal\/wp-json\/wp\/v2\/users\/10"}],"replies":[{"embeddable":true,"href":"https:\/\/www.pm.pb.gov.br\/portal\/wp-json\/wp\/v2\/comments?post=903867"}],"version-history":[{"count":1,"href":"https:\/\/www.pm.pb.gov.br\/portal\/wp-json\/wp\/v2\/posts\/903867\/revisions"}],"predecessor-version":[{"id":903870,"href":"https:\/\/www.pm.pb.gov.br\/portal\/wp-json\/wp\/v2\/posts\/903867\/revisions\/903870"}],"wp:featuredmedia":[{"embeddable":true,"href":"https:\/\/www.pm.pb.gov.br\/portal\/wp-json\/wp\/v2\/media\/903869"}],"wp:attachment":[{"href":"https:\/\/www.pm.pb.gov.br\/portal\/wp-json\/wp\/v2\/media?parent=903867"}],"wp:term":[{"taxonomy":"category","embeddable":true,"href":"https:\/\/www.pm.pb.gov.br\/portal\/wp-json\/wp\/v2\/categories?post=903867"},{"taxonomy":"post_tag","embeddable":true,"href":"https:\/\/www.pm.pb.gov.br\/portal\/wp-json\/wp\/v2\/tags?post=903867"}],"curies":[{"name":"wp","href":"https:\/\/api.w.org\/{rel}","templated":true}]}}