{"id":903852,"date":"2020-02-13T08:27:53","date_gmt":"2020-02-13T11:27:53","guid":{"rendered":"http:\/\/www.pm.pb.gov.br\/portal\/?p=903852"},"modified":"2020-02-13T16:50:49","modified_gmt":"2020-02-13T19:50:49","slug":"seguranca-define-plano-operacional-e-reforca-efetivo-de-policiais-e-bombeiros-nas-previas-de-carnaval","status":"publish","type":"post","link":"https:\/\/www.pm.pb.gov.br\/portal\/2020\/02\/13\/seguranca-define-plano-operacional-e-reforca-efetivo-de-policiais-e-bombeiros-nas-previas-de-carnaval\/","title":{"rendered":"Seguran\u00e7a define plano operacional e refor\u00e7a efetivo de policiais e bombeiros nas pr\u00e9vias de Carnaval"},"content":{"rendered":"\n<p>O bloco \u2018Muri\u00e7ocas do Miramar\u2019, considerado de maior concentra\u00e7\u00e3o de pessoas durante as pr\u00e9vias carnavalescas da capital paraibana, ter\u00e1 pelo menos 920 homens e mulheres da Pol\u00edcia Militar, da Pol\u00edcia Civil e do Corpo de Bombeiros Militar empregados pela Secretaria da Seguran\u00e7a e da Defesa Social (Sesds) para garantir a tranquilidade dos foli\u00f5es. As a\u00e7\u00f5es da pasta, que compreendem todos os blocos que desfilam no per\u00edodo, ser\u00e3o iniciadas nesta quinta-feira (13), quando a festa ser\u00e1 aberta no Ponto de Cem Reis, e seguem at\u00e9 o dia 21 de fevereiro. O refor\u00e7o faz parte de um planejamento operacional para o evento, que envolve os tr\u00eas \u00f3rg\u00e3os operativos e tamb\u00e9m Departamento Estadual de Tr\u00e2nsito (Detran).<\/p>\n<p>A Pol\u00edcia Militar montou um planejamento espec\u00edfico para cada bloco, com policiais atuando a p\u00e9, em viaturas, motos, e a cavalo, auxiliados por Pontos de Observa\u00e7\u00e3o Policial (POP) e c\u00e2meras de videomonitoramento. A abertura ter\u00e1 a atua\u00e7\u00e3o de 144 policiais, 17 viaturas, uma van de videomonitoramento e 5 pontos de observa\u00e7\u00e3o espalhados pelo Ponto de Cem Reis e regi\u00e3o. Simultaneamente, a PM atuar\u00e1 com refor\u00e7o tamb\u00e9m em blocos que acontecem nos bairros de Jaguaribe e Banc\u00e1rios.<\/p>\n<p>O refor\u00e7o maior ser\u00e1 no domingo (16), no bloco \u2018Virgens de Tamba\u00fa\u2019 &#8211; que contar\u00e1 com 636 policiais e 58 viaturas &#8211; e o das \u2018Muri\u00e7ocas do Miramar\u2019, na quarta-feira (19), com a presen\u00e7a de 749 policiais e 45 viaturas em locais estrat\u00e9gicos. Na Via Folia, ser\u00e3o instalados 10 Pontos de Observa\u00e7\u00e3o Policial (POPs), tr\u00eas plataformas e uma van de videomonitoramento. Nos dois blocos, o planejamento traz um esquema especial para a dispers\u00e3o, desde o local do evento at\u00e9 a integra\u00e7\u00e3o dos \u00f4nibus, no Varadouro.<\/p>\n<p>O Corpo de Bombeiros Militar vai dividir seu efetivo em setores. Nos blocos de maior p\u00fablico, como \u2018Virgens de Tamba\u00fa\u2019 e \u2018Muri\u00e7ocas do Miramar\u2019, pelo menos 81 bombeiros estar\u00e3o atuando com at\u00e9 11 viaturas em \u00e1reas como concentra\u00e7\u00e3o, percurso, e Busto de Tamandar\u00e9. No \u00e2mbito do 1\u00ba Comando Regional, a atua\u00e7\u00e3o dos bombeiros se estende desde a praia de Barra de Camaratuba at\u00e9 Aca\u00fa.<\/p>\n<p>O planejamento da institui\u00e7\u00e3o visa dirimir eventuais necessidades do per\u00edodo, que \u00e9 conhecido pelo grande fluxo de banhistas nas praias do Litoral paraibano. Assim, ser\u00e3o cobertas estrategicamente as \u00e1reas de maior concentra\u00e7\u00e3o de pessoas, executando o trabalho de preven\u00e7\u00e3o, principalmente afogamentos.<\/p>\n<p>A Pol\u00edcia Civil tamb\u00e9m vai refor\u00e7ar o efetivo nas delegacias e manter polos de atendimento em regime de plant\u00e3o durante as pr\u00e9vias de Carnaval na capital paraibana, com a presen\u00e7a da Delegacia M\u00f3vel. Ser\u00e3o at\u00e9 90 policiais civis presentes nos dias de maior p\u00fablico, seja na Delegacia M\u00f3vel, nas delegacias para procedimentos ou para o registro de Boletim de Ocorr\u00eancia (B.O.).\u00a0<\/p>\n<p>Em Jo\u00e3o Pessoa, al\u00e9m dos plant\u00f5es j\u00e1 realizados cotidianamente na Central de Pol\u00edcia, ir\u00e3o abrir tamb\u00e9m \u00e0 noite em plant\u00e3o 24 horas a 10\u00aa Delegacia Distrital (Av. Nego) e a Delegacia do Turista, localizada no t\u00e9rreo do pr\u00e9dio da PBTur, em Tamba\u00fa. Os registros tamb\u00e9m poder\u00e3o ser feitos atrav\u00e9s da Delegacia Online, no seguinte endere\u00e7o:\u00a0<a href=\"https:\/\/paraiba.us20.list-manage.com\/track\/click?u=63cd2f513d25ab116c25e0753&amp;id=0e01eb6a74&amp;e=3c9cfe75bc\" target=\"_blank\" rel=\"noopener noreferrer\" data-saferedirecturl=\"https:\/\/www.google.com\/url?q=https:\/\/paraiba.us20.list-manage.com\/track\/click?u%3D63cd2f513d25ab116c25e0753%26id%3D0e01eb6a74%26e%3D3c9cfe75bc&amp;source=gmail&amp;ust=1581679876257000&amp;usg=AFQjCNFDeKgSEQOmG2fTt51pTZRNlsFaJw\">www.delegaciaonline.<wbr \/>pb.gov.br<\/a>.<\/p>\n<p><strong>Fiscaliza\u00e7\u00f5es de tr\u00e2nsito \u2013\u00a0<\/strong>O Detran da Para\u00edba, por meio da Coordena\u00e7\u00e3o de Policiamento e Fiscaliza\u00e7\u00e3o de Tr\u00e2nsito, vai realizar durante os festejos de pr\u00e9vias carnavalescas na capital paraibana a Opera\u00e7\u00e3o Lei Seca. A a\u00e7\u00e3o vai acontecer em dias e hor\u00e1rios espec\u00edficos, com efetivo vai composto por tr\u00eas equipes, com 12 agentes de tr\u00e2nsito e tr\u00eas policiais militares, al\u00e9m de nove viaturas, que ir\u00e3o atuar na realiza\u00e7\u00e3o de blitzen nos locais de eventos.\u00a0<\/p>\n","protected":false},"excerpt":{"rendered":"<p>O bloco \u2018Muri\u00e7ocas do Miramar\u2019, considerado de maior concentra\u00e7\u00e3o de pessoas durante as pr\u00e9vias carnavalescas da capital paraibana, ter\u00e1 pelo<\/p>\n","protected":false},"author":15,"featured_media":16613,"comment_status":"closed","ping_status":"closed","sticky":false,"template":"","format":"standard","meta":{"_exactmetrics_skip_tracking":false,"_exactmetrics_sitenote_active":false,"_exactmetrics_sitenote_note":"","_exactmetrics_sitenote_category":0,"footnotes":""},"categories":[4,14],"tags":[],"yoast_head":"<!-- This site is optimized with the Yoast SEO plugin v22.0 - https:\/\/yoast.com\/wordpress\/plugins\/seo\/ -->\n<title>Seguran\u00e7a define plano operacional e refor\u00e7a efetivo de policiais e bombeiros nas pr\u00e9vias de Carnaval - Pol\u00edcia Militar da Para\u00edba<\/title>\n<meta name=\"robots\" content=\"index, follow, max-snippet:-1, max-image-preview:large, max-video-preview:-1\" \/>\n<link rel=\"canonical\" href=\"https:\/\/www.pm.pb.gov.br\/portal\/2020\/02\/13\/seguranca-define-plano-operacional-e-reforca-efetivo-de-policiais-e-bombeiros-nas-previas-de-carnaval\/\" \/>\n<meta property=\"og:locale\" content=\"pt_BR\" \/>\n<meta property=\"og:type\" content=\"article\" \/>\n<meta property=\"og:title\" content=\"Seguran\u00e7a define plano operacional e refor\u00e7a efetivo de policiais e bombeiros nas pr\u00e9vias de Carnaval - Pol\u00edcia Militar da Para\u00edba\" \/>\n<meta property=\"og:description\" content=\"O bloco \u2018Muri\u00e7ocas do Miramar\u2019, considerado de maior concentra\u00e7\u00e3o de pessoas durante as pr\u00e9vias carnavalescas da capital paraibana, ter\u00e1 pelo\" \/>\n<meta property=\"og:url\" content=\"https:\/\/www.pm.pb.gov.br\/portal\/2020\/02\/13\/seguranca-define-plano-operacional-e-reforca-efetivo-de-policiais-e-bombeiros-nas-previas-de-carnaval\/\" \/>\n<meta property=\"og:site_name\" content=\"Pol\u00edcia Militar da Para\u00edba\" \/>\n<meta property=\"article:published_time\" content=\"2020-02-13T11:27:53+00:00\" \/>\n<meta property=\"article:modified_time\" content=\"2020-02-13T19:50:49+00:00\" \/>\n<meta property=\"og:image\" content=\"https:\/\/www.pm.pb.gov.br\/portal\/wp-content\/uploads\/2017\/02\/11764_16613.jpg\" \/>\n\t<meta property=\"og:image:width\" content=\"620\" \/>\n\t<meta property=\"og:image:height\" content=\"413\" \/>\n\t<meta property=\"og:image:type\" content=\"image\/jpeg\" \/>\n<meta name=\"author\" content=\"Marcio Gomes dos Santos\" \/>\n<meta name=\"twitter:card\" content=\"summary_large_image\" \/>\n<meta name=\"twitter:label1\" content=\"Escrito por\" \/>\n\t<meta name=\"twitter:data1\" content=\"Marcio Gomes dos Santos\" \/>\n\t<meta name=\"twitter:label2\" content=\"Est. tempo de leitura\" \/>\n\t<meta name=\"twitter:data2\" content=\"3 minutos\" \/>\n<script type=\"application\/ld+json\" class=\"yoast-schema-graph\">{\"@context\":\"https:\/\/schema.org\",\"@graph\":[{\"@type\":\"Article\",\"@id\":\"https:\/\/www.pm.pb.gov.br\/portal\/2020\/02\/13\/seguranca-define-plano-operacional-e-reforca-efetivo-de-policiais-e-bombeiros-nas-previas-de-carnaval\/#article\",\"isPartOf\":{\"@id\":\"https:\/\/www.pm.pb.gov.br\/portal\/2020\/02\/13\/seguranca-define-plano-operacional-e-reforca-efetivo-de-policiais-e-bombeiros-nas-previas-de-carnaval\/\"},\"author\":{\"name\":\"Marcio Gomes dos Santos\",\"@id\":\"https:\/\/www.pm.pb.gov.br\/portal\/#\/schema\/person\/30d571652b38533c2211e4e89bf5a502\"},\"headline\":\"Seguran\u00e7a define plano operacional e refor\u00e7a efetivo de policiais e bombeiros nas pr\u00e9vias de Carnaval\",\"datePublished\":\"2020-02-13T11:27:53+00:00\",\"dateModified\":\"2020-02-13T19:50:49+00:00\",\"mainEntityOfPage\":{\"@id\":\"https:\/\/www.pm.pb.gov.br\/portal\/2020\/02\/13\/seguranca-define-plano-operacional-e-reforca-efetivo-de-policiais-e-bombeiros-nas-previas-de-carnaval\/\"},\"wordCount\":654,\"publisher\":{\"@id\":\"https:\/\/www.pm.pb.gov.br\/portal\/#organization\"},\"articleSection\":[\"A\u00e7\u00f5es Policiais\",\"Preven\u00e7\u00e3o\"],\"inLanguage\":\"pt-BR\"},{\"@type\":\"WebPage\",\"@id\":\"https:\/\/www.pm.pb.gov.br\/portal\/2020\/02\/13\/seguranca-define-plano-operacional-e-reforca-efetivo-de-policiais-e-bombeiros-nas-previas-de-carnaval\/\",\"url\":\"https:\/\/www.pm.pb.gov.br\/portal\/2020\/02\/13\/seguranca-define-plano-operacional-e-reforca-efetivo-de-policiais-e-bombeiros-nas-previas-de-carnaval\/\",\"name\":\"Seguran\u00e7a define plano operacional e refor\u00e7a efetivo de policiais e bombeiros nas pr\u00e9vias de Carnaval - Pol\u00edcia Militar da Para\u00edba\",\"isPartOf\":{\"@id\":\"https:\/\/www.pm.pb.gov.br\/portal\/#website\"},\"datePublished\":\"2020-02-13T11:27:53+00:00\",\"dateModified\":\"2020-02-13T19:50:49+00:00\",\"breadcrumb\":{\"@id\":\"https:\/\/www.pm.pb.gov.br\/portal\/2020\/02\/13\/seguranca-define-plano-operacional-e-reforca-efetivo-de-policiais-e-bombeiros-nas-previas-de-carnaval\/#breadcrumb\"},\"inLanguage\":\"pt-BR\",\"potentialAction\":[{\"@type\":\"ReadAction\",\"target\":[\"https:\/\/www.pm.pb.gov.br\/portal\/2020\/02\/13\/seguranca-define-plano-operacional-e-reforca-efetivo-de-policiais-e-bombeiros-nas-previas-de-carnaval\/\"]}]},{\"@type\":\"BreadcrumbList\",\"@id\":\"https:\/\/www.pm.pb.gov.br\/portal\/2020\/02\/13\/seguranca-define-plano-operacional-e-reforca-efetivo-de-policiais-e-bombeiros-nas-previas-de-carnaval\/#breadcrumb\",\"itemListElement\":[{\"@type\":\"ListItem\",\"position\":1,\"name\":\"In\u00edcio\",\"item\":\"https:\/\/www.pm.pb.gov.br\/portal\/\"},{\"@type\":\"ListItem\",\"position\":2,\"name\":\"Seguran\u00e7a define plano operacional e refor\u00e7a efetivo de policiais e bombeiros nas pr\u00e9vias de Carnaval\"}]},{\"@type\":\"WebSite\",\"@id\":\"https:\/\/www.pm.pb.gov.br\/portal\/#website\",\"url\":\"https:\/\/www.pm.pb.gov.br\/portal\/\",\"name\":\"Pol\u00edcia Militar da Para\u00edba\",\"description\":\"\",\"publisher\":{\"@id\":\"https:\/\/www.pm.pb.gov.br\/portal\/#organization\"},\"potentialAction\":[{\"@type\":\"SearchAction\",\"target\":{\"@type\":\"EntryPoint\",\"urlTemplate\":\"https:\/\/www.pm.pb.gov.br\/portal\/?s={search_term_string}\"},\"query-input\":\"required name=search_term_string\"}],\"inLanguage\":\"pt-BR\"},{\"@type\":\"Organization\",\"@id\":\"https:\/\/www.pm.pb.gov.br\/portal\/#organization\",\"name\":\"Pol\u00edcia Militar da Para\u00edba\",\"url\":\"https:\/\/www.pm.pb.gov.br\/portal\/\",\"logo\":{\"@type\":\"ImageObject\",\"inLanguage\":\"pt-BR\",\"@id\":\"https:\/\/www.pm.pb.gov.br\/portal\/#\/schema\/logo\/image\/\",\"url\":\"https:\/\/www.pm.pb.gov.br\/portal\/wp-content\/uploads\/2025\/03\/cropped-logo-site-mag2-1.png\",\"contentUrl\":\"https:\/\/www.pm.pb.gov.br\/portal\/wp-content\/uploads\/2025\/03\/cropped-logo-site-mag2-1.png\",\"width\":320,\"height\":90,\"caption\":\"Pol\u00edcia Militar da Para\u00edba\"},\"image\":{\"@id\":\"https:\/\/www.pm.pb.gov.br\/portal\/#\/schema\/logo\/image\/\"}},{\"@type\":\"Person\",\"@id\":\"https:\/\/www.pm.pb.gov.br\/portal\/#\/schema\/person\/30d571652b38533c2211e4e89bf5a502\",\"name\":\"Marcio Gomes dos Santos\",\"image\":{\"@type\":\"ImageObject\",\"inLanguage\":\"pt-BR\",\"@id\":\"https:\/\/www.pm.pb.gov.br\/portal\/#\/schema\/person\/image\/\",\"url\":\"https:\/\/secure.gravatar.com\/avatar\/cf4ec2cb690101e1581c7773aa350c19?s=96&d=mm&r=g\",\"contentUrl\":\"https:\/\/secure.gravatar.com\/avatar\/cf4ec2cb690101e1581c7773aa350c19?s=96&d=mm&r=g\",\"caption\":\"Marcio Gomes dos Santos\"},\"url\":\"https:\/\/www.pm.pb.gov.br\/portal\/author\/mgomes\/\"}]}<\/script>\n<!-- \/ Yoast SEO plugin. -->","yoast_head_json":{"title":"Seguran\u00e7a define plano operacional e refor\u00e7a efetivo de policiais e bombeiros nas pr\u00e9vias de Carnaval - Pol\u00edcia Militar da Para\u00edba","robots":{"index":"index","follow":"follow","max-snippet":"max-snippet:-1","max-image-preview":"max-image-preview:large","max-video-preview":"max-video-preview:-1"},"canonical":"https:\/\/www.pm.pb.gov.br\/portal\/2020\/02\/13\/seguranca-define-plano-operacional-e-reforca-efetivo-de-policiais-e-bombeiros-nas-previas-de-carnaval\/","og_locale":"pt_BR","og_type":"article","og_title":"Seguran\u00e7a define plano operacional e refor\u00e7a efetivo de policiais e bombeiros nas pr\u00e9vias de Carnaval - Pol\u00edcia Militar da Para\u00edba","og_description":"O bloco \u2018Muri\u00e7ocas do Miramar\u2019, considerado de maior concentra\u00e7\u00e3o de pessoas durante as pr\u00e9vias carnavalescas da capital paraibana, ter\u00e1 pelo","og_url":"https:\/\/www.pm.pb.gov.br\/portal\/2020\/02\/13\/seguranca-define-plano-operacional-e-reforca-efetivo-de-policiais-e-bombeiros-nas-previas-de-carnaval\/","og_site_name":"Pol\u00edcia Militar da Para\u00edba","article_published_time":"2020-02-13T11:27:53+00:00","article_modified_time":"2020-02-13T19:50:49+00:00","og_image":[{"width":620,"height":413,"url":"https:\/\/www.pm.pb.gov.br\/portal\/wp-content\/uploads\/2017\/02\/11764_16613.jpg","type":"image\/jpeg"}],"author":"Marcio Gomes dos Santos","twitter_card":"summary_large_image","twitter_misc":{"Escrito por":"Marcio Gomes dos Santos","Est. tempo de leitura":"3 minutos"},"schema":{"@context":"https:\/\/schema.org","@graph":[{"@type":"Article","@id":"https:\/\/www.pm.pb.gov.br\/portal\/2020\/02\/13\/seguranca-define-plano-operacional-e-reforca-efetivo-de-policiais-e-bombeiros-nas-previas-de-carnaval\/#article","isPartOf":{"@id":"https:\/\/www.pm.pb.gov.br\/portal\/2020\/02\/13\/seguranca-define-plano-operacional-e-reforca-efetivo-de-policiais-e-bombeiros-nas-previas-de-carnaval\/"},"author":{"name":"Marcio Gomes dos Santos","@id":"https:\/\/www.pm.pb.gov.br\/portal\/#\/schema\/person\/30d571652b38533c2211e4e89bf5a502"},"headline":"Seguran\u00e7a define plano operacional e refor\u00e7a efetivo de policiais e bombeiros nas pr\u00e9vias de Carnaval","datePublished":"2020-02-13T11:27:53+00:00","dateModified":"2020-02-13T19:50:49+00:00","mainEntityOfPage":{"@id":"https:\/\/www.pm.pb.gov.br\/portal\/2020\/02\/13\/seguranca-define-plano-operacional-e-reforca-efetivo-de-policiais-e-bombeiros-nas-previas-de-carnaval\/"},"wordCount":654,"publisher":{"@id":"https:\/\/www.pm.pb.gov.br\/portal\/#organization"},"articleSection":["A\u00e7\u00f5es Policiais","Preven\u00e7\u00e3o"],"inLanguage":"pt-BR"},{"@type":"WebPage","@id":"https:\/\/www.pm.pb.gov.br\/portal\/2020\/02\/13\/seguranca-define-plano-operacional-e-reforca-efetivo-de-policiais-e-bombeiros-nas-previas-de-carnaval\/","url":"https:\/\/www.pm.pb.gov.br\/portal\/2020\/02\/13\/seguranca-define-plano-operacional-e-reforca-efetivo-de-policiais-e-bombeiros-nas-previas-de-carnaval\/","name":"Seguran\u00e7a define plano operacional e refor\u00e7a efetivo de policiais e bombeiros nas pr\u00e9vias de Carnaval - Pol\u00edcia Militar da Para\u00edba","isPartOf":{"@id":"https:\/\/www.pm.pb.gov.br\/portal\/#website"},"datePublished":"2020-02-13T11:27:53+00:00","dateModified":"2020-02-13T19:50:49+00:00","breadcrumb":{"@id":"https:\/\/www.pm.pb.gov.br\/portal\/2020\/02\/13\/seguranca-define-plano-operacional-e-reforca-efetivo-de-policiais-e-bombeiros-nas-previas-de-carnaval\/#breadcrumb"},"inLanguage":"pt-BR","potentialAction":[{"@type":"ReadAction","target":["https:\/\/www.pm.pb.gov.br\/portal\/2020\/02\/13\/seguranca-define-plano-operacional-e-reforca-efetivo-de-policiais-e-bombeiros-nas-previas-de-carnaval\/"]}]},{"@type":"BreadcrumbList","@id":"https:\/\/www.pm.pb.gov.br\/portal\/2020\/02\/13\/seguranca-define-plano-operacional-e-reforca-efetivo-de-policiais-e-bombeiros-nas-previas-de-carnaval\/#breadcrumb","itemListElement":[{"@type":"ListItem","position":1,"name":"In\u00edcio","item":"https:\/\/www.pm.pb.gov.br\/portal\/"},{"@type":"ListItem","position":2,"name":"Seguran\u00e7a define plano operacional e refor\u00e7a efetivo de policiais e bombeiros nas pr\u00e9vias de Carnaval"}]},{"@type":"WebSite","@id":"https:\/\/www.pm.pb.gov.br\/portal\/#website","url":"https:\/\/www.pm.pb.gov.br\/portal\/","name":"Pol\u00edcia Militar da Para\u00edba","description":"","publisher":{"@id":"https:\/\/www.pm.pb.gov.br\/portal\/#organization"},"potentialAction":[{"@type":"SearchAction","target":{"@type":"EntryPoint","urlTemplate":"https:\/\/www.pm.pb.gov.br\/portal\/?s={search_term_string}"},"query-input":"required name=search_term_string"}],"inLanguage":"pt-BR"},{"@type":"Organization","@id":"https:\/\/www.pm.pb.gov.br\/portal\/#organization","name":"Pol\u00edcia Militar da Para\u00edba","url":"https:\/\/www.pm.pb.gov.br\/portal\/","logo":{"@type":"ImageObject","inLanguage":"pt-BR","@id":"https:\/\/www.pm.pb.gov.br\/portal\/#\/schema\/logo\/image\/","url":"https:\/\/www.pm.pb.gov.br\/portal\/wp-content\/uploads\/2025\/03\/cropped-logo-site-mag2-1.png","contentUrl":"https:\/\/www.pm.pb.gov.br\/portal\/wp-content\/uploads\/2025\/03\/cropped-logo-site-mag2-1.png","width":320,"height":90,"caption":"Pol\u00edcia Militar da Para\u00edba"},"image":{"@id":"https:\/\/www.pm.pb.gov.br\/portal\/#\/schema\/logo\/image\/"}},{"@type":"Person","@id":"https:\/\/www.pm.pb.gov.br\/portal\/#\/schema\/person\/30d571652b38533c2211e4e89bf5a502","name":"Marcio Gomes dos Santos","image":{"@type":"ImageObject","inLanguage":"pt-BR","@id":"https:\/\/www.pm.pb.gov.br\/portal\/#\/schema\/person\/image\/","url":"https:\/\/secure.gravatar.com\/avatar\/cf4ec2cb690101e1581c7773aa350c19?s=96&d=mm&r=g","contentUrl":"https:\/\/secure.gravatar.com\/avatar\/cf4ec2cb690101e1581c7773aa350c19?s=96&d=mm&r=g","caption":"Marcio Gomes dos Santos"},"url":"https:\/\/www.pm.pb.gov.br\/portal\/author\/mgomes\/"}]}},"_links":{"self":[{"href":"https:\/\/www.pm.pb.gov.br\/portal\/wp-json\/wp\/v2\/posts\/903852"}],"collection":[{"href":"https:\/\/www.pm.pb.gov.br\/portal\/wp-json\/wp\/v2\/posts"}],"about":[{"href":"https:\/\/www.pm.pb.gov.br\/portal\/wp-json\/wp\/v2\/types\/post"}],"author":[{"embeddable":true,"href":"https:\/\/www.pm.pb.gov.br\/portal\/wp-json\/wp\/v2\/users\/15"}],"replies":[{"embeddable":true,"href":"https:\/\/www.pm.pb.gov.br\/portal\/wp-json\/wp\/v2\/comments?post=903852"}],"version-history":[{"count":2,"href":"https:\/\/www.pm.pb.gov.br\/portal\/wp-json\/wp\/v2\/posts\/903852\/revisions"}],"predecessor-version":[{"id":903857,"href":"https:\/\/www.pm.pb.gov.br\/portal\/wp-json\/wp\/v2\/posts\/903852\/revisions\/903857"}],"wp:featuredmedia":[{"embeddable":true,"href":"https:\/\/www.pm.pb.gov.br\/portal\/wp-json\/wp\/v2\/media\/16613"}],"wp:attachment":[{"href":"https:\/\/www.pm.pb.gov.br\/portal\/wp-json\/wp\/v2\/media?parent=903852"}],"wp:term":[{"taxonomy":"category","embeddable":true,"href":"https:\/\/www.pm.pb.gov.br\/portal\/wp-json\/wp\/v2\/categories?post=903852"},{"taxonomy":"post_tag","embeddable":true,"href":"https:\/\/www.pm.pb.gov.br\/portal\/wp-json\/wp\/v2\/tags?post=903852"}],"curies":[{"name":"wp","href":"https:\/\/api.w.org\/{rel}","templated":true}]}}