{"id":903818,"date":"2020-02-07T10:17:18","date_gmt":"2020-02-07T13:17:18","guid":{"rendered":"http:\/\/www.pm.pb.gov.br\/portal\/?p=903818"},"modified":"2020-02-07T10:17:19","modified_gmt":"2020-02-07T13:17:19","slug":"policiais-militares-que-realizaram-intervencoes-contra-crimes-em-horarios-de-folga-sao-promovidos-por-ato-de-bravura","status":"publish","type":"post","link":"https:\/\/www.pm.pb.gov.br\/portal\/2020\/02\/07\/policiais-militares-que-realizaram-intervencoes-contra-crimes-em-horarios-de-folga-sao-promovidos-por-ato-de-bravura\/","title":{"rendered":"Policiais militares que realizaram interven\u00e7\u00f5es contra crimes em hor\u00e1rios de folga s\u00e3o promovidos por ato de bravura"},"content":{"rendered":"<p>O Di\u00e1rio Oficial do Estado (DOE) desta sexta-feira (7) trouxe 18 atos de promo\u00e7\u00e3o de policiais militares por bravura, que \u00e9 quando o PM \u201cultrapassa os limites normais do cumprimento do dever\u201d, ou seja, realiza, mesmo em hor\u00e1rios de folga, interven\u00e7\u00e3o contra o crime ao se deparar com a situa\u00e7\u00e3o. Nos atos de promo\u00e7\u00e3o de cada policial, foram destacados o sentimento de aud\u00e1cia, destemor, bravura, intrepidez, denodo e firmeza de esp\u00edrito que eles tiveram ao enfrentar as situa\u00e7\u00f5es que os fizeram conquistar o reconhecimento.<\/p>\n<p>As promo\u00e7\u00f5es foram publicadas ap\u00f3s a interven\u00e7\u00e3o realizada por cada policial ser criteriosamente apurada por conselho especial de promo\u00e7\u00e3o por ato de bravura, que analisou o preenchimento dos requisitos previstos para alcan\u00e7ar a ascens\u00e3o profissional por bravura. As promo\u00e7\u00f5es foram concedidas pelo pr\u00f3prio governador Jo\u00e3o Azev\u00eado.<\/p>\n<p>Foram promovidos de cabo \u00e0 3\u00ba Sargento, Adeangelo de Melo Cruz; Alexandre de Medeiros Freire; Andr\u00e9 da Silva Rosa; Daniel Florentino de Souza; Emanoel Eldes Os\u00f3rio de Ara\u00fajo; Erinaldo Bernardo de Cena; Genildo de Ara\u00fajo Dantas, Jackson Moreira Santos; Jo\u00e3o Batista Chaves Alves; Jos\u00e9 Rodolfo de Barros Silva; Mannix Moura de Lima; Ramon Ferreira Bandeira; Serginaldo Ferreira Leal; Tiago de Souza Barros; Wanderson Kelly de Abreu Farias; e Wyllen Gomes Leite.<\/p>\n<p>Teve ainda a promo\u00e7\u00e3o \u00e0 1\u00ba sargento de Reginaldo Rodrigues de Freitas e \u00e0 gradua\u00e7\u00e3o de Cabo de Caio Augusto Pereira Pontes. Todos eles j\u00e1 passam a responder pela nova gradua\u00e7\u00e3o alcan\u00e7ada a partir de hoje.<\/p>\n<p>Os promovidos receber\u00e3o os atos de promo\u00e7\u00e3o perante toda a tropa que estar\u00e1 participando da solenidade de anivers\u00e1rio de 188 anos da Pol\u00edcia Militar da Para\u00edba, nesta sexta-feira (7), \u00e0s 16h, no Centro de Educa\u00e7\u00e3o, em Jo\u00e3o Pessoa.<\/p>\n","protected":false},"excerpt":{"rendered":"<p>O Di\u00e1rio Oficial do Estado (DOE) desta sexta-feira (7) trouxe 18 atos de promo\u00e7\u00e3o de policiais militares por bravura, que<\/p>\n","protected":false},"author":10,"featured_media":12814,"comment_status":"closed","ping_status":"closed","sticky":false,"template":"","format":"standard","meta":{"_exactmetrics_skip_tracking":false,"_exactmetrics_sitenote_active":false,"_exactmetrics_sitenote_note":"","_exactmetrics_sitenote_category":0,"footnotes":""},"categories":[19],"tags":[],"yoast_head":"<!-- This site is optimized with the Yoast SEO plugin v22.0 - https:\/\/yoast.com\/wordpress\/plugins\/seo\/ -->\n<title>Policiais militares que realizaram interven\u00e7\u00f5es contra crimes em hor\u00e1rios de folga s\u00e3o promovidos por ato de bravura - Pol\u00edcia Militar da Para\u00edba<\/title>\n<meta name=\"robots\" content=\"index, follow, max-snippet:-1, max-image-preview:large, max-video-preview:-1\" \/>\n<link rel=\"canonical\" href=\"https:\/\/www.pm.pb.gov.br\/portal\/2020\/02\/07\/policiais-militares-que-realizaram-intervencoes-contra-crimes-em-horarios-de-folga-sao-promovidos-por-ato-de-bravura\/\" \/>\n<meta property=\"og:locale\" content=\"pt_BR\" \/>\n<meta property=\"og:type\" content=\"article\" \/>\n<meta property=\"og:title\" content=\"Policiais militares que realizaram interven\u00e7\u00f5es contra crimes em hor\u00e1rios de folga s\u00e3o promovidos por ato de bravura - Pol\u00edcia Militar da Para\u00edba\" \/>\n<meta property=\"og:description\" content=\"O Di\u00e1rio Oficial do Estado (DOE) desta sexta-feira (7) trouxe 18 atos de promo\u00e7\u00e3o de policiais militares por bravura, que\" \/>\n<meta property=\"og:url\" content=\"https:\/\/www.pm.pb.gov.br\/portal\/2020\/02\/07\/policiais-militares-que-realizaram-intervencoes-contra-crimes-em-horarios-de-folga-sao-promovidos-por-ato-de-bravura\/\" \/>\n<meta property=\"og:site_name\" content=\"Pol\u00edcia Militar da Para\u00edba\" \/>\n<meta property=\"article:published_time\" content=\"2020-02-07T13:17:18+00:00\" \/>\n<meta property=\"article:modified_time\" content=\"2020-02-07T13:17:19+00:00\" \/>\n<meta property=\"og:image\" content=\"https:\/\/www.pm.pb.gov.br\/portal\/wp-content\/uploads\/2014\/04\/9357_12814.jpg\" \/>\n\t<meta property=\"og:image:width\" content=\"500\" \/>\n\t<meta property=\"og:image:height\" content=\"361\" \/>\n\t<meta property=\"og:image:type\" content=\"image\/jpeg\" \/>\n<meta name=\"author\" content=\"WAGNER HENRIQUE VARELA DA SILVA\" \/>\n<meta name=\"twitter:card\" content=\"summary_large_image\" \/>\n<meta name=\"twitter:label1\" content=\"Escrito por\" \/>\n\t<meta name=\"twitter:data1\" content=\"WAGNER HENRIQUE VARELA DA SILVA\" \/>\n\t<meta name=\"twitter:label2\" content=\"Est. tempo de leitura\" \/>\n\t<meta name=\"twitter:data2\" content=\"1 minuto\" \/>\n<script type=\"application\/ld+json\" class=\"yoast-schema-graph\">{\"@context\":\"https:\/\/schema.org\",\"@graph\":[{\"@type\":\"Article\",\"@id\":\"https:\/\/www.pm.pb.gov.br\/portal\/2020\/02\/07\/policiais-militares-que-realizaram-intervencoes-contra-crimes-em-horarios-de-folga-sao-promovidos-por-ato-de-bravura\/#article\",\"isPartOf\":{\"@id\":\"https:\/\/www.pm.pb.gov.br\/portal\/2020\/02\/07\/policiais-militares-que-realizaram-intervencoes-contra-crimes-em-horarios-de-folga-sao-promovidos-por-ato-de-bravura\/\"},\"author\":{\"name\":\"WAGNER HENRIQUE VARELA DA SILVA\",\"@id\":\"https:\/\/www.pm.pb.gov.br\/portal\/#\/schema\/person\/b169b297b8494dea236e315ed1a201d1\"},\"headline\":\"Policiais militares que realizaram interven\u00e7\u00f5es contra crimes em hor\u00e1rios de folga s\u00e3o promovidos por ato de bravura\",\"datePublished\":\"2020-02-07T13:17:18+00:00\",\"dateModified\":\"2020-02-07T13:17:19+00:00\",\"mainEntityOfPage\":{\"@id\":\"https:\/\/www.pm.pb.gov.br\/portal\/2020\/02\/07\/policiais-militares-que-realizaram-intervencoes-contra-crimes-em-horarios-de-folga-sao-promovidos-por-ato-de-bravura\/\"},\"wordCount\":319,\"publisher\":{\"@id\":\"https:\/\/www.pm.pb.gov.br\/portal\/#organization\"},\"articleSection\":[\"Aconteceu\"],\"inLanguage\":\"pt-BR\"},{\"@type\":\"WebPage\",\"@id\":\"https:\/\/www.pm.pb.gov.br\/portal\/2020\/02\/07\/policiais-militares-que-realizaram-intervencoes-contra-crimes-em-horarios-de-folga-sao-promovidos-por-ato-de-bravura\/\",\"url\":\"https:\/\/www.pm.pb.gov.br\/portal\/2020\/02\/07\/policiais-militares-que-realizaram-intervencoes-contra-crimes-em-horarios-de-folga-sao-promovidos-por-ato-de-bravura\/\",\"name\":\"Policiais militares que realizaram interven\u00e7\u00f5es contra crimes em hor\u00e1rios de folga s\u00e3o promovidos por ato de bravura - Pol\u00edcia Militar da Para\u00edba\",\"isPartOf\":{\"@id\":\"https:\/\/www.pm.pb.gov.br\/portal\/#website\"},\"datePublished\":\"2020-02-07T13:17:18+00:00\",\"dateModified\":\"2020-02-07T13:17:19+00:00\",\"breadcrumb\":{\"@id\":\"https:\/\/www.pm.pb.gov.br\/portal\/2020\/02\/07\/policiais-militares-que-realizaram-intervencoes-contra-crimes-em-horarios-de-folga-sao-promovidos-por-ato-de-bravura\/#breadcrumb\"},\"inLanguage\":\"pt-BR\",\"potentialAction\":[{\"@type\":\"ReadAction\",\"target\":[\"https:\/\/www.pm.pb.gov.br\/portal\/2020\/02\/07\/policiais-militares-que-realizaram-intervencoes-contra-crimes-em-horarios-de-folga-sao-promovidos-por-ato-de-bravura\/\"]}]},{\"@type\":\"BreadcrumbList\",\"@id\":\"https:\/\/www.pm.pb.gov.br\/portal\/2020\/02\/07\/policiais-militares-que-realizaram-intervencoes-contra-crimes-em-horarios-de-folga-sao-promovidos-por-ato-de-bravura\/#breadcrumb\",\"itemListElement\":[{\"@type\":\"ListItem\",\"position\":1,\"name\":\"In\u00edcio\",\"item\":\"https:\/\/www.pm.pb.gov.br\/portal\/\"},{\"@type\":\"ListItem\",\"position\":2,\"name\":\"Policiais militares que realizaram interven\u00e7\u00f5es contra crimes em hor\u00e1rios de folga s\u00e3o promovidos por ato de bravura\"}]},{\"@type\":\"WebSite\",\"@id\":\"https:\/\/www.pm.pb.gov.br\/portal\/#website\",\"url\":\"https:\/\/www.pm.pb.gov.br\/portal\/\",\"name\":\"Pol\u00edcia Militar da Para\u00edba\",\"description\":\"\",\"publisher\":{\"@id\":\"https:\/\/www.pm.pb.gov.br\/portal\/#organization\"},\"potentialAction\":[{\"@type\":\"SearchAction\",\"target\":{\"@type\":\"EntryPoint\",\"urlTemplate\":\"https:\/\/www.pm.pb.gov.br\/portal\/?s={search_term_string}\"},\"query-input\":\"required name=search_term_string\"}],\"inLanguage\":\"pt-BR\"},{\"@type\":\"Organization\",\"@id\":\"https:\/\/www.pm.pb.gov.br\/portal\/#organization\",\"name\":\"Pol\u00edcia Militar da Para\u00edba\",\"url\":\"https:\/\/www.pm.pb.gov.br\/portal\/\",\"logo\":{\"@type\":\"ImageObject\",\"inLanguage\":\"pt-BR\",\"@id\":\"https:\/\/www.pm.pb.gov.br\/portal\/#\/schema\/logo\/image\/\",\"url\":\"https:\/\/www.pm.pb.gov.br\/portal\/wp-content\/uploads\/2025\/03\/cropped-logo-site-mag2-1.png\",\"contentUrl\":\"https:\/\/www.pm.pb.gov.br\/portal\/wp-content\/uploads\/2025\/03\/cropped-logo-site-mag2-1.png\",\"width\":320,\"height\":90,\"caption\":\"Pol\u00edcia Militar da Para\u00edba\"},\"image\":{\"@id\":\"https:\/\/www.pm.pb.gov.br\/portal\/#\/schema\/logo\/image\/\"}},{\"@type\":\"Person\",\"@id\":\"https:\/\/www.pm.pb.gov.br\/portal\/#\/schema\/person\/b169b297b8494dea236e315ed1a201d1\",\"name\":\"WAGNER HENRIQUE VARELA DA SILVA\",\"image\":{\"@type\":\"ImageObject\",\"inLanguage\":\"pt-BR\",\"@id\":\"https:\/\/www.pm.pb.gov.br\/portal\/#\/schema\/person\/image\/\",\"url\":\"https:\/\/secure.gravatar.com\/avatar\/e08af53176a66730df5c0706c6c31fd6?s=96&d=mm&r=g\",\"contentUrl\":\"https:\/\/secure.gravatar.com\/avatar\/e08af53176a66730df5c0706c6c31fd6?s=96&d=mm&r=g\",\"caption\":\"WAGNER HENRIQUE VARELA DA SILVA\"},\"url\":\"https:\/\/www.pm.pb.gov.br\/portal\/author\/varela\/\"}]}<\/script>\n<!-- \/ Yoast SEO plugin. -->","yoast_head_json":{"title":"Policiais militares que realizaram interven\u00e7\u00f5es contra crimes em hor\u00e1rios de folga s\u00e3o promovidos por ato de bravura - Pol\u00edcia Militar da Para\u00edba","robots":{"index":"index","follow":"follow","max-snippet":"max-snippet:-1","max-image-preview":"max-image-preview:large","max-video-preview":"max-video-preview:-1"},"canonical":"https:\/\/www.pm.pb.gov.br\/portal\/2020\/02\/07\/policiais-militares-que-realizaram-intervencoes-contra-crimes-em-horarios-de-folga-sao-promovidos-por-ato-de-bravura\/","og_locale":"pt_BR","og_type":"article","og_title":"Policiais militares que realizaram interven\u00e7\u00f5es contra crimes em hor\u00e1rios de folga s\u00e3o promovidos por ato de bravura - Pol\u00edcia Militar da Para\u00edba","og_description":"O Di\u00e1rio Oficial do Estado (DOE) desta sexta-feira (7) trouxe 18 atos de promo\u00e7\u00e3o de policiais militares por bravura, que","og_url":"https:\/\/www.pm.pb.gov.br\/portal\/2020\/02\/07\/policiais-militares-que-realizaram-intervencoes-contra-crimes-em-horarios-de-folga-sao-promovidos-por-ato-de-bravura\/","og_site_name":"Pol\u00edcia Militar da Para\u00edba","article_published_time":"2020-02-07T13:17:18+00:00","article_modified_time":"2020-02-07T13:17:19+00:00","og_image":[{"width":500,"height":361,"url":"https:\/\/www.pm.pb.gov.br\/portal\/wp-content\/uploads\/2014\/04\/9357_12814.jpg","type":"image\/jpeg"}],"author":"WAGNER HENRIQUE VARELA DA SILVA","twitter_card":"summary_large_image","twitter_misc":{"Escrito por":"WAGNER HENRIQUE VARELA DA SILVA","Est. tempo de leitura":"1 minuto"},"schema":{"@context":"https:\/\/schema.org","@graph":[{"@type":"Article","@id":"https:\/\/www.pm.pb.gov.br\/portal\/2020\/02\/07\/policiais-militares-que-realizaram-intervencoes-contra-crimes-em-horarios-de-folga-sao-promovidos-por-ato-de-bravura\/#article","isPartOf":{"@id":"https:\/\/www.pm.pb.gov.br\/portal\/2020\/02\/07\/policiais-militares-que-realizaram-intervencoes-contra-crimes-em-horarios-de-folga-sao-promovidos-por-ato-de-bravura\/"},"author":{"name":"WAGNER HENRIQUE VARELA DA SILVA","@id":"https:\/\/www.pm.pb.gov.br\/portal\/#\/schema\/person\/b169b297b8494dea236e315ed1a201d1"},"headline":"Policiais militares que realizaram interven\u00e7\u00f5es contra crimes em hor\u00e1rios de folga s\u00e3o promovidos por ato de bravura","datePublished":"2020-02-07T13:17:18+00:00","dateModified":"2020-02-07T13:17:19+00:00","mainEntityOfPage":{"@id":"https:\/\/www.pm.pb.gov.br\/portal\/2020\/02\/07\/policiais-militares-que-realizaram-intervencoes-contra-crimes-em-horarios-de-folga-sao-promovidos-por-ato-de-bravura\/"},"wordCount":319,"publisher":{"@id":"https:\/\/www.pm.pb.gov.br\/portal\/#organization"},"articleSection":["Aconteceu"],"inLanguage":"pt-BR"},{"@type":"WebPage","@id":"https:\/\/www.pm.pb.gov.br\/portal\/2020\/02\/07\/policiais-militares-que-realizaram-intervencoes-contra-crimes-em-horarios-de-folga-sao-promovidos-por-ato-de-bravura\/","url":"https:\/\/www.pm.pb.gov.br\/portal\/2020\/02\/07\/policiais-militares-que-realizaram-intervencoes-contra-crimes-em-horarios-de-folga-sao-promovidos-por-ato-de-bravura\/","name":"Policiais militares que realizaram interven\u00e7\u00f5es contra crimes em hor\u00e1rios de folga s\u00e3o promovidos por ato de bravura - Pol\u00edcia Militar da Para\u00edba","isPartOf":{"@id":"https:\/\/www.pm.pb.gov.br\/portal\/#website"},"datePublished":"2020-02-07T13:17:18+00:00","dateModified":"2020-02-07T13:17:19+00:00","breadcrumb":{"@id":"https:\/\/www.pm.pb.gov.br\/portal\/2020\/02\/07\/policiais-militares-que-realizaram-intervencoes-contra-crimes-em-horarios-de-folga-sao-promovidos-por-ato-de-bravura\/#breadcrumb"},"inLanguage":"pt-BR","potentialAction":[{"@type":"ReadAction","target":["https:\/\/www.pm.pb.gov.br\/portal\/2020\/02\/07\/policiais-militares-que-realizaram-intervencoes-contra-crimes-em-horarios-de-folga-sao-promovidos-por-ato-de-bravura\/"]}]},{"@type":"BreadcrumbList","@id":"https:\/\/www.pm.pb.gov.br\/portal\/2020\/02\/07\/policiais-militares-que-realizaram-intervencoes-contra-crimes-em-horarios-de-folga-sao-promovidos-por-ato-de-bravura\/#breadcrumb","itemListElement":[{"@type":"ListItem","position":1,"name":"In\u00edcio","item":"https:\/\/www.pm.pb.gov.br\/portal\/"},{"@type":"ListItem","position":2,"name":"Policiais militares que realizaram interven\u00e7\u00f5es contra crimes em hor\u00e1rios de folga s\u00e3o promovidos por ato de bravura"}]},{"@type":"WebSite","@id":"https:\/\/www.pm.pb.gov.br\/portal\/#website","url":"https:\/\/www.pm.pb.gov.br\/portal\/","name":"Pol\u00edcia Militar da Para\u00edba","description":"","publisher":{"@id":"https:\/\/www.pm.pb.gov.br\/portal\/#organization"},"potentialAction":[{"@type":"SearchAction","target":{"@type":"EntryPoint","urlTemplate":"https:\/\/www.pm.pb.gov.br\/portal\/?s={search_term_string}"},"query-input":"required name=search_term_string"}],"inLanguage":"pt-BR"},{"@type":"Organization","@id":"https:\/\/www.pm.pb.gov.br\/portal\/#organization","name":"Pol\u00edcia Militar da Para\u00edba","url":"https:\/\/www.pm.pb.gov.br\/portal\/","logo":{"@type":"ImageObject","inLanguage":"pt-BR","@id":"https:\/\/www.pm.pb.gov.br\/portal\/#\/schema\/logo\/image\/","url":"https:\/\/www.pm.pb.gov.br\/portal\/wp-content\/uploads\/2025\/03\/cropped-logo-site-mag2-1.png","contentUrl":"https:\/\/www.pm.pb.gov.br\/portal\/wp-content\/uploads\/2025\/03\/cropped-logo-site-mag2-1.png","width":320,"height":90,"caption":"Pol\u00edcia Militar da Para\u00edba"},"image":{"@id":"https:\/\/www.pm.pb.gov.br\/portal\/#\/schema\/logo\/image\/"}},{"@type":"Person","@id":"https:\/\/www.pm.pb.gov.br\/portal\/#\/schema\/person\/b169b297b8494dea236e315ed1a201d1","name":"WAGNER HENRIQUE VARELA DA SILVA","image":{"@type":"ImageObject","inLanguage":"pt-BR","@id":"https:\/\/www.pm.pb.gov.br\/portal\/#\/schema\/person\/image\/","url":"https:\/\/secure.gravatar.com\/avatar\/e08af53176a66730df5c0706c6c31fd6?s=96&d=mm&r=g","contentUrl":"https:\/\/secure.gravatar.com\/avatar\/e08af53176a66730df5c0706c6c31fd6?s=96&d=mm&r=g","caption":"WAGNER HENRIQUE VARELA DA SILVA"},"url":"https:\/\/www.pm.pb.gov.br\/portal\/author\/varela\/"}]}},"_links":{"self":[{"href":"https:\/\/www.pm.pb.gov.br\/portal\/wp-json\/wp\/v2\/posts\/903818"}],"collection":[{"href":"https:\/\/www.pm.pb.gov.br\/portal\/wp-json\/wp\/v2\/posts"}],"about":[{"href":"https:\/\/www.pm.pb.gov.br\/portal\/wp-json\/wp\/v2\/types\/post"}],"author":[{"embeddable":true,"href":"https:\/\/www.pm.pb.gov.br\/portal\/wp-json\/wp\/v2\/users\/10"}],"replies":[{"embeddable":true,"href":"https:\/\/www.pm.pb.gov.br\/portal\/wp-json\/wp\/v2\/comments?post=903818"}],"version-history":[{"count":2,"href":"https:\/\/www.pm.pb.gov.br\/portal\/wp-json\/wp\/v2\/posts\/903818\/revisions"}],"predecessor-version":[{"id":903823,"href":"https:\/\/www.pm.pb.gov.br\/portal\/wp-json\/wp\/v2\/posts\/903818\/revisions\/903823"}],"wp:featuredmedia":[{"embeddable":true,"href":"https:\/\/www.pm.pb.gov.br\/portal\/wp-json\/wp\/v2\/media\/12814"}],"wp:attachment":[{"href":"https:\/\/www.pm.pb.gov.br\/portal\/wp-json\/wp\/v2\/media?parent=903818"}],"wp:term":[{"taxonomy":"category","embeddable":true,"href":"https:\/\/www.pm.pb.gov.br\/portal\/wp-json\/wp\/v2\/categories?post=903818"},{"taxonomy":"post_tag","embeddable":true,"href":"https:\/\/www.pm.pb.gov.br\/portal\/wp-json\/wp\/v2\/tags?post=903818"}],"curies":[{"name":"wp","href":"https:\/\/api.w.org\/{rel}","templated":true}]}}