{"id":903807,"date":"2020-02-05T12:17:54","date_gmt":"2020-02-05T15:17:54","guid":{"rendered":"http:\/\/www.pm.pb.gov.br\/portal\/?p=903807"},"modified":"2020-02-05T12:17:55","modified_gmt":"2020-02-05T15:17:55","slug":"policia-militar-intercepta-suspeitos-de-praticar-arrastoes-em-varios-bairros-da-capital","status":"publish","type":"post","link":"https:\/\/www.pm.pb.gov.br\/portal\/2020\/02\/05\/policia-militar-intercepta-suspeitos-de-praticar-arrastoes-em-varios-bairros-da-capital\/","title":{"rendered":"Pol\u00edcia Militar intercepta suspeitos de praticar arrast\u00f5es em v\u00e1rios bairros da Capital"},"content":{"rendered":"\n<p>A Pol\u00edcia Militar interceptou os suspeitos que vinham praticando arrast\u00f5es contra trabalhadores e estudantes, em pontos de \u00f4nibus de pelo menos dez bairros de Jo\u00e3o Pessoa. Na a\u00e7\u00e3o, que foi realizada pelos policiais do 5\u00ba Batalh\u00e3o, nesta quarta-feira (5), foi preso um homem e apreendido um adolescente. Com a dupla, foram recuperados 23 celulares, headphones, bolsas e apreendido o rev\u00f3lver que era utilizado para amea\u00e7ar as v\u00edtimas durante os crimes.<br \/><br \/>Eles agiram nesta quarta-feira em um carro que foi furtado da frente de uma casa, no Planalto da Boa Esperan\u00e7a, na zona sul da Capital. Com o ve\u00edculo, os dois praticaram roubos a pessoas em pontos de \u00f4nibus nos bairros das Ind\u00fastrias, Jardim Veneza, Funcion\u00e1rios II e Colinas do Sul, onde foram interceptados e detidos ap\u00f3s persegui\u00e7\u00e3o.<br \/><br \/>Conforme informa\u00e7\u00f5es do tenente Rodrigo Souza, do 5\u00ba Batalh\u00e3o, os suspeitos j\u00e1 vinham sendo procurados nas \u00faltimas semanas. \u201cTem ainda um terceiro acusado que conseguiu fugir. Juntos, eles estariam praticando roubos logo cedo da manh\u00e3 nas paradas de \u00f4nibus de bairros n\u00e3o s\u00f3 da zona sul, mas tamb\u00e9m da zona norte da capital, na \u00e1rea do 1\u00ba Batalh\u00e3o. J\u00e1 v\u00ednhamos refor\u00e7ando as a\u00e7\u00f5es no hor\u00e1rio para localizar os acusados, que costumavam agir roubando ou furtando carros para praticar os assaltos, e conseguimos, nesta quarta-feira, chegar at\u00e9 eles e dar resposta aos crimes\u201d, destacou.<br \/><br \/>O suspeito adulto estava sem documenta\u00e7\u00e3o e passar\u00e1 por uma identifica\u00e7\u00e3o criminal. O adolescente tem 16 anos e j\u00e1 foi apreendido por roubo outras vezes. Os dois foram levados para a Central de Flagrantes, no Geisel, sendo j\u00e1 reconhecidos por v\u00e1rias v\u00edtimas.<\/p>\n","protected":false},"excerpt":{"rendered":"<p>A Pol\u00edcia Militar interceptou os suspeitos que vinham praticando arrast\u00f5es contra trabalhadores e estudantes, em pontos de \u00f4nibus de pelo<\/p>\n","protected":false},"author":15,"featured_media":903808,"comment_status":"closed","ping_status":"closed","sticky":false,"template":"","format":"standard","meta":{"_exactmetrics_skip_tracking":false,"_exactmetrics_sitenote_active":false,"_exactmetrics_sitenote_note":"","_exactmetrics_sitenote_category":0,"footnotes":""},"categories":[4],"tags":[],"yoast_head":"<!-- This site is optimized with the Yoast SEO plugin v22.0 - https:\/\/yoast.com\/wordpress\/plugins\/seo\/ -->\n<title>Pol\u00edcia Militar intercepta suspeitos de praticar arrast\u00f5es em v\u00e1rios bairros da Capital - Pol\u00edcia Militar da Para\u00edba<\/title>\n<meta name=\"robots\" content=\"index, follow, max-snippet:-1, max-image-preview:large, max-video-preview:-1\" \/>\n<link rel=\"canonical\" href=\"https:\/\/www.pm.pb.gov.br\/portal\/2020\/02\/05\/policia-militar-intercepta-suspeitos-de-praticar-arrastoes-em-varios-bairros-da-capital\/\" \/>\n<meta property=\"og:locale\" content=\"pt_BR\" \/>\n<meta property=\"og:type\" content=\"article\" \/>\n<meta property=\"og:title\" content=\"Pol\u00edcia Militar intercepta suspeitos de praticar arrast\u00f5es em v\u00e1rios bairros da Capital - Pol\u00edcia Militar da Para\u00edba\" \/>\n<meta property=\"og:description\" content=\"A Pol\u00edcia Militar interceptou os suspeitos que vinham praticando arrast\u00f5es contra trabalhadores e estudantes, em pontos de \u00f4nibus de pelo\" \/>\n<meta property=\"og:url\" content=\"https:\/\/www.pm.pb.gov.br\/portal\/2020\/02\/05\/policia-militar-intercepta-suspeitos-de-praticar-arrastoes-em-varios-bairros-da-capital\/\" \/>\n<meta property=\"og:site_name\" content=\"Pol\u00edcia Militar da Para\u00edba\" \/>\n<meta property=\"article:published_time\" content=\"2020-02-05T15:17:54+00:00\" \/>\n<meta property=\"article:modified_time\" content=\"2020-02-05T15:17:55+00:00\" \/>\n<meta property=\"og:image\" content=\"https:\/\/www.pm.pb.gov.br\/portal\/wp-content\/uploads\/2020\/02\/WhatsApp-Image-2020-02-05-at-11.25.28.jpeg\" \/>\n\t<meta property=\"og:image:width\" content=\"1280\" \/>\n\t<meta property=\"og:image:height\" content=\"720\" \/>\n\t<meta property=\"og:image:type\" content=\"image\/jpeg\" \/>\n<meta name=\"author\" content=\"Marcio Gomes dos Santos\" \/>\n<meta name=\"twitter:card\" content=\"summary_large_image\" \/>\n<meta name=\"twitter:label1\" content=\"Escrito por\" \/>\n\t<meta name=\"twitter:data1\" content=\"Marcio Gomes dos Santos\" \/>\n\t<meta name=\"twitter:label2\" content=\"Est. tempo de leitura\" \/>\n\t<meta name=\"twitter:data2\" content=\"1 minuto\" \/>\n<script type=\"application\/ld+json\" class=\"yoast-schema-graph\">{\"@context\":\"https:\/\/schema.org\",\"@graph\":[{\"@type\":\"Article\",\"@id\":\"https:\/\/www.pm.pb.gov.br\/portal\/2020\/02\/05\/policia-militar-intercepta-suspeitos-de-praticar-arrastoes-em-varios-bairros-da-capital\/#article\",\"isPartOf\":{\"@id\":\"https:\/\/www.pm.pb.gov.br\/portal\/2020\/02\/05\/policia-militar-intercepta-suspeitos-de-praticar-arrastoes-em-varios-bairros-da-capital\/\"},\"author\":{\"name\":\"Marcio Gomes dos Santos\",\"@id\":\"https:\/\/www.pm.pb.gov.br\/portal\/#\/schema\/person\/30d571652b38533c2211e4e89bf5a502\"},\"headline\":\"Pol\u00edcia Militar intercepta suspeitos de praticar arrast\u00f5es em v\u00e1rios bairros da Capital\",\"datePublished\":\"2020-02-05T15:17:54+00:00\",\"dateModified\":\"2020-02-05T15:17:55+00:00\",\"mainEntityOfPage\":{\"@id\":\"https:\/\/www.pm.pb.gov.br\/portal\/2020\/02\/05\/policia-militar-intercepta-suspeitos-de-praticar-arrastoes-em-varios-bairros-da-capital\/\"},\"wordCount\":298,\"publisher\":{\"@id\":\"https:\/\/www.pm.pb.gov.br\/portal\/#organization\"},\"articleSection\":[\"A\u00e7\u00f5es Policiais\"],\"inLanguage\":\"pt-BR\"},{\"@type\":\"WebPage\",\"@id\":\"https:\/\/www.pm.pb.gov.br\/portal\/2020\/02\/05\/policia-militar-intercepta-suspeitos-de-praticar-arrastoes-em-varios-bairros-da-capital\/\",\"url\":\"https:\/\/www.pm.pb.gov.br\/portal\/2020\/02\/05\/policia-militar-intercepta-suspeitos-de-praticar-arrastoes-em-varios-bairros-da-capital\/\",\"name\":\"Pol\u00edcia Militar intercepta suspeitos de praticar arrast\u00f5es em v\u00e1rios bairros da Capital - Pol\u00edcia Militar da Para\u00edba\",\"isPartOf\":{\"@id\":\"https:\/\/www.pm.pb.gov.br\/portal\/#website\"},\"datePublished\":\"2020-02-05T15:17:54+00:00\",\"dateModified\":\"2020-02-05T15:17:55+00:00\",\"breadcrumb\":{\"@id\":\"https:\/\/www.pm.pb.gov.br\/portal\/2020\/02\/05\/policia-militar-intercepta-suspeitos-de-praticar-arrastoes-em-varios-bairros-da-capital\/#breadcrumb\"},\"inLanguage\":\"pt-BR\",\"potentialAction\":[{\"@type\":\"ReadAction\",\"target\":[\"https:\/\/www.pm.pb.gov.br\/portal\/2020\/02\/05\/policia-militar-intercepta-suspeitos-de-praticar-arrastoes-em-varios-bairros-da-capital\/\"]}]},{\"@type\":\"BreadcrumbList\",\"@id\":\"https:\/\/www.pm.pb.gov.br\/portal\/2020\/02\/05\/policia-militar-intercepta-suspeitos-de-praticar-arrastoes-em-varios-bairros-da-capital\/#breadcrumb\",\"itemListElement\":[{\"@type\":\"ListItem\",\"position\":1,\"name\":\"In\u00edcio\",\"item\":\"https:\/\/www.pm.pb.gov.br\/portal\/\"},{\"@type\":\"ListItem\",\"position\":2,\"name\":\"Pol\u00edcia Militar intercepta suspeitos de praticar arrast\u00f5es em v\u00e1rios bairros da Capital\"}]},{\"@type\":\"WebSite\",\"@id\":\"https:\/\/www.pm.pb.gov.br\/portal\/#website\",\"url\":\"https:\/\/www.pm.pb.gov.br\/portal\/\",\"name\":\"Pol\u00edcia Militar da Para\u00edba\",\"description\":\"\",\"publisher\":{\"@id\":\"https:\/\/www.pm.pb.gov.br\/portal\/#organization\"},\"potentialAction\":[{\"@type\":\"SearchAction\",\"target\":{\"@type\":\"EntryPoint\",\"urlTemplate\":\"https:\/\/www.pm.pb.gov.br\/portal\/?s={search_term_string}\"},\"query-input\":\"required name=search_term_string\"}],\"inLanguage\":\"pt-BR\"},{\"@type\":\"Organization\",\"@id\":\"https:\/\/www.pm.pb.gov.br\/portal\/#organization\",\"name\":\"Pol\u00edcia Militar da Para\u00edba\",\"url\":\"https:\/\/www.pm.pb.gov.br\/portal\/\",\"logo\":{\"@type\":\"ImageObject\",\"inLanguage\":\"pt-BR\",\"@id\":\"https:\/\/www.pm.pb.gov.br\/portal\/#\/schema\/logo\/image\/\",\"url\":\"https:\/\/www.pm.pb.gov.br\/portal\/wp-content\/uploads\/2025\/03\/cropped-logo-site-mag2-1.png\",\"contentUrl\":\"https:\/\/www.pm.pb.gov.br\/portal\/wp-content\/uploads\/2025\/03\/cropped-logo-site-mag2-1.png\",\"width\":320,\"height\":90,\"caption\":\"Pol\u00edcia Militar da Para\u00edba\"},\"image\":{\"@id\":\"https:\/\/www.pm.pb.gov.br\/portal\/#\/schema\/logo\/image\/\"}},{\"@type\":\"Person\",\"@id\":\"https:\/\/www.pm.pb.gov.br\/portal\/#\/schema\/person\/30d571652b38533c2211e4e89bf5a502\",\"name\":\"Marcio Gomes dos Santos\",\"image\":{\"@type\":\"ImageObject\",\"inLanguage\":\"pt-BR\",\"@id\":\"https:\/\/www.pm.pb.gov.br\/portal\/#\/schema\/person\/image\/\",\"url\":\"https:\/\/secure.gravatar.com\/avatar\/cf4ec2cb690101e1581c7773aa350c19?s=96&d=mm&r=g\",\"contentUrl\":\"https:\/\/secure.gravatar.com\/avatar\/cf4ec2cb690101e1581c7773aa350c19?s=96&d=mm&r=g\",\"caption\":\"Marcio Gomes dos Santos\"},\"url\":\"https:\/\/www.pm.pb.gov.br\/portal\/author\/mgomes\/\"}]}<\/script>\n<!-- \/ Yoast SEO plugin. -->","yoast_head_json":{"title":"Pol\u00edcia Militar intercepta suspeitos de praticar arrast\u00f5es em v\u00e1rios bairros da Capital - Pol\u00edcia Militar da Para\u00edba","robots":{"index":"index","follow":"follow","max-snippet":"max-snippet:-1","max-image-preview":"max-image-preview:large","max-video-preview":"max-video-preview:-1"},"canonical":"https:\/\/www.pm.pb.gov.br\/portal\/2020\/02\/05\/policia-militar-intercepta-suspeitos-de-praticar-arrastoes-em-varios-bairros-da-capital\/","og_locale":"pt_BR","og_type":"article","og_title":"Pol\u00edcia Militar intercepta suspeitos de praticar arrast\u00f5es em v\u00e1rios bairros da Capital - Pol\u00edcia Militar da Para\u00edba","og_description":"A Pol\u00edcia Militar interceptou os suspeitos que vinham praticando arrast\u00f5es contra trabalhadores e estudantes, em pontos de \u00f4nibus de pelo","og_url":"https:\/\/www.pm.pb.gov.br\/portal\/2020\/02\/05\/policia-militar-intercepta-suspeitos-de-praticar-arrastoes-em-varios-bairros-da-capital\/","og_site_name":"Pol\u00edcia Militar da Para\u00edba","article_published_time":"2020-02-05T15:17:54+00:00","article_modified_time":"2020-02-05T15:17:55+00:00","og_image":[{"width":1280,"height":720,"url":"https:\/\/www.pm.pb.gov.br\/portal\/wp-content\/uploads\/2020\/02\/WhatsApp-Image-2020-02-05-at-11.25.28.jpeg","type":"image\/jpeg"}],"author":"Marcio Gomes dos Santos","twitter_card":"summary_large_image","twitter_misc":{"Escrito por":"Marcio Gomes dos Santos","Est. tempo de leitura":"1 minuto"},"schema":{"@context":"https:\/\/schema.org","@graph":[{"@type":"Article","@id":"https:\/\/www.pm.pb.gov.br\/portal\/2020\/02\/05\/policia-militar-intercepta-suspeitos-de-praticar-arrastoes-em-varios-bairros-da-capital\/#article","isPartOf":{"@id":"https:\/\/www.pm.pb.gov.br\/portal\/2020\/02\/05\/policia-militar-intercepta-suspeitos-de-praticar-arrastoes-em-varios-bairros-da-capital\/"},"author":{"name":"Marcio Gomes dos Santos","@id":"https:\/\/www.pm.pb.gov.br\/portal\/#\/schema\/person\/30d571652b38533c2211e4e89bf5a502"},"headline":"Pol\u00edcia Militar intercepta suspeitos de praticar arrast\u00f5es em v\u00e1rios bairros da Capital","datePublished":"2020-02-05T15:17:54+00:00","dateModified":"2020-02-05T15:17:55+00:00","mainEntityOfPage":{"@id":"https:\/\/www.pm.pb.gov.br\/portal\/2020\/02\/05\/policia-militar-intercepta-suspeitos-de-praticar-arrastoes-em-varios-bairros-da-capital\/"},"wordCount":298,"publisher":{"@id":"https:\/\/www.pm.pb.gov.br\/portal\/#organization"},"articleSection":["A\u00e7\u00f5es Policiais"],"inLanguage":"pt-BR"},{"@type":"WebPage","@id":"https:\/\/www.pm.pb.gov.br\/portal\/2020\/02\/05\/policia-militar-intercepta-suspeitos-de-praticar-arrastoes-em-varios-bairros-da-capital\/","url":"https:\/\/www.pm.pb.gov.br\/portal\/2020\/02\/05\/policia-militar-intercepta-suspeitos-de-praticar-arrastoes-em-varios-bairros-da-capital\/","name":"Pol\u00edcia Militar intercepta suspeitos de praticar arrast\u00f5es em v\u00e1rios bairros da Capital - Pol\u00edcia Militar da Para\u00edba","isPartOf":{"@id":"https:\/\/www.pm.pb.gov.br\/portal\/#website"},"datePublished":"2020-02-05T15:17:54+00:00","dateModified":"2020-02-05T15:17:55+00:00","breadcrumb":{"@id":"https:\/\/www.pm.pb.gov.br\/portal\/2020\/02\/05\/policia-militar-intercepta-suspeitos-de-praticar-arrastoes-em-varios-bairros-da-capital\/#breadcrumb"},"inLanguage":"pt-BR","potentialAction":[{"@type":"ReadAction","target":["https:\/\/www.pm.pb.gov.br\/portal\/2020\/02\/05\/policia-militar-intercepta-suspeitos-de-praticar-arrastoes-em-varios-bairros-da-capital\/"]}]},{"@type":"BreadcrumbList","@id":"https:\/\/www.pm.pb.gov.br\/portal\/2020\/02\/05\/policia-militar-intercepta-suspeitos-de-praticar-arrastoes-em-varios-bairros-da-capital\/#breadcrumb","itemListElement":[{"@type":"ListItem","position":1,"name":"In\u00edcio","item":"https:\/\/www.pm.pb.gov.br\/portal\/"},{"@type":"ListItem","position":2,"name":"Pol\u00edcia Militar intercepta suspeitos de praticar arrast\u00f5es em v\u00e1rios bairros da Capital"}]},{"@type":"WebSite","@id":"https:\/\/www.pm.pb.gov.br\/portal\/#website","url":"https:\/\/www.pm.pb.gov.br\/portal\/","name":"Pol\u00edcia Militar da Para\u00edba","description":"","publisher":{"@id":"https:\/\/www.pm.pb.gov.br\/portal\/#organization"},"potentialAction":[{"@type":"SearchAction","target":{"@type":"EntryPoint","urlTemplate":"https:\/\/www.pm.pb.gov.br\/portal\/?s={search_term_string}"},"query-input":"required name=search_term_string"}],"inLanguage":"pt-BR"},{"@type":"Organization","@id":"https:\/\/www.pm.pb.gov.br\/portal\/#organization","name":"Pol\u00edcia Militar da Para\u00edba","url":"https:\/\/www.pm.pb.gov.br\/portal\/","logo":{"@type":"ImageObject","inLanguage":"pt-BR","@id":"https:\/\/www.pm.pb.gov.br\/portal\/#\/schema\/logo\/image\/","url":"https:\/\/www.pm.pb.gov.br\/portal\/wp-content\/uploads\/2025\/03\/cropped-logo-site-mag2-1.png","contentUrl":"https:\/\/www.pm.pb.gov.br\/portal\/wp-content\/uploads\/2025\/03\/cropped-logo-site-mag2-1.png","width":320,"height":90,"caption":"Pol\u00edcia Militar da Para\u00edba"},"image":{"@id":"https:\/\/www.pm.pb.gov.br\/portal\/#\/schema\/logo\/image\/"}},{"@type":"Person","@id":"https:\/\/www.pm.pb.gov.br\/portal\/#\/schema\/person\/30d571652b38533c2211e4e89bf5a502","name":"Marcio Gomes dos Santos","image":{"@type":"ImageObject","inLanguage":"pt-BR","@id":"https:\/\/www.pm.pb.gov.br\/portal\/#\/schema\/person\/image\/","url":"https:\/\/secure.gravatar.com\/avatar\/cf4ec2cb690101e1581c7773aa350c19?s=96&d=mm&r=g","contentUrl":"https:\/\/secure.gravatar.com\/avatar\/cf4ec2cb690101e1581c7773aa350c19?s=96&d=mm&r=g","caption":"Marcio Gomes dos Santos"},"url":"https:\/\/www.pm.pb.gov.br\/portal\/author\/mgomes\/"}]}},"_links":{"self":[{"href":"https:\/\/www.pm.pb.gov.br\/portal\/wp-json\/wp\/v2\/posts\/903807"}],"collection":[{"href":"https:\/\/www.pm.pb.gov.br\/portal\/wp-json\/wp\/v2\/posts"}],"about":[{"href":"https:\/\/www.pm.pb.gov.br\/portal\/wp-json\/wp\/v2\/types\/post"}],"author":[{"embeddable":true,"href":"https:\/\/www.pm.pb.gov.br\/portal\/wp-json\/wp\/v2\/users\/15"}],"replies":[{"embeddable":true,"href":"https:\/\/www.pm.pb.gov.br\/portal\/wp-json\/wp\/v2\/comments?post=903807"}],"version-history":[{"count":1,"href":"https:\/\/www.pm.pb.gov.br\/portal\/wp-json\/wp\/v2\/posts\/903807\/revisions"}],"predecessor-version":[{"id":903809,"href":"https:\/\/www.pm.pb.gov.br\/portal\/wp-json\/wp\/v2\/posts\/903807\/revisions\/903809"}],"wp:featuredmedia":[{"embeddable":true,"href":"https:\/\/www.pm.pb.gov.br\/portal\/wp-json\/wp\/v2\/media\/903808"}],"wp:attachment":[{"href":"https:\/\/www.pm.pb.gov.br\/portal\/wp-json\/wp\/v2\/media?parent=903807"}],"wp:term":[{"taxonomy":"category","embeddable":true,"href":"https:\/\/www.pm.pb.gov.br\/portal\/wp-json\/wp\/v2\/categories?post=903807"},{"taxonomy":"post_tag","embeddable":true,"href":"https:\/\/www.pm.pb.gov.br\/portal\/wp-json\/wp\/v2\/tags?post=903807"}],"curies":[{"name":"wp","href":"https:\/\/api.w.org\/{rel}","templated":true}]}}