{"id":903604,"date":"2020-01-20T17:20:18","date_gmt":"2020-01-20T20:20:18","guid":{"rendered":"http:\/\/www.pm.pb.gov.br\/portal\/?p=903604"},"modified":"2020-01-20T17:20:20","modified_gmt":"2020-01-20T20:20:20","slug":"policia-militar-monta-programacao-de-ferias-para-populacao-carente-em-bayeux","status":"publish","type":"post","link":"https:\/\/www.pm.pb.gov.br\/portal\/2020\/01\/20\/policia-militar-monta-programacao-de-ferias-para-populacao-carente-em-bayeux\/","title":{"rendered":"Pol\u00edcia Militar monta programa\u00e7\u00e3o de f\u00e9rias para popula\u00e7\u00e3o carente em Bayeux"},"content":{"rendered":"\n<p>A Pol\u00edcia Militar, por meio da Unidade de Pol\u00edcia Solid\u00e1ria (UPS) do M\u00e1rio Andreazza, em Bayeux, vem desenvolvendo um calend\u00e1rio de atividades l\u00fadicas e de visita\u00e7\u00f5es para moradores de comunidades carentes, nas f\u00e9rias deste m\u00eas de janeiro. Arte, cultura e lazer fazem parte do projeto, que tem \u00e0 frente os pr\u00f3prios policiais que atuam na regi\u00e3o.<br \/><br \/>Nesta segunda-feira (20), foi a vez de mais de 60 moradores atendidos pelo projeto visitarem a Usina Cultural Energisa. A semana ainda tem na programa\u00e7\u00e3o atividades f\u00edsicas e passeios para \u00e1reas aqu\u00e1ticas.<br \/>O projeto vai at\u00e9 o fim do m\u00eas, quando come\u00e7am as oficinas na UPS. A Unidade de Pol\u00edcia Solid\u00e1ria atende os moradores com aulas de viol\u00e3o, teclado, coral, leitura, desenho art\u00edstico, teatro, cursinho pr\u00e9-Enem e treinamento funcional.<br \/><br \/>A novidade deste ano \u00e9 a abertura de oficinas de percuss\u00e3o e flauta doce. Tudo \u00e9 totalmente gratuito, tendo como foco principal as crian\u00e7as, que precisam comprovar que est\u00e3o frequentando a escola.<br \/><br \/><strong>Reflexos na redu\u00e7\u00e3o da criminalidade<\/strong>\u00a0\u2013 Na \u00e1rea de atua\u00e7\u00e3o da Unidade de Pol\u00edcia Solid\u00e1ria do M\u00e1rio Andreazza, houve uma queda acumulada de mais de 80% dos Crimes Violentos Letais Intencionais. No espa\u00e7o, os policiais militares realizam tamb\u00e9m media\u00e7\u00f5es de conflitos entre moradores e estimulam a pr\u00e1tica da boa conviv\u00eancia, atrav\u00e9s de reuni\u00f5es e outras t\u00e9cnicas de policiamento comunit\u00e1rio.<\/p>\n","protected":false},"excerpt":{"rendered":"<p>A Pol\u00edcia Militar, por meio da Unidade de Pol\u00edcia Solid\u00e1ria (UPS) do M\u00e1rio Andreazza, em Bayeux, vem desenvolvendo um calend\u00e1rio<\/p>\n","protected":false},"author":15,"featured_media":903605,"comment_status":"closed","ping_status":"closed","sticky":false,"template":"","format":"standard","meta":{"_exactmetrics_skip_tracking":false,"_exactmetrics_sitenote_active":false,"_exactmetrics_sitenote_note":"","_exactmetrics_sitenote_category":0,"footnotes":""},"categories":[9,14],"tags":[],"yoast_head":"<!-- This site is optimized with the Yoast SEO plugin v22.0 - https:\/\/yoast.com\/wordpress\/plugins\/seo\/ -->\n<title>Pol\u00edcia Militar monta programa\u00e7\u00e3o de f\u00e9rias para popula\u00e7\u00e3o carente em Bayeux - Pol\u00edcia Militar da Para\u00edba<\/title>\n<meta name=\"robots\" content=\"index, follow, max-snippet:-1, max-image-preview:large, max-video-preview:-1\" \/>\n<link rel=\"canonical\" href=\"https:\/\/www.pm.pb.gov.br\/portal\/2020\/01\/20\/policia-militar-monta-programacao-de-ferias-para-populacao-carente-em-bayeux\/\" \/>\n<meta property=\"og:locale\" content=\"pt_BR\" \/>\n<meta property=\"og:type\" content=\"article\" \/>\n<meta property=\"og:title\" content=\"Pol\u00edcia Militar monta programa\u00e7\u00e3o de f\u00e9rias para popula\u00e7\u00e3o carente em Bayeux - Pol\u00edcia Militar da Para\u00edba\" \/>\n<meta property=\"og:description\" content=\"A Pol\u00edcia Militar, por meio da Unidade de Pol\u00edcia Solid\u00e1ria (UPS) do M\u00e1rio Andreazza, em Bayeux, vem desenvolvendo um calend\u00e1rio\" \/>\n<meta property=\"og:url\" content=\"https:\/\/www.pm.pb.gov.br\/portal\/2020\/01\/20\/policia-militar-monta-programacao-de-ferias-para-populacao-carente-em-bayeux\/\" \/>\n<meta property=\"og:site_name\" content=\"Pol\u00edcia Militar da Para\u00edba\" \/>\n<meta property=\"article:published_time\" content=\"2020-01-20T20:20:18+00:00\" \/>\n<meta property=\"article:modified_time\" content=\"2020-01-20T20:20:20+00:00\" \/>\n<meta property=\"og:image\" content=\"https:\/\/www.pm.pb.gov.br\/portal\/wp-content\/uploads\/2020\/01\/unnamed-33.jpg\" \/>\n\t<meta property=\"og:image:width\" content=\"800\" \/>\n\t<meta property=\"og:image:height\" content=\"445\" \/>\n\t<meta property=\"og:image:type\" content=\"image\/jpeg\" \/>\n<meta name=\"author\" content=\"Marcio Gomes dos Santos\" \/>\n<meta name=\"twitter:card\" content=\"summary_large_image\" \/>\n<meta name=\"twitter:label1\" content=\"Escrito por\" \/>\n\t<meta name=\"twitter:data1\" content=\"Marcio Gomes dos Santos\" \/>\n\t<meta name=\"twitter:label2\" content=\"Est. tempo de leitura\" \/>\n\t<meta name=\"twitter:data2\" content=\"1 minuto\" \/>\n<script type=\"application\/ld+json\" class=\"yoast-schema-graph\">{\"@context\":\"https:\/\/schema.org\",\"@graph\":[{\"@type\":\"Article\",\"@id\":\"https:\/\/www.pm.pb.gov.br\/portal\/2020\/01\/20\/policia-militar-monta-programacao-de-ferias-para-populacao-carente-em-bayeux\/#article\",\"isPartOf\":{\"@id\":\"https:\/\/www.pm.pb.gov.br\/portal\/2020\/01\/20\/policia-militar-monta-programacao-de-ferias-para-populacao-carente-em-bayeux\/\"},\"author\":{\"name\":\"Marcio Gomes dos Santos\",\"@id\":\"https:\/\/www.pm.pb.gov.br\/portal\/#\/schema\/person\/30d571652b38533c2211e4e89bf5a502\"},\"headline\":\"Pol\u00edcia Militar monta programa\u00e7\u00e3o de f\u00e9rias para popula\u00e7\u00e3o carente em Bayeux\",\"datePublished\":\"2020-01-20T20:20:18+00:00\",\"dateModified\":\"2020-01-20T20:20:20+00:00\",\"mainEntityOfPage\":{\"@id\":\"https:\/\/www.pm.pb.gov.br\/portal\/2020\/01\/20\/policia-militar-monta-programacao-de-ferias-para-populacao-carente-em-bayeux\/\"},\"wordCount\":262,\"publisher\":{\"@id\":\"https:\/\/www.pm.pb.gov.br\/portal\/#organization\"},\"articleSection\":[\"Eventos\",\"Preven\u00e7\u00e3o\"],\"inLanguage\":\"pt-BR\"},{\"@type\":\"WebPage\",\"@id\":\"https:\/\/www.pm.pb.gov.br\/portal\/2020\/01\/20\/policia-militar-monta-programacao-de-ferias-para-populacao-carente-em-bayeux\/\",\"url\":\"https:\/\/www.pm.pb.gov.br\/portal\/2020\/01\/20\/policia-militar-monta-programacao-de-ferias-para-populacao-carente-em-bayeux\/\",\"name\":\"Pol\u00edcia Militar monta programa\u00e7\u00e3o de f\u00e9rias para popula\u00e7\u00e3o carente em Bayeux - Pol\u00edcia Militar da Para\u00edba\",\"isPartOf\":{\"@id\":\"https:\/\/www.pm.pb.gov.br\/portal\/#website\"},\"datePublished\":\"2020-01-20T20:20:18+00:00\",\"dateModified\":\"2020-01-20T20:20:20+00:00\",\"breadcrumb\":{\"@id\":\"https:\/\/www.pm.pb.gov.br\/portal\/2020\/01\/20\/policia-militar-monta-programacao-de-ferias-para-populacao-carente-em-bayeux\/#breadcrumb\"},\"inLanguage\":\"pt-BR\",\"potentialAction\":[{\"@type\":\"ReadAction\",\"target\":[\"https:\/\/www.pm.pb.gov.br\/portal\/2020\/01\/20\/policia-militar-monta-programacao-de-ferias-para-populacao-carente-em-bayeux\/\"]}]},{\"@type\":\"BreadcrumbList\",\"@id\":\"https:\/\/www.pm.pb.gov.br\/portal\/2020\/01\/20\/policia-militar-monta-programacao-de-ferias-para-populacao-carente-em-bayeux\/#breadcrumb\",\"itemListElement\":[{\"@type\":\"ListItem\",\"position\":1,\"name\":\"In\u00edcio\",\"item\":\"https:\/\/www.pm.pb.gov.br\/portal\/\"},{\"@type\":\"ListItem\",\"position\":2,\"name\":\"Pol\u00edcia Militar monta programa\u00e7\u00e3o de f\u00e9rias para popula\u00e7\u00e3o carente em Bayeux\"}]},{\"@type\":\"WebSite\",\"@id\":\"https:\/\/www.pm.pb.gov.br\/portal\/#website\",\"url\":\"https:\/\/www.pm.pb.gov.br\/portal\/\",\"name\":\"Pol\u00edcia Militar da Para\u00edba\",\"description\":\"\",\"publisher\":{\"@id\":\"https:\/\/www.pm.pb.gov.br\/portal\/#organization\"},\"potentialAction\":[{\"@type\":\"SearchAction\",\"target\":{\"@type\":\"EntryPoint\",\"urlTemplate\":\"https:\/\/www.pm.pb.gov.br\/portal\/?s={search_term_string}\"},\"query-input\":\"required name=search_term_string\"}],\"inLanguage\":\"pt-BR\"},{\"@type\":\"Organization\",\"@id\":\"https:\/\/www.pm.pb.gov.br\/portal\/#organization\",\"name\":\"Pol\u00edcia Militar da Para\u00edba\",\"url\":\"https:\/\/www.pm.pb.gov.br\/portal\/\",\"logo\":{\"@type\":\"ImageObject\",\"inLanguage\":\"pt-BR\",\"@id\":\"https:\/\/www.pm.pb.gov.br\/portal\/#\/schema\/logo\/image\/\",\"url\":\"https:\/\/www.pm.pb.gov.br\/portal\/wp-content\/uploads\/2025\/03\/cropped-logo-site-mag2-1.png\",\"contentUrl\":\"https:\/\/www.pm.pb.gov.br\/portal\/wp-content\/uploads\/2025\/03\/cropped-logo-site-mag2-1.png\",\"width\":320,\"height\":90,\"caption\":\"Pol\u00edcia Militar da Para\u00edba\"},\"image\":{\"@id\":\"https:\/\/www.pm.pb.gov.br\/portal\/#\/schema\/logo\/image\/\"}},{\"@type\":\"Person\",\"@id\":\"https:\/\/www.pm.pb.gov.br\/portal\/#\/schema\/person\/30d571652b38533c2211e4e89bf5a502\",\"name\":\"Marcio Gomes dos Santos\",\"image\":{\"@type\":\"ImageObject\",\"inLanguage\":\"pt-BR\",\"@id\":\"https:\/\/www.pm.pb.gov.br\/portal\/#\/schema\/person\/image\/\",\"url\":\"https:\/\/secure.gravatar.com\/avatar\/cf4ec2cb690101e1581c7773aa350c19?s=96&d=mm&r=g\",\"contentUrl\":\"https:\/\/secure.gravatar.com\/avatar\/cf4ec2cb690101e1581c7773aa350c19?s=96&d=mm&r=g\",\"caption\":\"Marcio Gomes dos Santos\"},\"url\":\"https:\/\/www.pm.pb.gov.br\/portal\/author\/mgomes\/\"}]}<\/script>\n<!-- \/ Yoast SEO plugin. -->","yoast_head_json":{"title":"Pol\u00edcia Militar monta programa\u00e7\u00e3o de f\u00e9rias para popula\u00e7\u00e3o carente em Bayeux - Pol\u00edcia Militar da Para\u00edba","robots":{"index":"index","follow":"follow","max-snippet":"max-snippet:-1","max-image-preview":"max-image-preview:large","max-video-preview":"max-video-preview:-1"},"canonical":"https:\/\/www.pm.pb.gov.br\/portal\/2020\/01\/20\/policia-militar-monta-programacao-de-ferias-para-populacao-carente-em-bayeux\/","og_locale":"pt_BR","og_type":"article","og_title":"Pol\u00edcia Militar monta programa\u00e7\u00e3o de f\u00e9rias para popula\u00e7\u00e3o carente em Bayeux - Pol\u00edcia Militar da Para\u00edba","og_description":"A Pol\u00edcia Militar, por meio da Unidade de Pol\u00edcia Solid\u00e1ria (UPS) do M\u00e1rio Andreazza, em Bayeux, vem desenvolvendo um calend\u00e1rio","og_url":"https:\/\/www.pm.pb.gov.br\/portal\/2020\/01\/20\/policia-militar-monta-programacao-de-ferias-para-populacao-carente-em-bayeux\/","og_site_name":"Pol\u00edcia Militar da Para\u00edba","article_published_time":"2020-01-20T20:20:18+00:00","article_modified_time":"2020-01-20T20:20:20+00:00","og_image":[{"width":800,"height":445,"url":"https:\/\/www.pm.pb.gov.br\/portal\/wp-content\/uploads\/2020\/01\/unnamed-33.jpg","type":"image\/jpeg"}],"author":"Marcio Gomes dos Santos","twitter_card":"summary_large_image","twitter_misc":{"Escrito por":"Marcio Gomes dos Santos","Est. tempo de leitura":"1 minuto"},"schema":{"@context":"https:\/\/schema.org","@graph":[{"@type":"Article","@id":"https:\/\/www.pm.pb.gov.br\/portal\/2020\/01\/20\/policia-militar-monta-programacao-de-ferias-para-populacao-carente-em-bayeux\/#article","isPartOf":{"@id":"https:\/\/www.pm.pb.gov.br\/portal\/2020\/01\/20\/policia-militar-monta-programacao-de-ferias-para-populacao-carente-em-bayeux\/"},"author":{"name":"Marcio Gomes dos Santos","@id":"https:\/\/www.pm.pb.gov.br\/portal\/#\/schema\/person\/30d571652b38533c2211e4e89bf5a502"},"headline":"Pol\u00edcia Militar monta programa\u00e7\u00e3o de f\u00e9rias para popula\u00e7\u00e3o carente em Bayeux","datePublished":"2020-01-20T20:20:18+00:00","dateModified":"2020-01-20T20:20:20+00:00","mainEntityOfPage":{"@id":"https:\/\/www.pm.pb.gov.br\/portal\/2020\/01\/20\/policia-militar-monta-programacao-de-ferias-para-populacao-carente-em-bayeux\/"},"wordCount":262,"publisher":{"@id":"https:\/\/www.pm.pb.gov.br\/portal\/#organization"},"articleSection":["Eventos","Preven\u00e7\u00e3o"],"inLanguage":"pt-BR"},{"@type":"WebPage","@id":"https:\/\/www.pm.pb.gov.br\/portal\/2020\/01\/20\/policia-militar-monta-programacao-de-ferias-para-populacao-carente-em-bayeux\/","url":"https:\/\/www.pm.pb.gov.br\/portal\/2020\/01\/20\/policia-militar-monta-programacao-de-ferias-para-populacao-carente-em-bayeux\/","name":"Pol\u00edcia Militar monta programa\u00e7\u00e3o de f\u00e9rias para popula\u00e7\u00e3o carente em Bayeux - Pol\u00edcia Militar da Para\u00edba","isPartOf":{"@id":"https:\/\/www.pm.pb.gov.br\/portal\/#website"},"datePublished":"2020-01-20T20:20:18+00:00","dateModified":"2020-01-20T20:20:20+00:00","breadcrumb":{"@id":"https:\/\/www.pm.pb.gov.br\/portal\/2020\/01\/20\/policia-militar-monta-programacao-de-ferias-para-populacao-carente-em-bayeux\/#breadcrumb"},"inLanguage":"pt-BR","potentialAction":[{"@type":"ReadAction","target":["https:\/\/www.pm.pb.gov.br\/portal\/2020\/01\/20\/policia-militar-monta-programacao-de-ferias-para-populacao-carente-em-bayeux\/"]}]},{"@type":"BreadcrumbList","@id":"https:\/\/www.pm.pb.gov.br\/portal\/2020\/01\/20\/policia-militar-monta-programacao-de-ferias-para-populacao-carente-em-bayeux\/#breadcrumb","itemListElement":[{"@type":"ListItem","position":1,"name":"In\u00edcio","item":"https:\/\/www.pm.pb.gov.br\/portal\/"},{"@type":"ListItem","position":2,"name":"Pol\u00edcia Militar monta programa\u00e7\u00e3o de f\u00e9rias para popula\u00e7\u00e3o carente em Bayeux"}]},{"@type":"WebSite","@id":"https:\/\/www.pm.pb.gov.br\/portal\/#website","url":"https:\/\/www.pm.pb.gov.br\/portal\/","name":"Pol\u00edcia Militar da Para\u00edba","description":"","publisher":{"@id":"https:\/\/www.pm.pb.gov.br\/portal\/#organization"},"potentialAction":[{"@type":"SearchAction","target":{"@type":"EntryPoint","urlTemplate":"https:\/\/www.pm.pb.gov.br\/portal\/?s={search_term_string}"},"query-input":"required name=search_term_string"}],"inLanguage":"pt-BR"},{"@type":"Organization","@id":"https:\/\/www.pm.pb.gov.br\/portal\/#organization","name":"Pol\u00edcia Militar da Para\u00edba","url":"https:\/\/www.pm.pb.gov.br\/portal\/","logo":{"@type":"ImageObject","inLanguage":"pt-BR","@id":"https:\/\/www.pm.pb.gov.br\/portal\/#\/schema\/logo\/image\/","url":"https:\/\/www.pm.pb.gov.br\/portal\/wp-content\/uploads\/2025\/03\/cropped-logo-site-mag2-1.png","contentUrl":"https:\/\/www.pm.pb.gov.br\/portal\/wp-content\/uploads\/2025\/03\/cropped-logo-site-mag2-1.png","width":320,"height":90,"caption":"Pol\u00edcia Militar da Para\u00edba"},"image":{"@id":"https:\/\/www.pm.pb.gov.br\/portal\/#\/schema\/logo\/image\/"}},{"@type":"Person","@id":"https:\/\/www.pm.pb.gov.br\/portal\/#\/schema\/person\/30d571652b38533c2211e4e89bf5a502","name":"Marcio Gomes dos Santos","image":{"@type":"ImageObject","inLanguage":"pt-BR","@id":"https:\/\/www.pm.pb.gov.br\/portal\/#\/schema\/person\/image\/","url":"https:\/\/secure.gravatar.com\/avatar\/cf4ec2cb690101e1581c7773aa350c19?s=96&d=mm&r=g","contentUrl":"https:\/\/secure.gravatar.com\/avatar\/cf4ec2cb690101e1581c7773aa350c19?s=96&d=mm&r=g","caption":"Marcio Gomes dos Santos"},"url":"https:\/\/www.pm.pb.gov.br\/portal\/author\/mgomes\/"}]}},"_links":{"self":[{"href":"https:\/\/www.pm.pb.gov.br\/portal\/wp-json\/wp\/v2\/posts\/903604"}],"collection":[{"href":"https:\/\/www.pm.pb.gov.br\/portal\/wp-json\/wp\/v2\/posts"}],"about":[{"href":"https:\/\/www.pm.pb.gov.br\/portal\/wp-json\/wp\/v2\/types\/post"}],"author":[{"embeddable":true,"href":"https:\/\/www.pm.pb.gov.br\/portal\/wp-json\/wp\/v2\/users\/15"}],"replies":[{"embeddable":true,"href":"https:\/\/www.pm.pb.gov.br\/portal\/wp-json\/wp\/v2\/comments?post=903604"}],"version-history":[{"count":1,"href":"https:\/\/www.pm.pb.gov.br\/portal\/wp-json\/wp\/v2\/posts\/903604\/revisions"}],"predecessor-version":[{"id":903606,"href":"https:\/\/www.pm.pb.gov.br\/portal\/wp-json\/wp\/v2\/posts\/903604\/revisions\/903606"}],"wp:featuredmedia":[{"embeddable":true,"href":"https:\/\/www.pm.pb.gov.br\/portal\/wp-json\/wp\/v2\/media\/903605"}],"wp:attachment":[{"href":"https:\/\/www.pm.pb.gov.br\/portal\/wp-json\/wp\/v2\/media?parent=903604"}],"wp:term":[{"taxonomy":"category","embeddable":true,"href":"https:\/\/www.pm.pb.gov.br\/portal\/wp-json\/wp\/v2\/categories?post=903604"},{"taxonomy":"post_tag","embeddable":true,"href":"https:\/\/www.pm.pb.gov.br\/portal\/wp-json\/wp\/v2\/tags?post=903604"}],"curies":[{"name":"wp","href":"https:\/\/api.w.org\/{rel}","templated":true}]}}