{"id":903522,"date":"2020-01-14T14:18:14","date_gmt":"2020-01-14T17:18:14","guid":{"rendered":"http:\/\/www.pm.pb.gov.br\/portal\/?p=903522"},"modified":"2020-01-14T14:18:16","modified_gmt":"2020-01-14T17:18:16","slug":"policia-militar-frustra-dupla-e-apreende-arma-de-fogo-no-brejo-paraibano","status":"publish","type":"post","link":"https:\/\/www.pm.pb.gov.br\/portal\/2020\/01\/14\/policia-militar-frustra-dupla-e-apreende-arma-de-fogo-no-brejo-paraibano\/","title":{"rendered":"Pol\u00edcia Militar frustra dupla e apreende arma de fogo no brejo paraibano"},"content":{"rendered":"\n<p>A Pol\u00edcia Militar frustrou mais um crime na regi\u00e3o do Brejo paraibano, na noite dessa segunda-feira (13). Dois suspeitos foram presos, uma arma de fogo e muni\u00e7\u00f5es foram apreendidas (foto acima).<br \/><br \/>A dupla, que estava em duas motocicletas e que tinha acabado de entrar em uma padaria, por volta das 20h, na cidade de Bananeiras, foi flagrada pelos policiais da 7\u00aa Companhia Independente. Ao perceberam a chega r\u00e1pida da PM, os dois tentaram fugir, mas foram detidos.<br \/><br \/>Com eles, os policiais encontraram um rev\u00f3lver calibre 38 e muni\u00e7\u00f5es. \u201cPor eles estarem armados e terem tentado fugir logo quando viram a PM, a suspeita \u00e9 que provavelmente eles cometeriam algum crime, seja contra as pessoas que estavam ali, seja contra o pr\u00f3prio estabelecimento\u201d, revelou o major J. Ferreira, comandante da 7\u00aa CIPM.<br \/><br \/>Um dos suspeitos presos, de 19 anos de idade, j\u00e1 tinha respondido por atos infracionais an\u00e1logos a homic\u00eddio e roubo, quando era adolescente. O outro suspeito detido na a\u00e7\u00e3o tem 21 anos. A dupla foi apresentada na Delegacia da Pol\u00edcia Civil em Sol\u00e2nea.<\/p>\n<figure id=\"attachment_903524\" aria-describedby=\"caption-attachment-903524\" style=\"width: 483px\" class=\"wp-caption aligncenter\"><img loading=\"lazy\" decoding=\"async\" class=\"wp-image-903524\" src=\"http:\/\/www.pm.pb.gov.br\/portal\/wp-content\/uploads\/2020\/01\/unnamed-1-593x445.jpg\" alt=\"\" width=\"483\" height=\"362\" srcset=\"https:\/\/www.pm.pb.gov.br\/portal\/wp-content\/uploads\/2020\/01\/unnamed-1-593x445.jpg 593w, https:\/\/www.pm.pb.gov.br\/portal\/wp-content\/uploads\/2020\/01\/unnamed-1-768x576.jpg 768w, https:\/\/www.pm.pb.gov.br\/portal\/wp-content\/uploads\/2020\/01\/unnamed-1-760x570.jpg 760w, https:\/\/www.pm.pb.gov.br\/portal\/wp-content\/uploads\/2020\/01\/unnamed-1.jpg 1040w\" sizes=\"(max-width: 483px) 100vw, 483px\" \/><figcaption id=\"caption-attachment-903524\" class=\"wp-caption-text\">Motocicletas que estavam com os suspeitos tamb\u00e9m foram recolhidas. Elas podem ter sido usadas em outras a\u00e7\u00f5es criminosas da dupla.<\/figcaption><\/figure>\n","protected":false},"excerpt":{"rendered":"<p>A Pol\u00edcia Militar frustrou mais um crime na regi\u00e3o do Brejo paraibano, na noite dessa segunda-feira (13). Dois suspeitos foram<\/p>\n","protected":false},"author":12,"featured_media":903523,"comment_status":"closed","ping_status":"closed","sticky":false,"template":"","format":"standard","meta":{"_exactmetrics_skip_tracking":false,"_exactmetrics_sitenote_active":false,"_exactmetrics_sitenote_note":"","_exactmetrics_sitenote_category":0,"footnotes":""},"categories":[4],"tags":[],"yoast_head":"<!-- This site is optimized with the Yoast SEO plugin v22.0 - https:\/\/yoast.com\/wordpress\/plugins\/seo\/ -->\n<title>Pol\u00edcia Militar frustra dupla e apreende arma de fogo no brejo paraibano - Pol\u00edcia Militar da Para\u00edba<\/title>\n<meta name=\"robots\" content=\"index, follow, max-snippet:-1, max-image-preview:large, max-video-preview:-1\" \/>\n<link rel=\"canonical\" href=\"https:\/\/www.pm.pb.gov.br\/portal\/2020\/01\/14\/policia-militar-frustra-dupla-e-apreende-arma-de-fogo-no-brejo-paraibano\/\" \/>\n<meta property=\"og:locale\" content=\"pt_BR\" \/>\n<meta property=\"og:type\" content=\"article\" \/>\n<meta property=\"og:title\" content=\"Pol\u00edcia Militar frustra dupla e apreende arma de fogo no brejo paraibano - Pol\u00edcia Militar da Para\u00edba\" \/>\n<meta property=\"og:description\" content=\"A Pol\u00edcia Militar frustrou mais um crime na regi\u00e3o do Brejo paraibano, na noite dessa segunda-feira (13). Dois suspeitos foram\" \/>\n<meta property=\"og:url\" content=\"https:\/\/www.pm.pb.gov.br\/portal\/2020\/01\/14\/policia-militar-frustra-dupla-e-apreende-arma-de-fogo-no-brejo-paraibano\/\" \/>\n<meta property=\"og:site_name\" content=\"Pol\u00edcia Militar da Para\u00edba\" \/>\n<meta property=\"article:published_time\" content=\"2020-01-14T17:18:14+00:00\" \/>\n<meta property=\"article:modified_time\" content=\"2020-01-14T17:18:16+00:00\" \/>\n<meta property=\"og:image\" content=\"https:\/\/www.pm.pb.gov.br\/portal\/wp-content\/uploads\/2020\/01\/unnamed11-1.jpg\" \/>\n\t<meta property=\"og:image:width\" content=\"800\" \/>\n\t<meta property=\"og:image:height\" content=\"445\" \/>\n\t<meta property=\"og:image:type\" content=\"image\/jpeg\" \/>\n<meta name=\"author\" content=\"Tarcisio Oliveira\" \/>\n<meta name=\"twitter:card\" content=\"summary_large_image\" \/>\n<meta name=\"twitter:label1\" content=\"Escrito por\" \/>\n\t<meta name=\"twitter:data1\" content=\"Tarcisio Oliveira\" \/>\n\t<meta name=\"twitter:label2\" content=\"Est. tempo de leitura\" \/>\n\t<meta name=\"twitter:data2\" content=\"1 minuto\" \/>\n<script type=\"application\/ld+json\" class=\"yoast-schema-graph\">{\"@context\":\"https:\/\/schema.org\",\"@graph\":[{\"@type\":\"Article\",\"@id\":\"https:\/\/www.pm.pb.gov.br\/portal\/2020\/01\/14\/policia-militar-frustra-dupla-e-apreende-arma-de-fogo-no-brejo-paraibano\/#article\",\"isPartOf\":{\"@id\":\"https:\/\/www.pm.pb.gov.br\/portal\/2020\/01\/14\/policia-militar-frustra-dupla-e-apreende-arma-de-fogo-no-brejo-paraibano\/\"},\"author\":{\"name\":\"Tarcisio Oliveira\",\"@id\":\"https:\/\/www.pm.pb.gov.br\/portal\/#\/schema\/person\/f84f56dcc78ce4357054da888b8247fd\"},\"headline\":\"Pol\u00edcia Militar frustra dupla e apreende arma de fogo no brejo paraibano\",\"datePublished\":\"2020-01-14T17:18:14+00:00\",\"dateModified\":\"2020-01-14T17:18:16+00:00\",\"mainEntityOfPage\":{\"@id\":\"https:\/\/www.pm.pb.gov.br\/portal\/2020\/01\/14\/policia-militar-frustra-dupla-e-apreende-arma-de-fogo-no-brejo-paraibano\/\"},\"wordCount\":221,\"publisher\":{\"@id\":\"https:\/\/www.pm.pb.gov.br\/portal\/#organization\"},\"articleSection\":[\"A\u00e7\u00f5es Policiais\"],\"inLanguage\":\"pt-BR\"},{\"@type\":\"WebPage\",\"@id\":\"https:\/\/www.pm.pb.gov.br\/portal\/2020\/01\/14\/policia-militar-frustra-dupla-e-apreende-arma-de-fogo-no-brejo-paraibano\/\",\"url\":\"https:\/\/www.pm.pb.gov.br\/portal\/2020\/01\/14\/policia-militar-frustra-dupla-e-apreende-arma-de-fogo-no-brejo-paraibano\/\",\"name\":\"Pol\u00edcia Militar frustra dupla e apreende arma de fogo no brejo paraibano - Pol\u00edcia Militar da Para\u00edba\",\"isPartOf\":{\"@id\":\"https:\/\/www.pm.pb.gov.br\/portal\/#website\"},\"datePublished\":\"2020-01-14T17:18:14+00:00\",\"dateModified\":\"2020-01-14T17:18:16+00:00\",\"breadcrumb\":{\"@id\":\"https:\/\/www.pm.pb.gov.br\/portal\/2020\/01\/14\/policia-militar-frustra-dupla-e-apreende-arma-de-fogo-no-brejo-paraibano\/#breadcrumb\"},\"inLanguage\":\"pt-BR\",\"potentialAction\":[{\"@type\":\"ReadAction\",\"target\":[\"https:\/\/www.pm.pb.gov.br\/portal\/2020\/01\/14\/policia-militar-frustra-dupla-e-apreende-arma-de-fogo-no-brejo-paraibano\/\"]}]},{\"@type\":\"BreadcrumbList\",\"@id\":\"https:\/\/www.pm.pb.gov.br\/portal\/2020\/01\/14\/policia-militar-frustra-dupla-e-apreende-arma-de-fogo-no-brejo-paraibano\/#breadcrumb\",\"itemListElement\":[{\"@type\":\"ListItem\",\"position\":1,\"name\":\"In\u00edcio\",\"item\":\"https:\/\/www.pm.pb.gov.br\/portal\/\"},{\"@type\":\"ListItem\",\"position\":2,\"name\":\"Pol\u00edcia Militar frustra dupla e apreende arma de fogo no brejo paraibano\"}]},{\"@type\":\"WebSite\",\"@id\":\"https:\/\/www.pm.pb.gov.br\/portal\/#website\",\"url\":\"https:\/\/www.pm.pb.gov.br\/portal\/\",\"name\":\"Pol\u00edcia Militar da Para\u00edba\",\"description\":\"\",\"publisher\":{\"@id\":\"https:\/\/www.pm.pb.gov.br\/portal\/#organization\"},\"potentialAction\":[{\"@type\":\"SearchAction\",\"target\":{\"@type\":\"EntryPoint\",\"urlTemplate\":\"https:\/\/www.pm.pb.gov.br\/portal\/?s={search_term_string}\"},\"query-input\":\"required name=search_term_string\"}],\"inLanguage\":\"pt-BR\"},{\"@type\":\"Organization\",\"@id\":\"https:\/\/www.pm.pb.gov.br\/portal\/#organization\",\"name\":\"Pol\u00edcia Militar da Para\u00edba\",\"url\":\"https:\/\/www.pm.pb.gov.br\/portal\/\",\"logo\":{\"@type\":\"ImageObject\",\"inLanguage\":\"pt-BR\",\"@id\":\"https:\/\/www.pm.pb.gov.br\/portal\/#\/schema\/logo\/image\/\",\"url\":\"https:\/\/www.pm.pb.gov.br\/portal\/wp-content\/uploads\/2025\/03\/cropped-logo-site-mag2-1.png\",\"contentUrl\":\"https:\/\/www.pm.pb.gov.br\/portal\/wp-content\/uploads\/2025\/03\/cropped-logo-site-mag2-1.png\",\"width\":320,\"height\":90,\"caption\":\"Pol\u00edcia Militar da Para\u00edba\"},\"image\":{\"@id\":\"https:\/\/www.pm.pb.gov.br\/portal\/#\/schema\/logo\/image\/\"}},{\"@type\":\"Person\",\"@id\":\"https:\/\/www.pm.pb.gov.br\/portal\/#\/schema\/person\/f84f56dcc78ce4357054da888b8247fd\",\"name\":\"Tarcisio Oliveira\",\"image\":{\"@type\":\"ImageObject\",\"inLanguage\":\"pt-BR\",\"@id\":\"https:\/\/www.pm.pb.gov.br\/portal\/#\/schema\/person\/image\/\",\"url\":\"https:\/\/secure.gravatar.com\/avatar\/72917b630b69d31cd0297507f34bac97?s=96&d=mm&r=g\",\"contentUrl\":\"https:\/\/secure.gravatar.com\/avatar\/72917b630b69d31cd0297507f34bac97?s=96&d=mm&r=g\",\"caption\":\"Tarcisio Oliveira\"},\"url\":\"https:\/\/www.pm.pb.gov.br\/portal\/author\/tarcisio\/\"}]}<\/script>\n<!-- \/ Yoast SEO plugin. -->","yoast_head_json":{"title":"Pol\u00edcia Militar frustra dupla e apreende arma de fogo no brejo paraibano - Pol\u00edcia Militar da Para\u00edba","robots":{"index":"index","follow":"follow","max-snippet":"max-snippet:-1","max-image-preview":"max-image-preview:large","max-video-preview":"max-video-preview:-1"},"canonical":"https:\/\/www.pm.pb.gov.br\/portal\/2020\/01\/14\/policia-militar-frustra-dupla-e-apreende-arma-de-fogo-no-brejo-paraibano\/","og_locale":"pt_BR","og_type":"article","og_title":"Pol\u00edcia Militar frustra dupla e apreende arma de fogo no brejo paraibano - Pol\u00edcia Militar da Para\u00edba","og_description":"A Pol\u00edcia Militar frustrou mais um crime na regi\u00e3o do Brejo paraibano, na noite dessa segunda-feira (13). Dois suspeitos foram","og_url":"https:\/\/www.pm.pb.gov.br\/portal\/2020\/01\/14\/policia-militar-frustra-dupla-e-apreende-arma-de-fogo-no-brejo-paraibano\/","og_site_name":"Pol\u00edcia Militar da Para\u00edba","article_published_time":"2020-01-14T17:18:14+00:00","article_modified_time":"2020-01-14T17:18:16+00:00","og_image":[{"width":800,"height":445,"url":"https:\/\/www.pm.pb.gov.br\/portal\/wp-content\/uploads\/2020\/01\/unnamed11-1.jpg","type":"image\/jpeg"}],"author":"Tarcisio Oliveira","twitter_card":"summary_large_image","twitter_misc":{"Escrito por":"Tarcisio Oliveira","Est. tempo de leitura":"1 minuto"},"schema":{"@context":"https:\/\/schema.org","@graph":[{"@type":"Article","@id":"https:\/\/www.pm.pb.gov.br\/portal\/2020\/01\/14\/policia-militar-frustra-dupla-e-apreende-arma-de-fogo-no-brejo-paraibano\/#article","isPartOf":{"@id":"https:\/\/www.pm.pb.gov.br\/portal\/2020\/01\/14\/policia-militar-frustra-dupla-e-apreende-arma-de-fogo-no-brejo-paraibano\/"},"author":{"name":"Tarcisio Oliveira","@id":"https:\/\/www.pm.pb.gov.br\/portal\/#\/schema\/person\/f84f56dcc78ce4357054da888b8247fd"},"headline":"Pol\u00edcia Militar frustra dupla e apreende arma de fogo no brejo paraibano","datePublished":"2020-01-14T17:18:14+00:00","dateModified":"2020-01-14T17:18:16+00:00","mainEntityOfPage":{"@id":"https:\/\/www.pm.pb.gov.br\/portal\/2020\/01\/14\/policia-militar-frustra-dupla-e-apreende-arma-de-fogo-no-brejo-paraibano\/"},"wordCount":221,"publisher":{"@id":"https:\/\/www.pm.pb.gov.br\/portal\/#organization"},"articleSection":["A\u00e7\u00f5es Policiais"],"inLanguage":"pt-BR"},{"@type":"WebPage","@id":"https:\/\/www.pm.pb.gov.br\/portal\/2020\/01\/14\/policia-militar-frustra-dupla-e-apreende-arma-de-fogo-no-brejo-paraibano\/","url":"https:\/\/www.pm.pb.gov.br\/portal\/2020\/01\/14\/policia-militar-frustra-dupla-e-apreende-arma-de-fogo-no-brejo-paraibano\/","name":"Pol\u00edcia Militar frustra dupla e apreende arma de fogo no brejo paraibano - Pol\u00edcia Militar da Para\u00edba","isPartOf":{"@id":"https:\/\/www.pm.pb.gov.br\/portal\/#website"},"datePublished":"2020-01-14T17:18:14+00:00","dateModified":"2020-01-14T17:18:16+00:00","breadcrumb":{"@id":"https:\/\/www.pm.pb.gov.br\/portal\/2020\/01\/14\/policia-militar-frustra-dupla-e-apreende-arma-de-fogo-no-brejo-paraibano\/#breadcrumb"},"inLanguage":"pt-BR","potentialAction":[{"@type":"ReadAction","target":["https:\/\/www.pm.pb.gov.br\/portal\/2020\/01\/14\/policia-militar-frustra-dupla-e-apreende-arma-de-fogo-no-brejo-paraibano\/"]}]},{"@type":"BreadcrumbList","@id":"https:\/\/www.pm.pb.gov.br\/portal\/2020\/01\/14\/policia-militar-frustra-dupla-e-apreende-arma-de-fogo-no-brejo-paraibano\/#breadcrumb","itemListElement":[{"@type":"ListItem","position":1,"name":"In\u00edcio","item":"https:\/\/www.pm.pb.gov.br\/portal\/"},{"@type":"ListItem","position":2,"name":"Pol\u00edcia Militar frustra dupla e apreende arma de fogo no brejo paraibano"}]},{"@type":"WebSite","@id":"https:\/\/www.pm.pb.gov.br\/portal\/#website","url":"https:\/\/www.pm.pb.gov.br\/portal\/","name":"Pol\u00edcia Militar da Para\u00edba","description":"","publisher":{"@id":"https:\/\/www.pm.pb.gov.br\/portal\/#organization"},"potentialAction":[{"@type":"SearchAction","target":{"@type":"EntryPoint","urlTemplate":"https:\/\/www.pm.pb.gov.br\/portal\/?s={search_term_string}"},"query-input":"required name=search_term_string"}],"inLanguage":"pt-BR"},{"@type":"Organization","@id":"https:\/\/www.pm.pb.gov.br\/portal\/#organization","name":"Pol\u00edcia Militar da Para\u00edba","url":"https:\/\/www.pm.pb.gov.br\/portal\/","logo":{"@type":"ImageObject","inLanguage":"pt-BR","@id":"https:\/\/www.pm.pb.gov.br\/portal\/#\/schema\/logo\/image\/","url":"https:\/\/www.pm.pb.gov.br\/portal\/wp-content\/uploads\/2025\/03\/cropped-logo-site-mag2-1.png","contentUrl":"https:\/\/www.pm.pb.gov.br\/portal\/wp-content\/uploads\/2025\/03\/cropped-logo-site-mag2-1.png","width":320,"height":90,"caption":"Pol\u00edcia Militar da Para\u00edba"},"image":{"@id":"https:\/\/www.pm.pb.gov.br\/portal\/#\/schema\/logo\/image\/"}},{"@type":"Person","@id":"https:\/\/www.pm.pb.gov.br\/portal\/#\/schema\/person\/f84f56dcc78ce4357054da888b8247fd","name":"Tarcisio Oliveira","image":{"@type":"ImageObject","inLanguage":"pt-BR","@id":"https:\/\/www.pm.pb.gov.br\/portal\/#\/schema\/person\/image\/","url":"https:\/\/secure.gravatar.com\/avatar\/72917b630b69d31cd0297507f34bac97?s=96&d=mm&r=g","contentUrl":"https:\/\/secure.gravatar.com\/avatar\/72917b630b69d31cd0297507f34bac97?s=96&d=mm&r=g","caption":"Tarcisio Oliveira"},"url":"https:\/\/www.pm.pb.gov.br\/portal\/author\/tarcisio\/"}]}},"_links":{"self":[{"href":"https:\/\/www.pm.pb.gov.br\/portal\/wp-json\/wp\/v2\/posts\/903522"}],"collection":[{"href":"https:\/\/www.pm.pb.gov.br\/portal\/wp-json\/wp\/v2\/posts"}],"about":[{"href":"https:\/\/www.pm.pb.gov.br\/portal\/wp-json\/wp\/v2\/types\/post"}],"author":[{"embeddable":true,"href":"https:\/\/www.pm.pb.gov.br\/portal\/wp-json\/wp\/v2\/users\/12"}],"replies":[{"embeddable":true,"href":"https:\/\/www.pm.pb.gov.br\/portal\/wp-json\/wp\/v2\/comments?post=903522"}],"version-history":[{"count":1,"href":"https:\/\/www.pm.pb.gov.br\/portal\/wp-json\/wp\/v2\/posts\/903522\/revisions"}],"predecessor-version":[{"id":903525,"href":"https:\/\/www.pm.pb.gov.br\/portal\/wp-json\/wp\/v2\/posts\/903522\/revisions\/903525"}],"wp:featuredmedia":[{"embeddable":true,"href":"https:\/\/www.pm.pb.gov.br\/portal\/wp-json\/wp\/v2\/media\/903523"}],"wp:attachment":[{"href":"https:\/\/www.pm.pb.gov.br\/portal\/wp-json\/wp\/v2\/media?parent=903522"}],"wp:term":[{"taxonomy":"category","embeddable":true,"href":"https:\/\/www.pm.pb.gov.br\/portal\/wp-json\/wp\/v2\/categories?post=903522"},{"taxonomy":"post_tag","embeddable":true,"href":"https:\/\/www.pm.pb.gov.br\/portal\/wp-json\/wp\/v2\/tags?post=903522"}],"curies":[{"name":"wp","href":"https:\/\/api.w.org\/{rel}","templated":true}]}}