{"id":903496,"date":"2020-01-11T10:00:13","date_gmt":"2020-01-11T13:00:13","guid":{"rendered":"http:\/\/www.pm.pb.gov.br\/portal\/?p=903496"},"modified":"2020-01-11T14:15:11","modified_gmt":"2020-01-11T17:15:11","slug":"operacao-impacto-prende-suspeitos-de-assaltos-e-sequestros-na-paraiba","status":"publish","type":"post","link":"https:\/\/www.pm.pb.gov.br\/portal\/2020\/01\/11\/operacao-impacto-prende-suspeitos-de-assaltos-e-sequestros-na-paraiba\/","title":{"rendered":"Opera\u00e7\u00e3o Impacto prende suspeitos de assaltos e sequestros na Para\u00edba"},"content":{"rendered":"\n<p>A Pol\u00edcia Militar prendeu, na noite desta sexta-feira (10), dois suspeitos de envolvimento em v\u00e1rios assaltos a resid\u00eancias na regi\u00e3o metropolitana de Jo\u00e3o Pessoa. Os acusados, que chegavam a sequestrar as v\u00edtimas durante as a\u00e7\u00f5es criminosas, foram interceptados durante a 35\u00aa Opera\u00e7\u00e3o Impacto, no bairro de Jaguaribe, na Capital. Um deles estava sendo procurado pela Justi\u00e7a do estado do Acre.<\/p>\n<p>O \u00faltimo crime praticado pelos acusados foi na noite da \u00faltima segunda-feira (6), em uma casa na praia de Jacum\u00e3, no Litoral Sul, onde eles fizeram uma fam\u00edlia toda ref\u00e9m e fugiram levando o carro com uma das v\u00edtimas dentro, que foi abandonada no Colinas do Sul, em Jo\u00e3o Pessoa.<\/p>\n<p>\u201cEles estavam circulando neste carro levado na \u00faltima segunda-feira e tentaram fugir de uma blitz da Opera\u00e7\u00e3o Impacto, que estava acontecendo no bairro de Cruz das Armas, mas foram interceptados pelo BEPMotos (Batalh\u00e3o Especializado em Policiamento com Motocicletas) no bairro de Jaguaribe\u201d, detalhou o subcomandante do 1\u00ba Batalh\u00e3o, tenente-coronel M Lima.<\/p>\n<p>Ainda segundo o oficial, no momento da abordagem estavam no carro os dois suspeitos, uma arma de fogo, rev\u00f3lver calibre 38 e muni\u00e7\u00f5es, e um adolescente. \u201cO menor era filho de um dos acusados, mas n\u00e3o teria envolvimento com os casos, conforme ele alegou e foi confirmado pelos suspeitos. O ve\u00edculo j\u00e1 estava com placa clonada e nas casas dos acusados, em Nova Mangabeira, apreendemos uma arma de fabrica\u00e7\u00e3o caseira com cano longo, um simulacro e recuperamos v\u00e1rios objetos dos crimes praticados pela dupla\u201d, completou.<\/p>\n<p>O foragido do estado do Acre j\u00e1 havia cometido crimes de latroc\u00ednio e homic\u00eddio. Os presos foram apresentados na noite dessa sexta-feira na Central de Flagrantes, no Geisel.<\/p>\n","protected":false},"excerpt":{"rendered":"<p>A Pol\u00edcia Militar prendeu, na noite desta sexta-feira (10), dois suspeitos de envolvimento em v\u00e1rios assaltos a resid\u00eancias na regi\u00e3o<\/p>\n","protected":false},"author":12,"featured_media":903497,"comment_status":"closed","ping_status":"closed","sticky":false,"template":"","format":"standard","meta":{"_exactmetrics_skip_tracking":false,"_exactmetrics_sitenote_active":false,"_exactmetrics_sitenote_note":"","_exactmetrics_sitenote_category":0,"footnotes":""},"categories":[4],"tags":[],"yoast_head":"<!-- This site is optimized with the Yoast SEO plugin v22.0 - https:\/\/yoast.com\/wordpress\/plugins\/seo\/ -->\n<title>Opera\u00e7\u00e3o Impacto prende suspeitos de assaltos e sequestros na Para\u00edba - Pol\u00edcia Militar da Para\u00edba<\/title>\n<meta name=\"robots\" content=\"index, follow, max-snippet:-1, max-image-preview:large, max-video-preview:-1\" \/>\n<link rel=\"canonical\" href=\"https:\/\/www.pm.pb.gov.br\/portal\/2020\/01\/11\/operacao-impacto-prende-suspeitos-de-assaltos-e-sequestros-na-paraiba\/\" \/>\n<meta property=\"og:locale\" content=\"pt_BR\" \/>\n<meta property=\"og:type\" content=\"article\" \/>\n<meta property=\"og:title\" content=\"Opera\u00e7\u00e3o Impacto prende suspeitos de assaltos e sequestros na Para\u00edba - Pol\u00edcia Militar da Para\u00edba\" \/>\n<meta property=\"og:description\" content=\"A Pol\u00edcia Militar prendeu, na noite desta sexta-feira (10), dois suspeitos de envolvimento em v\u00e1rios assaltos a resid\u00eancias na regi\u00e3o\" \/>\n<meta property=\"og:url\" content=\"https:\/\/www.pm.pb.gov.br\/portal\/2020\/01\/11\/operacao-impacto-prende-suspeitos-de-assaltos-e-sequestros-na-paraiba\/\" \/>\n<meta property=\"og:site_name\" content=\"Pol\u00edcia Militar da Para\u00edba\" \/>\n<meta property=\"article:published_time\" content=\"2020-01-11T13:00:13+00:00\" \/>\n<meta property=\"article:modified_time\" content=\"2020-01-11T17:15:11+00:00\" \/>\n<meta property=\"og:image\" content=\"https:\/\/www.pm.pb.gov.br\/portal\/wp-content\/uploads\/2020\/01\/site1.jpeg\" \/>\n\t<meta property=\"og:image:width\" content=\"800\" \/>\n\t<meta property=\"og:image:height\" content=\"445\" \/>\n\t<meta property=\"og:image:type\" content=\"image\/jpeg\" \/>\n<meta name=\"author\" content=\"Tarcisio Oliveira\" \/>\n<meta name=\"twitter:card\" content=\"summary_large_image\" \/>\n<meta name=\"twitter:label1\" content=\"Escrito por\" \/>\n\t<meta name=\"twitter:data1\" content=\"Tarcisio Oliveira\" \/>\n\t<meta name=\"twitter:label2\" content=\"Est. tempo de leitura\" \/>\n\t<meta name=\"twitter:data2\" content=\"1 minuto\" \/>\n<script type=\"application\/ld+json\" class=\"yoast-schema-graph\">{\"@context\":\"https:\/\/schema.org\",\"@graph\":[{\"@type\":\"Article\",\"@id\":\"https:\/\/www.pm.pb.gov.br\/portal\/2020\/01\/11\/operacao-impacto-prende-suspeitos-de-assaltos-e-sequestros-na-paraiba\/#article\",\"isPartOf\":{\"@id\":\"https:\/\/www.pm.pb.gov.br\/portal\/2020\/01\/11\/operacao-impacto-prende-suspeitos-de-assaltos-e-sequestros-na-paraiba\/\"},\"author\":{\"name\":\"Tarcisio Oliveira\",\"@id\":\"https:\/\/www.pm.pb.gov.br\/portal\/#\/schema\/person\/f84f56dcc78ce4357054da888b8247fd\"},\"headline\":\"Opera\u00e7\u00e3o Impacto prende suspeitos de assaltos e sequestros na Para\u00edba\",\"datePublished\":\"2020-01-11T13:00:13+00:00\",\"dateModified\":\"2020-01-11T17:15:11+00:00\",\"mainEntityOfPage\":{\"@id\":\"https:\/\/www.pm.pb.gov.br\/portal\/2020\/01\/11\/operacao-impacto-prende-suspeitos-de-assaltos-e-sequestros-na-paraiba\/\"},\"wordCount\":305,\"publisher\":{\"@id\":\"https:\/\/www.pm.pb.gov.br\/portal\/#organization\"},\"articleSection\":[\"A\u00e7\u00f5es Policiais\"],\"inLanguage\":\"pt-BR\"},{\"@type\":\"WebPage\",\"@id\":\"https:\/\/www.pm.pb.gov.br\/portal\/2020\/01\/11\/operacao-impacto-prende-suspeitos-de-assaltos-e-sequestros-na-paraiba\/\",\"url\":\"https:\/\/www.pm.pb.gov.br\/portal\/2020\/01\/11\/operacao-impacto-prende-suspeitos-de-assaltos-e-sequestros-na-paraiba\/\",\"name\":\"Opera\u00e7\u00e3o Impacto prende suspeitos de assaltos e sequestros na Para\u00edba - Pol\u00edcia Militar da Para\u00edba\",\"isPartOf\":{\"@id\":\"https:\/\/www.pm.pb.gov.br\/portal\/#website\"},\"datePublished\":\"2020-01-11T13:00:13+00:00\",\"dateModified\":\"2020-01-11T17:15:11+00:00\",\"breadcrumb\":{\"@id\":\"https:\/\/www.pm.pb.gov.br\/portal\/2020\/01\/11\/operacao-impacto-prende-suspeitos-de-assaltos-e-sequestros-na-paraiba\/#breadcrumb\"},\"inLanguage\":\"pt-BR\",\"potentialAction\":[{\"@type\":\"ReadAction\",\"target\":[\"https:\/\/www.pm.pb.gov.br\/portal\/2020\/01\/11\/operacao-impacto-prende-suspeitos-de-assaltos-e-sequestros-na-paraiba\/\"]}]},{\"@type\":\"BreadcrumbList\",\"@id\":\"https:\/\/www.pm.pb.gov.br\/portal\/2020\/01\/11\/operacao-impacto-prende-suspeitos-de-assaltos-e-sequestros-na-paraiba\/#breadcrumb\",\"itemListElement\":[{\"@type\":\"ListItem\",\"position\":1,\"name\":\"In\u00edcio\",\"item\":\"https:\/\/www.pm.pb.gov.br\/portal\/\"},{\"@type\":\"ListItem\",\"position\":2,\"name\":\"Opera\u00e7\u00e3o Impacto prende suspeitos de assaltos e sequestros na Para\u00edba\"}]},{\"@type\":\"WebSite\",\"@id\":\"https:\/\/www.pm.pb.gov.br\/portal\/#website\",\"url\":\"https:\/\/www.pm.pb.gov.br\/portal\/\",\"name\":\"Pol\u00edcia Militar da Para\u00edba\",\"description\":\"\",\"publisher\":{\"@id\":\"https:\/\/www.pm.pb.gov.br\/portal\/#organization\"},\"potentialAction\":[{\"@type\":\"SearchAction\",\"target\":{\"@type\":\"EntryPoint\",\"urlTemplate\":\"https:\/\/www.pm.pb.gov.br\/portal\/?s={search_term_string}\"},\"query-input\":\"required name=search_term_string\"}],\"inLanguage\":\"pt-BR\"},{\"@type\":\"Organization\",\"@id\":\"https:\/\/www.pm.pb.gov.br\/portal\/#organization\",\"name\":\"Pol\u00edcia Militar da Para\u00edba\",\"url\":\"https:\/\/www.pm.pb.gov.br\/portal\/\",\"logo\":{\"@type\":\"ImageObject\",\"inLanguage\":\"pt-BR\",\"@id\":\"https:\/\/www.pm.pb.gov.br\/portal\/#\/schema\/logo\/image\/\",\"url\":\"https:\/\/www.pm.pb.gov.br\/portal\/wp-content\/uploads\/2025\/03\/cropped-logo-site-mag2-1.png\",\"contentUrl\":\"https:\/\/www.pm.pb.gov.br\/portal\/wp-content\/uploads\/2025\/03\/cropped-logo-site-mag2-1.png\",\"width\":320,\"height\":90,\"caption\":\"Pol\u00edcia Militar da Para\u00edba\"},\"image\":{\"@id\":\"https:\/\/www.pm.pb.gov.br\/portal\/#\/schema\/logo\/image\/\"}},{\"@type\":\"Person\",\"@id\":\"https:\/\/www.pm.pb.gov.br\/portal\/#\/schema\/person\/f84f56dcc78ce4357054da888b8247fd\",\"name\":\"Tarcisio Oliveira\",\"image\":{\"@type\":\"ImageObject\",\"inLanguage\":\"pt-BR\",\"@id\":\"https:\/\/www.pm.pb.gov.br\/portal\/#\/schema\/person\/image\/\",\"url\":\"https:\/\/secure.gravatar.com\/avatar\/72917b630b69d31cd0297507f34bac97?s=96&d=mm&r=g\",\"contentUrl\":\"https:\/\/secure.gravatar.com\/avatar\/72917b630b69d31cd0297507f34bac97?s=96&d=mm&r=g\",\"caption\":\"Tarcisio Oliveira\"},\"url\":\"https:\/\/www.pm.pb.gov.br\/portal\/author\/tarcisio\/\"}]}<\/script>\n<!-- \/ Yoast SEO plugin. -->","yoast_head_json":{"title":"Opera\u00e7\u00e3o Impacto prende suspeitos de assaltos e sequestros na Para\u00edba - Pol\u00edcia Militar da Para\u00edba","robots":{"index":"index","follow":"follow","max-snippet":"max-snippet:-1","max-image-preview":"max-image-preview:large","max-video-preview":"max-video-preview:-1"},"canonical":"https:\/\/www.pm.pb.gov.br\/portal\/2020\/01\/11\/operacao-impacto-prende-suspeitos-de-assaltos-e-sequestros-na-paraiba\/","og_locale":"pt_BR","og_type":"article","og_title":"Opera\u00e7\u00e3o Impacto prende suspeitos de assaltos e sequestros na Para\u00edba - Pol\u00edcia Militar da Para\u00edba","og_description":"A Pol\u00edcia Militar prendeu, na noite desta sexta-feira (10), dois suspeitos de envolvimento em v\u00e1rios assaltos a resid\u00eancias na regi\u00e3o","og_url":"https:\/\/www.pm.pb.gov.br\/portal\/2020\/01\/11\/operacao-impacto-prende-suspeitos-de-assaltos-e-sequestros-na-paraiba\/","og_site_name":"Pol\u00edcia Militar da Para\u00edba","article_published_time":"2020-01-11T13:00:13+00:00","article_modified_time":"2020-01-11T17:15:11+00:00","og_image":[{"width":800,"height":445,"url":"https:\/\/www.pm.pb.gov.br\/portal\/wp-content\/uploads\/2020\/01\/site1.jpeg","type":"image\/jpeg"}],"author":"Tarcisio Oliveira","twitter_card":"summary_large_image","twitter_misc":{"Escrito por":"Tarcisio Oliveira","Est. tempo de leitura":"1 minuto"},"schema":{"@context":"https:\/\/schema.org","@graph":[{"@type":"Article","@id":"https:\/\/www.pm.pb.gov.br\/portal\/2020\/01\/11\/operacao-impacto-prende-suspeitos-de-assaltos-e-sequestros-na-paraiba\/#article","isPartOf":{"@id":"https:\/\/www.pm.pb.gov.br\/portal\/2020\/01\/11\/operacao-impacto-prende-suspeitos-de-assaltos-e-sequestros-na-paraiba\/"},"author":{"name":"Tarcisio Oliveira","@id":"https:\/\/www.pm.pb.gov.br\/portal\/#\/schema\/person\/f84f56dcc78ce4357054da888b8247fd"},"headline":"Opera\u00e7\u00e3o Impacto prende suspeitos de assaltos e sequestros na Para\u00edba","datePublished":"2020-01-11T13:00:13+00:00","dateModified":"2020-01-11T17:15:11+00:00","mainEntityOfPage":{"@id":"https:\/\/www.pm.pb.gov.br\/portal\/2020\/01\/11\/operacao-impacto-prende-suspeitos-de-assaltos-e-sequestros-na-paraiba\/"},"wordCount":305,"publisher":{"@id":"https:\/\/www.pm.pb.gov.br\/portal\/#organization"},"articleSection":["A\u00e7\u00f5es Policiais"],"inLanguage":"pt-BR"},{"@type":"WebPage","@id":"https:\/\/www.pm.pb.gov.br\/portal\/2020\/01\/11\/operacao-impacto-prende-suspeitos-de-assaltos-e-sequestros-na-paraiba\/","url":"https:\/\/www.pm.pb.gov.br\/portal\/2020\/01\/11\/operacao-impacto-prende-suspeitos-de-assaltos-e-sequestros-na-paraiba\/","name":"Opera\u00e7\u00e3o Impacto prende suspeitos de assaltos e sequestros na Para\u00edba - Pol\u00edcia Militar da Para\u00edba","isPartOf":{"@id":"https:\/\/www.pm.pb.gov.br\/portal\/#website"},"datePublished":"2020-01-11T13:00:13+00:00","dateModified":"2020-01-11T17:15:11+00:00","breadcrumb":{"@id":"https:\/\/www.pm.pb.gov.br\/portal\/2020\/01\/11\/operacao-impacto-prende-suspeitos-de-assaltos-e-sequestros-na-paraiba\/#breadcrumb"},"inLanguage":"pt-BR","potentialAction":[{"@type":"ReadAction","target":["https:\/\/www.pm.pb.gov.br\/portal\/2020\/01\/11\/operacao-impacto-prende-suspeitos-de-assaltos-e-sequestros-na-paraiba\/"]}]},{"@type":"BreadcrumbList","@id":"https:\/\/www.pm.pb.gov.br\/portal\/2020\/01\/11\/operacao-impacto-prende-suspeitos-de-assaltos-e-sequestros-na-paraiba\/#breadcrumb","itemListElement":[{"@type":"ListItem","position":1,"name":"In\u00edcio","item":"https:\/\/www.pm.pb.gov.br\/portal\/"},{"@type":"ListItem","position":2,"name":"Opera\u00e7\u00e3o Impacto prende suspeitos de assaltos e sequestros na Para\u00edba"}]},{"@type":"WebSite","@id":"https:\/\/www.pm.pb.gov.br\/portal\/#website","url":"https:\/\/www.pm.pb.gov.br\/portal\/","name":"Pol\u00edcia Militar da Para\u00edba","description":"","publisher":{"@id":"https:\/\/www.pm.pb.gov.br\/portal\/#organization"},"potentialAction":[{"@type":"SearchAction","target":{"@type":"EntryPoint","urlTemplate":"https:\/\/www.pm.pb.gov.br\/portal\/?s={search_term_string}"},"query-input":"required name=search_term_string"}],"inLanguage":"pt-BR"},{"@type":"Organization","@id":"https:\/\/www.pm.pb.gov.br\/portal\/#organization","name":"Pol\u00edcia Militar da Para\u00edba","url":"https:\/\/www.pm.pb.gov.br\/portal\/","logo":{"@type":"ImageObject","inLanguage":"pt-BR","@id":"https:\/\/www.pm.pb.gov.br\/portal\/#\/schema\/logo\/image\/","url":"https:\/\/www.pm.pb.gov.br\/portal\/wp-content\/uploads\/2025\/03\/cropped-logo-site-mag2-1.png","contentUrl":"https:\/\/www.pm.pb.gov.br\/portal\/wp-content\/uploads\/2025\/03\/cropped-logo-site-mag2-1.png","width":320,"height":90,"caption":"Pol\u00edcia Militar da Para\u00edba"},"image":{"@id":"https:\/\/www.pm.pb.gov.br\/portal\/#\/schema\/logo\/image\/"}},{"@type":"Person","@id":"https:\/\/www.pm.pb.gov.br\/portal\/#\/schema\/person\/f84f56dcc78ce4357054da888b8247fd","name":"Tarcisio Oliveira","image":{"@type":"ImageObject","inLanguage":"pt-BR","@id":"https:\/\/www.pm.pb.gov.br\/portal\/#\/schema\/person\/image\/","url":"https:\/\/secure.gravatar.com\/avatar\/72917b630b69d31cd0297507f34bac97?s=96&d=mm&r=g","contentUrl":"https:\/\/secure.gravatar.com\/avatar\/72917b630b69d31cd0297507f34bac97?s=96&d=mm&r=g","caption":"Tarcisio Oliveira"},"url":"https:\/\/www.pm.pb.gov.br\/portal\/author\/tarcisio\/"}]}},"_links":{"self":[{"href":"https:\/\/www.pm.pb.gov.br\/portal\/wp-json\/wp\/v2\/posts\/903496"}],"collection":[{"href":"https:\/\/www.pm.pb.gov.br\/portal\/wp-json\/wp\/v2\/posts"}],"about":[{"href":"https:\/\/www.pm.pb.gov.br\/portal\/wp-json\/wp\/v2\/types\/post"}],"author":[{"embeddable":true,"href":"https:\/\/www.pm.pb.gov.br\/portal\/wp-json\/wp\/v2\/users\/12"}],"replies":[{"embeddable":true,"href":"https:\/\/www.pm.pb.gov.br\/portal\/wp-json\/wp\/v2\/comments?post=903496"}],"version-history":[{"count":1,"href":"https:\/\/www.pm.pb.gov.br\/portal\/wp-json\/wp\/v2\/posts\/903496\/revisions"}],"predecessor-version":[{"id":903498,"href":"https:\/\/www.pm.pb.gov.br\/portal\/wp-json\/wp\/v2\/posts\/903496\/revisions\/903498"}],"wp:featuredmedia":[{"embeddable":true,"href":"https:\/\/www.pm.pb.gov.br\/portal\/wp-json\/wp\/v2\/media\/903497"}],"wp:attachment":[{"href":"https:\/\/www.pm.pb.gov.br\/portal\/wp-json\/wp\/v2\/media?parent=903496"}],"wp:term":[{"taxonomy":"category","embeddable":true,"href":"https:\/\/www.pm.pb.gov.br\/portal\/wp-json\/wp\/v2\/categories?post=903496"},{"taxonomy":"post_tag","embeddable":true,"href":"https:\/\/www.pm.pb.gov.br\/portal\/wp-json\/wp\/v2\/tags?post=903496"}],"curies":[{"name":"wp","href":"https:\/\/api.w.org\/{rel}","templated":true}]}}