{"id":903446,"date":"2020-01-05T17:14:25","date_gmt":"2020-01-05T20:14:25","guid":{"rendered":"http:\/\/www.pm.pb.gov.br\/portal\/?p=903446"},"modified":"2020-01-05T17:14:27","modified_gmt":"2020-01-05T20:14:27","slug":"operacao-verao-policia-prende-dupla-suspeita-de-arrombar-veiculos-na-orla-de-joao-pessoa","status":"publish","type":"post","link":"https:\/\/www.pm.pb.gov.br\/portal\/2020\/01\/05\/operacao-verao-policia-prende-dupla-suspeita-de-arrombar-veiculos-na-orla-de-joao-pessoa\/","title":{"rendered":"Opera\u00e7\u00e3o Ver\u00e3o: Pol\u00edcia prende dupla suspeita de arrombar ve\u00edculos na orla de Jo\u00e3o Pessoa"},"content":{"rendered":"\n<p>Policiais do 5\u00ba Batalh\u00e3o de Pol\u00edcia Militar prenderam, na tarde desse s\u00e1bado (04), dois homens suspeitos de praticarem arrombamento de ve\u00edculos na orla do Bessa, em Jo\u00e3o Pessoa. Os suspeitos, de 27 e 51 anos, foram presos em Mangabeira e com eles foram apreendidas ferramentas e v\u00e1rias bolsas com objetos das v\u00edtimas. A a\u00e7\u00e3o faz parte da Opera\u00e7\u00e3o Ver\u00e3o, que vem intensificando o policiamento na cidade.<\/p>\n<p>Policiais da For\u00e7a T\u00e1tica do 5\u00ba Batalh\u00e3o receberam informa\u00e7\u00f5es da Coordenadoria de Intelig\u00eancia (Coint) que dois homens num ve\u00edculo Celta branco estavam furtando os ve\u00edculos na orla do Bessa e seguiam em dire\u00e7\u00e3o \u00e0 zona sul. Ap\u00f3s realizarem rondas no bairro de Mangabeira, conseguiram localizar o carro com as mesmas caracter\u00edsticas.\u00a0<\/p>\n<p>Durante a abordagem foi localizado no interior do ve\u00edculo v\u00e1rias bolsas, objetos pessoais, duas bolsas com ferramentas e uma barra de ferro, provavelmente usada para abrir as portas dos carros. Uma das v\u00edtimas foi localizada e reconheceu seus pertences.<\/p>\n<p>Os homens foram detidos e conduzidos juntamente com o material apreendido para a Central de Flagrantes.<\/p>\n<p>As a\u00e7\u00f5es da Opera\u00e7\u00e3o Ver\u00e3o seguem intensificadas e, neste domingo (5), cerca de 60 policiais militares atuar\u00e3o na regi\u00e3o de Intermares, munic\u00edpio de Cabedelo, fortalecendo as a\u00e7\u00f5es preventivas, e nas proximidades de eventos de ver\u00e3o t\u00edpicos do per\u00edodo.<\/p>\n","protected":false},"excerpt":{"rendered":"<p>Policiais do 5\u00ba Batalh\u00e3o de Pol\u00edcia Militar prenderam, na tarde desse s\u00e1bado (04), dois homens suspeitos de praticarem arrombamento de<\/p>\n","protected":false},"author":15,"featured_media":903447,"comment_status":"closed","ping_status":"closed","sticky":false,"template":"","format":"standard","meta":{"_exactmetrics_skip_tracking":false,"_exactmetrics_sitenote_active":false,"_exactmetrics_sitenote_note":"","_exactmetrics_sitenote_category":0,"footnotes":""},"categories":[4],"tags":[],"yoast_head":"<!-- This site is optimized with the Yoast SEO plugin v22.0 - https:\/\/yoast.com\/wordpress\/plugins\/seo\/ -->\n<title>Opera\u00e7\u00e3o Ver\u00e3o: Pol\u00edcia prende dupla suspeita de arrombar ve\u00edculos na orla de Jo\u00e3o Pessoa - Pol\u00edcia Militar da Para\u00edba<\/title>\n<meta name=\"robots\" content=\"index, follow, max-snippet:-1, max-image-preview:large, max-video-preview:-1\" \/>\n<link rel=\"canonical\" href=\"https:\/\/www.pm.pb.gov.br\/portal\/2020\/01\/05\/operacao-verao-policia-prende-dupla-suspeita-de-arrombar-veiculos-na-orla-de-joao-pessoa\/\" \/>\n<meta property=\"og:locale\" content=\"pt_BR\" \/>\n<meta property=\"og:type\" content=\"article\" \/>\n<meta property=\"og:title\" content=\"Opera\u00e7\u00e3o Ver\u00e3o: Pol\u00edcia prende dupla suspeita de arrombar ve\u00edculos na orla de Jo\u00e3o Pessoa - Pol\u00edcia Militar da Para\u00edba\" \/>\n<meta property=\"og:description\" content=\"Policiais do 5\u00ba Batalh\u00e3o de Pol\u00edcia Militar prenderam, na tarde desse s\u00e1bado (04), dois homens suspeitos de praticarem arrombamento de\" \/>\n<meta property=\"og:url\" content=\"https:\/\/www.pm.pb.gov.br\/portal\/2020\/01\/05\/operacao-verao-policia-prende-dupla-suspeita-de-arrombar-veiculos-na-orla-de-joao-pessoa\/\" \/>\n<meta property=\"og:site_name\" content=\"Pol\u00edcia Militar da Para\u00edba\" \/>\n<meta property=\"article:published_time\" content=\"2020-01-05T20:14:25+00:00\" \/>\n<meta property=\"article:modified_time\" content=\"2020-01-05T20:14:27+00:00\" \/>\n<meta property=\"og:image\" content=\"https:\/\/www.pm.pb.gov.br\/portal\/wp-content\/uploads\/2020\/01\/pris\u00e3o_04-01-2020.jpeg\" \/>\n\t<meta property=\"og:image:width\" content=\"912\" \/>\n\t<meta property=\"og:image:height\" content=\"653\" \/>\n\t<meta property=\"og:image:type\" content=\"image\/jpeg\" \/>\n<meta name=\"author\" content=\"Marcio Gomes dos Santos\" \/>\n<meta name=\"twitter:card\" content=\"summary_large_image\" \/>\n<meta name=\"twitter:label1\" content=\"Escrito por\" \/>\n\t<meta name=\"twitter:data1\" content=\"Marcio Gomes dos Santos\" \/>\n\t<meta name=\"twitter:label2\" content=\"Est. tempo de leitura\" \/>\n\t<meta name=\"twitter:data2\" content=\"1 minuto\" \/>\n<script type=\"application\/ld+json\" class=\"yoast-schema-graph\">{\"@context\":\"https:\/\/schema.org\",\"@graph\":[{\"@type\":\"Article\",\"@id\":\"https:\/\/www.pm.pb.gov.br\/portal\/2020\/01\/05\/operacao-verao-policia-prende-dupla-suspeita-de-arrombar-veiculos-na-orla-de-joao-pessoa\/#article\",\"isPartOf\":{\"@id\":\"https:\/\/www.pm.pb.gov.br\/portal\/2020\/01\/05\/operacao-verao-policia-prende-dupla-suspeita-de-arrombar-veiculos-na-orla-de-joao-pessoa\/\"},\"author\":{\"name\":\"Marcio Gomes dos Santos\",\"@id\":\"https:\/\/www.pm.pb.gov.br\/portal\/#\/schema\/person\/30d571652b38533c2211e4e89bf5a502\"},\"headline\":\"Opera\u00e7\u00e3o Ver\u00e3o: Pol\u00edcia prende dupla suspeita de arrombar ve\u00edculos na orla de Jo\u00e3o Pessoa\",\"datePublished\":\"2020-01-05T20:14:25+00:00\",\"dateModified\":\"2020-01-05T20:14:27+00:00\",\"mainEntityOfPage\":{\"@id\":\"https:\/\/www.pm.pb.gov.br\/portal\/2020\/01\/05\/operacao-verao-policia-prende-dupla-suspeita-de-arrombar-veiculos-na-orla-de-joao-pessoa\/\"},\"wordCount\":254,\"publisher\":{\"@id\":\"https:\/\/www.pm.pb.gov.br\/portal\/#organization\"},\"articleSection\":[\"A\u00e7\u00f5es Policiais\"],\"inLanguage\":\"pt-BR\"},{\"@type\":\"WebPage\",\"@id\":\"https:\/\/www.pm.pb.gov.br\/portal\/2020\/01\/05\/operacao-verao-policia-prende-dupla-suspeita-de-arrombar-veiculos-na-orla-de-joao-pessoa\/\",\"url\":\"https:\/\/www.pm.pb.gov.br\/portal\/2020\/01\/05\/operacao-verao-policia-prende-dupla-suspeita-de-arrombar-veiculos-na-orla-de-joao-pessoa\/\",\"name\":\"Opera\u00e7\u00e3o Ver\u00e3o: Pol\u00edcia prende dupla suspeita de arrombar ve\u00edculos na orla de Jo\u00e3o Pessoa - Pol\u00edcia Militar da Para\u00edba\",\"isPartOf\":{\"@id\":\"https:\/\/www.pm.pb.gov.br\/portal\/#website\"},\"datePublished\":\"2020-01-05T20:14:25+00:00\",\"dateModified\":\"2020-01-05T20:14:27+00:00\",\"breadcrumb\":{\"@id\":\"https:\/\/www.pm.pb.gov.br\/portal\/2020\/01\/05\/operacao-verao-policia-prende-dupla-suspeita-de-arrombar-veiculos-na-orla-de-joao-pessoa\/#breadcrumb\"},\"inLanguage\":\"pt-BR\",\"potentialAction\":[{\"@type\":\"ReadAction\",\"target\":[\"https:\/\/www.pm.pb.gov.br\/portal\/2020\/01\/05\/operacao-verao-policia-prende-dupla-suspeita-de-arrombar-veiculos-na-orla-de-joao-pessoa\/\"]}]},{\"@type\":\"BreadcrumbList\",\"@id\":\"https:\/\/www.pm.pb.gov.br\/portal\/2020\/01\/05\/operacao-verao-policia-prende-dupla-suspeita-de-arrombar-veiculos-na-orla-de-joao-pessoa\/#breadcrumb\",\"itemListElement\":[{\"@type\":\"ListItem\",\"position\":1,\"name\":\"In\u00edcio\",\"item\":\"https:\/\/www.pm.pb.gov.br\/portal\/\"},{\"@type\":\"ListItem\",\"position\":2,\"name\":\"Opera\u00e7\u00e3o Ver\u00e3o: Pol\u00edcia prende dupla suspeita de arrombar ve\u00edculos na orla de Jo\u00e3o Pessoa\"}]},{\"@type\":\"WebSite\",\"@id\":\"https:\/\/www.pm.pb.gov.br\/portal\/#website\",\"url\":\"https:\/\/www.pm.pb.gov.br\/portal\/\",\"name\":\"Pol\u00edcia Militar da Para\u00edba\",\"description\":\"\",\"publisher\":{\"@id\":\"https:\/\/www.pm.pb.gov.br\/portal\/#organization\"},\"potentialAction\":[{\"@type\":\"SearchAction\",\"target\":{\"@type\":\"EntryPoint\",\"urlTemplate\":\"https:\/\/www.pm.pb.gov.br\/portal\/?s={search_term_string}\"},\"query-input\":\"required name=search_term_string\"}],\"inLanguage\":\"pt-BR\"},{\"@type\":\"Organization\",\"@id\":\"https:\/\/www.pm.pb.gov.br\/portal\/#organization\",\"name\":\"Pol\u00edcia Militar da Para\u00edba\",\"url\":\"https:\/\/www.pm.pb.gov.br\/portal\/\",\"logo\":{\"@type\":\"ImageObject\",\"inLanguage\":\"pt-BR\",\"@id\":\"https:\/\/www.pm.pb.gov.br\/portal\/#\/schema\/logo\/image\/\",\"url\":\"https:\/\/www.pm.pb.gov.br\/portal\/wp-content\/uploads\/2025\/03\/cropped-logo-site-mag2-1.png\",\"contentUrl\":\"https:\/\/www.pm.pb.gov.br\/portal\/wp-content\/uploads\/2025\/03\/cropped-logo-site-mag2-1.png\",\"width\":320,\"height\":90,\"caption\":\"Pol\u00edcia Militar da Para\u00edba\"},\"image\":{\"@id\":\"https:\/\/www.pm.pb.gov.br\/portal\/#\/schema\/logo\/image\/\"}},{\"@type\":\"Person\",\"@id\":\"https:\/\/www.pm.pb.gov.br\/portal\/#\/schema\/person\/30d571652b38533c2211e4e89bf5a502\",\"name\":\"Marcio Gomes dos Santos\",\"image\":{\"@type\":\"ImageObject\",\"inLanguage\":\"pt-BR\",\"@id\":\"https:\/\/www.pm.pb.gov.br\/portal\/#\/schema\/person\/image\/\",\"url\":\"https:\/\/secure.gravatar.com\/avatar\/cf4ec2cb690101e1581c7773aa350c19?s=96&d=mm&r=g\",\"contentUrl\":\"https:\/\/secure.gravatar.com\/avatar\/cf4ec2cb690101e1581c7773aa350c19?s=96&d=mm&r=g\",\"caption\":\"Marcio Gomes dos Santos\"},\"url\":\"https:\/\/www.pm.pb.gov.br\/portal\/author\/mgomes\/\"}]}<\/script>\n<!-- \/ Yoast SEO plugin. -->","yoast_head_json":{"title":"Opera\u00e7\u00e3o Ver\u00e3o: Pol\u00edcia prende dupla suspeita de arrombar ve\u00edculos na orla de Jo\u00e3o Pessoa - Pol\u00edcia Militar da Para\u00edba","robots":{"index":"index","follow":"follow","max-snippet":"max-snippet:-1","max-image-preview":"max-image-preview:large","max-video-preview":"max-video-preview:-1"},"canonical":"https:\/\/www.pm.pb.gov.br\/portal\/2020\/01\/05\/operacao-verao-policia-prende-dupla-suspeita-de-arrombar-veiculos-na-orla-de-joao-pessoa\/","og_locale":"pt_BR","og_type":"article","og_title":"Opera\u00e7\u00e3o Ver\u00e3o: Pol\u00edcia prende dupla suspeita de arrombar ve\u00edculos na orla de Jo\u00e3o Pessoa - Pol\u00edcia Militar da Para\u00edba","og_description":"Policiais do 5\u00ba Batalh\u00e3o de Pol\u00edcia Militar prenderam, na tarde desse s\u00e1bado (04), dois homens suspeitos de praticarem arrombamento de","og_url":"https:\/\/www.pm.pb.gov.br\/portal\/2020\/01\/05\/operacao-verao-policia-prende-dupla-suspeita-de-arrombar-veiculos-na-orla-de-joao-pessoa\/","og_site_name":"Pol\u00edcia Militar da Para\u00edba","article_published_time":"2020-01-05T20:14:25+00:00","article_modified_time":"2020-01-05T20:14:27+00:00","og_image":[{"width":912,"height":653,"url":"https:\/\/www.pm.pb.gov.br\/portal\/wp-content\/uploads\/2020\/01\/pris\u00e3o_04-01-2020.jpeg","type":"image\/jpeg"}],"author":"Marcio Gomes dos Santos","twitter_card":"summary_large_image","twitter_misc":{"Escrito por":"Marcio Gomes dos Santos","Est. tempo de leitura":"1 minuto"},"schema":{"@context":"https:\/\/schema.org","@graph":[{"@type":"Article","@id":"https:\/\/www.pm.pb.gov.br\/portal\/2020\/01\/05\/operacao-verao-policia-prende-dupla-suspeita-de-arrombar-veiculos-na-orla-de-joao-pessoa\/#article","isPartOf":{"@id":"https:\/\/www.pm.pb.gov.br\/portal\/2020\/01\/05\/operacao-verao-policia-prende-dupla-suspeita-de-arrombar-veiculos-na-orla-de-joao-pessoa\/"},"author":{"name":"Marcio Gomes dos Santos","@id":"https:\/\/www.pm.pb.gov.br\/portal\/#\/schema\/person\/30d571652b38533c2211e4e89bf5a502"},"headline":"Opera\u00e7\u00e3o Ver\u00e3o: Pol\u00edcia prende dupla suspeita de arrombar ve\u00edculos na orla de Jo\u00e3o Pessoa","datePublished":"2020-01-05T20:14:25+00:00","dateModified":"2020-01-05T20:14:27+00:00","mainEntityOfPage":{"@id":"https:\/\/www.pm.pb.gov.br\/portal\/2020\/01\/05\/operacao-verao-policia-prende-dupla-suspeita-de-arrombar-veiculos-na-orla-de-joao-pessoa\/"},"wordCount":254,"publisher":{"@id":"https:\/\/www.pm.pb.gov.br\/portal\/#organization"},"articleSection":["A\u00e7\u00f5es Policiais"],"inLanguage":"pt-BR"},{"@type":"WebPage","@id":"https:\/\/www.pm.pb.gov.br\/portal\/2020\/01\/05\/operacao-verao-policia-prende-dupla-suspeita-de-arrombar-veiculos-na-orla-de-joao-pessoa\/","url":"https:\/\/www.pm.pb.gov.br\/portal\/2020\/01\/05\/operacao-verao-policia-prende-dupla-suspeita-de-arrombar-veiculos-na-orla-de-joao-pessoa\/","name":"Opera\u00e7\u00e3o Ver\u00e3o: Pol\u00edcia prende dupla suspeita de arrombar ve\u00edculos na orla de Jo\u00e3o Pessoa - Pol\u00edcia Militar da Para\u00edba","isPartOf":{"@id":"https:\/\/www.pm.pb.gov.br\/portal\/#website"},"datePublished":"2020-01-05T20:14:25+00:00","dateModified":"2020-01-05T20:14:27+00:00","breadcrumb":{"@id":"https:\/\/www.pm.pb.gov.br\/portal\/2020\/01\/05\/operacao-verao-policia-prende-dupla-suspeita-de-arrombar-veiculos-na-orla-de-joao-pessoa\/#breadcrumb"},"inLanguage":"pt-BR","potentialAction":[{"@type":"ReadAction","target":["https:\/\/www.pm.pb.gov.br\/portal\/2020\/01\/05\/operacao-verao-policia-prende-dupla-suspeita-de-arrombar-veiculos-na-orla-de-joao-pessoa\/"]}]},{"@type":"BreadcrumbList","@id":"https:\/\/www.pm.pb.gov.br\/portal\/2020\/01\/05\/operacao-verao-policia-prende-dupla-suspeita-de-arrombar-veiculos-na-orla-de-joao-pessoa\/#breadcrumb","itemListElement":[{"@type":"ListItem","position":1,"name":"In\u00edcio","item":"https:\/\/www.pm.pb.gov.br\/portal\/"},{"@type":"ListItem","position":2,"name":"Opera\u00e7\u00e3o Ver\u00e3o: Pol\u00edcia prende dupla suspeita de arrombar ve\u00edculos na orla de Jo\u00e3o Pessoa"}]},{"@type":"WebSite","@id":"https:\/\/www.pm.pb.gov.br\/portal\/#website","url":"https:\/\/www.pm.pb.gov.br\/portal\/","name":"Pol\u00edcia Militar da Para\u00edba","description":"","publisher":{"@id":"https:\/\/www.pm.pb.gov.br\/portal\/#organization"},"potentialAction":[{"@type":"SearchAction","target":{"@type":"EntryPoint","urlTemplate":"https:\/\/www.pm.pb.gov.br\/portal\/?s={search_term_string}"},"query-input":"required name=search_term_string"}],"inLanguage":"pt-BR"},{"@type":"Organization","@id":"https:\/\/www.pm.pb.gov.br\/portal\/#organization","name":"Pol\u00edcia Militar da Para\u00edba","url":"https:\/\/www.pm.pb.gov.br\/portal\/","logo":{"@type":"ImageObject","inLanguage":"pt-BR","@id":"https:\/\/www.pm.pb.gov.br\/portal\/#\/schema\/logo\/image\/","url":"https:\/\/www.pm.pb.gov.br\/portal\/wp-content\/uploads\/2025\/03\/cropped-logo-site-mag2-1.png","contentUrl":"https:\/\/www.pm.pb.gov.br\/portal\/wp-content\/uploads\/2025\/03\/cropped-logo-site-mag2-1.png","width":320,"height":90,"caption":"Pol\u00edcia Militar da Para\u00edba"},"image":{"@id":"https:\/\/www.pm.pb.gov.br\/portal\/#\/schema\/logo\/image\/"}},{"@type":"Person","@id":"https:\/\/www.pm.pb.gov.br\/portal\/#\/schema\/person\/30d571652b38533c2211e4e89bf5a502","name":"Marcio Gomes dos Santos","image":{"@type":"ImageObject","inLanguage":"pt-BR","@id":"https:\/\/www.pm.pb.gov.br\/portal\/#\/schema\/person\/image\/","url":"https:\/\/secure.gravatar.com\/avatar\/cf4ec2cb690101e1581c7773aa350c19?s=96&d=mm&r=g","contentUrl":"https:\/\/secure.gravatar.com\/avatar\/cf4ec2cb690101e1581c7773aa350c19?s=96&d=mm&r=g","caption":"Marcio Gomes dos Santos"},"url":"https:\/\/www.pm.pb.gov.br\/portal\/author\/mgomes\/"}]}},"_links":{"self":[{"href":"https:\/\/www.pm.pb.gov.br\/portal\/wp-json\/wp\/v2\/posts\/903446"}],"collection":[{"href":"https:\/\/www.pm.pb.gov.br\/portal\/wp-json\/wp\/v2\/posts"}],"about":[{"href":"https:\/\/www.pm.pb.gov.br\/portal\/wp-json\/wp\/v2\/types\/post"}],"author":[{"embeddable":true,"href":"https:\/\/www.pm.pb.gov.br\/portal\/wp-json\/wp\/v2\/users\/15"}],"replies":[{"embeddable":true,"href":"https:\/\/www.pm.pb.gov.br\/portal\/wp-json\/wp\/v2\/comments?post=903446"}],"version-history":[{"count":1,"href":"https:\/\/www.pm.pb.gov.br\/portal\/wp-json\/wp\/v2\/posts\/903446\/revisions"}],"predecessor-version":[{"id":903448,"href":"https:\/\/www.pm.pb.gov.br\/portal\/wp-json\/wp\/v2\/posts\/903446\/revisions\/903448"}],"wp:featuredmedia":[{"embeddable":true,"href":"https:\/\/www.pm.pb.gov.br\/portal\/wp-json\/wp\/v2\/media\/903447"}],"wp:attachment":[{"href":"https:\/\/www.pm.pb.gov.br\/portal\/wp-json\/wp\/v2\/media?parent=903446"}],"wp:term":[{"taxonomy":"category","embeddable":true,"href":"https:\/\/www.pm.pb.gov.br\/portal\/wp-json\/wp\/v2\/categories?post=903446"},{"taxonomy":"post_tag","embeddable":true,"href":"https:\/\/www.pm.pb.gov.br\/portal\/wp-json\/wp\/v2\/tags?post=903446"}],"curies":[{"name":"wp","href":"https:\/\/api.w.org\/{rel}","templated":true}]}}