{"id":903438,"date":"2020-01-03T16:18:36","date_gmt":"2020-01-03T19:18:36","guid":{"rendered":"http:\/\/www.pm.pb.gov.br\/portal\/?p=903438"},"modified":"2020-01-03T16:18:37","modified_gmt":"2020-01-03T19:18:37","slug":"operacao-verao-policia-militar-intensifica-acoes-em-intermares","status":"publish","type":"post","link":"https:\/\/www.pm.pb.gov.br\/portal\/2020\/01\/03\/operacao-verao-policia-militar-intensifica-acoes-em-intermares\/","title":{"rendered":"OPERA\u00c7\u00c3O VER\u00c3O: Pol\u00edcia Militar intensifica a\u00e7\u00f5es em Intermares"},"content":{"rendered":"\n<p>As a\u00e7\u00f5es da Opera\u00e7\u00e3o Ver\u00e3o seguem intensificadas e, neste s\u00e1bado (4) e domingo (5), cerca de 60 policiais militares atuar\u00e3o na regi\u00e3o de Intermares, munic\u00edpio de Cabedelo, fortalecendo as a\u00e7\u00f5es preventivas, e nas proximidades de eventos de ver\u00e3o t\u00edpicos do per\u00edodo.\u00a0<br \/><br \/>Ser\u00e3o 58 policiais militares que estar\u00e3o a p\u00e9, em viaturas, motocicletas, e a cavalo, realizando abordagens e prevenindo crimes patrimoniais e contra a vida. Tamb\u00e9m ser\u00e3o utilizadas duas plataformas de observa\u00e7\u00e3o policial (POPs) e videomonitoramento, recursos que aumentar\u00e3o ainda mais a efetividade do policiamento em busca de il\u00edcitos e de suspeitos.\u00a0<br \/><br \/>O Batalh\u00e3o de Policiamento de Tr\u00e2nsito (BPTran) tamb\u00e9m atuar\u00e1 junto com a Opera\u00e7\u00e3o Lei Seca, do Detran-PB, nas principais vias de acesso de eventos particulares que acontecem no per\u00edodo de s\u00e1bado \u00e0 noite, verificando eventuais situa\u00e7\u00f5es de embriaguez dos condutores, condi\u00e7\u00f5es de ve\u00edculo e documentos.\u00a0 \u00a0<br \/><br \/>O Batalh\u00e3o de Opera\u00e7\u00f5es Policiais Especiais (Bope), Batalh\u00e3o Especializado em Policiamento com Motocicletas (BEPMotos), 6\u00aa Companhia Independente e For\u00e7a Regional tamb\u00e9m realizar\u00e3o a\u00e7\u00f5es, proporcionando mais seguran\u00e7a para transeuntes, motoristas e visitantes que estar\u00e3o na regi\u00e3o.<\/p>\n","protected":false},"excerpt":{"rendered":"<p>As a\u00e7\u00f5es da Opera\u00e7\u00e3o Ver\u00e3o seguem intensificadas e, neste s\u00e1bado (4) e domingo (5), cerca de 60 policiais militares atuar\u00e3o<\/p>\n","protected":false},"author":15,"featured_media":903434,"comment_status":"closed","ping_status":"closed","sticky":false,"template":"","format":"standard","meta":{"_exactmetrics_skip_tracking":false,"_exactmetrics_sitenote_active":false,"_exactmetrics_sitenote_note":"","_exactmetrics_sitenote_category":0,"footnotes":""},"categories":[4],"tags":[],"yoast_head":"<!-- This site is optimized with the Yoast SEO plugin v22.0 - https:\/\/yoast.com\/wordpress\/plugins\/seo\/ -->\n<title>OPERA\u00c7\u00c3O VER\u00c3O: Pol\u00edcia Militar intensifica a\u00e7\u00f5es em Intermares - Pol\u00edcia Militar da Para\u00edba<\/title>\n<meta name=\"robots\" content=\"index, follow, max-snippet:-1, max-image-preview:large, max-video-preview:-1\" \/>\n<link rel=\"canonical\" href=\"https:\/\/www.pm.pb.gov.br\/portal\/2020\/01\/03\/operacao-verao-policia-militar-intensifica-acoes-em-intermares\/\" \/>\n<meta property=\"og:locale\" content=\"pt_BR\" \/>\n<meta property=\"og:type\" content=\"article\" \/>\n<meta property=\"og:title\" content=\"OPERA\u00c7\u00c3O VER\u00c3O: Pol\u00edcia Militar intensifica a\u00e7\u00f5es em Intermares - Pol\u00edcia Militar da Para\u00edba\" \/>\n<meta property=\"og:description\" content=\"As a\u00e7\u00f5es da Opera\u00e7\u00e3o Ver\u00e3o seguem intensificadas e, neste s\u00e1bado (4) e domingo (5), cerca de 60 policiais militares atuar\u00e3o\" \/>\n<meta property=\"og:url\" content=\"https:\/\/www.pm.pb.gov.br\/portal\/2020\/01\/03\/operacao-verao-policia-militar-intensifica-acoes-em-intermares\/\" \/>\n<meta property=\"og:site_name\" content=\"Pol\u00edcia Militar da Para\u00edba\" \/>\n<meta property=\"article:published_time\" content=\"2020-01-03T19:18:36+00:00\" \/>\n<meta property=\"article:modified_time\" content=\"2020-01-03T19:18:37+00:00\" \/>\n<meta property=\"og:image\" content=\"https:\/\/www.pm.pb.gov.br\/portal\/wp-content\/uploads\/2020\/01\/Ilustrativaintermares1.jpeg\" \/>\n\t<meta property=\"og:image:width\" content=\"800\" \/>\n\t<meta property=\"og:image:height\" content=\"445\" \/>\n\t<meta property=\"og:image:type\" content=\"image\/jpeg\" \/>\n<meta name=\"author\" content=\"Marcio Gomes dos Santos\" \/>\n<meta name=\"twitter:card\" content=\"summary_large_image\" \/>\n<meta name=\"twitter:label1\" content=\"Escrito por\" \/>\n\t<meta name=\"twitter:data1\" content=\"Marcio Gomes dos Santos\" \/>\n\t<meta name=\"twitter:label2\" content=\"Est. tempo de leitura\" \/>\n\t<meta name=\"twitter:data2\" content=\"1 minuto\" \/>\n<script type=\"application\/ld+json\" class=\"yoast-schema-graph\">{\"@context\":\"https:\/\/schema.org\",\"@graph\":[{\"@type\":\"Article\",\"@id\":\"https:\/\/www.pm.pb.gov.br\/portal\/2020\/01\/03\/operacao-verao-policia-militar-intensifica-acoes-em-intermares\/#article\",\"isPartOf\":{\"@id\":\"https:\/\/www.pm.pb.gov.br\/portal\/2020\/01\/03\/operacao-verao-policia-militar-intensifica-acoes-em-intermares\/\"},\"author\":{\"name\":\"Marcio Gomes dos Santos\",\"@id\":\"https:\/\/www.pm.pb.gov.br\/portal\/#\/schema\/person\/30d571652b38533c2211e4e89bf5a502\"},\"headline\":\"OPERA\u00c7\u00c3O VER\u00c3O: Pol\u00edcia Militar intensifica a\u00e7\u00f5es em Intermares\",\"datePublished\":\"2020-01-03T19:18:36+00:00\",\"dateModified\":\"2020-01-03T19:18:37+00:00\",\"mainEntityOfPage\":{\"@id\":\"https:\/\/www.pm.pb.gov.br\/portal\/2020\/01\/03\/operacao-verao-policia-militar-intensifica-acoes-em-intermares\/\"},\"wordCount\":215,\"publisher\":{\"@id\":\"https:\/\/www.pm.pb.gov.br\/portal\/#organization\"},\"articleSection\":[\"A\u00e7\u00f5es Policiais\"],\"inLanguage\":\"pt-BR\"},{\"@type\":\"WebPage\",\"@id\":\"https:\/\/www.pm.pb.gov.br\/portal\/2020\/01\/03\/operacao-verao-policia-militar-intensifica-acoes-em-intermares\/\",\"url\":\"https:\/\/www.pm.pb.gov.br\/portal\/2020\/01\/03\/operacao-verao-policia-militar-intensifica-acoes-em-intermares\/\",\"name\":\"OPERA\u00c7\u00c3O VER\u00c3O: Pol\u00edcia Militar intensifica a\u00e7\u00f5es em Intermares - Pol\u00edcia Militar da Para\u00edba\",\"isPartOf\":{\"@id\":\"https:\/\/www.pm.pb.gov.br\/portal\/#website\"},\"datePublished\":\"2020-01-03T19:18:36+00:00\",\"dateModified\":\"2020-01-03T19:18:37+00:00\",\"breadcrumb\":{\"@id\":\"https:\/\/www.pm.pb.gov.br\/portal\/2020\/01\/03\/operacao-verao-policia-militar-intensifica-acoes-em-intermares\/#breadcrumb\"},\"inLanguage\":\"pt-BR\",\"potentialAction\":[{\"@type\":\"ReadAction\",\"target\":[\"https:\/\/www.pm.pb.gov.br\/portal\/2020\/01\/03\/operacao-verao-policia-militar-intensifica-acoes-em-intermares\/\"]}]},{\"@type\":\"BreadcrumbList\",\"@id\":\"https:\/\/www.pm.pb.gov.br\/portal\/2020\/01\/03\/operacao-verao-policia-militar-intensifica-acoes-em-intermares\/#breadcrumb\",\"itemListElement\":[{\"@type\":\"ListItem\",\"position\":1,\"name\":\"In\u00edcio\",\"item\":\"https:\/\/www.pm.pb.gov.br\/portal\/\"},{\"@type\":\"ListItem\",\"position\":2,\"name\":\"OPERA\u00c7\u00c3O VER\u00c3O: Pol\u00edcia Militar intensifica a\u00e7\u00f5es em Intermares\"}]},{\"@type\":\"WebSite\",\"@id\":\"https:\/\/www.pm.pb.gov.br\/portal\/#website\",\"url\":\"https:\/\/www.pm.pb.gov.br\/portal\/\",\"name\":\"Pol\u00edcia Militar da Para\u00edba\",\"description\":\"\",\"publisher\":{\"@id\":\"https:\/\/www.pm.pb.gov.br\/portal\/#organization\"},\"potentialAction\":[{\"@type\":\"SearchAction\",\"target\":{\"@type\":\"EntryPoint\",\"urlTemplate\":\"https:\/\/www.pm.pb.gov.br\/portal\/?s={search_term_string}\"},\"query-input\":\"required name=search_term_string\"}],\"inLanguage\":\"pt-BR\"},{\"@type\":\"Organization\",\"@id\":\"https:\/\/www.pm.pb.gov.br\/portal\/#organization\",\"name\":\"Pol\u00edcia Militar da Para\u00edba\",\"url\":\"https:\/\/www.pm.pb.gov.br\/portal\/\",\"logo\":{\"@type\":\"ImageObject\",\"inLanguage\":\"pt-BR\",\"@id\":\"https:\/\/www.pm.pb.gov.br\/portal\/#\/schema\/logo\/image\/\",\"url\":\"https:\/\/www.pm.pb.gov.br\/portal\/wp-content\/uploads\/2025\/03\/cropped-logo-site-mag2-1.png\",\"contentUrl\":\"https:\/\/www.pm.pb.gov.br\/portal\/wp-content\/uploads\/2025\/03\/cropped-logo-site-mag2-1.png\",\"width\":320,\"height\":90,\"caption\":\"Pol\u00edcia Militar da Para\u00edba\"},\"image\":{\"@id\":\"https:\/\/www.pm.pb.gov.br\/portal\/#\/schema\/logo\/image\/\"}},{\"@type\":\"Person\",\"@id\":\"https:\/\/www.pm.pb.gov.br\/portal\/#\/schema\/person\/30d571652b38533c2211e4e89bf5a502\",\"name\":\"Marcio Gomes dos Santos\",\"image\":{\"@type\":\"ImageObject\",\"inLanguage\":\"pt-BR\",\"@id\":\"https:\/\/www.pm.pb.gov.br\/portal\/#\/schema\/person\/image\/\",\"url\":\"https:\/\/secure.gravatar.com\/avatar\/cf4ec2cb690101e1581c7773aa350c19?s=96&d=mm&r=g\",\"contentUrl\":\"https:\/\/secure.gravatar.com\/avatar\/cf4ec2cb690101e1581c7773aa350c19?s=96&d=mm&r=g\",\"caption\":\"Marcio Gomes dos Santos\"},\"url\":\"https:\/\/www.pm.pb.gov.br\/portal\/author\/mgomes\/\"}]}<\/script>\n<!-- \/ Yoast SEO plugin. -->","yoast_head_json":{"title":"OPERA\u00c7\u00c3O VER\u00c3O: Pol\u00edcia Militar intensifica a\u00e7\u00f5es em Intermares - Pol\u00edcia Militar da Para\u00edba","robots":{"index":"index","follow":"follow","max-snippet":"max-snippet:-1","max-image-preview":"max-image-preview:large","max-video-preview":"max-video-preview:-1"},"canonical":"https:\/\/www.pm.pb.gov.br\/portal\/2020\/01\/03\/operacao-verao-policia-militar-intensifica-acoes-em-intermares\/","og_locale":"pt_BR","og_type":"article","og_title":"OPERA\u00c7\u00c3O VER\u00c3O: Pol\u00edcia Militar intensifica a\u00e7\u00f5es em Intermares - Pol\u00edcia Militar da Para\u00edba","og_description":"As a\u00e7\u00f5es da Opera\u00e7\u00e3o Ver\u00e3o seguem intensificadas e, neste s\u00e1bado (4) e domingo (5), cerca de 60 policiais militares atuar\u00e3o","og_url":"https:\/\/www.pm.pb.gov.br\/portal\/2020\/01\/03\/operacao-verao-policia-militar-intensifica-acoes-em-intermares\/","og_site_name":"Pol\u00edcia Militar da Para\u00edba","article_published_time":"2020-01-03T19:18:36+00:00","article_modified_time":"2020-01-03T19:18:37+00:00","og_image":[{"width":800,"height":445,"url":"https:\/\/www.pm.pb.gov.br\/portal\/wp-content\/uploads\/2020\/01\/Ilustrativaintermares1.jpeg","type":"image\/jpeg"}],"author":"Marcio Gomes dos Santos","twitter_card":"summary_large_image","twitter_misc":{"Escrito por":"Marcio Gomes dos Santos","Est. tempo de leitura":"1 minuto"},"schema":{"@context":"https:\/\/schema.org","@graph":[{"@type":"Article","@id":"https:\/\/www.pm.pb.gov.br\/portal\/2020\/01\/03\/operacao-verao-policia-militar-intensifica-acoes-em-intermares\/#article","isPartOf":{"@id":"https:\/\/www.pm.pb.gov.br\/portal\/2020\/01\/03\/operacao-verao-policia-militar-intensifica-acoes-em-intermares\/"},"author":{"name":"Marcio Gomes dos Santos","@id":"https:\/\/www.pm.pb.gov.br\/portal\/#\/schema\/person\/30d571652b38533c2211e4e89bf5a502"},"headline":"OPERA\u00c7\u00c3O VER\u00c3O: Pol\u00edcia Militar intensifica a\u00e7\u00f5es em Intermares","datePublished":"2020-01-03T19:18:36+00:00","dateModified":"2020-01-03T19:18:37+00:00","mainEntityOfPage":{"@id":"https:\/\/www.pm.pb.gov.br\/portal\/2020\/01\/03\/operacao-verao-policia-militar-intensifica-acoes-em-intermares\/"},"wordCount":215,"publisher":{"@id":"https:\/\/www.pm.pb.gov.br\/portal\/#organization"},"articleSection":["A\u00e7\u00f5es Policiais"],"inLanguage":"pt-BR"},{"@type":"WebPage","@id":"https:\/\/www.pm.pb.gov.br\/portal\/2020\/01\/03\/operacao-verao-policia-militar-intensifica-acoes-em-intermares\/","url":"https:\/\/www.pm.pb.gov.br\/portal\/2020\/01\/03\/operacao-verao-policia-militar-intensifica-acoes-em-intermares\/","name":"OPERA\u00c7\u00c3O VER\u00c3O: Pol\u00edcia Militar intensifica a\u00e7\u00f5es em Intermares - Pol\u00edcia Militar da Para\u00edba","isPartOf":{"@id":"https:\/\/www.pm.pb.gov.br\/portal\/#website"},"datePublished":"2020-01-03T19:18:36+00:00","dateModified":"2020-01-03T19:18:37+00:00","breadcrumb":{"@id":"https:\/\/www.pm.pb.gov.br\/portal\/2020\/01\/03\/operacao-verao-policia-militar-intensifica-acoes-em-intermares\/#breadcrumb"},"inLanguage":"pt-BR","potentialAction":[{"@type":"ReadAction","target":["https:\/\/www.pm.pb.gov.br\/portal\/2020\/01\/03\/operacao-verao-policia-militar-intensifica-acoes-em-intermares\/"]}]},{"@type":"BreadcrumbList","@id":"https:\/\/www.pm.pb.gov.br\/portal\/2020\/01\/03\/operacao-verao-policia-militar-intensifica-acoes-em-intermares\/#breadcrumb","itemListElement":[{"@type":"ListItem","position":1,"name":"In\u00edcio","item":"https:\/\/www.pm.pb.gov.br\/portal\/"},{"@type":"ListItem","position":2,"name":"OPERA\u00c7\u00c3O VER\u00c3O: Pol\u00edcia Militar intensifica a\u00e7\u00f5es em Intermares"}]},{"@type":"WebSite","@id":"https:\/\/www.pm.pb.gov.br\/portal\/#website","url":"https:\/\/www.pm.pb.gov.br\/portal\/","name":"Pol\u00edcia Militar da Para\u00edba","description":"","publisher":{"@id":"https:\/\/www.pm.pb.gov.br\/portal\/#organization"},"potentialAction":[{"@type":"SearchAction","target":{"@type":"EntryPoint","urlTemplate":"https:\/\/www.pm.pb.gov.br\/portal\/?s={search_term_string}"},"query-input":"required name=search_term_string"}],"inLanguage":"pt-BR"},{"@type":"Organization","@id":"https:\/\/www.pm.pb.gov.br\/portal\/#organization","name":"Pol\u00edcia Militar da Para\u00edba","url":"https:\/\/www.pm.pb.gov.br\/portal\/","logo":{"@type":"ImageObject","inLanguage":"pt-BR","@id":"https:\/\/www.pm.pb.gov.br\/portal\/#\/schema\/logo\/image\/","url":"https:\/\/www.pm.pb.gov.br\/portal\/wp-content\/uploads\/2025\/03\/cropped-logo-site-mag2-1.png","contentUrl":"https:\/\/www.pm.pb.gov.br\/portal\/wp-content\/uploads\/2025\/03\/cropped-logo-site-mag2-1.png","width":320,"height":90,"caption":"Pol\u00edcia Militar da Para\u00edba"},"image":{"@id":"https:\/\/www.pm.pb.gov.br\/portal\/#\/schema\/logo\/image\/"}},{"@type":"Person","@id":"https:\/\/www.pm.pb.gov.br\/portal\/#\/schema\/person\/30d571652b38533c2211e4e89bf5a502","name":"Marcio Gomes dos Santos","image":{"@type":"ImageObject","inLanguage":"pt-BR","@id":"https:\/\/www.pm.pb.gov.br\/portal\/#\/schema\/person\/image\/","url":"https:\/\/secure.gravatar.com\/avatar\/cf4ec2cb690101e1581c7773aa350c19?s=96&d=mm&r=g","contentUrl":"https:\/\/secure.gravatar.com\/avatar\/cf4ec2cb690101e1581c7773aa350c19?s=96&d=mm&r=g","caption":"Marcio Gomes dos Santos"},"url":"https:\/\/www.pm.pb.gov.br\/portal\/author\/mgomes\/"}]}},"_links":{"self":[{"href":"https:\/\/www.pm.pb.gov.br\/portal\/wp-json\/wp\/v2\/posts\/903438"}],"collection":[{"href":"https:\/\/www.pm.pb.gov.br\/portal\/wp-json\/wp\/v2\/posts"}],"about":[{"href":"https:\/\/www.pm.pb.gov.br\/portal\/wp-json\/wp\/v2\/types\/post"}],"author":[{"embeddable":true,"href":"https:\/\/www.pm.pb.gov.br\/portal\/wp-json\/wp\/v2\/users\/15"}],"replies":[{"embeddable":true,"href":"https:\/\/www.pm.pb.gov.br\/portal\/wp-json\/wp\/v2\/comments?post=903438"}],"version-history":[{"count":1,"href":"https:\/\/www.pm.pb.gov.br\/portal\/wp-json\/wp\/v2\/posts\/903438\/revisions"}],"predecessor-version":[{"id":903439,"href":"https:\/\/www.pm.pb.gov.br\/portal\/wp-json\/wp\/v2\/posts\/903438\/revisions\/903439"}],"wp:featuredmedia":[{"embeddable":true,"href":"https:\/\/www.pm.pb.gov.br\/portal\/wp-json\/wp\/v2\/media\/903434"}],"wp:attachment":[{"href":"https:\/\/www.pm.pb.gov.br\/portal\/wp-json\/wp\/v2\/media?parent=903438"}],"wp:term":[{"taxonomy":"category","embeddable":true,"href":"https:\/\/www.pm.pb.gov.br\/portal\/wp-json\/wp\/v2\/categories?post=903438"},{"taxonomy":"post_tag","embeddable":true,"href":"https:\/\/www.pm.pb.gov.br\/portal\/wp-json\/wp\/v2\/tags?post=903438"}],"curies":[{"name":"wp","href":"https:\/\/api.w.org\/{rel}","templated":true}]}}