{"id":903195,"date":"2019-11-28T19:04:53","date_gmt":"2019-11-28T22:04:53","guid":{"rendered":"http:\/\/www.pm.pb.gov.br\/portal\/?p=903195"},"modified":"2019-11-28T19:04:54","modified_gmt":"2019-11-28T22:04:54","slug":"futuros-aspirantes-visitam-comando-geral-da-corporacao-distribuicao-da-turma-foi-pauta-da-reuniao","status":"publish","type":"post","link":"https:\/\/www.pm.pb.gov.br\/portal\/2019\/11\/28\/futuros-aspirantes-visitam-comando-geral-da-corporacao-distribuicao-da-turma-foi-pauta-da-reuniao\/","title":{"rendered":"Futuros aspirantes visitam Comando-Geral da corpora\u00e7\u00e3o: distribui\u00e7\u00e3o da turma foi pauta da reuni\u00e3o"},"content":{"rendered":"\n<p>Como parte das a\u00e7\u00f5es de final de ano da Pol\u00edcia Militar, e do refor\u00e7o de policiamento para todo o estado, o comandante-geral da PM, coronel Euller Chaves, reuniu, na tarde desta quinta-feira (28), os futuros aspirantes a oficial da corpora\u00e7\u00e3o, que logo em breve estar\u00e3o concluindo o Curso de Forma\u00e7\u00e3o de Oficiais (CFO), e estar\u00e3o nas posi\u00e7\u00f5es iniciais de comando do policiamento.<\/p>\n<p>Na pauta da reuni\u00e3o, os cadetes do 3\u00ba ano do CFO puderam conhecer para quais unidades ser\u00e3o distribu\u00eddos, alcan\u00e7ando munic\u00edpios dos tr\u00eas grandes Comandos Regionais, polarizados por Jo\u00e3o Pessoa, Campina Grande e Patos. Foram ocupadas vagas na regi\u00e3o metropolitana, agreste, brejo, borborema, cariri, e sert\u00e3o.<\/p>\n<p>Os 33 cadetes (32 da PM da Para\u00edba e um de outra c\u00f3-irm\u00e3) est\u00e3o em forma\u00e7\u00e3o desde o ano de 2017 na Academia de Pol\u00edcia Militar do Cabo Branco (APMCB), onde passaram por mais de 100 disciplinas, te\u00f3ricas e pr\u00e1ticas, distribu\u00eddas em mais de tr\u00eas mil horas-aulas. O objetivo \u00e9 a capacita\u00e7\u00e3o dos novos oficiais para atua\u00e7\u00e3o no comando e assessoramento de comando, gerenciamento dos recursos humanos e log\u00edsticos, planejamento de a\u00e7\u00f5es e opera\u00e7\u00f5es, entre outros.<\/p>\n<figure id=\"attachment_903197\" aria-describedby=\"caption-attachment-903197\" style=\"width: 493px\" class=\"wp-caption aligncenter\"><img loading=\"lazy\" decoding=\"async\" class=\"wp-image-903197\" src=\"http:\/\/www.pm.pb.gov.br\/portal\/wp-content\/uploads\/2019\/11\/WhatsApp-Image-2019-11-28-at-18.12.16-593x445.jpeg\" alt=\"\" width=\"493\" height=\"370\" srcset=\"https:\/\/www.pm.pb.gov.br\/portal\/wp-content\/uploads\/2019\/11\/WhatsApp-Image-2019-11-28-at-18.12.16-593x445.jpeg 593w, https:\/\/www.pm.pb.gov.br\/portal\/wp-content\/uploads\/2019\/11\/WhatsApp-Image-2019-11-28-at-18.12.16-768x576.jpeg 768w, https:\/\/www.pm.pb.gov.br\/portal\/wp-content\/uploads\/2019\/11\/WhatsApp-Image-2019-11-28-at-18.12.16-760x570.jpeg 760w, https:\/\/www.pm.pb.gov.br\/portal\/wp-content\/uploads\/2019\/11\/WhatsApp-Image-2019-11-28-at-18.12.16.jpeg 1280w\" sizes=\"(max-width: 493px) 100vw, 493px\" \/><figcaption id=\"caption-attachment-903197\" class=\"wp-caption-text\">Reuni\u00e3o aconteceu no gabinete do Comandante-Geral, coronel Euller.<\/figcaption><\/figure>\n<p>Com o t\u00e9rmino dessa etapa de distribui\u00e7\u00e3o e desse \u00faltimo ano do CFO, os cadetes ser\u00e3o declarados aspirantes a oficial na pr\u00f3xima semana, em solenidade militar, e a partir da\u00ed dever\u00e3o se apresentar nas unidades operacionais de todo o estado. \u201c\u00c9 mais uma etapa vencida por esses futuros oficiais e, para a corpora\u00e7\u00e3o, um momento diferencial, onde tudo o que foi ensinado pelo nosso corpo de forma\u00e7\u00e3o da PMPB, ser\u00e1 colocado em pr\u00e1tica nas ruas, na defesa da sociedade e na manuten\u00e7\u00e3o da paz social\u201d, disse o coronel Euller.<\/p>\n<p>A reuni\u00e3o foi acompanhada pelo subcomandante-geral da PM, coronel Almeida Rosas, pelo Diretor de Gest\u00e3o de Pessoas, coronel H\u00e9lio de Ara\u00fajo, pelo vice-diretor do Centro de Educa\u00e7\u00e3o, tenente-coronel Roberto Alves, e pelo coordenador de turma, tenente Roberto Her\u00e1clio.<\/p>\n","protected":false},"excerpt":{"rendered":"<p>Como parte das a\u00e7\u00f5es de final de ano da Pol\u00edcia Militar, e do refor\u00e7o de policiamento para todo o estado,<\/p>\n","protected":false},"author":12,"featured_media":903196,"comment_status":"closed","ping_status":"closed","sticky":false,"template":"","format":"standard","meta":{"_exactmetrics_skip_tracking":false,"_exactmetrics_sitenote_active":false,"_exactmetrics_sitenote_note":"","_exactmetrics_sitenote_category":0,"footnotes":""},"categories":[6],"tags":[],"yoast_head":"<!-- This site is optimized with the Yoast SEO plugin v22.0 - https:\/\/yoast.com\/wordpress\/plugins\/seo\/ -->\n<title>Futuros aspirantes visitam Comando-Geral da corpora\u00e7\u00e3o: distribui\u00e7\u00e3o da turma foi pauta da reuni\u00e3o - Pol\u00edcia Militar da Para\u00edba<\/title>\n<meta name=\"robots\" content=\"index, follow, max-snippet:-1, max-image-preview:large, max-video-preview:-1\" \/>\n<link rel=\"canonical\" href=\"https:\/\/www.pm.pb.gov.br\/portal\/2019\/11\/28\/futuros-aspirantes-visitam-comando-geral-da-corporacao-distribuicao-da-turma-foi-pauta-da-reuniao\/\" \/>\n<meta property=\"og:locale\" content=\"pt_BR\" \/>\n<meta property=\"og:type\" content=\"article\" \/>\n<meta property=\"og:title\" content=\"Futuros aspirantes visitam Comando-Geral da corpora\u00e7\u00e3o: distribui\u00e7\u00e3o da turma foi pauta da reuni\u00e3o - Pol\u00edcia Militar da Para\u00edba\" \/>\n<meta property=\"og:description\" content=\"Como parte das a\u00e7\u00f5es de final de ano da Pol\u00edcia Militar, e do refor\u00e7o de policiamento para todo o estado,\" \/>\n<meta property=\"og:url\" content=\"https:\/\/www.pm.pb.gov.br\/portal\/2019\/11\/28\/futuros-aspirantes-visitam-comando-geral-da-corporacao-distribuicao-da-turma-foi-pauta-da-reuniao\/\" \/>\n<meta property=\"og:site_name\" content=\"Pol\u00edcia Militar da Para\u00edba\" \/>\n<meta property=\"article:published_time\" content=\"2019-11-28T22:04:53+00:00\" \/>\n<meta property=\"article:modified_time\" content=\"2019-11-28T22:04:54+00:00\" \/>\n<meta property=\"og:image\" content=\"https:\/\/www.pm.pb.gov.br\/portal\/wp-content\/uploads\/2019\/11\/reuniaoasp.jpeg\" \/>\n\t<meta property=\"og:image:width\" content=\"800\" \/>\n\t<meta property=\"og:image:height\" content=\"445\" \/>\n\t<meta property=\"og:image:type\" content=\"image\/jpeg\" \/>\n<meta name=\"author\" content=\"Tarcisio Oliveira\" \/>\n<meta name=\"twitter:card\" content=\"summary_large_image\" \/>\n<meta name=\"twitter:label1\" content=\"Escrito por\" \/>\n\t<meta name=\"twitter:data1\" content=\"Tarcisio Oliveira\" \/>\n\t<meta name=\"twitter:label2\" content=\"Est. tempo de leitura\" \/>\n\t<meta name=\"twitter:data2\" content=\"2 minutos\" \/>\n<script type=\"application\/ld+json\" class=\"yoast-schema-graph\">{\"@context\":\"https:\/\/schema.org\",\"@graph\":[{\"@type\":\"Article\",\"@id\":\"https:\/\/www.pm.pb.gov.br\/portal\/2019\/11\/28\/futuros-aspirantes-visitam-comando-geral-da-corporacao-distribuicao-da-turma-foi-pauta-da-reuniao\/#article\",\"isPartOf\":{\"@id\":\"https:\/\/www.pm.pb.gov.br\/portal\/2019\/11\/28\/futuros-aspirantes-visitam-comando-geral-da-corporacao-distribuicao-da-turma-foi-pauta-da-reuniao\/\"},\"author\":{\"name\":\"Tarcisio Oliveira\",\"@id\":\"https:\/\/www.pm.pb.gov.br\/portal\/#\/schema\/person\/f84f56dcc78ce4357054da888b8247fd\"},\"headline\":\"Futuros aspirantes visitam Comando-Geral da corpora\u00e7\u00e3o: distribui\u00e7\u00e3o da turma foi pauta da reuni\u00e3o\",\"datePublished\":\"2019-11-28T22:04:53+00:00\",\"dateModified\":\"2019-11-28T22:04:54+00:00\",\"mainEntityOfPage\":{\"@id\":\"https:\/\/www.pm.pb.gov.br\/portal\/2019\/11\/28\/futuros-aspirantes-visitam-comando-geral-da-corporacao-distribuicao-da-turma-foi-pauta-da-reuniao\/\"},\"wordCount\":380,\"publisher\":{\"@id\":\"https:\/\/www.pm.pb.gov.br\/portal\/#organization\"},\"articleSection\":[\"Cursos\"],\"inLanguage\":\"pt-BR\"},{\"@type\":\"WebPage\",\"@id\":\"https:\/\/www.pm.pb.gov.br\/portal\/2019\/11\/28\/futuros-aspirantes-visitam-comando-geral-da-corporacao-distribuicao-da-turma-foi-pauta-da-reuniao\/\",\"url\":\"https:\/\/www.pm.pb.gov.br\/portal\/2019\/11\/28\/futuros-aspirantes-visitam-comando-geral-da-corporacao-distribuicao-da-turma-foi-pauta-da-reuniao\/\",\"name\":\"Futuros aspirantes visitam Comando-Geral da corpora\u00e7\u00e3o: distribui\u00e7\u00e3o da turma foi pauta da reuni\u00e3o - Pol\u00edcia Militar da Para\u00edba\",\"isPartOf\":{\"@id\":\"https:\/\/www.pm.pb.gov.br\/portal\/#website\"},\"datePublished\":\"2019-11-28T22:04:53+00:00\",\"dateModified\":\"2019-11-28T22:04:54+00:00\",\"breadcrumb\":{\"@id\":\"https:\/\/www.pm.pb.gov.br\/portal\/2019\/11\/28\/futuros-aspirantes-visitam-comando-geral-da-corporacao-distribuicao-da-turma-foi-pauta-da-reuniao\/#breadcrumb\"},\"inLanguage\":\"pt-BR\",\"potentialAction\":[{\"@type\":\"ReadAction\",\"target\":[\"https:\/\/www.pm.pb.gov.br\/portal\/2019\/11\/28\/futuros-aspirantes-visitam-comando-geral-da-corporacao-distribuicao-da-turma-foi-pauta-da-reuniao\/\"]}]},{\"@type\":\"BreadcrumbList\",\"@id\":\"https:\/\/www.pm.pb.gov.br\/portal\/2019\/11\/28\/futuros-aspirantes-visitam-comando-geral-da-corporacao-distribuicao-da-turma-foi-pauta-da-reuniao\/#breadcrumb\",\"itemListElement\":[{\"@type\":\"ListItem\",\"position\":1,\"name\":\"In\u00edcio\",\"item\":\"https:\/\/www.pm.pb.gov.br\/portal\/\"},{\"@type\":\"ListItem\",\"position\":2,\"name\":\"Futuros aspirantes visitam Comando-Geral da corpora\u00e7\u00e3o: distribui\u00e7\u00e3o da turma foi pauta da reuni\u00e3o\"}]},{\"@type\":\"WebSite\",\"@id\":\"https:\/\/www.pm.pb.gov.br\/portal\/#website\",\"url\":\"https:\/\/www.pm.pb.gov.br\/portal\/\",\"name\":\"Pol\u00edcia Militar da Para\u00edba\",\"description\":\"\",\"publisher\":{\"@id\":\"https:\/\/www.pm.pb.gov.br\/portal\/#organization\"},\"potentialAction\":[{\"@type\":\"SearchAction\",\"target\":{\"@type\":\"EntryPoint\",\"urlTemplate\":\"https:\/\/www.pm.pb.gov.br\/portal\/?s={search_term_string}\"},\"query-input\":\"required name=search_term_string\"}],\"inLanguage\":\"pt-BR\"},{\"@type\":\"Organization\",\"@id\":\"https:\/\/www.pm.pb.gov.br\/portal\/#organization\",\"name\":\"Pol\u00edcia Militar da Para\u00edba\",\"url\":\"https:\/\/www.pm.pb.gov.br\/portal\/\",\"logo\":{\"@type\":\"ImageObject\",\"inLanguage\":\"pt-BR\",\"@id\":\"https:\/\/www.pm.pb.gov.br\/portal\/#\/schema\/logo\/image\/\",\"url\":\"https:\/\/www.pm.pb.gov.br\/portal\/wp-content\/uploads\/2025\/03\/cropped-logo-site-mag2-1.png\",\"contentUrl\":\"https:\/\/www.pm.pb.gov.br\/portal\/wp-content\/uploads\/2025\/03\/cropped-logo-site-mag2-1.png\",\"width\":320,\"height\":90,\"caption\":\"Pol\u00edcia Militar da Para\u00edba\"},\"image\":{\"@id\":\"https:\/\/www.pm.pb.gov.br\/portal\/#\/schema\/logo\/image\/\"}},{\"@type\":\"Person\",\"@id\":\"https:\/\/www.pm.pb.gov.br\/portal\/#\/schema\/person\/f84f56dcc78ce4357054da888b8247fd\",\"name\":\"Tarcisio Oliveira\",\"image\":{\"@type\":\"ImageObject\",\"inLanguage\":\"pt-BR\",\"@id\":\"https:\/\/www.pm.pb.gov.br\/portal\/#\/schema\/person\/image\/\",\"url\":\"https:\/\/secure.gravatar.com\/avatar\/72917b630b69d31cd0297507f34bac97?s=96&d=mm&r=g\",\"contentUrl\":\"https:\/\/secure.gravatar.com\/avatar\/72917b630b69d31cd0297507f34bac97?s=96&d=mm&r=g\",\"caption\":\"Tarcisio Oliveira\"},\"url\":\"https:\/\/www.pm.pb.gov.br\/portal\/author\/tarcisio\/\"}]}<\/script>\n<!-- \/ Yoast SEO plugin. -->","yoast_head_json":{"title":"Futuros aspirantes visitam Comando-Geral da corpora\u00e7\u00e3o: distribui\u00e7\u00e3o da turma foi pauta da reuni\u00e3o - Pol\u00edcia Militar da Para\u00edba","robots":{"index":"index","follow":"follow","max-snippet":"max-snippet:-1","max-image-preview":"max-image-preview:large","max-video-preview":"max-video-preview:-1"},"canonical":"https:\/\/www.pm.pb.gov.br\/portal\/2019\/11\/28\/futuros-aspirantes-visitam-comando-geral-da-corporacao-distribuicao-da-turma-foi-pauta-da-reuniao\/","og_locale":"pt_BR","og_type":"article","og_title":"Futuros aspirantes visitam Comando-Geral da corpora\u00e7\u00e3o: distribui\u00e7\u00e3o da turma foi pauta da reuni\u00e3o - Pol\u00edcia Militar da Para\u00edba","og_description":"Como parte das a\u00e7\u00f5es de final de ano da Pol\u00edcia Militar, e do refor\u00e7o de policiamento para todo o estado,","og_url":"https:\/\/www.pm.pb.gov.br\/portal\/2019\/11\/28\/futuros-aspirantes-visitam-comando-geral-da-corporacao-distribuicao-da-turma-foi-pauta-da-reuniao\/","og_site_name":"Pol\u00edcia Militar da Para\u00edba","article_published_time":"2019-11-28T22:04:53+00:00","article_modified_time":"2019-11-28T22:04:54+00:00","og_image":[{"width":800,"height":445,"url":"https:\/\/www.pm.pb.gov.br\/portal\/wp-content\/uploads\/2019\/11\/reuniaoasp.jpeg","type":"image\/jpeg"}],"author":"Tarcisio Oliveira","twitter_card":"summary_large_image","twitter_misc":{"Escrito por":"Tarcisio Oliveira","Est. tempo de leitura":"2 minutos"},"schema":{"@context":"https:\/\/schema.org","@graph":[{"@type":"Article","@id":"https:\/\/www.pm.pb.gov.br\/portal\/2019\/11\/28\/futuros-aspirantes-visitam-comando-geral-da-corporacao-distribuicao-da-turma-foi-pauta-da-reuniao\/#article","isPartOf":{"@id":"https:\/\/www.pm.pb.gov.br\/portal\/2019\/11\/28\/futuros-aspirantes-visitam-comando-geral-da-corporacao-distribuicao-da-turma-foi-pauta-da-reuniao\/"},"author":{"name":"Tarcisio Oliveira","@id":"https:\/\/www.pm.pb.gov.br\/portal\/#\/schema\/person\/f84f56dcc78ce4357054da888b8247fd"},"headline":"Futuros aspirantes visitam Comando-Geral da corpora\u00e7\u00e3o: distribui\u00e7\u00e3o da turma foi pauta da reuni\u00e3o","datePublished":"2019-11-28T22:04:53+00:00","dateModified":"2019-11-28T22:04:54+00:00","mainEntityOfPage":{"@id":"https:\/\/www.pm.pb.gov.br\/portal\/2019\/11\/28\/futuros-aspirantes-visitam-comando-geral-da-corporacao-distribuicao-da-turma-foi-pauta-da-reuniao\/"},"wordCount":380,"publisher":{"@id":"https:\/\/www.pm.pb.gov.br\/portal\/#organization"},"articleSection":["Cursos"],"inLanguage":"pt-BR"},{"@type":"WebPage","@id":"https:\/\/www.pm.pb.gov.br\/portal\/2019\/11\/28\/futuros-aspirantes-visitam-comando-geral-da-corporacao-distribuicao-da-turma-foi-pauta-da-reuniao\/","url":"https:\/\/www.pm.pb.gov.br\/portal\/2019\/11\/28\/futuros-aspirantes-visitam-comando-geral-da-corporacao-distribuicao-da-turma-foi-pauta-da-reuniao\/","name":"Futuros aspirantes visitam Comando-Geral da corpora\u00e7\u00e3o: distribui\u00e7\u00e3o da turma foi pauta da reuni\u00e3o - Pol\u00edcia Militar da Para\u00edba","isPartOf":{"@id":"https:\/\/www.pm.pb.gov.br\/portal\/#website"},"datePublished":"2019-11-28T22:04:53+00:00","dateModified":"2019-11-28T22:04:54+00:00","breadcrumb":{"@id":"https:\/\/www.pm.pb.gov.br\/portal\/2019\/11\/28\/futuros-aspirantes-visitam-comando-geral-da-corporacao-distribuicao-da-turma-foi-pauta-da-reuniao\/#breadcrumb"},"inLanguage":"pt-BR","potentialAction":[{"@type":"ReadAction","target":["https:\/\/www.pm.pb.gov.br\/portal\/2019\/11\/28\/futuros-aspirantes-visitam-comando-geral-da-corporacao-distribuicao-da-turma-foi-pauta-da-reuniao\/"]}]},{"@type":"BreadcrumbList","@id":"https:\/\/www.pm.pb.gov.br\/portal\/2019\/11\/28\/futuros-aspirantes-visitam-comando-geral-da-corporacao-distribuicao-da-turma-foi-pauta-da-reuniao\/#breadcrumb","itemListElement":[{"@type":"ListItem","position":1,"name":"In\u00edcio","item":"https:\/\/www.pm.pb.gov.br\/portal\/"},{"@type":"ListItem","position":2,"name":"Futuros aspirantes visitam Comando-Geral da corpora\u00e7\u00e3o: distribui\u00e7\u00e3o da turma foi pauta da reuni\u00e3o"}]},{"@type":"WebSite","@id":"https:\/\/www.pm.pb.gov.br\/portal\/#website","url":"https:\/\/www.pm.pb.gov.br\/portal\/","name":"Pol\u00edcia Militar da Para\u00edba","description":"","publisher":{"@id":"https:\/\/www.pm.pb.gov.br\/portal\/#organization"},"potentialAction":[{"@type":"SearchAction","target":{"@type":"EntryPoint","urlTemplate":"https:\/\/www.pm.pb.gov.br\/portal\/?s={search_term_string}"},"query-input":"required name=search_term_string"}],"inLanguage":"pt-BR"},{"@type":"Organization","@id":"https:\/\/www.pm.pb.gov.br\/portal\/#organization","name":"Pol\u00edcia Militar da Para\u00edba","url":"https:\/\/www.pm.pb.gov.br\/portal\/","logo":{"@type":"ImageObject","inLanguage":"pt-BR","@id":"https:\/\/www.pm.pb.gov.br\/portal\/#\/schema\/logo\/image\/","url":"https:\/\/www.pm.pb.gov.br\/portal\/wp-content\/uploads\/2025\/03\/cropped-logo-site-mag2-1.png","contentUrl":"https:\/\/www.pm.pb.gov.br\/portal\/wp-content\/uploads\/2025\/03\/cropped-logo-site-mag2-1.png","width":320,"height":90,"caption":"Pol\u00edcia Militar da Para\u00edba"},"image":{"@id":"https:\/\/www.pm.pb.gov.br\/portal\/#\/schema\/logo\/image\/"}},{"@type":"Person","@id":"https:\/\/www.pm.pb.gov.br\/portal\/#\/schema\/person\/f84f56dcc78ce4357054da888b8247fd","name":"Tarcisio Oliveira","image":{"@type":"ImageObject","inLanguage":"pt-BR","@id":"https:\/\/www.pm.pb.gov.br\/portal\/#\/schema\/person\/image\/","url":"https:\/\/secure.gravatar.com\/avatar\/72917b630b69d31cd0297507f34bac97?s=96&d=mm&r=g","contentUrl":"https:\/\/secure.gravatar.com\/avatar\/72917b630b69d31cd0297507f34bac97?s=96&d=mm&r=g","caption":"Tarcisio Oliveira"},"url":"https:\/\/www.pm.pb.gov.br\/portal\/author\/tarcisio\/"}]}},"_links":{"self":[{"href":"https:\/\/www.pm.pb.gov.br\/portal\/wp-json\/wp\/v2\/posts\/903195"}],"collection":[{"href":"https:\/\/www.pm.pb.gov.br\/portal\/wp-json\/wp\/v2\/posts"}],"about":[{"href":"https:\/\/www.pm.pb.gov.br\/portal\/wp-json\/wp\/v2\/types\/post"}],"author":[{"embeddable":true,"href":"https:\/\/www.pm.pb.gov.br\/portal\/wp-json\/wp\/v2\/users\/12"}],"replies":[{"embeddable":true,"href":"https:\/\/www.pm.pb.gov.br\/portal\/wp-json\/wp\/v2\/comments?post=903195"}],"version-history":[{"count":1,"href":"https:\/\/www.pm.pb.gov.br\/portal\/wp-json\/wp\/v2\/posts\/903195\/revisions"}],"predecessor-version":[{"id":903198,"href":"https:\/\/www.pm.pb.gov.br\/portal\/wp-json\/wp\/v2\/posts\/903195\/revisions\/903198"}],"wp:featuredmedia":[{"embeddable":true,"href":"https:\/\/www.pm.pb.gov.br\/portal\/wp-json\/wp\/v2\/media\/903196"}],"wp:attachment":[{"href":"https:\/\/www.pm.pb.gov.br\/portal\/wp-json\/wp\/v2\/media?parent=903195"}],"wp:term":[{"taxonomy":"category","embeddable":true,"href":"https:\/\/www.pm.pb.gov.br\/portal\/wp-json\/wp\/v2\/categories?post=903195"},{"taxonomy":"post_tag","embeddable":true,"href":"https:\/\/www.pm.pb.gov.br\/portal\/wp-json\/wp\/v2\/tags?post=903195"}],"curies":[{"name":"wp","href":"https:\/\/api.w.org\/{rel}","templated":true}]}}