{"id":903187,"date":"2019-11-28T13:28:35","date_gmt":"2019-11-28T16:28:35","guid":{"rendered":"http:\/\/www.pm.pb.gov.br\/portal\/?p=903187"},"modified":"2019-11-28T13:28:36","modified_gmt":"2019-11-28T16:28:36","slug":"seguranca-sera-reforcada-nesta-sexta-feira-com-operacao-especial-da-policia-militar-em-todo-estado","status":"publish","type":"post","link":"https:\/\/www.pm.pb.gov.br\/portal\/2019\/11\/28\/seguranca-sera-reforcada-nesta-sexta-feira-com-operacao-especial-da-policia-militar-em-todo-estado\/","title":{"rendered":"Seguran\u00e7a ser\u00e1 refor\u00e7ada nesta sexta-feira com opera\u00e7\u00e3o especial da Pol\u00edcia Militar em todo estado"},"content":{"rendered":"\n<p>As promo\u00e7\u00f5es no com\u00e9rcio com a Black Friday, o pagamento da segunda parcela do 13\u00ba sal\u00e1rio dos aposentados e pensionistas da Previd\u00eancia Social, pagamento do estado, pagamento de prefeituras, al\u00e9m do saque do FGTS, devem aumentar significativamente o movimento de pessoas e valores nas ruas, nesta sexta-feira (29). Para garantir a seguran\u00e7a e prevenir qualquer tipo de crime no dia, a Pol\u00edcia Militar vai atuar com a opera\u00e7\u00e3o Cidade Segura, que ter\u00e1 refor\u00e7o de mais de 950 policiais em todo o estado.<br \/><br \/>Em alguns locais, as medidas de seguran\u00e7a j\u00e1 come\u00e7ar\u00e3o a ser colocadas em pr\u00e1tica ainda na noite dessa quinta-feira (28), por causa das filas que se formam em frente \u00e0s lojas. Houve um mapeamento desses locais e as rondas ser\u00e3o refor\u00e7adas.<br \/><br \/>Na sexta-feira (29), o refor\u00e7o policial deve tomar conta das ruas bem antes das lojas e bancos abrirem as suas portas. \u201cCome\u00e7a com as abordagens nos \u00f4nibus, nas paradas dos coletivos, a ocupa\u00e7\u00e3o de pontos estrat\u00e9gicos e teremos tamb\u00e9m o aux\u00edlio de drones nesse trabalho\u201d, detalhou o comandante-geral da Pol\u00edcia Militar, coronel Euller Chaves.<br \/><br \/>A grande Jo\u00e3o Pessoa contar\u00e1 com quase 400 policiais de refor\u00e7o e 92 viaturas. Em Campina Grande e regi\u00e3o, a opera\u00e7\u00e3o Cidade Segura mobiliza 304 policiais e 72 viaturas. No Sert\u00e3o, s\u00e3o 279 policiais e 136 viaturas atuando na opera\u00e7\u00e3o. Em todas as cidades, as \u00e1reas comerciais receber\u00e3o uma aten\u00e7\u00e3o especial.<br \/><br \/><strong>Orienta\u00e7\u00f5es &#8211;\u00a0<\/strong>Mesmo com o forte esquema de seguran\u00e7a que foi montado, as pessoas devem tamb\u00e9m ter alguns cuidados para contribuir com a preven\u00e7\u00e3o, a exemplo de n\u00e3o dizer que est\u00e1 saindo para sacar dinheiro, n\u00e3o pedir orienta\u00e7\u00e3o a estranhos, andar com a bolsa na frente do corpo e ter aten\u00e7\u00e3o no que est\u00e1 \u00e0 sua volta, principalmente quando for acessar o celular para fazer comparativo de pre\u00e7o, atitude que \u00e9 muito comum no dia. Em qualquer caso suspeito, a popula\u00e7\u00e3o deve acionar imediatamente um dos policiais que estiverem por perto ou ligar para o 190.<\/p>\n","protected":false},"excerpt":{"rendered":"<p>As promo\u00e7\u00f5es no com\u00e9rcio com a Black Friday, o pagamento da segunda parcela do 13\u00ba sal\u00e1rio dos aposentados e pensionistas<\/p>\n","protected":false},"author":12,"featured_media":902083,"comment_status":"closed","ping_status":"closed","sticky":false,"template":"","format":"standard","meta":{"_exactmetrics_skip_tracking":false,"_exactmetrics_sitenote_active":false,"_exactmetrics_sitenote_note":"","_exactmetrics_sitenote_category":0,"footnotes":""},"categories":[4],"tags":[],"yoast_head":"<!-- This site is optimized with the Yoast SEO plugin v22.0 - https:\/\/yoast.com\/wordpress\/plugins\/seo\/ -->\n<title>Seguran\u00e7a ser\u00e1 refor\u00e7ada nesta sexta-feira com opera\u00e7\u00e3o especial da Pol\u00edcia Militar em todo estado - Pol\u00edcia Militar da Para\u00edba<\/title>\n<meta name=\"robots\" content=\"index, follow, max-snippet:-1, max-image-preview:large, max-video-preview:-1\" \/>\n<link rel=\"canonical\" href=\"https:\/\/www.pm.pb.gov.br\/portal\/2019\/11\/28\/seguranca-sera-reforcada-nesta-sexta-feira-com-operacao-especial-da-policia-militar-em-todo-estado\/\" \/>\n<meta property=\"og:locale\" content=\"pt_BR\" \/>\n<meta property=\"og:type\" content=\"article\" \/>\n<meta property=\"og:title\" content=\"Seguran\u00e7a ser\u00e1 refor\u00e7ada nesta sexta-feira com opera\u00e7\u00e3o especial da Pol\u00edcia Militar em todo estado - Pol\u00edcia Militar da Para\u00edba\" \/>\n<meta property=\"og:description\" content=\"As promo\u00e7\u00f5es no com\u00e9rcio com a Black Friday, o pagamento da segunda parcela do 13\u00ba sal\u00e1rio dos aposentados e pensionistas\" \/>\n<meta property=\"og:url\" content=\"https:\/\/www.pm.pb.gov.br\/portal\/2019\/11\/28\/seguranca-sera-reforcada-nesta-sexta-feira-com-operacao-especial-da-policia-militar-em-todo-estado\/\" \/>\n<meta property=\"og:site_name\" content=\"Pol\u00edcia Militar da Para\u00edba\" \/>\n<meta property=\"article:published_time\" content=\"2019-11-28T16:28:35+00:00\" \/>\n<meta property=\"article:modified_time\" content=\"2019-11-28T16:28:36+00:00\" \/>\n<meta property=\"og:image\" content=\"https:\/\/www.pm.pb.gov.br\/portal\/wp-content\/uploads\/2019\/08\/epitaciopessoa.jpeg\" \/>\n\t<meta property=\"og:image:width\" content=\"800\" \/>\n\t<meta property=\"og:image:height\" content=\"445\" \/>\n\t<meta property=\"og:image:type\" content=\"image\/jpeg\" \/>\n<meta name=\"author\" content=\"Tarcisio Oliveira\" \/>\n<meta name=\"twitter:card\" content=\"summary_large_image\" \/>\n<meta name=\"twitter:label1\" content=\"Escrito por\" \/>\n\t<meta name=\"twitter:data1\" content=\"Tarcisio Oliveira\" \/>\n\t<meta name=\"twitter:label2\" content=\"Est. tempo de leitura\" \/>\n\t<meta name=\"twitter:data2\" content=\"2 minutos\" \/>\n<script type=\"application\/ld+json\" class=\"yoast-schema-graph\">{\"@context\":\"https:\/\/schema.org\",\"@graph\":[{\"@type\":\"Article\",\"@id\":\"https:\/\/www.pm.pb.gov.br\/portal\/2019\/11\/28\/seguranca-sera-reforcada-nesta-sexta-feira-com-operacao-especial-da-policia-militar-em-todo-estado\/#article\",\"isPartOf\":{\"@id\":\"https:\/\/www.pm.pb.gov.br\/portal\/2019\/11\/28\/seguranca-sera-reforcada-nesta-sexta-feira-com-operacao-especial-da-policia-militar-em-todo-estado\/\"},\"author\":{\"name\":\"Tarcisio Oliveira\",\"@id\":\"https:\/\/www.pm.pb.gov.br\/portal\/#\/schema\/person\/f84f56dcc78ce4357054da888b8247fd\"},\"headline\":\"Seguran\u00e7a ser\u00e1 refor\u00e7ada nesta sexta-feira com opera\u00e7\u00e3o especial da Pol\u00edcia Militar em todo estado\",\"datePublished\":\"2019-11-28T16:28:35+00:00\",\"dateModified\":\"2019-11-28T16:28:36+00:00\",\"mainEntityOfPage\":{\"@id\":\"https:\/\/www.pm.pb.gov.br\/portal\/2019\/11\/28\/seguranca-sera-reforcada-nesta-sexta-feira-com-operacao-especial-da-policia-militar-em-todo-estado\/\"},\"wordCount\":369,\"publisher\":{\"@id\":\"https:\/\/www.pm.pb.gov.br\/portal\/#organization\"},\"articleSection\":[\"A\u00e7\u00f5es Policiais\"],\"inLanguage\":\"pt-BR\"},{\"@type\":\"WebPage\",\"@id\":\"https:\/\/www.pm.pb.gov.br\/portal\/2019\/11\/28\/seguranca-sera-reforcada-nesta-sexta-feira-com-operacao-especial-da-policia-militar-em-todo-estado\/\",\"url\":\"https:\/\/www.pm.pb.gov.br\/portal\/2019\/11\/28\/seguranca-sera-reforcada-nesta-sexta-feira-com-operacao-especial-da-policia-militar-em-todo-estado\/\",\"name\":\"Seguran\u00e7a ser\u00e1 refor\u00e7ada nesta sexta-feira com opera\u00e7\u00e3o especial da Pol\u00edcia Militar em todo estado - Pol\u00edcia Militar da Para\u00edba\",\"isPartOf\":{\"@id\":\"https:\/\/www.pm.pb.gov.br\/portal\/#website\"},\"datePublished\":\"2019-11-28T16:28:35+00:00\",\"dateModified\":\"2019-11-28T16:28:36+00:00\",\"breadcrumb\":{\"@id\":\"https:\/\/www.pm.pb.gov.br\/portal\/2019\/11\/28\/seguranca-sera-reforcada-nesta-sexta-feira-com-operacao-especial-da-policia-militar-em-todo-estado\/#breadcrumb\"},\"inLanguage\":\"pt-BR\",\"potentialAction\":[{\"@type\":\"ReadAction\",\"target\":[\"https:\/\/www.pm.pb.gov.br\/portal\/2019\/11\/28\/seguranca-sera-reforcada-nesta-sexta-feira-com-operacao-especial-da-policia-militar-em-todo-estado\/\"]}]},{\"@type\":\"BreadcrumbList\",\"@id\":\"https:\/\/www.pm.pb.gov.br\/portal\/2019\/11\/28\/seguranca-sera-reforcada-nesta-sexta-feira-com-operacao-especial-da-policia-militar-em-todo-estado\/#breadcrumb\",\"itemListElement\":[{\"@type\":\"ListItem\",\"position\":1,\"name\":\"In\u00edcio\",\"item\":\"https:\/\/www.pm.pb.gov.br\/portal\/\"},{\"@type\":\"ListItem\",\"position\":2,\"name\":\"Seguran\u00e7a ser\u00e1 refor\u00e7ada nesta sexta-feira com opera\u00e7\u00e3o especial da Pol\u00edcia Militar em todo estado\"}]},{\"@type\":\"WebSite\",\"@id\":\"https:\/\/www.pm.pb.gov.br\/portal\/#website\",\"url\":\"https:\/\/www.pm.pb.gov.br\/portal\/\",\"name\":\"Pol\u00edcia Militar da Para\u00edba\",\"description\":\"\",\"publisher\":{\"@id\":\"https:\/\/www.pm.pb.gov.br\/portal\/#organization\"},\"potentialAction\":[{\"@type\":\"SearchAction\",\"target\":{\"@type\":\"EntryPoint\",\"urlTemplate\":\"https:\/\/www.pm.pb.gov.br\/portal\/?s={search_term_string}\"},\"query-input\":\"required name=search_term_string\"}],\"inLanguage\":\"pt-BR\"},{\"@type\":\"Organization\",\"@id\":\"https:\/\/www.pm.pb.gov.br\/portal\/#organization\",\"name\":\"Pol\u00edcia Militar da Para\u00edba\",\"url\":\"https:\/\/www.pm.pb.gov.br\/portal\/\",\"logo\":{\"@type\":\"ImageObject\",\"inLanguage\":\"pt-BR\",\"@id\":\"https:\/\/www.pm.pb.gov.br\/portal\/#\/schema\/logo\/image\/\",\"url\":\"https:\/\/www.pm.pb.gov.br\/portal\/wp-content\/uploads\/2025\/03\/cropped-logo-site-mag2-1.png\",\"contentUrl\":\"https:\/\/www.pm.pb.gov.br\/portal\/wp-content\/uploads\/2025\/03\/cropped-logo-site-mag2-1.png\",\"width\":320,\"height\":90,\"caption\":\"Pol\u00edcia Militar da Para\u00edba\"},\"image\":{\"@id\":\"https:\/\/www.pm.pb.gov.br\/portal\/#\/schema\/logo\/image\/\"}},{\"@type\":\"Person\",\"@id\":\"https:\/\/www.pm.pb.gov.br\/portal\/#\/schema\/person\/f84f56dcc78ce4357054da888b8247fd\",\"name\":\"Tarcisio Oliveira\",\"image\":{\"@type\":\"ImageObject\",\"inLanguage\":\"pt-BR\",\"@id\":\"https:\/\/www.pm.pb.gov.br\/portal\/#\/schema\/person\/image\/\",\"url\":\"https:\/\/secure.gravatar.com\/avatar\/72917b630b69d31cd0297507f34bac97?s=96&d=mm&r=g\",\"contentUrl\":\"https:\/\/secure.gravatar.com\/avatar\/72917b630b69d31cd0297507f34bac97?s=96&d=mm&r=g\",\"caption\":\"Tarcisio Oliveira\"},\"url\":\"https:\/\/www.pm.pb.gov.br\/portal\/author\/tarcisio\/\"}]}<\/script>\n<!-- \/ Yoast SEO plugin. -->","yoast_head_json":{"title":"Seguran\u00e7a ser\u00e1 refor\u00e7ada nesta sexta-feira com opera\u00e7\u00e3o especial da Pol\u00edcia Militar em todo estado - Pol\u00edcia Militar da Para\u00edba","robots":{"index":"index","follow":"follow","max-snippet":"max-snippet:-1","max-image-preview":"max-image-preview:large","max-video-preview":"max-video-preview:-1"},"canonical":"https:\/\/www.pm.pb.gov.br\/portal\/2019\/11\/28\/seguranca-sera-reforcada-nesta-sexta-feira-com-operacao-especial-da-policia-militar-em-todo-estado\/","og_locale":"pt_BR","og_type":"article","og_title":"Seguran\u00e7a ser\u00e1 refor\u00e7ada nesta sexta-feira com opera\u00e7\u00e3o especial da Pol\u00edcia Militar em todo estado - Pol\u00edcia Militar da Para\u00edba","og_description":"As promo\u00e7\u00f5es no com\u00e9rcio com a Black Friday, o pagamento da segunda parcela do 13\u00ba sal\u00e1rio dos aposentados e pensionistas","og_url":"https:\/\/www.pm.pb.gov.br\/portal\/2019\/11\/28\/seguranca-sera-reforcada-nesta-sexta-feira-com-operacao-especial-da-policia-militar-em-todo-estado\/","og_site_name":"Pol\u00edcia Militar da Para\u00edba","article_published_time":"2019-11-28T16:28:35+00:00","article_modified_time":"2019-11-28T16:28:36+00:00","og_image":[{"width":800,"height":445,"url":"https:\/\/www.pm.pb.gov.br\/portal\/wp-content\/uploads\/2019\/08\/epitaciopessoa.jpeg","type":"image\/jpeg"}],"author":"Tarcisio Oliveira","twitter_card":"summary_large_image","twitter_misc":{"Escrito por":"Tarcisio Oliveira","Est. tempo de leitura":"2 minutos"},"schema":{"@context":"https:\/\/schema.org","@graph":[{"@type":"Article","@id":"https:\/\/www.pm.pb.gov.br\/portal\/2019\/11\/28\/seguranca-sera-reforcada-nesta-sexta-feira-com-operacao-especial-da-policia-militar-em-todo-estado\/#article","isPartOf":{"@id":"https:\/\/www.pm.pb.gov.br\/portal\/2019\/11\/28\/seguranca-sera-reforcada-nesta-sexta-feira-com-operacao-especial-da-policia-militar-em-todo-estado\/"},"author":{"name":"Tarcisio Oliveira","@id":"https:\/\/www.pm.pb.gov.br\/portal\/#\/schema\/person\/f84f56dcc78ce4357054da888b8247fd"},"headline":"Seguran\u00e7a ser\u00e1 refor\u00e7ada nesta sexta-feira com opera\u00e7\u00e3o especial da Pol\u00edcia Militar em todo estado","datePublished":"2019-11-28T16:28:35+00:00","dateModified":"2019-11-28T16:28:36+00:00","mainEntityOfPage":{"@id":"https:\/\/www.pm.pb.gov.br\/portal\/2019\/11\/28\/seguranca-sera-reforcada-nesta-sexta-feira-com-operacao-especial-da-policia-militar-em-todo-estado\/"},"wordCount":369,"publisher":{"@id":"https:\/\/www.pm.pb.gov.br\/portal\/#organization"},"articleSection":["A\u00e7\u00f5es Policiais"],"inLanguage":"pt-BR"},{"@type":"WebPage","@id":"https:\/\/www.pm.pb.gov.br\/portal\/2019\/11\/28\/seguranca-sera-reforcada-nesta-sexta-feira-com-operacao-especial-da-policia-militar-em-todo-estado\/","url":"https:\/\/www.pm.pb.gov.br\/portal\/2019\/11\/28\/seguranca-sera-reforcada-nesta-sexta-feira-com-operacao-especial-da-policia-militar-em-todo-estado\/","name":"Seguran\u00e7a ser\u00e1 refor\u00e7ada nesta sexta-feira com opera\u00e7\u00e3o especial da Pol\u00edcia Militar em todo estado - Pol\u00edcia Militar da Para\u00edba","isPartOf":{"@id":"https:\/\/www.pm.pb.gov.br\/portal\/#website"},"datePublished":"2019-11-28T16:28:35+00:00","dateModified":"2019-11-28T16:28:36+00:00","breadcrumb":{"@id":"https:\/\/www.pm.pb.gov.br\/portal\/2019\/11\/28\/seguranca-sera-reforcada-nesta-sexta-feira-com-operacao-especial-da-policia-militar-em-todo-estado\/#breadcrumb"},"inLanguage":"pt-BR","potentialAction":[{"@type":"ReadAction","target":["https:\/\/www.pm.pb.gov.br\/portal\/2019\/11\/28\/seguranca-sera-reforcada-nesta-sexta-feira-com-operacao-especial-da-policia-militar-em-todo-estado\/"]}]},{"@type":"BreadcrumbList","@id":"https:\/\/www.pm.pb.gov.br\/portal\/2019\/11\/28\/seguranca-sera-reforcada-nesta-sexta-feira-com-operacao-especial-da-policia-militar-em-todo-estado\/#breadcrumb","itemListElement":[{"@type":"ListItem","position":1,"name":"In\u00edcio","item":"https:\/\/www.pm.pb.gov.br\/portal\/"},{"@type":"ListItem","position":2,"name":"Seguran\u00e7a ser\u00e1 refor\u00e7ada nesta sexta-feira com opera\u00e7\u00e3o especial da Pol\u00edcia Militar em todo estado"}]},{"@type":"WebSite","@id":"https:\/\/www.pm.pb.gov.br\/portal\/#website","url":"https:\/\/www.pm.pb.gov.br\/portal\/","name":"Pol\u00edcia Militar da Para\u00edba","description":"","publisher":{"@id":"https:\/\/www.pm.pb.gov.br\/portal\/#organization"},"potentialAction":[{"@type":"SearchAction","target":{"@type":"EntryPoint","urlTemplate":"https:\/\/www.pm.pb.gov.br\/portal\/?s={search_term_string}"},"query-input":"required name=search_term_string"}],"inLanguage":"pt-BR"},{"@type":"Organization","@id":"https:\/\/www.pm.pb.gov.br\/portal\/#organization","name":"Pol\u00edcia Militar da Para\u00edba","url":"https:\/\/www.pm.pb.gov.br\/portal\/","logo":{"@type":"ImageObject","inLanguage":"pt-BR","@id":"https:\/\/www.pm.pb.gov.br\/portal\/#\/schema\/logo\/image\/","url":"https:\/\/www.pm.pb.gov.br\/portal\/wp-content\/uploads\/2025\/03\/cropped-logo-site-mag2-1.png","contentUrl":"https:\/\/www.pm.pb.gov.br\/portal\/wp-content\/uploads\/2025\/03\/cropped-logo-site-mag2-1.png","width":320,"height":90,"caption":"Pol\u00edcia Militar da Para\u00edba"},"image":{"@id":"https:\/\/www.pm.pb.gov.br\/portal\/#\/schema\/logo\/image\/"}},{"@type":"Person","@id":"https:\/\/www.pm.pb.gov.br\/portal\/#\/schema\/person\/f84f56dcc78ce4357054da888b8247fd","name":"Tarcisio Oliveira","image":{"@type":"ImageObject","inLanguage":"pt-BR","@id":"https:\/\/www.pm.pb.gov.br\/portal\/#\/schema\/person\/image\/","url":"https:\/\/secure.gravatar.com\/avatar\/72917b630b69d31cd0297507f34bac97?s=96&d=mm&r=g","contentUrl":"https:\/\/secure.gravatar.com\/avatar\/72917b630b69d31cd0297507f34bac97?s=96&d=mm&r=g","caption":"Tarcisio Oliveira"},"url":"https:\/\/www.pm.pb.gov.br\/portal\/author\/tarcisio\/"}]}},"_links":{"self":[{"href":"https:\/\/www.pm.pb.gov.br\/portal\/wp-json\/wp\/v2\/posts\/903187"}],"collection":[{"href":"https:\/\/www.pm.pb.gov.br\/portal\/wp-json\/wp\/v2\/posts"}],"about":[{"href":"https:\/\/www.pm.pb.gov.br\/portal\/wp-json\/wp\/v2\/types\/post"}],"author":[{"embeddable":true,"href":"https:\/\/www.pm.pb.gov.br\/portal\/wp-json\/wp\/v2\/users\/12"}],"replies":[{"embeddable":true,"href":"https:\/\/www.pm.pb.gov.br\/portal\/wp-json\/wp\/v2\/comments?post=903187"}],"version-history":[{"count":1,"href":"https:\/\/www.pm.pb.gov.br\/portal\/wp-json\/wp\/v2\/posts\/903187\/revisions"}],"predecessor-version":[{"id":903188,"href":"https:\/\/www.pm.pb.gov.br\/portal\/wp-json\/wp\/v2\/posts\/903187\/revisions\/903188"}],"wp:featuredmedia":[{"embeddable":true,"href":"https:\/\/www.pm.pb.gov.br\/portal\/wp-json\/wp\/v2\/media\/902083"}],"wp:attachment":[{"href":"https:\/\/www.pm.pb.gov.br\/portal\/wp-json\/wp\/v2\/media?parent=903187"}],"wp:term":[{"taxonomy":"category","embeddable":true,"href":"https:\/\/www.pm.pb.gov.br\/portal\/wp-json\/wp\/v2\/categories?post=903187"},{"taxonomy":"post_tag","embeddable":true,"href":"https:\/\/www.pm.pb.gov.br\/portal\/wp-json\/wp\/v2\/tags?post=903187"}],"curies":[{"name":"wp","href":"https:\/\/api.w.org\/{rel}","templated":true}]}}