{"id":903168,"date":"2019-11-26T15:22:08","date_gmt":"2019-11-26T18:22:08","guid":{"rendered":"http:\/\/www.pm.pb.gov.br\/portal\/?p=903168"},"modified":"2019-11-26T15:22:09","modified_gmt":"2019-11-26T18:22:09","slug":"policia-militar-detem-suspeitos-de-roubo-e-trafico-na-zona-sul-de-joao-pessoa","status":"publish","type":"post","link":"https:\/\/www.pm.pb.gov.br\/portal\/2019\/11\/26\/policia-militar-detem-suspeitos-de-roubo-e-trafico-na-zona-sul-de-joao-pessoa\/","title":{"rendered":"Pol\u00edcia Militar det\u00e9m suspeitos de roubo e tr\u00e1fico na zona sul de Jo\u00e3o Pessoa"},"content":{"rendered":"\n<p style=\"font-weight: 400;\">A Pol\u00edcia Militar deteve tr\u00eas suspeitos de crimes patrimoniais e tr\u00e1fico de drogas, que estavam agindo na zona sul de Jo\u00e3o Pessoa. As a\u00e7\u00f5es da PM aconteceram na manh\u00e3 desta ter\u00e7a-feira (26), nos bairros do Rangel e Banc\u00e1rios (foto acima ilustrativa).<\/p>\n<p style=\"font-weight: 400;\">Na mais recente delas, no final da manh\u00e3 e in\u00edcio da tarde, policiais do Regimento de Pol\u00edcia Montada (RPMont) com apoio da Coordenadoria de Intelig\u00eancia da PM (COInt) localizaram um casal de 19 e 27 anos de idade, suspeitos de estarem envolvidos em uma tentativa de assalto a um mercadinho no bairro do Jos\u00e9 Am\u00e9rico, na semana passada.<\/p>\n<p style=\"font-weight: 400;\">O casal foi reconhecido a partir das imagens de c\u00e2meras de seguran\u00e7a, e o suspeito j\u00e1 tem passagem na Justi\u00e7a pelo crime de tr\u00e1fico de drogas. A dupla foi apresentada na Central de Pol\u00edcia para os procedimentos cab\u00edveis.<\/p>\n<p style=\"font-weight: 400;\"><strong>Combate ao tr\u00e1fico &#8211;<\/strong>\u00a0Ainda na zona sul da capital, por volta das 10h30, policiais militares do Batalh\u00e3o Especializado em Policiamento com Motocicletas (BEPMotos) prenderam um suspeito de 25 anos de idade que estava com 57 por\u00e7\u00f5es de drogas e dinheiro no bairro dos Banc\u00e1rios, em uma localidade conhecida como Rua da Poeira. \u00a0<\/p>\n<p style=\"font-weight: 400;\">Com o suspeito foi encontrado 51 papelotes de subst\u00e2ncia semelhante \u00e0 maconha, e seis de crack (foto abaixo). Ele foi abordado pelo motopatrulhamento ap\u00f3s demonstrar nervosismo com a chegada dos policiais na localidade, que estavam fazendo rondas preventivas. O suspeito foi conduzido para Central de Pol\u00edcia.<\/p>\n<p><img loading=\"lazy\" decoding=\"async\" class=\" wp-image-903169 aligncenter\" src=\"http:\/\/www.pm.pb.gov.br\/portal\/wp-content\/uploads\/2019\/11\/prisaonosbancarios-434x445.jpeg\" alt=\"\" width=\"350\" height=\"359\" srcset=\"https:\/\/www.pm.pb.gov.br\/portal\/wp-content\/uploads\/2019\/11\/prisaonosbancarios-434x445.jpeg 434w, https:\/\/www.pm.pb.gov.br\/portal\/wp-content\/uploads\/2019\/11\/prisaonosbancarios-555x570.jpeg 555w, https:\/\/www.pm.pb.gov.br\/portal\/wp-content\/uploads\/2019\/11\/prisaonosbancarios.jpeg 720w\" sizes=\"(max-width: 350px) 100vw, 350px\" \/><\/p>\n","protected":false},"excerpt":{"rendered":"<p>A Pol\u00edcia Militar deteve tr\u00eas suspeitos de crimes patrimoniais e tr\u00e1fico de drogas, que estavam agindo na zona sul de<\/p>\n","protected":false},"author":12,"featured_media":903167,"comment_status":"closed","ping_status":"closed","sticky":false,"template":"","format":"standard","meta":{"_exactmetrics_skip_tracking":false,"_exactmetrics_sitenote_active":false,"_exactmetrics_sitenote_note":"","_exactmetrics_sitenote_category":0,"footnotes":""},"categories":[4],"tags":[],"yoast_head":"<!-- This site is optimized with the Yoast SEO plugin v22.0 - https:\/\/yoast.com\/wordpress\/plugins\/seo\/ -->\n<title>Pol\u00edcia Militar det\u00e9m suspeitos de roubo e tr\u00e1fico na zona sul de Jo\u00e3o Pessoa - Pol\u00edcia Militar da Para\u00edba<\/title>\n<meta name=\"robots\" content=\"index, follow, max-snippet:-1, max-image-preview:large, max-video-preview:-1\" \/>\n<link rel=\"canonical\" href=\"https:\/\/www.pm.pb.gov.br\/portal\/2019\/11\/26\/policia-militar-detem-suspeitos-de-roubo-e-trafico-na-zona-sul-de-joao-pessoa\/\" \/>\n<meta property=\"og:locale\" content=\"pt_BR\" \/>\n<meta property=\"og:type\" content=\"article\" \/>\n<meta property=\"og:title\" content=\"Pol\u00edcia Militar det\u00e9m suspeitos de roubo e tr\u00e1fico na zona sul de Jo\u00e3o Pessoa - Pol\u00edcia Militar da Para\u00edba\" \/>\n<meta property=\"og:description\" content=\"A Pol\u00edcia Militar deteve tr\u00eas suspeitos de crimes patrimoniais e tr\u00e1fico de drogas, que estavam agindo na zona sul de\" \/>\n<meta property=\"og:url\" content=\"https:\/\/www.pm.pb.gov.br\/portal\/2019\/11\/26\/policia-militar-detem-suspeitos-de-roubo-e-trafico-na-zona-sul-de-joao-pessoa\/\" \/>\n<meta property=\"og:site_name\" content=\"Pol\u00edcia Militar da Para\u00edba\" \/>\n<meta property=\"article:published_time\" content=\"2019-11-26T18:22:08+00:00\" \/>\n<meta property=\"article:modified_time\" content=\"2019-11-26T18:22:09+00:00\" \/>\n<meta property=\"og:image\" content=\"https:\/\/www.pm.pb.gov.br\/portal\/wp-content\/uploads\/2019\/11\/rpmont.jpg\" \/>\n\t<meta property=\"og:image:width\" content=\"800\" \/>\n\t<meta property=\"og:image:height\" content=\"445\" \/>\n\t<meta property=\"og:image:type\" content=\"image\/jpeg\" \/>\n<meta name=\"author\" content=\"Tarcisio Oliveira\" \/>\n<meta name=\"twitter:card\" content=\"summary_large_image\" \/>\n<meta name=\"twitter:label1\" content=\"Escrito por\" \/>\n\t<meta name=\"twitter:data1\" content=\"Tarcisio Oliveira\" \/>\n\t<meta name=\"twitter:label2\" content=\"Est. tempo de leitura\" \/>\n\t<meta name=\"twitter:data2\" content=\"1 minuto\" \/>\n<script type=\"application\/ld+json\" class=\"yoast-schema-graph\">{\"@context\":\"https:\/\/schema.org\",\"@graph\":[{\"@type\":\"Article\",\"@id\":\"https:\/\/www.pm.pb.gov.br\/portal\/2019\/11\/26\/policia-militar-detem-suspeitos-de-roubo-e-trafico-na-zona-sul-de-joao-pessoa\/#article\",\"isPartOf\":{\"@id\":\"https:\/\/www.pm.pb.gov.br\/portal\/2019\/11\/26\/policia-militar-detem-suspeitos-de-roubo-e-trafico-na-zona-sul-de-joao-pessoa\/\"},\"author\":{\"name\":\"Tarcisio Oliveira\",\"@id\":\"https:\/\/www.pm.pb.gov.br\/portal\/#\/schema\/person\/f84f56dcc78ce4357054da888b8247fd\"},\"headline\":\"Pol\u00edcia Militar det\u00e9m suspeitos de roubo e tr\u00e1fico na zona sul de Jo\u00e3o Pessoa\",\"datePublished\":\"2019-11-26T18:22:08+00:00\",\"dateModified\":\"2019-11-26T18:22:09+00:00\",\"mainEntityOfPage\":{\"@id\":\"https:\/\/www.pm.pb.gov.br\/portal\/2019\/11\/26\/policia-militar-detem-suspeitos-de-roubo-e-trafico-na-zona-sul-de-joao-pessoa\/\"},\"wordCount\":271,\"publisher\":{\"@id\":\"https:\/\/www.pm.pb.gov.br\/portal\/#organization\"},\"articleSection\":[\"A\u00e7\u00f5es Policiais\"],\"inLanguage\":\"pt-BR\"},{\"@type\":\"WebPage\",\"@id\":\"https:\/\/www.pm.pb.gov.br\/portal\/2019\/11\/26\/policia-militar-detem-suspeitos-de-roubo-e-trafico-na-zona-sul-de-joao-pessoa\/\",\"url\":\"https:\/\/www.pm.pb.gov.br\/portal\/2019\/11\/26\/policia-militar-detem-suspeitos-de-roubo-e-trafico-na-zona-sul-de-joao-pessoa\/\",\"name\":\"Pol\u00edcia Militar det\u00e9m suspeitos de roubo e tr\u00e1fico na zona sul de Jo\u00e3o Pessoa - Pol\u00edcia Militar da Para\u00edba\",\"isPartOf\":{\"@id\":\"https:\/\/www.pm.pb.gov.br\/portal\/#website\"},\"datePublished\":\"2019-11-26T18:22:08+00:00\",\"dateModified\":\"2019-11-26T18:22:09+00:00\",\"breadcrumb\":{\"@id\":\"https:\/\/www.pm.pb.gov.br\/portal\/2019\/11\/26\/policia-militar-detem-suspeitos-de-roubo-e-trafico-na-zona-sul-de-joao-pessoa\/#breadcrumb\"},\"inLanguage\":\"pt-BR\",\"potentialAction\":[{\"@type\":\"ReadAction\",\"target\":[\"https:\/\/www.pm.pb.gov.br\/portal\/2019\/11\/26\/policia-militar-detem-suspeitos-de-roubo-e-trafico-na-zona-sul-de-joao-pessoa\/\"]}]},{\"@type\":\"BreadcrumbList\",\"@id\":\"https:\/\/www.pm.pb.gov.br\/portal\/2019\/11\/26\/policia-militar-detem-suspeitos-de-roubo-e-trafico-na-zona-sul-de-joao-pessoa\/#breadcrumb\",\"itemListElement\":[{\"@type\":\"ListItem\",\"position\":1,\"name\":\"In\u00edcio\",\"item\":\"https:\/\/www.pm.pb.gov.br\/portal\/\"},{\"@type\":\"ListItem\",\"position\":2,\"name\":\"Pol\u00edcia Militar det\u00e9m suspeitos de roubo e tr\u00e1fico na zona sul de Jo\u00e3o Pessoa\"}]},{\"@type\":\"WebSite\",\"@id\":\"https:\/\/www.pm.pb.gov.br\/portal\/#website\",\"url\":\"https:\/\/www.pm.pb.gov.br\/portal\/\",\"name\":\"Pol\u00edcia Militar da Para\u00edba\",\"description\":\"\",\"publisher\":{\"@id\":\"https:\/\/www.pm.pb.gov.br\/portal\/#organization\"},\"potentialAction\":[{\"@type\":\"SearchAction\",\"target\":{\"@type\":\"EntryPoint\",\"urlTemplate\":\"https:\/\/www.pm.pb.gov.br\/portal\/?s={search_term_string}\"},\"query-input\":\"required name=search_term_string\"}],\"inLanguage\":\"pt-BR\"},{\"@type\":\"Organization\",\"@id\":\"https:\/\/www.pm.pb.gov.br\/portal\/#organization\",\"name\":\"Pol\u00edcia Militar da Para\u00edba\",\"url\":\"https:\/\/www.pm.pb.gov.br\/portal\/\",\"logo\":{\"@type\":\"ImageObject\",\"inLanguage\":\"pt-BR\",\"@id\":\"https:\/\/www.pm.pb.gov.br\/portal\/#\/schema\/logo\/image\/\",\"url\":\"https:\/\/www.pm.pb.gov.br\/portal\/wp-content\/uploads\/2025\/03\/cropped-logo-site-mag2-1.png\",\"contentUrl\":\"https:\/\/www.pm.pb.gov.br\/portal\/wp-content\/uploads\/2025\/03\/cropped-logo-site-mag2-1.png\",\"width\":320,\"height\":90,\"caption\":\"Pol\u00edcia Militar da Para\u00edba\"},\"image\":{\"@id\":\"https:\/\/www.pm.pb.gov.br\/portal\/#\/schema\/logo\/image\/\"}},{\"@type\":\"Person\",\"@id\":\"https:\/\/www.pm.pb.gov.br\/portal\/#\/schema\/person\/f84f56dcc78ce4357054da888b8247fd\",\"name\":\"Tarcisio Oliveira\",\"image\":{\"@type\":\"ImageObject\",\"inLanguage\":\"pt-BR\",\"@id\":\"https:\/\/www.pm.pb.gov.br\/portal\/#\/schema\/person\/image\/\",\"url\":\"https:\/\/secure.gravatar.com\/avatar\/72917b630b69d31cd0297507f34bac97?s=96&d=mm&r=g\",\"contentUrl\":\"https:\/\/secure.gravatar.com\/avatar\/72917b630b69d31cd0297507f34bac97?s=96&d=mm&r=g\",\"caption\":\"Tarcisio Oliveira\"},\"url\":\"https:\/\/www.pm.pb.gov.br\/portal\/author\/tarcisio\/\"}]}<\/script>\n<!-- \/ Yoast SEO plugin. -->","yoast_head_json":{"title":"Pol\u00edcia Militar det\u00e9m suspeitos de roubo e tr\u00e1fico na zona sul de Jo\u00e3o Pessoa - Pol\u00edcia Militar da Para\u00edba","robots":{"index":"index","follow":"follow","max-snippet":"max-snippet:-1","max-image-preview":"max-image-preview:large","max-video-preview":"max-video-preview:-1"},"canonical":"https:\/\/www.pm.pb.gov.br\/portal\/2019\/11\/26\/policia-militar-detem-suspeitos-de-roubo-e-trafico-na-zona-sul-de-joao-pessoa\/","og_locale":"pt_BR","og_type":"article","og_title":"Pol\u00edcia Militar det\u00e9m suspeitos de roubo e tr\u00e1fico na zona sul de Jo\u00e3o Pessoa - Pol\u00edcia Militar da Para\u00edba","og_description":"A Pol\u00edcia Militar deteve tr\u00eas suspeitos de crimes patrimoniais e tr\u00e1fico de drogas, que estavam agindo na zona sul de","og_url":"https:\/\/www.pm.pb.gov.br\/portal\/2019\/11\/26\/policia-militar-detem-suspeitos-de-roubo-e-trafico-na-zona-sul-de-joao-pessoa\/","og_site_name":"Pol\u00edcia Militar da Para\u00edba","article_published_time":"2019-11-26T18:22:08+00:00","article_modified_time":"2019-11-26T18:22:09+00:00","og_image":[{"width":800,"height":445,"url":"https:\/\/www.pm.pb.gov.br\/portal\/wp-content\/uploads\/2019\/11\/rpmont.jpg","type":"image\/jpeg"}],"author":"Tarcisio Oliveira","twitter_card":"summary_large_image","twitter_misc":{"Escrito por":"Tarcisio Oliveira","Est. tempo de leitura":"1 minuto"},"schema":{"@context":"https:\/\/schema.org","@graph":[{"@type":"Article","@id":"https:\/\/www.pm.pb.gov.br\/portal\/2019\/11\/26\/policia-militar-detem-suspeitos-de-roubo-e-trafico-na-zona-sul-de-joao-pessoa\/#article","isPartOf":{"@id":"https:\/\/www.pm.pb.gov.br\/portal\/2019\/11\/26\/policia-militar-detem-suspeitos-de-roubo-e-trafico-na-zona-sul-de-joao-pessoa\/"},"author":{"name":"Tarcisio Oliveira","@id":"https:\/\/www.pm.pb.gov.br\/portal\/#\/schema\/person\/f84f56dcc78ce4357054da888b8247fd"},"headline":"Pol\u00edcia Militar det\u00e9m suspeitos de roubo e tr\u00e1fico na zona sul de Jo\u00e3o Pessoa","datePublished":"2019-11-26T18:22:08+00:00","dateModified":"2019-11-26T18:22:09+00:00","mainEntityOfPage":{"@id":"https:\/\/www.pm.pb.gov.br\/portal\/2019\/11\/26\/policia-militar-detem-suspeitos-de-roubo-e-trafico-na-zona-sul-de-joao-pessoa\/"},"wordCount":271,"publisher":{"@id":"https:\/\/www.pm.pb.gov.br\/portal\/#organization"},"articleSection":["A\u00e7\u00f5es Policiais"],"inLanguage":"pt-BR"},{"@type":"WebPage","@id":"https:\/\/www.pm.pb.gov.br\/portal\/2019\/11\/26\/policia-militar-detem-suspeitos-de-roubo-e-trafico-na-zona-sul-de-joao-pessoa\/","url":"https:\/\/www.pm.pb.gov.br\/portal\/2019\/11\/26\/policia-militar-detem-suspeitos-de-roubo-e-trafico-na-zona-sul-de-joao-pessoa\/","name":"Pol\u00edcia Militar det\u00e9m suspeitos de roubo e tr\u00e1fico na zona sul de Jo\u00e3o Pessoa - Pol\u00edcia Militar da Para\u00edba","isPartOf":{"@id":"https:\/\/www.pm.pb.gov.br\/portal\/#website"},"datePublished":"2019-11-26T18:22:08+00:00","dateModified":"2019-11-26T18:22:09+00:00","breadcrumb":{"@id":"https:\/\/www.pm.pb.gov.br\/portal\/2019\/11\/26\/policia-militar-detem-suspeitos-de-roubo-e-trafico-na-zona-sul-de-joao-pessoa\/#breadcrumb"},"inLanguage":"pt-BR","potentialAction":[{"@type":"ReadAction","target":["https:\/\/www.pm.pb.gov.br\/portal\/2019\/11\/26\/policia-militar-detem-suspeitos-de-roubo-e-trafico-na-zona-sul-de-joao-pessoa\/"]}]},{"@type":"BreadcrumbList","@id":"https:\/\/www.pm.pb.gov.br\/portal\/2019\/11\/26\/policia-militar-detem-suspeitos-de-roubo-e-trafico-na-zona-sul-de-joao-pessoa\/#breadcrumb","itemListElement":[{"@type":"ListItem","position":1,"name":"In\u00edcio","item":"https:\/\/www.pm.pb.gov.br\/portal\/"},{"@type":"ListItem","position":2,"name":"Pol\u00edcia Militar det\u00e9m suspeitos de roubo e tr\u00e1fico na zona sul de Jo\u00e3o Pessoa"}]},{"@type":"WebSite","@id":"https:\/\/www.pm.pb.gov.br\/portal\/#website","url":"https:\/\/www.pm.pb.gov.br\/portal\/","name":"Pol\u00edcia Militar da Para\u00edba","description":"","publisher":{"@id":"https:\/\/www.pm.pb.gov.br\/portal\/#organization"},"potentialAction":[{"@type":"SearchAction","target":{"@type":"EntryPoint","urlTemplate":"https:\/\/www.pm.pb.gov.br\/portal\/?s={search_term_string}"},"query-input":"required name=search_term_string"}],"inLanguage":"pt-BR"},{"@type":"Organization","@id":"https:\/\/www.pm.pb.gov.br\/portal\/#organization","name":"Pol\u00edcia Militar da Para\u00edba","url":"https:\/\/www.pm.pb.gov.br\/portal\/","logo":{"@type":"ImageObject","inLanguage":"pt-BR","@id":"https:\/\/www.pm.pb.gov.br\/portal\/#\/schema\/logo\/image\/","url":"https:\/\/www.pm.pb.gov.br\/portal\/wp-content\/uploads\/2025\/03\/cropped-logo-site-mag2-1.png","contentUrl":"https:\/\/www.pm.pb.gov.br\/portal\/wp-content\/uploads\/2025\/03\/cropped-logo-site-mag2-1.png","width":320,"height":90,"caption":"Pol\u00edcia Militar da Para\u00edba"},"image":{"@id":"https:\/\/www.pm.pb.gov.br\/portal\/#\/schema\/logo\/image\/"}},{"@type":"Person","@id":"https:\/\/www.pm.pb.gov.br\/portal\/#\/schema\/person\/f84f56dcc78ce4357054da888b8247fd","name":"Tarcisio Oliveira","image":{"@type":"ImageObject","inLanguage":"pt-BR","@id":"https:\/\/www.pm.pb.gov.br\/portal\/#\/schema\/person\/image\/","url":"https:\/\/secure.gravatar.com\/avatar\/72917b630b69d31cd0297507f34bac97?s=96&d=mm&r=g","contentUrl":"https:\/\/secure.gravatar.com\/avatar\/72917b630b69d31cd0297507f34bac97?s=96&d=mm&r=g","caption":"Tarcisio Oliveira"},"url":"https:\/\/www.pm.pb.gov.br\/portal\/author\/tarcisio\/"}]}},"_links":{"self":[{"href":"https:\/\/www.pm.pb.gov.br\/portal\/wp-json\/wp\/v2\/posts\/903168"}],"collection":[{"href":"https:\/\/www.pm.pb.gov.br\/portal\/wp-json\/wp\/v2\/posts"}],"about":[{"href":"https:\/\/www.pm.pb.gov.br\/portal\/wp-json\/wp\/v2\/types\/post"}],"author":[{"embeddable":true,"href":"https:\/\/www.pm.pb.gov.br\/portal\/wp-json\/wp\/v2\/users\/12"}],"replies":[{"embeddable":true,"href":"https:\/\/www.pm.pb.gov.br\/portal\/wp-json\/wp\/v2\/comments?post=903168"}],"version-history":[{"count":1,"href":"https:\/\/www.pm.pb.gov.br\/portal\/wp-json\/wp\/v2\/posts\/903168\/revisions"}],"predecessor-version":[{"id":903170,"href":"https:\/\/www.pm.pb.gov.br\/portal\/wp-json\/wp\/v2\/posts\/903168\/revisions\/903170"}],"wp:featuredmedia":[{"embeddable":true,"href":"https:\/\/www.pm.pb.gov.br\/portal\/wp-json\/wp\/v2\/media\/903167"}],"wp:attachment":[{"href":"https:\/\/www.pm.pb.gov.br\/portal\/wp-json\/wp\/v2\/media?parent=903168"}],"wp:term":[{"taxonomy":"category","embeddable":true,"href":"https:\/\/www.pm.pb.gov.br\/portal\/wp-json\/wp\/v2\/categories?post=903168"},{"taxonomy":"post_tag","embeddable":true,"href":"https:\/\/www.pm.pb.gov.br\/portal\/wp-json\/wp\/v2\/tags?post=903168"}],"curies":[{"name":"wp","href":"https:\/\/api.w.org\/{rel}","templated":true}]}}