{"id":903122,"date":"2019-11-22T12:17:10","date_gmt":"2019-11-22T15:17:10","guid":{"rendered":"http:\/\/www.pm.pb.gov.br\/portal\/?p=903122"},"modified":"2019-11-22T12:17:11","modified_gmt":"2019-11-22T15:17:11","slug":"resultados-dos-100-primeiros-dias-da-patrulha-maria-da-penha-na-paraiba-e-apresentado-em-seminario","status":"publish","type":"post","link":"https:\/\/www.pm.pb.gov.br\/portal\/2019\/11\/22\/resultados-dos-100-primeiros-dias-da-patrulha-maria-da-penha-na-paraiba-e-apresentado-em-seminario\/","title":{"rendered":"Resultados dos 100 primeiros dias da Patrulha Maria da Penha na Para\u00edba \u00e9 apresentado em semin\u00e1rio"},"content":{"rendered":"\n<p>Os resultados dos 100 dias de atua\u00e7\u00e3o da Patrulha Maria da Penha na Para\u00edba (PMP-PB) foram apresentados na manh\u00e3 desta sexta-feira (22), no audit\u00f3rio do F\u00f3rum C\u00edvel de Jo\u00e3o Pessoa, que contou com as presen\u00e7as do governador em exerc\u00edcio, desembargador M\u00e1rcio Murilo da Cunha Ramos, do comandante-geral da Pol\u00edcia Militar, coronel Euller Chaves, e de v\u00e1rias outras autoridades.<\/p>\n<p>Em pouco mais de tr\u00eas meses de funcionamento, foram realizados 1.040 atendimentos e atualmente s\u00e3o 94 mulheres acompanhadas com prote\u00e7\u00e3o integral. Sete agressores j\u00e1 foram presos. J\u00e1 foram feitas tamb\u00e9m 391 triagens e 1.610 rotas indicadas pelas mulheres como \u00e1reas de risco s\u00e3o monitoradas sistematicamente.<\/p>\n<p><img loading=\"lazy\" decoding=\"async\" class=\"alignnone size-full wp-image-903124\" src=\"http:\/\/www.pm.pb.gov.br\/portal\/wp-content\/uploads\/2019\/11\/WhatsApp-Image-2019-11-22-at-11.32.25.jpeg\" alt=\"\" width=\"800\" height=\"445\" srcset=\"https:\/\/www.pm.pb.gov.br\/portal\/wp-content\/uploads\/2019\/11\/WhatsApp-Image-2019-11-22-at-11.32.25.jpeg 800w, https:\/\/www.pm.pb.gov.br\/portal\/wp-content\/uploads\/2019\/11\/WhatsApp-Image-2019-11-22-at-11.32.25-245x136.jpeg 245w, https:\/\/www.pm.pb.gov.br\/portal\/wp-content\/uploads\/2019\/11\/WhatsApp-Image-2019-11-22-at-11.32.25-768x427.jpeg 768w\" sizes=\"(max-width: 800px) 100vw, 800px\" \/><\/p>\n<p><strong>SOBRE A PATRULHA MARIA DA PENHA<\/strong><\/p>\n<p>A PMP-PB conta com 17 policiais militares e \u00e9 mais um mecanismo contra as v\u00e1rias formas de viol\u00eancia contra as mulheres. Foi institu\u00eddo no dia 7 de agosto e conta com tr\u00eas viaturas e um \u00f4nibus atendendo 26 cidades: Jo\u00e3o Pessoa, Cabedelo, Bayeux, Santa Rita, Mamanguape, Cruz do Esp\u00edrito Santo, Lucena, Mari, Riach\u00e3o do Po\u00e7o, Sap\u00e9, Sobrado, Alhandra, Pedras de Fogo, Caapor\u00e3, Pitimbu, Conde, Itapororoca, Mataraca, Jacara\u00fa, Lagoa de Dentro, Pedro R\u00e9gis, Curral de Cima, Capim, Cuit\u00e9 de Mamanguape, Rio Tinto e Ba\u00eda da Trai\u00e7\u00e3o.<\/p>\n<p>\u00a0<\/p>\n","protected":false},"excerpt":{"rendered":"<p>Os resultados dos 100 dias de atua\u00e7\u00e3o da Patrulha Maria da Penha na Para\u00edba (PMP-PB) foram apresentados na manh\u00e3 desta<\/p>\n","protected":false},"author":12,"featured_media":903123,"comment_status":"closed","ping_status":"closed","sticky":false,"template":"","format":"standard","meta":{"_exactmetrics_skip_tracking":false,"_exactmetrics_sitenote_active":false,"_exactmetrics_sitenote_note":"","_exactmetrics_sitenote_category":0,"footnotes":""},"categories":[4,9],"tags":[],"yoast_head":"<!-- This site is optimized with the Yoast SEO plugin v22.0 - https:\/\/yoast.com\/wordpress\/plugins\/seo\/ -->\n<title>Resultados dos 100 primeiros dias da Patrulha Maria da Penha na Para\u00edba \u00e9 apresentado em semin\u00e1rio - Pol\u00edcia Militar da Para\u00edba<\/title>\n<meta name=\"robots\" content=\"index, follow, max-snippet:-1, max-image-preview:large, max-video-preview:-1\" \/>\n<link rel=\"canonical\" href=\"https:\/\/www.pm.pb.gov.br\/portal\/2019\/11\/22\/resultados-dos-100-primeiros-dias-da-patrulha-maria-da-penha-na-paraiba-e-apresentado-em-seminario\/\" \/>\n<meta property=\"og:locale\" content=\"pt_BR\" \/>\n<meta property=\"og:type\" content=\"article\" \/>\n<meta property=\"og:title\" content=\"Resultados dos 100 primeiros dias da Patrulha Maria da Penha na Para\u00edba \u00e9 apresentado em semin\u00e1rio - Pol\u00edcia Militar da Para\u00edba\" \/>\n<meta property=\"og:description\" content=\"Os resultados dos 100 dias de atua\u00e7\u00e3o da Patrulha Maria da Penha na Para\u00edba (PMP-PB) foram apresentados na manh\u00e3 desta\" \/>\n<meta property=\"og:url\" content=\"https:\/\/www.pm.pb.gov.br\/portal\/2019\/11\/22\/resultados-dos-100-primeiros-dias-da-patrulha-maria-da-penha-na-paraiba-e-apresentado-em-seminario\/\" \/>\n<meta property=\"og:site_name\" content=\"Pol\u00edcia Militar da Para\u00edba\" \/>\n<meta property=\"article:published_time\" content=\"2019-11-22T15:17:10+00:00\" \/>\n<meta property=\"article:modified_time\" content=\"2019-11-22T15:17:11+00:00\" \/>\n<meta property=\"og:image\" content=\"https:\/\/www.pm.pb.gov.br\/portal\/wp-content\/uploads\/2019\/11\/WhatsApp-Image-2019-11-22-at-11.33.55.jpeg\" \/>\n\t<meta property=\"og:image:width\" content=\"800\" \/>\n\t<meta property=\"og:image:height\" content=\"445\" \/>\n\t<meta property=\"og:image:type\" content=\"image\/jpeg\" \/>\n<meta name=\"author\" content=\"Tarcisio Oliveira\" \/>\n<meta name=\"twitter:card\" content=\"summary_large_image\" \/>\n<meta name=\"twitter:label1\" content=\"Escrito por\" \/>\n\t<meta name=\"twitter:data1\" content=\"Tarcisio Oliveira\" \/>\n\t<meta name=\"twitter:label2\" content=\"Est. tempo de leitura\" \/>\n\t<meta name=\"twitter:data2\" content=\"1 minuto\" \/>\n<script type=\"application\/ld+json\" class=\"yoast-schema-graph\">{\"@context\":\"https:\/\/schema.org\",\"@graph\":[{\"@type\":\"Article\",\"@id\":\"https:\/\/www.pm.pb.gov.br\/portal\/2019\/11\/22\/resultados-dos-100-primeiros-dias-da-patrulha-maria-da-penha-na-paraiba-e-apresentado-em-seminario\/#article\",\"isPartOf\":{\"@id\":\"https:\/\/www.pm.pb.gov.br\/portal\/2019\/11\/22\/resultados-dos-100-primeiros-dias-da-patrulha-maria-da-penha-na-paraiba-e-apresentado-em-seminario\/\"},\"author\":{\"name\":\"Tarcisio Oliveira\",\"@id\":\"https:\/\/www.pm.pb.gov.br\/portal\/#\/schema\/person\/f84f56dcc78ce4357054da888b8247fd\"},\"headline\":\"Resultados dos 100 primeiros dias da Patrulha Maria da Penha na Para\u00edba \u00e9 apresentado em semin\u00e1rio\",\"datePublished\":\"2019-11-22T15:17:10+00:00\",\"dateModified\":\"2019-11-22T15:17:11+00:00\",\"mainEntityOfPage\":{\"@id\":\"https:\/\/www.pm.pb.gov.br\/portal\/2019\/11\/22\/resultados-dos-100-primeiros-dias-da-patrulha-maria-da-penha-na-paraiba-e-apresentado-em-seminario\/\"},\"wordCount\":227,\"publisher\":{\"@id\":\"https:\/\/www.pm.pb.gov.br\/portal\/#organization\"},\"articleSection\":[\"A\u00e7\u00f5es Policiais\",\"Eventos\"],\"inLanguage\":\"pt-BR\"},{\"@type\":\"WebPage\",\"@id\":\"https:\/\/www.pm.pb.gov.br\/portal\/2019\/11\/22\/resultados-dos-100-primeiros-dias-da-patrulha-maria-da-penha-na-paraiba-e-apresentado-em-seminario\/\",\"url\":\"https:\/\/www.pm.pb.gov.br\/portal\/2019\/11\/22\/resultados-dos-100-primeiros-dias-da-patrulha-maria-da-penha-na-paraiba-e-apresentado-em-seminario\/\",\"name\":\"Resultados dos 100 primeiros dias da Patrulha Maria da Penha na Para\u00edba \u00e9 apresentado em semin\u00e1rio - Pol\u00edcia Militar da Para\u00edba\",\"isPartOf\":{\"@id\":\"https:\/\/www.pm.pb.gov.br\/portal\/#website\"},\"datePublished\":\"2019-11-22T15:17:10+00:00\",\"dateModified\":\"2019-11-22T15:17:11+00:00\",\"breadcrumb\":{\"@id\":\"https:\/\/www.pm.pb.gov.br\/portal\/2019\/11\/22\/resultados-dos-100-primeiros-dias-da-patrulha-maria-da-penha-na-paraiba-e-apresentado-em-seminario\/#breadcrumb\"},\"inLanguage\":\"pt-BR\",\"potentialAction\":[{\"@type\":\"ReadAction\",\"target\":[\"https:\/\/www.pm.pb.gov.br\/portal\/2019\/11\/22\/resultados-dos-100-primeiros-dias-da-patrulha-maria-da-penha-na-paraiba-e-apresentado-em-seminario\/\"]}]},{\"@type\":\"BreadcrumbList\",\"@id\":\"https:\/\/www.pm.pb.gov.br\/portal\/2019\/11\/22\/resultados-dos-100-primeiros-dias-da-patrulha-maria-da-penha-na-paraiba-e-apresentado-em-seminario\/#breadcrumb\",\"itemListElement\":[{\"@type\":\"ListItem\",\"position\":1,\"name\":\"In\u00edcio\",\"item\":\"https:\/\/www.pm.pb.gov.br\/portal\/\"},{\"@type\":\"ListItem\",\"position\":2,\"name\":\"Resultados dos 100 primeiros dias da Patrulha Maria da Penha na Para\u00edba \u00e9 apresentado em semin\u00e1rio\"}]},{\"@type\":\"WebSite\",\"@id\":\"https:\/\/www.pm.pb.gov.br\/portal\/#website\",\"url\":\"https:\/\/www.pm.pb.gov.br\/portal\/\",\"name\":\"Pol\u00edcia Militar da Para\u00edba\",\"description\":\"\",\"publisher\":{\"@id\":\"https:\/\/www.pm.pb.gov.br\/portal\/#organization\"},\"potentialAction\":[{\"@type\":\"SearchAction\",\"target\":{\"@type\":\"EntryPoint\",\"urlTemplate\":\"https:\/\/www.pm.pb.gov.br\/portal\/?s={search_term_string}\"},\"query-input\":\"required name=search_term_string\"}],\"inLanguage\":\"pt-BR\"},{\"@type\":\"Organization\",\"@id\":\"https:\/\/www.pm.pb.gov.br\/portal\/#organization\",\"name\":\"Pol\u00edcia Militar da Para\u00edba\",\"url\":\"https:\/\/www.pm.pb.gov.br\/portal\/\",\"logo\":{\"@type\":\"ImageObject\",\"inLanguage\":\"pt-BR\",\"@id\":\"https:\/\/www.pm.pb.gov.br\/portal\/#\/schema\/logo\/image\/\",\"url\":\"https:\/\/www.pm.pb.gov.br\/portal\/wp-content\/uploads\/2025\/03\/cropped-logo-site-mag2-1.png\",\"contentUrl\":\"https:\/\/www.pm.pb.gov.br\/portal\/wp-content\/uploads\/2025\/03\/cropped-logo-site-mag2-1.png\",\"width\":320,\"height\":90,\"caption\":\"Pol\u00edcia Militar da Para\u00edba\"},\"image\":{\"@id\":\"https:\/\/www.pm.pb.gov.br\/portal\/#\/schema\/logo\/image\/\"}},{\"@type\":\"Person\",\"@id\":\"https:\/\/www.pm.pb.gov.br\/portal\/#\/schema\/person\/f84f56dcc78ce4357054da888b8247fd\",\"name\":\"Tarcisio Oliveira\",\"image\":{\"@type\":\"ImageObject\",\"inLanguage\":\"pt-BR\",\"@id\":\"https:\/\/www.pm.pb.gov.br\/portal\/#\/schema\/person\/image\/\",\"url\":\"https:\/\/secure.gravatar.com\/avatar\/72917b630b69d31cd0297507f34bac97?s=96&d=mm&r=g\",\"contentUrl\":\"https:\/\/secure.gravatar.com\/avatar\/72917b630b69d31cd0297507f34bac97?s=96&d=mm&r=g\",\"caption\":\"Tarcisio Oliveira\"},\"url\":\"https:\/\/www.pm.pb.gov.br\/portal\/author\/tarcisio\/\"}]}<\/script>\n<!-- \/ Yoast SEO plugin. -->","yoast_head_json":{"title":"Resultados dos 100 primeiros dias da Patrulha Maria da Penha na Para\u00edba \u00e9 apresentado em semin\u00e1rio - Pol\u00edcia Militar da Para\u00edba","robots":{"index":"index","follow":"follow","max-snippet":"max-snippet:-1","max-image-preview":"max-image-preview:large","max-video-preview":"max-video-preview:-1"},"canonical":"https:\/\/www.pm.pb.gov.br\/portal\/2019\/11\/22\/resultados-dos-100-primeiros-dias-da-patrulha-maria-da-penha-na-paraiba-e-apresentado-em-seminario\/","og_locale":"pt_BR","og_type":"article","og_title":"Resultados dos 100 primeiros dias da Patrulha Maria da Penha na Para\u00edba \u00e9 apresentado em semin\u00e1rio - Pol\u00edcia Militar da Para\u00edba","og_description":"Os resultados dos 100 dias de atua\u00e7\u00e3o da Patrulha Maria da Penha na Para\u00edba (PMP-PB) foram apresentados na manh\u00e3 desta","og_url":"https:\/\/www.pm.pb.gov.br\/portal\/2019\/11\/22\/resultados-dos-100-primeiros-dias-da-patrulha-maria-da-penha-na-paraiba-e-apresentado-em-seminario\/","og_site_name":"Pol\u00edcia Militar da Para\u00edba","article_published_time":"2019-11-22T15:17:10+00:00","article_modified_time":"2019-11-22T15:17:11+00:00","og_image":[{"width":800,"height":445,"url":"https:\/\/www.pm.pb.gov.br\/portal\/wp-content\/uploads\/2019\/11\/WhatsApp-Image-2019-11-22-at-11.33.55.jpeg","type":"image\/jpeg"}],"author":"Tarcisio Oliveira","twitter_card":"summary_large_image","twitter_misc":{"Escrito por":"Tarcisio Oliveira","Est. tempo de leitura":"1 minuto"},"schema":{"@context":"https:\/\/schema.org","@graph":[{"@type":"Article","@id":"https:\/\/www.pm.pb.gov.br\/portal\/2019\/11\/22\/resultados-dos-100-primeiros-dias-da-patrulha-maria-da-penha-na-paraiba-e-apresentado-em-seminario\/#article","isPartOf":{"@id":"https:\/\/www.pm.pb.gov.br\/portal\/2019\/11\/22\/resultados-dos-100-primeiros-dias-da-patrulha-maria-da-penha-na-paraiba-e-apresentado-em-seminario\/"},"author":{"name":"Tarcisio Oliveira","@id":"https:\/\/www.pm.pb.gov.br\/portal\/#\/schema\/person\/f84f56dcc78ce4357054da888b8247fd"},"headline":"Resultados dos 100 primeiros dias da Patrulha Maria da Penha na Para\u00edba \u00e9 apresentado em semin\u00e1rio","datePublished":"2019-11-22T15:17:10+00:00","dateModified":"2019-11-22T15:17:11+00:00","mainEntityOfPage":{"@id":"https:\/\/www.pm.pb.gov.br\/portal\/2019\/11\/22\/resultados-dos-100-primeiros-dias-da-patrulha-maria-da-penha-na-paraiba-e-apresentado-em-seminario\/"},"wordCount":227,"publisher":{"@id":"https:\/\/www.pm.pb.gov.br\/portal\/#organization"},"articleSection":["A\u00e7\u00f5es Policiais","Eventos"],"inLanguage":"pt-BR"},{"@type":"WebPage","@id":"https:\/\/www.pm.pb.gov.br\/portal\/2019\/11\/22\/resultados-dos-100-primeiros-dias-da-patrulha-maria-da-penha-na-paraiba-e-apresentado-em-seminario\/","url":"https:\/\/www.pm.pb.gov.br\/portal\/2019\/11\/22\/resultados-dos-100-primeiros-dias-da-patrulha-maria-da-penha-na-paraiba-e-apresentado-em-seminario\/","name":"Resultados dos 100 primeiros dias da Patrulha Maria da Penha na Para\u00edba \u00e9 apresentado em semin\u00e1rio - Pol\u00edcia Militar da Para\u00edba","isPartOf":{"@id":"https:\/\/www.pm.pb.gov.br\/portal\/#website"},"datePublished":"2019-11-22T15:17:10+00:00","dateModified":"2019-11-22T15:17:11+00:00","breadcrumb":{"@id":"https:\/\/www.pm.pb.gov.br\/portal\/2019\/11\/22\/resultados-dos-100-primeiros-dias-da-patrulha-maria-da-penha-na-paraiba-e-apresentado-em-seminario\/#breadcrumb"},"inLanguage":"pt-BR","potentialAction":[{"@type":"ReadAction","target":["https:\/\/www.pm.pb.gov.br\/portal\/2019\/11\/22\/resultados-dos-100-primeiros-dias-da-patrulha-maria-da-penha-na-paraiba-e-apresentado-em-seminario\/"]}]},{"@type":"BreadcrumbList","@id":"https:\/\/www.pm.pb.gov.br\/portal\/2019\/11\/22\/resultados-dos-100-primeiros-dias-da-patrulha-maria-da-penha-na-paraiba-e-apresentado-em-seminario\/#breadcrumb","itemListElement":[{"@type":"ListItem","position":1,"name":"In\u00edcio","item":"https:\/\/www.pm.pb.gov.br\/portal\/"},{"@type":"ListItem","position":2,"name":"Resultados dos 100 primeiros dias da Patrulha Maria da Penha na Para\u00edba \u00e9 apresentado em semin\u00e1rio"}]},{"@type":"WebSite","@id":"https:\/\/www.pm.pb.gov.br\/portal\/#website","url":"https:\/\/www.pm.pb.gov.br\/portal\/","name":"Pol\u00edcia Militar da Para\u00edba","description":"","publisher":{"@id":"https:\/\/www.pm.pb.gov.br\/portal\/#organization"},"potentialAction":[{"@type":"SearchAction","target":{"@type":"EntryPoint","urlTemplate":"https:\/\/www.pm.pb.gov.br\/portal\/?s={search_term_string}"},"query-input":"required name=search_term_string"}],"inLanguage":"pt-BR"},{"@type":"Organization","@id":"https:\/\/www.pm.pb.gov.br\/portal\/#organization","name":"Pol\u00edcia Militar da Para\u00edba","url":"https:\/\/www.pm.pb.gov.br\/portal\/","logo":{"@type":"ImageObject","inLanguage":"pt-BR","@id":"https:\/\/www.pm.pb.gov.br\/portal\/#\/schema\/logo\/image\/","url":"https:\/\/www.pm.pb.gov.br\/portal\/wp-content\/uploads\/2025\/03\/cropped-logo-site-mag2-1.png","contentUrl":"https:\/\/www.pm.pb.gov.br\/portal\/wp-content\/uploads\/2025\/03\/cropped-logo-site-mag2-1.png","width":320,"height":90,"caption":"Pol\u00edcia Militar da Para\u00edba"},"image":{"@id":"https:\/\/www.pm.pb.gov.br\/portal\/#\/schema\/logo\/image\/"}},{"@type":"Person","@id":"https:\/\/www.pm.pb.gov.br\/portal\/#\/schema\/person\/f84f56dcc78ce4357054da888b8247fd","name":"Tarcisio Oliveira","image":{"@type":"ImageObject","inLanguage":"pt-BR","@id":"https:\/\/www.pm.pb.gov.br\/portal\/#\/schema\/person\/image\/","url":"https:\/\/secure.gravatar.com\/avatar\/72917b630b69d31cd0297507f34bac97?s=96&d=mm&r=g","contentUrl":"https:\/\/secure.gravatar.com\/avatar\/72917b630b69d31cd0297507f34bac97?s=96&d=mm&r=g","caption":"Tarcisio Oliveira"},"url":"https:\/\/www.pm.pb.gov.br\/portal\/author\/tarcisio\/"}]}},"_links":{"self":[{"href":"https:\/\/www.pm.pb.gov.br\/portal\/wp-json\/wp\/v2\/posts\/903122"}],"collection":[{"href":"https:\/\/www.pm.pb.gov.br\/portal\/wp-json\/wp\/v2\/posts"}],"about":[{"href":"https:\/\/www.pm.pb.gov.br\/portal\/wp-json\/wp\/v2\/types\/post"}],"author":[{"embeddable":true,"href":"https:\/\/www.pm.pb.gov.br\/portal\/wp-json\/wp\/v2\/users\/12"}],"replies":[{"embeddable":true,"href":"https:\/\/www.pm.pb.gov.br\/portal\/wp-json\/wp\/v2\/comments?post=903122"}],"version-history":[{"count":1,"href":"https:\/\/www.pm.pb.gov.br\/portal\/wp-json\/wp\/v2\/posts\/903122\/revisions"}],"predecessor-version":[{"id":903125,"href":"https:\/\/www.pm.pb.gov.br\/portal\/wp-json\/wp\/v2\/posts\/903122\/revisions\/903125"}],"wp:featuredmedia":[{"embeddable":true,"href":"https:\/\/www.pm.pb.gov.br\/portal\/wp-json\/wp\/v2\/media\/903123"}],"wp:attachment":[{"href":"https:\/\/www.pm.pb.gov.br\/portal\/wp-json\/wp\/v2\/media?parent=903122"}],"wp:term":[{"taxonomy":"category","embeddable":true,"href":"https:\/\/www.pm.pb.gov.br\/portal\/wp-json\/wp\/v2\/categories?post=903122"},{"taxonomy":"post_tag","embeddable":true,"href":"https:\/\/www.pm.pb.gov.br\/portal\/wp-json\/wp\/v2\/tags?post=903122"}],"curies":[{"name":"wp","href":"https:\/\/api.w.org\/{rel}","templated":true}]}}