{"id":903027,"date":"2019-11-18T15:05:36","date_gmt":"2019-11-18T18:05:36","guid":{"rendered":"http:\/\/www.pm.pb.gov.br\/portal\/?p=903027"},"modified":"2019-11-18T15:05:37","modified_gmt":"2019-11-18T18:05:37","slug":"esquema-de-seguranca-para-a-256a-romaria-de-nossa-senhora-da-penha-sera-divulgado-na-proxima-quarta-feira","status":"publish","type":"post","link":"https:\/\/www.pm.pb.gov.br\/portal\/2019\/11\/18\/esquema-de-seguranca-para-a-256a-romaria-de-nossa-senhora-da-penha-sera-divulgado-na-proxima-quarta-feira\/","title":{"rendered":"Esquema de seguran\u00e7a para a 256\u00aa Romaria de Nossa Senhora da Penha ser\u00e1 divulgado na pr\u00f3xima quarta-feira"},"content":{"rendered":"\n<p>O esquema de seguran\u00e7a da 256\u00aa Romaria de Nossa Senhora da Penha ser\u00e1 divulgado na pr\u00f3xima quarta-feira (20), \u00e0s 9h30, no audit\u00f3rio da Empresa Paraibana de Turismo (PBTUR), em Jo\u00e3o Pessoa. A apresenta\u00e7\u00e3o contar\u00e1 com a presen\u00e7a de representantes dos \u00f3rg\u00e3os envolvidos no evento.<\/p>\n<p>Durante as \u00faltimas semanas, foram realizadas v\u00e1rias reuni\u00f5es para discutir o planejamento para a seguran\u00e7a na Romaria, que tem trajeto de quase 14 km e expectativa de reunir quase 500 mil participantes. As novidades para este ano, log\u00edstica que ser\u00e1 usada e orienta\u00e7\u00f5es gerais ao p\u00fablico ser\u00e3o divulgadas na apresenta\u00e7\u00e3o da quarta.<\/p>\n<p>A Romaria ser\u00e1 no pr\u00f3ximo s\u00e1bado (23) e tem in\u00edcio \u00e0s 22h, conforme programa\u00e7\u00e3o divulgada pela Arquidiocese da Para\u00edba. A sa\u00edda \u00e9 da Igreja de Nossa Senhora de Lourdes, no centro, com previs\u00e3o de chegar ao Santu\u00e1rio da Penha \u00e0s 3h30 da madrugada do domingo (24), onde acontecer\u00e1 uma missa campal.<\/p>\n<p>Final da Copa Libertadores da Am\u00e9rica \u2013 A Pol\u00edcia Militar tamb\u00e9m ter\u00e1 um refor\u00e7o do policiamento no pr\u00f3ximo s\u00e1bado (23), quando acontece a final da Copa Libertadores da Am\u00e9rica, entre as equipes do Flamengo e River Plate. A partida deve aumentar a movimenta\u00e7\u00e3o de pessoas na orla e em outros locais, por isso haver\u00e1 um esquema de seguran\u00e7a para o hor\u00e1rio do jogo e tamb\u00e9m do p\u00f3s-jogo. Os detalhes tamb\u00e9m ser\u00e3o divulgados na quarta-feira (20).<\/p>\n","protected":false},"excerpt":{"rendered":"<p>O esquema de seguran\u00e7a da 256\u00aa Romaria de Nossa Senhora da Penha ser\u00e1 divulgado na pr\u00f3xima quarta-feira (20), \u00e0s 9h30,<\/p>\n","protected":false},"author":15,"featured_media":16361,"comment_status":"closed","ping_status":"closed","sticky":false,"template":"","format":"standard","meta":{"_exactmetrics_skip_tracking":false,"_exactmetrics_sitenote_active":false,"_exactmetrics_sitenote_note":"","_exactmetrics_sitenote_category":0,"footnotes":""},"categories":[4],"tags":[],"yoast_head":"<!-- This site is optimized with the Yoast SEO plugin v22.0 - https:\/\/yoast.com\/wordpress\/plugins\/seo\/ -->\n<title>Esquema de seguran\u00e7a para a 256\u00aa Romaria de Nossa Senhora da Penha ser\u00e1 divulgado na pr\u00f3xima quarta-feira - Pol\u00edcia Militar da Para\u00edba<\/title>\n<meta name=\"robots\" content=\"index, follow, max-snippet:-1, max-image-preview:large, max-video-preview:-1\" \/>\n<link rel=\"canonical\" href=\"https:\/\/www.pm.pb.gov.br\/portal\/2019\/11\/18\/esquema-de-seguranca-para-a-256a-romaria-de-nossa-senhora-da-penha-sera-divulgado-na-proxima-quarta-feira\/\" \/>\n<meta property=\"og:locale\" content=\"pt_BR\" \/>\n<meta property=\"og:type\" content=\"article\" \/>\n<meta property=\"og:title\" content=\"Esquema de seguran\u00e7a para a 256\u00aa Romaria de Nossa Senhora da Penha ser\u00e1 divulgado na pr\u00f3xima quarta-feira - Pol\u00edcia Militar da Para\u00edba\" \/>\n<meta property=\"og:description\" content=\"O esquema de seguran\u00e7a da 256\u00aa Romaria de Nossa Senhora da Penha ser\u00e1 divulgado na pr\u00f3xima quarta-feira (20), \u00e0s 9h30,\" \/>\n<meta property=\"og:url\" content=\"https:\/\/www.pm.pb.gov.br\/portal\/2019\/11\/18\/esquema-de-seguranca-para-a-256a-romaria-de-nossa-senhora-da-penha-sera-divulgado-na-proxima-quarta-feira\/\" \/>\n<meta property=\"og:site_name\" content=\"Pol\u00edcia Militar da Para\u00edba\" \/>\n<meta property=\"article:published_time\" content=\"2019-11-18T18:05:36+00:00\" \/>\n<meta property=\"article:modified_time\" content=\"2019-11-18T18:05:37+00:00\" \/>\n<meta property=\"og:image\" content=\"https:\/\/www.pm.pb.gov.br\/portal\/wp-content\/uploads\/2016\/11\/11581_16361.jpg\" \/>\n\t<meta property=\"og:image:width\" content=\"620\" \/>\n\t<meta property=\"og:image:height\" content=\"411\" \/>\n\t<meta property=\"og:image:type\" content=\"image\/jpeg\" \/>\n<meta name=\"author\" content=\"Marcio Gomes dos Santos\" \/>\n<meta name=\"twitter:card\" content=\"summary_large_image\" \/>\n<meta name=\"twitter:label1\" content=\"Escrito por\" \/>\n\t<meta name=\"twitter:data1\" content=\"Marcio Gomes dos Santos\" \/>\n\t<meta name=\"twitter:label2\" content=\"Est. tempo de leitura\" \/>\n\t<meta name=\"twitter:data2\" content=\"1 minuto\" \/>\n<script type=\"application\/ld+json\" class=\"yoast-schema-graph\">{\"@context\":\"https:\/\/schema.org\",\"@graph\":[{\"@type\":\"Article\",\"@id\":\"https:\/\/www.pm.pb.gov.br\/portal\/2019\/11\/18\/esquema-de-seguranca-para-a-256a-romaria-de-nossa-senhora-da-penha-sera-divulgado-na-proxima-quarta-feira\/#article\",\"isPartOf\":{\"@id\":\"https:\/\/www.pm.pb.gov.br\/portal\/2019\/11\/18\/esquema-de-seguranca-para-a-256a-romaria-de-nossa-senhora-da-penha-sera-divulgado-na-proxima-quarta-feira\/\"},\"author\":{\"name\":\"Marcio Gomes dos Santos\",\"@id\":\"https:\/\/www.pm.pb.gov.br\/portal\/#\/schema\/person\/30d571652b38533c2211e4e89bf5a502\"},\"headline\":\"Esquema de seguran\u00e7a para a 256\u00aa Romaria de Nossa Senhora da Penha ser\u00e1 divulgado na pr\u00f3xima quarta-feira\",\"datePublished\":\"2019-11-18T18:05:36+00:00\",\"dateModified\":\"2019-11-18T18:05:37+00:00\",\"mainEntityOfPage\":{\"@id\":\"https:\/\/www.pm.pb.gov.br\/portal\/2019\/11\/18\/esquema-de-seguranca-para-a-256a-romaria-de-nossa-senhora-da-penha-sera-divulgado-na-proxima-quarta-feira\/\"},\"wordCount\":267,\"publisher\":{\"@id\":\"https:\/\/www.pm.pb.gov.br\/portal\/#organization\"},\"articleSection\":[\"A\u00e7\u00f5es Policiais\"],\"inLanguage\":\"pt-BR\"},{\"@type\":\"WebPage\",\"@id\":\"https:\/\/www.pm.pb.gov.br\/portal\/2019\/11\/18\/esquema-de-seguranca-para-a-256a-romaria-de-nossa-senhora-da-penha-sera-divulgado-na-proxima-quarta-feira\/\",\"url\":\"https:\/\/www.pm.pb.gov.br\/portal\/2019\/11\/18\/esquema-de-seguranca-para-a-256a-romaria-de-nossa-senhora-da-penha-sera-divulgado-na-proxima-quarta-feira\/\",\"name\":\"Esquema de seguran\u00e7a para a 256\u00aa Romaria de Nossa Senhora da Penha ser\u00e1 divulgado na pr\u00f3xima quarta-feira - Pol\u00edcia Militar da Para\u00edba\",\"isPartOf\":{\"@id\":\"https:\/\/www.pm.pb.gov.br\/portal\/#website\"},\"datePublished\":\"2019-11-18T18:05:36+00:00\",\"dateModified\":\"2019-11-18T18:05:37+00:00\",\"breadcrumb\":{\"@id\":\"https:\/\/www.pm.pb.gov.br\/portal\/2019\/11\/18\/esquema-de-seguranca-para-a-256a-romaria-de-nossa-senhora-da-penha-sera-divulgado-na-proxima-quarta-feira\/#breadcrumb\"},\"inLanguage\":\"pt-BR\",\"potentialAction\":[{\"@type\":\"ReadAction\",\"target\":[\"https:\/\/www.pm.pb.gov.br\/portal\/2019\/11\/18\/esquema-de-seguranca-para-a-256a-romaria-de-nossa-senhora-da-penha-sera-divulgado-na-proxima-quarta-feira\/\"]}]},{\"@type\":\"BreadcrumbList\",\"@id\":\"https:\/\/www.pm.pb.gov.br\/portal\/2019\/11\/18\/esquema-de-seguranca-para-a-256a-romaria-de-nossa-senhora-da-penha-sera-divulgado-na-proxima-quarta-feira\/#breadcrumb\",\"itemListElement\":[{\"@type\":\"ListItem\",\"position\":1,\"name\":\"In\u00edcio\",\"item\":\"https:\/\/www.pm.pb.gov.br\/portal\/\"},{\"@type\":\"ListItem\",\"position\":2,\"name\":\"Esquema de seguran\u00e7a para a 256\u00aa Romaria de Nossa Senhora da Penha ser\u00e1 divulgado na pr\u00f3xima quarta-feira\"}]},{\"@type\":\"WebSite\",\"@id\":\"https:\/\/www.pm.pb.gov.br\/portal\/#website\",\"url\":\"https:\/\/www.pm.pb.gov.br\/portal\/\",\"name\":\"Pol\u00edcia Militar da Para\u00edba\",\"description\":\"\",\"publisher\":{\"@id\":\"https:\/\/www.pm.pb.gov.br\/portal\/#organization\"},\"potentialAction\":[{\"@type\":\"SearchAction\",\"target\":{\"@type\":\"EntryPoint\",\"urlTemplate\":\"https:\/\/www.pm.pb.gov.br\/portal\/?s={search_term_string}\"},\"query-input\":\"required name=search_term_string\"}],\"inLanguage\":\"pt-BR\"},{\"@type\":\"Organization\",\"@id\":\"https:\/\/www.pm.pb.gov.br\/portal\/#organization\",\"name\":\"Pol\u00edcia Militar da Para\u00edba\",\"url\":\"https:\/\/www.pm.pb.gov.br\/portal\/\",\"logo\":{\"@type\":\"ImageObject\",\"inLanguage\":\"pt-BR\",\"@id\":\"https:\/\/www.pm.pb.gov.br\/portal\/#\/schema\/logo\/image\/\",\"url\":\"https:\/\/www.pm.pb.gov.br\/portal\/wp-content\/uploads\/2025\/03\/cropped-logo-site-mag2-1.png\",\"contentUrl\":\"https:\/\/www.pm.pb.gov.br\/portal\/wp-content\/uploads\/2025\/03\/cropped-logo-site-mag2-1.png\",\"width\":320,\"height\":90,\"caption\":\"Pol\u00edcia Militar da Para\u00edba\"},\"image\":{\"@id\":\"https:\/\/www.pm.pb.gov.br\/portal\/#\/schema\/logo\/image\/\"}},{\"@type\":\"Person\",\"@id\":\"https:\/\/www.pm.pb.gov.br\/portal\/#\/schema\/person\/30d571652b38533c2211e4e89bf5a502\",\"name\":\"Marcio Gomes dos Santos\",\"image\":{\"@type\":\"ImageObject\",\"inLanguage\":\"pt-BR\",\"@id\":\"https:\/\/www.pm.pb.gov.br\/portal\/#\/schema\/person\/image\/\",\"url\":\"https:\/\/secure.gravatar.com\/avatar\/cf4ec2cb690101e1581c7773aa350c19?s=96&d=mm&r=g\",\"contentUrl\":\"https:\/\/secure.gravatar.com\/avatar\/cf4ec2cb690101e1581c7773aa350c19?s=96&d=mm&r=g\",\"caption\":\"Marcio Gomes dos Santos\"},\"url\":\"https:\/\/www.pm.pb.gov.br\/portal\/author\/mgomes\/\"}]}<\/script>\n<!-- \/ Yoast SEO plugin. -->","yoast_head_json":{"title":"Esquema de seguran\u00e7a para a 256\u00aa Romaria de Nossa Senhora da Penha ser\u00e1 divulgado na pr\u00f3xima quarta-feira - Pol\u00edcia Militar da Para\u00edba","robots":{"index":"index","follow":"follow","max-snippet":"max-snippet:-1","max-image-preview":"max-image-preview:large","max-video-preview":"max-video-preview:-1"},"canonical":"https:\/\/www.pm.pb.gov.br\/portal\/2019\/11\/18\/esquema-de-seguranca-para-a-256a-romaria-de-nossa-senhora-da-penha-sera-divulgado-na-proxima-quarta-feira\/","og_locale":"pt_BR","og_type":"article","og_title":"Esquema de seguran\u00e7a para a 256\u00aa Romaria de Nossa Senhora da Penha ser\u00e1 divulgado na pr\u00f3xima quarta-feira - Pol\u00edcia Militar da Para\u00edba","og_description":"O esquema de seguran\u00e7a da 256\u00aa Romaria de Nossa Senhora da Penha ser\u00e1 divulgado na pr\u00f3xima quarta-feira (20), \u00e0s 9h30,","og_url":"https:\/\/www.pm.pb.gov.br\/portal\/2019\/11\/18\/esquema-de-seguranca-para-a-256a-romaria-de-nossa-senhora-da-penha-sera-divulgado-na-proxima-quarta-feira\/","og_site_name":"Pol\u00edcia Militar da Para\u00edba","article_published_time":"2019-11-18T18:05:36+00:00","article_modified_time":"2019-11-18T18:05:37+00:00","og_image":[{"width":620,"height":411,"url":"https:\/\/www.pm.pb.gov.br\/portal\/wp-content\/uploads\/2016\/11\/11581_16361.jpg","type":"image\/jpeg"}],"author":"Marcio Gomes dos Santos","twitter_card":"summary_large_image","twitter_misc":{"Escrito por":"Marcio Gomes dos Santos","Est. tempo de leitura":"1 minuto"},"schema":{"@context":"https:\/\/schema.org","@graph":[{"@type":"Article","@id":"https:\/\/www.pm.pb.gov.br\/portal\/2019\/11\/18\/esquema-de-seguranca-para-a-256a-romaria-de-nossa-senhora-da-penha-sera-divulgado-na-proxima-quarta-feira\/#article","isPartOf":{"@id":"https:\/\/www.pm.pb.gov.br\/portal\/2019\/11\/18\/esquema-de-seguranca-para-a-256a-romaria-de-nossa-senhora-da-penha-sera-divulgado-na-proxima-quarta-feira\/"},"author":{"name":"Marcio Gomes dos Santos","@id":"https:\/\/www.pm.pb.gov.br\/portal\/#\/schema\/person\/30d571652b38533c2211e4e89bf5a502"},"headline":"Esquema de seguran\u00e7a para a 256\u00aa Romaria de Nossa Senhora da Penha ser\u00e1 divulgado na pr\u00f3xima quarta-feira","datePublished":"2019-11-18T18:05:36+00:00","dateModified":"2019-11-18T18:05:37+00:00","mainEntityOfPage":{"@id":"https:\/\/www.pm.pb.gov.br\/portal\/2019\/11\/18\/esquema-de-seguranca-para-a-256a-romaria-de-nossa-senhora-da-penha-sera-divulgado-na-proxima-quarta-feira\/"},"wordCount":267,"publisher":{"@id":"https:\/\/www.pm.pb.gov.br\/portal\/#organization"},"articleSection":["A\u00e7\u00f5es Policiais"],"inLanguage":"pt-BR"},{"@type":"WebPage","@id":"https:\/\/www.pm.pb.gov.br\/portal\/2019\/11\/18\/esquema-de-seguranca-para-a-256a-romaria-de-nossa-senhora-da-penha-sera-divulgado-na-proxima-quarta-feira\/","url":"https:\/\/www.pm.pb.gov.br\/portal\/2019\/11\/18\/esquema-de-seguranca-para-a-256a-romaria-de-nossa-senhora-da-penha-sera-divulgado-na-proxima-quarta-feira\/","name":"Esquema de seguran\u00e7a para a 256\u00aa Romaria de Nossa Senhora da Penha ser\u00e1 divulgado na pr\u00f3xima quarta-feira - Pol\u00edcia Militar da Para\u00edba","isPartOf":{"@id":"https:\/\/www.pm.pb.gov.br\/portal\/#website"},"datePublished":"2019-11-18T18:05:36+00:00","dateModified":"2019-11-18T18:05:37+00:00","breadcrumb":{"@id":"https:\/\/www.pm.pb.gov.br\/portal\/2019\/11\/18\/esquema-de-seguranca-para-a-256a-romaria-de-nossa-senhora-da-penha-sera-divulgado-na-proxima-quarta-feira\/#breadcrumb"},"inLanguage":"pt-BR","potentialAction":[{"@type":"ReadAction","target":["https:\/\/www.pm.pb.gov.br\/portal\/2019\/11\/18\/esquema-de-seguranca-para-a-256a-romaria-de-nossa-senhora-da-penha-sera-divulgado-na-proxima-quarta-feira\/"]}]},{"@type":"BreadcrumbList","@id":"https:\/\/www.pm.pb.gov.br\/portal\/2019\/11\/18\/esquema-de-seguranca-para-a-256a-romaria-de-nossa-senhora-da-penha-sera-divulgado-na-proxima-quarta-feira\/#breadcrumb","itemListElement":[{"@type":"ListItem","position":1,"name":"In\u00edcio","item":"https:\/\/www.pm.pb.gov.br\/portal\/"},{"@type":"ListItem","position":2,"name":"Esquema de seguran\u00e7a para a 256\u00aa Romaria de Nossa Senhora da Penha ser\u00e1 divulgado na pr\u00f3xima quarta-feira"}]},{"@type":"WebSite","@id":"https:\/\/www.pm.pb.gov.br\/portal\/#website","url":"https:\/\/www.pm.pb.gov.br\/portal\/","name":"Pol\u00edcia Militar da Para\u00edba","description":"","publisher":{"@id":"https:\/\/www.pm.pb.gov.br\/portal\/#organization"},"potentialAction":[{"@type":"SearchAction","target":{"@type":"EntryPoint","urlTemplate":"https:\/\/www.pm.pb.gov.br\/portal\/?s={search_term_string}"},"query-input":"required name=search_term_string"}],"inLanguage":"pt-BR"},{"@type":"Organization","@id":"https:\/\/www.pm.pb.gov.br\/portal\/#organization","name":"Pol\u00edcia Militar da Para\u00edba","url":"https:\/\/www.pm.pb.gov.br\/portal\/","logo":{"@type":"ImageObject","inLanguage":"pt-BR","@id":"https:\/\/www.pm.pb.gov.br\/portal\/#\/schema\/logo\/image\/","url":"https:\/\/www.pm.pb.gov.br\/portal\/wp-content\/uploads\/2025\/03\/cropped-logo-site-mag2-1.png","contentUrl":"https:\/\/www.pm.pb.gov.br\/portal\/wp-content\/uploads\/2025\/03\/cropped-logo-site-mag2-1.png","width":320,"height":90,"caption":"Pol\u00edcia Militar da Para\u00edba"},"image":{"@id":"https:\/\/www.pm.pb.gov.br\/portal\/#\/schema\/logo\/image\/"}},{"@type":"Person","@id":"https:\/\/www.pm.pb.gov.br\/portal\/#\/schema\/person\/30d571652b38533c2211e4e89bf5a502","name":"Marcio Gomes dos Santos","image":{"@type":"ImageObject","inLanguage":"pt-BR","@id":"https:\/\/www.pm.pb.gov.br\/portal\/#\/schema\/person\/image\/","url":"https:\/\/secure.gravatar.com\/avatar\/cf4ec2cb690101e1581c7773aa350c19?s=96&d=mm&r=g","contentUrl":"https:\/\/secure.gravatar.com\/avatar\/cf4ec2cb690101e1581c7773aa350c19?s=96&d=mm&r=g","caption":"Marcio Gomes dos Santos"},"url":"https:\/\/www.pm.pb.gov.br\/portal\/author\/mgomes\/"}]}},"_links":{"self":[{"href":"https:\/\/www.pm.pb.gov.br\/portal\/wp-json\/wp\/v2\/posts\/903027"}],"collection":[{"href":"https:\/\/www.pm.pb.gov.br\/portal\/wp-json\/wp\/v2\/posts"}],"about":[{"href":"https:\/\/www.pm.pb.gov.br\/portal\/wp-json\/wp\/v2\/types\/post"}],"author":[{"embeddable":true,"href":"https:\/\/www.pm.pb.gov.br\/portal\/wp-json\/wp\/v2\/users\/15"}],"replies":[{"embeddable":true,"href":"https:\/\/www.pm.pb.gov.br\/portal\/wp-json\/wp\/v2\/comments?post=903027"}],"version-history":[{"count":1,"href":"https:\/\/www.pm.pb.gov.br\/portal\/wp-json\/wp\/v2\/posts\/903027\/revisions"}],"predecessor-version":[{"id":903028,"href":"https:\/\/www.pm.pb.gov.br\/portal\/wp-json\/wp\/v2\/posts\/903027\/revisions\/903028"}],"wp:featuredmedia":[{"embeddable":true,"href":"https:\/\/www.pm.pb.gov.br\/portal\/wp-json\/wp\/v2\/media\/16361"}],"wp:attachment":[{"href":"https:\/\/www.pm.pb.gov.br\/portal\/wp-json\/wp\/v2\/media?parent=903027"}],"wp:term":[{"taxonomy":"category","embeddable":true,"href":"https:\/\/www.pm.pb.gov.br\/portal\/wp-json\/wp\/v2\/categories?post=903027"},{"taxonomy":"post_tag","embeddable":true,"href":"https:\/\/www.pm.pb.gov.br\/portal\/wp-json\/wp\/v2\/tags?post=903027"}],"curies":[{"name":"wp","href":"https:\/\/api.w.org\/{rel}","templated":true}]}}