{"id":903001,"date":"2019-11-16T10:48:57","date_gmt":"2019-11-16T13:48:57","guid":{"rendered":"http:\/\/www.pm.pb.gov.br\/portal\/?p=903001"},"modified":"2019-11-16T10:48:58","modified_gmt":"2019-11-16T13:48:58","slug":"operacao-republica-detem-oito-suspeitos-de-trafico-de-drogas-em-tres-cidades-paraibanas-durante-o-feriado","status":"publish","type":"post","link":"https:\/\/www.pm.pb.gov.br\/portal\/2019\/11\/16\/operacao-republica-detem-oito-suspeitos-de-trafico-de-drogas-em-tres-cidades-paraibanas-durante-o-feriado\/","title":{"rendered":"Opera\u00e7\u00e3o Rep\u00fablica det\u00e9m oito suspeitos de tr\u00e1fico de drogas em tr\u00eas cidades paraibanas durante o feriado"},"content":{"rendered":"<p>A Opera\u00e7\u00e3o Rep\u00fablica, deflagrada pela Pol\u00edcia Militar para refor\u00e7ar a seguran\u00e7a no feriad\u00e3o, deteve oito suspeitos de tr\u00e1fico de drogas, nessa sexta-feira (15), em a\u00e7\u00f5es realizadas em tr\u00eas cidades paraibanas. Foram retiradas de circula\u00e7\u00e3o, drogas do tipo coca\u00edna, maconha, crack e tamb\u00e9m comprimidos psicotr\u00f3picos.<\/p>\n<p>Em Jo\u00e3o Pessoa, a PM prendeu um casal com 82 por\u00e7\u00f5es de coca\u00edna, 38 trouxas e meio tablete de maconha, dinheiro e v\u00e1rias embalagens para armazenar drogas para a venda, em uma a\u00e7\u00e3o realizada ao lado do campo dos Palmares, durante a noite, no bairro dos Funcion\u00e1rios II. O homem, de 40 anos, e a mulher, de 31, foram apresentados pelos policiais da 5\u00aa Companhia do 5\u00ba Batalh\u00e3o na Central de Flagrantes, no Geisel.<\/p>\n<p>Ainda na capital, os policiais do 5\u00ba Batalh\u00e3o apreenderam 41 embalagens com coca\u00edna, 177 comprimidos psicotr\u00f3picos, dinheiro e um rev\u00f3lver, durante incurs\u00e3o policial realizada na localidade conhecida como \u201cinvas\u00e3o S\u00e3o Rafael\u201d. Dois suspeitos, de 47 e 31 anos, foram presos em flagrante. No bairro do Cristo Redentor, um adolescente de 17 anos foi apreendido pelos policiais do Regimento de Pol\u00edcia Montada (RPMont) com quase meio quilo, 135 pedras de crack, uma balan\u00e7a de precis\u00e3o, 30 comprimidos de artane e muni\u00e7\u00f5es de rev\u00f3lver.<\/p>\n<p>As outras apreens\u00f5es dessa sexta-feira foram registradas no Sert\u00e3o do Estado. Em Patos, dois suspeitos, de 32 e 20 anos, foram flagrados com 32 papelotes de coca\u00edna prontos para a venda, ap\u00f3s abordagem realizada pelos policiais da Rotam (Ronda Ostensiva T\u00e1tica com Apoio de Motocicletas), nos becos da localidade conhecida como Rua do Meio. No munic\u00edpio de Coremas, um jovem de 19 anos foi preso com pedras de crack e trouxas de maconha, em um beco, onde ele estaria comercializando os entorpecentes.<\/p>\n<p>As a\u00e7\u00f5es contra o tr\u00e1fico de drogas devem continuar neste s\u00e1bado e tamb\u00e9m no domingo, dentro do plano da Opera\u00e7\u00e3o Rep\u00fablica.<\/p>\n","protected":false},"excerpt":{"rendered":"<p>A Opera\u00e7\u00e3o Rep\u00fablica, deflagrada pela Pol\u00edcia Militar para refor\u00e7ar a seguran\u00e7a no feriad\u00e3o, deteve oito suspeitos de tr\u00e1fico de drogas,<\/p>\n","protected":false},"author":10,"featured_media":903002,"comment_status":"closed","ping_status":"closed","sticky":false,"template":"","format":"standard","meta":{"_exactmetrics_skip_tracking":false,"_exactmetrics_sitenote_active":false,"_exactmetrics_sitenote_note":"","_exactmetrics_sitenote_category":0,"footnotes":""},"categories":[4],"tags":[],"yoast_head":"<!-- This site is optimized with the Yoast SEO plugin v22.0 - https:\/\/yoast.com\/wordpress\/plugins\/seo\/ -->\n<title>Opera\u00e7\u00e3o Rep\u00fablica det\u00e9m oito suspeitos de tr\u00e1fico de drogas em tr\u00eas cidades paraibanas durante o feriado - Pol\u00edcia Militar da Para\u00edba<\/title>\n<meta name=\"robots\" content=\"index, follow, max-snippet:-1, max-image-preview:large, max-video-preview:-1\" \/>\n<link rel=\"canonical\" href=\"https:\/\/www.pm.pb.gov.br\/portal\/2019\/11\/16\/operacao-republica-detem-oito-suspeitos-de-trafico-de-drogas-em-tres-cidades-paraibanas-durante-o-feriado\/\" \/>\n<meta property=\"og:locale\" content=\"pt_BR\" \/>\n<meta property=\"og:type\" content=\"article\" \/>\n<meta property=\"og:title\" content=\"Opera\u00e7\u00e3o Rep\u00fablica det\u00e9m oito suspeitos de tr\u00e1fico de drogas em tr\u00eas cidades paraibanas durante o feriado - Pol\u00edcia Militar da Para\u00edba\" \/>\n<meta property=\"og:description\" content=\"A Opera\u00e7\u00e3o Rep\u00fablica, deflagrada pela Pol\u00edcia Militar para refor\u00e7ar a seguran\u00e7a no feriad\u00e3o, deteve oito suspeitos de tr\u00e1fico de drogas,\" \/>\n<meta property=\"og:url\" content=\"https:\/\/www.pm.pb.gov.br\/portal\/2019\/11\/16\/operacao-republica-detem-oito-suspeitos-de-trafico-de-drogas-em-tres-cidades-paraibanas-durante-o-feriado\/\" \/>\n<meta property=\"og:site_name\" content=\"Pol\u00edcia Militar da Para\u00edba\" \/>\n<meta property=\"article:published_time\" content=\"2019-11-16T13:48:57+00:00\" \/>\n<meta property=\"article:modified_time\" content=\"2019-11-16T13:48:58+00:00\" \/>\n<meta property=\"og:image\" content=\"https:\/\/www.pm.pb.gov.br\/portal\/wp-content\/uploads\/2019\/11\/FUNCION\u00c1RIOS-II.jpg\" \/>\n\t<meta property=\"og:image:width\" content=\"720\" \/>\n\t<meta property=\"og:image:height\" content=\"1280\" \/>\n\t<meta property=\"og:image:type\" content=\"image\/jpeg\" \/>\n<meta name=\"author\" content=\"WAGNER HENRIQUE VARELA DA SILVA\" \/>\n<meta name=\"twitter:card\" content=\"summary_large_image\" \/>\n<meta name=\"twitter:label1\" content=\"Escrito por\" \/>\n\t<meta name=\"twitter:data1\" content=\"WAGNER HENRIQUE VARELA DA SILVA\" \/>\n\t<meta name=\"twitter:label2\" content=\"Est. tempo de leitura\" \/>\n\t<meta name=\"twitter:data2\" content=\"2 minutos\" \/>\n<script type=\"application\/ld+json\" class=\"yoast-schema-graph\">{\"@context\":\"https:\/\/schema.org\",\"@graph\":[{\"@type\":\"Article\",\"@id\":\"https:\/\/www.pm.pb.gov.br\/portal\/2019\/11\/16\/operacao-republica-detem-oito-suspeitos-de-trafico-de-drogas-em-tres-cidades-paraibanas-durante-o-feriado\/#article\",\"isPartOf\":{\"@id\":\"https:\/\/www.pm.pb.gov.br\/portal\/2019\/11\/16\/operacao-republica-detem-oito-suspeitos-de-trafico-de-drogas-em-tres-cidades-paraibanas-durante-o-feriado\/\"},\"author\":{\"name\":\"WAGNER HENRIQUE VARELA DA SILVA\",\"@id\":\"https:\/\/www.pm.pb.gov.br\/portal\/#\/schema\/person\/b169b297b8494dea236e315ed1a201d1\"},\"headline\":\"Opera\u00e7\u00e3o Rep\u00fablica det\u00e9m oito suspeitos de tr\u00e1fico de drogas em tr\u00eas cidades paraibanas durante o feriado\",\"datePublished\":\"2019-11-16T13:48:57+00:00\",\"dateModified\":\"2019-11-16T13:48:58+00:00\",\"mainEntityOfPage\":{\"@id\":\"https:\/\/www.pm.pb.gov.br\/portal\/2019\/11\/16\/operacao-republica-detem-oito-suspeitos-de-trafico-de-drogas-em-tres-cidades-paraibanas-durante-o-feriado\/\"},\"wordCount\":349,\"publisher\":{\"@id\":\"https:\/\/www.pm.pb.gov.br\/portal\/#organization\"},\"articleSection\":[\"A\u00e7\u00f5es Policiais\"],\"inLanguage\":\"pt-BR\"},{\"@type\":\"WebPage\",\"@id\":\"https:\/\/www.pm.pb.gov.br\/portal\/2019\/11\/16\/operacao-republica-detem-oito-suspeitos-de-trafico-de-drogas-em-tres-cidades-paraibanas-durante-o-feriado\/\",\"url\":\"https:\/\/www.pm.pb.gov.br\/portal\/2019\/11\/16\/operacao-republica-detem-oito-suspeitos-de-trafico-de-drogas-em-tres-cidades-paraibanas-durante-o-feriado\/\",\"name\":\"Opera\u00e7\u00e3o Rep\u00fablica det\u00e9m oito suspeitos de tr\u00e1fico de drogas em tr\u00eas cidades paraibanas durante o feriado - Pol\u00edcia Militar da Para\u00edba\",\"isPartOf\":{\"@id\":\"https:\/\/www.pm.pb.gov.br\/portal\/#website\"},\"datePublished\":\"2019-11-16T13:48:57+00:00\",\"dateModified\":\"2019-11-16T13:48:58+00:00\",\"breadcrumb\":{\"@id\":\"https:\/\/www.pm.pb.gov.br\/portal\/2019\/11\/16\/operacao-republica-detem-oito-suspeitos-de-trafico-de-drogas-em-tres-cidades-paraibanas-durante-o-feriado\/#breadcrumb\"},\"inLanguage\":\"pt-BR\",\"potentialAction\":[{\"@type\":\"ReadAction\",\"target\":[\"https:\/\/www.pm.pb.gov.br\/portal\/2019\/11\/16\/operacao-republica-detem-oito-suspeitos-de-trafico-de-drogas-em-tres-cidades-paraibanas-durante-o-feriado\/\"]}]},{\"@type\":\"BreadcrumbList\",\"@id\":\"https:\/\/www.pm.pb.gov.br\/portal\/2019\/11\/16\/operacao-republica-detem-oito-suspeitos-de-trafico-de-drogas-em-tres-cidades-paraibanas-durante-o-feriado\/#breadcrumb\",\"itemListElement\":[{\"@type\":\"ListItem\",\"position\":1,\"name\":\"In\u00edcio\",\"item\":\"https:\/\/www.pm.pb.gov.br\/portal\/\"},{\"@type\":\"ListItem\",\"position\":2,\"name\":\"Opera\u00e7\u00e3o Rep\u00fablica det\u00e9m oito suspeitos de tr\u00e1fico de drogas em tr\u00eas cidades paraibanas durante o feriado\"}]},{\"@type\":\"WebSite\",\"@id\":\"https:\/\/www.pm.pb.gov.br\/portal\/#website\",\"url\":\"https:\/\/www.pm.pb.gov.br\/portal\/\",\"name\":\"Pol\u00edcia Militar da Para\u00edba\",\"description\":\"\",\"publisher\":{\"@id\":\"https:\/\/www.pm.pb.gov.br\/portal\/#organization\"},\"potentialAction\":[{\"@type\":\"SearchAction\",\"target\":{\"@type\":\"EntryPoint\",\"urlTemplate\":\"https:\/\/www.pm.pb.gov.br\/portal\/?s={search_term_string}\"},\"query-input\":\"required name=search_term_string\"}],\"inLanguage\":\"pt-BR\"},{\"@type\":\"Organization\",\"@id\":\"https:\/\/www.pm.pb.gov.br\/portal\/#organization\",\"name\":\"Pol\u00edcia Militar da Para\u00edba\",\"url\":\"https:\/\/www.pm.pb.gov.br\/portal\/\",\"logo\":{\"@type\":\"ImageObject\",\"inLanguage\":\"pt-BR\",\"@id\":\"https:\/\/www.pm.pb.gov.br\/portal\/#\/schema\/logo\/image\/\",\"url\":\"https:\/\/www.pm.pb.gov.br\/portal\/wp-content\/uploads\/2025\/03\/cropped-logo-site-mag2-1.png\",\"contentUrl\":\"https:\/\/www.pm.pb.gov.br\/portal\/wp-content\/uploads\/2025\/03\/cropped-logo-site-mag2-1.png\",\"width\":320,\"height\":90,\"caption\":\"Pol\u00edcia Militar da Para\u00edba\"},\"image\":{\"@id\":\"https:\/\/www.pm.pb.gov.br\/portal\/#\/schema\/logo\/image\/\"}},{\"@type\":\"Person\",\"@id\":\"https:\/\/www.pm.pb.gov.br\/portal\/#\/schema\/person\/b169b297b8494dea236e315ed1a201d1\",\"name\":\"WAGNER HENRIQUE VARELA DA SILVA\",\"image\":{\"@type\":\"ImageObject\",\"inLanguage\":\"pt-BR\",\"@id\":\"https:\/\/www.pm.pb.gov.br\/portal\/#\/schema\/person\/image\/\",\"url\":\"https:\/\/secure.gravatar.com\/avatar\/e08af53176a66730df5c0706c6c31fd6?s=96&d=mm&r=g\",\"contentUrl\":\"https:\/\/secure.gravatar.com\/avatar\/e08af53176a66730df5c0706c6c31fd6?s=96&d=mm&r=g\",\"caption\":\"WAGNER HENRIQUE VARELA DA SILVA\"},\"url\":\"https:\/\/www.pm.pb.gov.br\/portal\/author\/varela\/\"}]}<\/script>\n<!-- \/ Yoast SEO plugin. -->","yoast_head_json":{"title":"Opera\u00e7\u00e3o Rep\u00fablica det\u00e9m oito suspeitos de tr\u00e1fico de drogas em tr\u00eas cidades paraibanas durante o feriado - Pol\u00edcia Militar da Para\u00edba","robots":{"index":"index","follow":"follow","max-snippet":"max-snippet:-1","max-image-preview":"max-image-preview:large","max-video-preview":"max-video-preview:-1"},"canonical":"https:\/\/www.pm.pb.gov.br\/portal\/2019\/11\/16\/operacao-republica-detem-oito-suspeitos-de-trafico-de-drogas-em-tres-cidades-paraibanas-durante-o-feriado\/","og_locale":"pt_BR","og_type":"article","og_title":"Opera\u00e7\u00e3o Rep\u00fablica det\u00e9m oito suspeitos de tr\u00e1fico de drogas em tr\u00eas cidades paraibanas durante o feriado - Pol\u00edcia Militar da Para\u00edba","og_description":"A Opera\u00e7\u00e3o Rep\u00fablica, deflagrada pela Pol\u00edcia Militar para refor\u00e7ar a seguran\u00e7a no feriad\u00e3o, deteve oito suspeitos de tr\u00e1fico de drogas,","og_url":"https:\/\/www.pm.pb.gov.br\/portal\/2019\/11\/16\/operacao-republica-detem-oito-suspeitos-de-trafico-de-drogas-em-tres-cidades-paraibanas-durante-o-feriado\/","og_site_name":"Pol\u00edcia Militar da Para\u00edba","article_published_time":"2019-11-16T13:48:57+00:00","article_modified_time":"2019-11-16T13:48:58+00:00","og_image":[{"width":720,"height":1280,"url":"https:\/\/www.pm.pb.gov.br\/portal\/wp-content\/uploads\/2019\/11\/FUNCION\u00c1RIOS-II.jpg","type":"image\/jpeg"}],"author":"WAGNER HENRIQUE VARELA DA SILVA","twitter_card":"summary_large_image","twitter_misc":{"Escrito por":"WAGNER HENRIQUE VARELA DA SILVA","Est. tempo de leitura":"2 minutos"},"schema":{"@context":"https:\/\/schema.org","@graph":[{"@type":"Article","@id":"https:\/\/www.pm.pb.gov.br\/portal\/2019\/11\/16\/operacao-republica-detem-oito-suspeitos-de-trafico-de-drogas-em-tres-cidades-paraibanas-durante-o-feriado\/#article","isPartOf":{"@id":"https:\/\/www.pm.pb.gov.br\/portal\/2019\/11\/16\/operacao-republica-detem-oito-suspeitos-de-trafico-de-drogas-em-tres-cidades-paraibanas-durante-o-feriado\/"},"author":{"name":"WAGNER HENRIQUE VARELA DA SILVA","@id":"https:\/\/www.pm.pb.gov.br\/portal\/#\/schema\/person\/b169b297b8494dea236e315ed1a201d1"},"headline":"Opera\u00e7\u00e3o Rep\u00fablica det\u00e9m oito suspeitos de tr\u00e1fico de drogas em tr\u00eas cidades paraibanas durante o feriado","datePublished":"2019-11-16T13:48:57+00:00","dateModified":"2019-11-16T13:48:58+00:00","mainEntityOfPage":{"@id":"https:\/\/www.pm.pb.gov.br\/portal\/2019\/11\/16\/operacao-republica-detem-oito-suspeitos-de-trafico-de-drogas-em-tres-cidades-paraibanas-durante-o-feriado\/"},"wordCount":349,"publisher":{"@id":"https:\/\/www.pm.pb.gov.br\/portal\/#organization"},"articleSection":["A\u00e7\u00f5es Policiais"],"inLanguage":"pt-BR"},{"@type":"WebPage","@id":"https:\/\/www.pm.pb.gov.br\/portal\/2019\/11\/16\/operacao-republica-detem-oito-suspeitos-de-trafico-de-drogas-em-tres-cidades-paraibanas-durante-o-feriado\/","url":"https:\/\/www.pm.pb.gov.br\/portal\/2019\/11\/16\/operacao-republica-detem-oito-suspeitos-de-trafico-de-drogas-em-tres-cidades-paraibanas-durante-o-feriado\/","name":"Opera\u00e7\u00e3o Rep\u00fablica det\u00e9m oito suspeitos de tr\u00e1fico de drogas em tr\u00eas cidades paraibanas durante o feriado - Pol\u00edcia Militar da Para\u00edba","isPartOf":{"@id":"https:\/\/www.pm.pb.gov.br\/portal\/#website"},"datePublished":"2019-11-16T13:48:57+00:00","dateModified":"2019-11-16T13:48:58+00:00","breadcrumb":{"@id":"https:\/\/www.pm.pb.gov.br\/portal\/2019\/11\/16\/operacao-republica-detem-oito-suspeitos-de-trafico-de-drogas-em-tres-cidades-paraibanas-durante-o-feriado\/#breadcrumb"},"inLanguage":"pt-BR","potentialAction":[{"@type":"ReadAction","target":["https:\/\/www.pm.pb.gov.br\/portal\/2019\/11\/16\/operacao-republica-detem-oito-suspeitos-de-trafico-de-drogas-em-tres-cidades-paraibanas-durante-o-feriado\/"]}]},{"@type":"BreadcrumbList","@id":"https:\/\/www.pm.pb.gov.br\/portal\/2019\/11\/16\/operacao-republica-detem-oito-suspeitos-de-trafico-de-drogas-em-tres-cidades-paraibanas-durante-o-feriado\/#breadcrumb","itemListElement":[{"@type":"ListItem","position":1,"name":"In\u00edcio","item":"https:\/\/www.pm.pb.gov.br\/portal\/"},{"@type":"ListItem","position":2,"name":"Opera\u00e7\u00e3o Rep\u00fablica det\u00e9m oito suspeitos de tr\u00e1fico de drogas em tr\u00eas cidades paraibanas durante o feriado"}]},{"@type":"WebSite","@id":"https:\/\/www.pm.pb.gov.br\/portal\/#website","url":"https:\/\/www.pm.pb.gov.br\/portal\/","name":"Pol\u00edcia Militar da Para\u00edba","description":"","publisher":{"@id":"https:\/\/www.pm.pb.gov.br\/portal\/#organization"},"potentialAction":[{"@type":"SearchAction","target":{"@type":"EntryPoint","urlTemplate":"https:\/\/www.pm.pb.gov.br\/portal\/?s={search_term_string}"},"query-input":"required name=search_term_string"}],"inLanguage":"pt-BR"},{"@type":"Organization","@id":"https:\/\/www.pm.pb.gov.br\/portal\/#organization","name":"Pol\u00edcia Militar da Para\u00edba","url":"https:\/\/www.pm.pb.gov.br\/portal\/","logo":{"@type":"ImageObject","inLanguage":"pt-BR","@id":"https:\/\/www.pm.pb.gov.br\/portal\/#\/schema\/logo\/image\/","url":"https:\/\/www.pm.pb.gov.br\/portal\/wp-content\/uploads\/2025\/03\/cropped-logo-site-mag2-1.png","contentUrl":"https:\/\/www.pm.pb.gov.br\/portal\/wp-content\/uploads\/2025\/03\/cropped-logo-site-mag2-1.png","width":320,"height":90,"caption":"Pol\u00edcia Militar da Para\u00edba"},"image":{"@id":"https:\/\/www.pm.pb.gov.br\/portal\/#\/schema\/logo\/image\/"}},{"@type":"Person","@id":"https:\/\/www.pm.pb.gov.br\/portal\/#\/schema\/person\/b169b297b8494dea236e315ed1a201d1","name":"WAGNER HENRIQUE VARELA DA SILVA","image":{"@type":"ImageObject","inLanguage":"pt-BR","@id":"https:\/\/www.pm.pb.gov.br\/portal\/#\/schema\/person\/image\/","url":"https:\/\/secure.gravatar.com\/avatar\/e08af53176a66730df5c0706c6c31fd6?s=96&d=mm&r=g","contentUrl":"https:\/\/secure.gravatar.com\/avatar\/e08af53176a66730df5c0706c6c31fd6?s=96&d=mm&r=g","caption":"WAGNER HENRIQUE VARELA DA SILVA"},"url":"https:\/\/www.pm.pb.gov.br\/portal\/author\/varela\/"}]}},"_links":{"self":[{"href":"https:\/\/www.pm.pb.gov.br\/portal\/wp-json\/wp\/v2\/posts\/903001"}],"collection":[{"href":"https:\/\/www.pm.pb.gov.br\/portal\/wp-json\/wp\/v2\/posts"}],"about":[{"href":"https:\/\/www.pm.pb.gov.br\/portal\/wp-json\/wp\/v2\/types\/post"}],"author":[{"embeddable":true,"href":"https:\/\/www.pm.pb.gov.br\/portal\/wp-json\/wp\/v2\/users\/10"}],"replies":[{"embeddable":true,"href":"https:\/\/www.pm.pb.gov.br\/portal\/wp-json\/wp\/v2\/comments?post=903001"}],"version-history":[{"count":2,"href":"https:\/\/www.pm.pb.gov.br\/portal\/wp-json\/wp\/v2\/posts\/903001\/revisions"}],"predecessor-version":[{"id":903005,"href":"https:\/\/www.pm.pb.gov.br\/portal\/wp-json\/wp\/v2\/posts\/903001\/revisions\/903005"}],"wp:featuredmedia":[{"embeddable":true,"href":"https:\/\/www.pm.pb.gov.br\/portal\/wp-json\/wp\/v2\/media\/903002"}],"wp:attachment":[{"href":"https:\/\/www.pm.pb.gov.br\/portal\/wp-json\/wp\/v2\/media?parent=903001"}],"wp:term":[{"taxonomy":"category","embeddable":true,"href":"https:\/\/www.pm.pb.gov.br\/portal\/wp-json\/wp\/v2\/categories?post=903001"},{"taxonomy":"post_tag","embeddable":true,"href":"https:\/\/www.pm.pb.gov.br\/portal\/wp-json\/wp\/v2\/tags?post=903001"}],"curies":[{"name":"wp","href":"https:\/\/api.w.org\/{rel}","templated":true}]}}