{"id":902983,"date":"2019-11-14T17:45:54","date_gmt":"2019-11-14T20:45:54","guid":{"rendered":"http:\/\/www.pm.pb.gov.br\/portal\/?p=902983"},"modified":"2019-11-14T17:45:56","modified_gmt":"2019-11-14T20:45:56","slug":"operacao-republica-policia-militar-intensifica-acoes-no-feriado","status":"publish","type":"post","link":"https:\/\/www.pm.pb.gov.br\/portal\/2019\/11\/14\/operacao-republica-policia-militar-intensifica-acoes-no-feriado\/","title":{"rendered":"\u201cOpera\u00e7\u00e3o Rep\u00fablica\u201d: Pol\u00edcia Militar intensifica a\u00e7\u00f5es no feriado"},"content":{"rendered":"\n<p style=\"font-weight: 400;\">Para fortalecer as a\u00e7\u00f5es de seguran\u00e7a p\u00fablica na Para\u00edba durante o per\u00edodo do feriado de 15 de novembro, a Pol\u00edcia Militar intensificar\u00e1 o policiamento ostensivo e preventivo em mais de 150 munic\u00edpios do estado. A \u201cOpera\u00e7\u00e3o Rep\u00fablica\u201d come\u00e7ou na tarde desta quinta-feira (14) e segue at\u00e9 a madrugada da pr\u00f3xima segunda (18), atuando em pontos estrat\u00e9gicos no combate a criminalidade.<\/p>\n<p style=\"font-weight: 400;\">Entre os principais objetivos da Opera\u00e7\u00e3o Rep\u00fablica, que se divide em outras opera\u00e7\u00f5es no per\u00edodo como \u201cOpera\u00e7\u00e3o Cidade Segura\u201d nesta quinta-feira (14), est\u00e1 a preven\u00e7\u00e3o dos crimes patrimoniais e contra vida, al\u00e9m do combate ao tr\u00e1fico de drogas e porte ilegal de arma de fogo. A atua\u00e7\u00e3o da PM ser\u00e1 voltada para pontos estrat\u00e9gicos, a partir dos levantamentos das Coordenadorias de Intelig\u00eancia e Estat\u00edstica da PM, e de den\u00fancias feitas pela popula\u00e7\u00e3o atrav\u00e9s do n\u00famero 190.<\/p>\n<p style=\"font-weight: 400;\">S\u00f3 nesta quinta-feira, 959 policiais e 345 viaturas intensificam as a\u00e7\u00f5es de rondas, abordagens e incurs\u00f5es em comunidades de 151 munic\u00edpios do Estado, alcan\u00e7ando os tr\u00eas Comandos Regionais, sediados em Jo\u00e3o Pessoa, Campina Grande e Patos. A \u201cOpera\u00e7\u00e3o Rep\u00fablica\u201d segue durante os pr\u00f3ximos tr\u00eas dias.<\/p>\n<p><img loading=\"lazy\" decoding=\"async\" class=\"alignnone size-medium wp-image-902985\" src=\"http:\/\/www.pm.pb.gov.br\/portal\/wp-content\/uploads\/2019\/11\/WhatsApp-Image-2019-11-14-at-16.09.50-1-593x445.jpeg\" alt=\"\" width=\"593\" height=\"445\" srcset=\"https:\/\/www.pm.pb.gov.br\/portal\/wp-content\/uploads\/2019\/11\/WhatsApp-Image-2019-11-14-at-16.09.50-1-593x445.jpeg 593w, https:\/\/www.pm.pb.gov.br\/portal\/wp-content\/uploads\/2019\/11\/WhatsApp-Image-2019-11-14-at-16.09.50-1-768x576.jpeg 768w, https:\/\/www.pm.pb.gov.br\/portal\/wp-content\/uploads\/2019\/11\/WhatsApp-Image-2019-11-14-at-16.09.50-1-760x570.jpeg 760w, https:\/\/www.pm.pb.gov.br\/portal\/wp-content\/uploads\/2019\/11\/WhatsApp-Image-2019-11-14-at-16.09.50-1.jpeg 1280w\" sizes=\"(max-width: 593px) 100vw, 593px\" \/><\/p>\n","protected":false},"excerpt":{"rendered":"<p>Para fortalecer as a\u00e7\u00f5es de seguran\u00e7a p\u00fablica na Para\u00edba durante o per\u00edodo do feriado de 15 de novembro, a Pol\u00edcia<\/p>\n","protected":false},"author":15,"featured_media":902984,"comment_status":"closed","ping_status":"closed","sticky":false,"template":"","format":"standard","meta":{"_exactmetrics_skip_tracking":false,"_exactmetrics_sitenote_active":false,"_exactmetrics_sitenote_note":"","_exactmetrics_sitenote_category":0,"footnotes":""},"categories":[4],"tags":[],"yoast_head":"<!-- This site is optimized with the Yoast SEO plugin v22.0 - https:\/\/yoast.com\/wordpress\/plugins\/seo\/ -->\n<title>\u201cOpera\u00e7\u00e3o Rep\u00fablica\u201d: Pol\u00edcia Militar intensifica a\u00e7\u00f5es no feriado - Pol\u00edcia Militar da Para\u00edba<\/title>\n<meta name=\"robots\" content=\"index, follow, max-snippet:-1, max-image-preview:large, max-video-preview:-1\" \/>\n<link rel=\"canonical\" href=\"https:\/\/www.pm.pb.gov.br\/portal\/2019\/11\/14\/operacao-republica-policia-militar-intensifica-acoes-no-feriado\/\" \/>\n<meta property=\"og:locale\" content=\"pt_BR\" \/>\n<meta property=\"og:type\" content=\"article\" \/>\n<meta property=\"og:title\" content=\"\u201cOpera\u00e7\u00e3o Rep\u00fablica\u201d: Pol\u00edcia Militar intensifica a\u00e7\u00f5es no feriado - Pol\u00edcia Militar da Para\u00edba\" \/>\n<meta property=\"og:description\" content=\"Para fortalecer as a\u00e7\u00f5es de seguran\u00e7a p\u00fablica na Para\u00edba durante o per\u00edodo do feriado de 15 de novembro, a Pol\u00edcia\" \/>\n<meta property=\"og:url\" content=\"https:\/\/www.pm.pb.gov.br\/portal\/2019\/11\/14\/operacao-republica-policia-militar-intensifica-acoes-no-feriado\/\" \/>\n<meta property=\"og:site_name\" content=\"Pol\u00edcia Militar da Para\u00edba\" \/>\n<meta property=\"article:published_time\" content=\"2019-11-14T20:45:54+00:00\" \/>\n<meta property=\"article:modified_time\" content=\"2019-11-14T20:45:56+00:00\" \/>\n<meta property=\"og:image\" content=\"https:\/\/www.pm.pb.gov.br\/portal\/wp-content\/uploads\/2019\/11\/WhatsApp-Image-2019-11-14-at-16.38.44.jpeg\" \/>\n\t<meta property=\"og:image:width\" content=\"1024\" \/>\n\t<meta property=\"og:image:height\" content=\"768\" \/>\n\t<meta property=\"og:image:type\" content=\"image\/jpeg\" \/>\n<meta name=\"author\" content=\"Marcio Gomes dos Santos\" \/>\n<meta name=\"twitter:card\" content=\"summary_large_image\" \/>\n<meta name=\"twitter:label1\" content=\"Escrito por\" \/>\n\t<meta name=\"twitter:data1\" content=\"Marcio Gomes dos Santos\" \/>\n\t<meta name=\"twitter:label2\" content=\"Est. tempo de leitura\" \/>\n\t<meta name=\"twitter:data2\" content=\"1 minuto\" \/>\n<script type=\"application\/ld+json\" class=\"yoast-schema-graph\">{\"@context\":\"https:\/\/schema.org\",\"@graph\":[{\"@type\":\"Article\",\"@id\":\"https:\/\/www.pm.pb.gov.br\/portal\/2019\/11\/14\/operacao-republica-policia-militar-intensifica-acoes-no-feriado\/#article\",\"isPartOf\":{\"@id\":\"https:\/\/www.pm.pb.gov.br\/portal\/2019\/11\/14\/operacao-republica-policia-militar-intensifica-acoes-no-feriado\/\"},\"author\":{\"name\":\"Marcio Gomes dos Santos\",\"@id\":\"https:\/\/www.pm.pb.gov.br\/portal\/#\/schema\/person\/30d571652b38533c2211e4e89bf5a502\"},\"headline\":\"\u201cOpera\u00e7\u00e3o Rep\u00fablica\u201d: Pol\u00edcia Militar intensifica a\u00e7\u00f5es no feriado\",\"datePublished\":\"2019-11-14T20:45:54+00:00\",\"dateModified\":\"2019-11-14T20:45:56+00:00\",\"mainEntityOfPage\":{\"@id\":\"https:\/\/www.pm.pb.gov.br\/portal\/2019\/11\/14\/operacao-republica-policia-militar-intensifica-acoes-no-feriado\/\"},\"wordCount\":222,\"publisher\":{\"@id\":\"https:\/\/www.pm.pb.gov.br\/portal\/#organization\"},\"articleSection\":[\"A\u00e7\u00f5es Policiais\"],\"inLanguage\":\"pt-BR\"},{\"@type\":\"WebPage\",\"@id\":\"https:\/\/www.pm.pb.gov.br\/portal\/2019\/11\/14\/operacao-republica-policia-militar-intensifica-acoes-no-feriado\/\",\"url\":\"https:\/\/www.pm.pb.gov.br\/portal\/2019\/11\/14\/operacao-republica-policia-militar-intensifica-acoes-no-feriado\/\",\"name\":\"\u201cOpera\u00e7\u00e3o Rep\u00fablica\u201d: Pol\u00edcia Militar intensifica a\u00e7\u00f5es no feriado - Pol\u00edcia Militar da Para\u00edba\",\"isPartOf\":{\"@id\":\"https:\/\/www.pm.pb.gov.br\/portal\/#website\"},\"datePublished\":\"2019-11-14T20:45:54+00:00\",\"dateModified\":\"2019-11-14T20:45:56+00:00\",\"breadcrumb\":{\"@id\":\"https:\/\/www.pm.pb.gov.br\/portal\/2019\/11\/14\/operacao-republica-policia-militar-intensifica-acoes-no-feriado\/#breadcrumb\"},\"inLanguage\":\"pt-BR\",\"potentialAction\":[{\"@type\":\"ReadAction\",\"target\":[\"https:\/\/www.pm.pb.gov.br\/portal\/2019\/11\/14\/operacao-republica-policia-militar-intensifica-acoes-no-feriado\/\"]}]},{\"@type\":\"BreadcrumbList\",\"@id\":\"https:\/\/www.pm.pb.gov.br\/portal\/2019\/11\/14\/operacao-republica-policia-militar-intensifica-acoes-no-feriado\/#breadcrumb\",\"itemListElement\":[{\"@type\":\"ListItem\",\"position\":1,\"name\":\"In\u00edcio\",\"item\":\"https:\/\/www.pm.pb.gov.br\/portal\/\"},{\"@type\":\"ListItem\",\"position\":2,\"name\":\"\u201cOpera\u00e7\u00e3o Rep\u00fablica\u201d: Pol\u00edcia Militar intensifica a\u00e7\u00f5es no feriado\"}]},{\"@type\":\"WebSite\",\"@id\":\"https:\/\/www.pm.pb.gov.br\/portal\/#website\",\"url\":\"https:\/\/www.pm.pb.gov.br\/portal\/\",\"name\":\"Pol\u00edcia Militar da Para\u00edba\",\"description\":\"\",\"publisher\":{\"@id\":\"https:\/\/www.pm.pb.gov.br\/portal\/#organization\"},\"potentialAction\":[{\"@type\":\"SearchAction\",\"target\":{\"@type\":\"EntryPoint\",\"urlTemplate\":\"https:\/\/www.pm.pb.gov.br\/portal\/?s={search_term_string}\"},\"query-input\":\"required name=search_term_string\"}],\"inLanguage\":\"pt-BR\"},{\"@type\":\"Organization\",\"@id\":\"https:\/\/www.pm.pb.gov.br\/portal\/#organization\",\"name\":\"Pol\u00edcia Militar da Para\u00edba\",\"url\":\"https:\/\/www.pm.pb.gov.br\/portal\/\",\"logo\":{\"@type\":\"ImageObject\",\"inLanguage\":\"pt-BR\",\"@id\":\"https:\/\/www.pm.pb.gov.br\/portal\/#\/schema\/logo\/image\/\",\"url\":\"https:\/\/www.pm.pb.gov.br\/portal\/wp-content\/uploads\/2025\/03\/cropped-logo-site-mag2-1.png\",\"contentUrl\":\"https:\/\/www.pm.pb.gov.br\/portal\/wp-content\/uploads\/2025\/03\/cropped-logo-site-mag2-1.png\",\"width\":320,\"height\":90,\"caption\":\"Pol\u00edcia Militar da Para\u00edba\"},\"image\":{\"@id\":\"https:\/\/www.pm.pb.gov.br\/portal\/#\/schema\/logo\/image\/\"}},{\"@type\":\"Person\",\"@id\":\"https:\/\/www.pm.pb.gov.br\/portal\/#\/schema\/person\/30d571652b38533c2211e4e89bf5a502\",\"name\":\"Marcio Gomes dos Santos\",\"image\":{\"@type\":\"ImageObject\",\"inLanguage\":\"pt-BR\",\"@id\":\"https:\/\/www.pm.pb.gov.br\/portal\/#\/schema\/person\/image\/\",\"url\":\"https:\/\/secure.gravatar.com\/avatar\/cf4ec2cb690101e1581c7773aa350c19?s=96&d=mm&r=g\",\"contentUrl\":\"https:\/\/secure.gravatar.com\/avatar\/cf4ec2cb690101e1581c7773aa350c19?s=96&d=mm&r=g\",\"caption\":\"Marcio Gomes dos Santos\"},\"url\":\"https:\/\/www.pm.pb.gov.br\/portal\/author\/mgomes\/\"}]}<\/script>\n<!-- \/ Yoast SEO plugin. -->","yoast_head_json":{"title":"\u201cOpera\u00e7\u00e3o Rep\u00fablica\u201d: Pol\u00edcia Militar intensifica a\u00e7\u00f5es no feriado - Pol\u00edcia Militar da Para\u00edba","robots":{"index":"index","follow":"follow","max-snippet":"max-snippet:-1","max-image-preview":"max-image-preview:large","max-video-preview":"max-video-preview:-1"},"canonical":"https:\/\/www.pm.pb.gov.br\/portal\/2019\/11\/14\/operacao-republica-policia-militar-intensifica-acoes-no-feriado\/","og_locale":"pt_BR","og_type":"article","og_title":"\u201cOpera\u00e7\u00e3o Rep\u00fablica\u201d: Pol\u00edcia Militar intensifica a\u00e7\u00f5es no feriado - Pol\u00edcia Militar da Para\u00edba","og_description":"Para fortalecer as a\u00e7\u00f5es de seguran\u00e7a p\u00fablica na Para\u00edba durante o per\u00edodo do feriado de 15 de novembro, a Pol\u00edcia","og_url":"https:\/\/www.pm.pb.gov.br\/portal\/2019\/11\/14\/operacao-republica-policia-militar-intensifica-acoes-no-feriado\/","og_site_name":"Pol\u00edcia Militar da Para\u00edba","article_published_time":"2019-11-14T20:45:54+00:00","article_modified_time":"2019-11-14T20:45:56+00:00","og_image":[{"width":1024,"height":768,"url":"https:\/\/www.pm.pb.gov.br\/portal\/wp-content\/uploads\/2019\/11\/WhatsApp-Image-2019-11-14-at-16.38.44.jpeg","type":"image\/jpeg"}],"author":"Marcio Gomes dos Santos","twitter_card":"summary_large_image","twitter_misc":{"Escrito por":"Marcio Gomes dos Santos","Est. tempo de leitura":"1 minuto"},"schema":{"@context":"https:\/\/schema.org","@graph":[{"@type":"Article","@id":"https:\/\/www.pm.pb.gov.br\/portal\/2019\/11\/14\/operacao-republica-policia-militar-intensifica-acoes-no-feriado\/#article","isPartOf":{"@id":"https:\/\/www.pm.pb.gov.br\/portal\/2019\/11\/14\/operacao-republica-policia-militar-intensifica-acoes-no-feriado\/"},"author":{"name":"Marcio Gomes dos Santos","@id":"https:\/\/www.pm.pb.gov.br\/portal\/#\/schema\/person\/30d571652b38533c2211e4e89bf5a502"},"headline":"\u201cOpera\u00e7\u00e3o Rep\u00fablica\u201d: Pol\u00edcia Militar intensifica a\u00e7\u00f5es no feriado","datePublished":"2019-11-14T20:45:54+00:00","dateModified":"2019-11-14T20:45:56+00:00","mainEntityOfPage":{"@id":"https:\/\/www.pm.pb.gov.br\/portal\/2019\/11\/14\/operacao-republica-policia-militar-intensifica-acoes-no-feriado\/"},"wordCount":222,"publisher":{"@id":"https:\/\/www.pm.pb.gov.br\/portal\/#organization"},"articleSection":["A\u00e7\u00f5es Policiais"],"inLanguage":"pt-BR"},{"@type":"WebPage","@id":"https:\/\/www.pm.pb.gov.br\/portal\/2019\/11\/14\/operacao-republica-policia-militar-intensifica-acoes-no-feriado\/","url":"https:\/\/www.pm.pb.gov.br\/portal\/2019\/11\/14\/operacao-republica-policia-militar-intensifica-acoes-no-feriado\/","name":"\u201cOpera\u00e7\u00e3o Rep\u00fablica\u201d: Pol\u00edcia Militar intensifica a\u00e7\u00f5es no feriado - Pol\u00edcia Militar da Para\u00edba","isPartOf":{"@id":"https:\/\/www.pm.pb.gov.br\/portal\/#website"},"datePublished":"2019-11-14T20:45:54+00:00","dateModified":"2019-11-14T20:45:56+00:00","breadcrumb":{"@id":"https:\/\/www.pm.pb.gov.br\/portal\/2019\/11\/14\/operacao-republica-policia-militar-intensifica-acoes-no-feriado\/#breadcrumb"},"inLanguage":"pt-BR","potentialAction":[{"@type":"ReadAction","target":["https:\/\/www.pm.pb.gov.br\/portal\/2019\/11\/14\/operacao-republica-policia-militar-intensifica-acoes-no-feriado\/"]}]},{"@type":"BreadcrumbList","@id":"https:\/\/www.pm.pb.gov.br\/portal\/2019\/11\/14\/operacao-republica-policia-militar-intensifica-acoes-no-feriado\/#breadcrumb","itemListElement":[{"@type":"ListItem","position":1,"name":"In\u00edcio","item":"https:\/\/www.pm.pb.gov.br\/portal\/"},{"@type":"ListItem","position":2,"name":"\u201cOpera\u00e7\u00e3o Rep\u00fablica\u201d: Pol\u00edcia Militar intensifica a\u00e7\u00f5es no feriado"}]},{"@type":"WebSite","@id":"https:\/\/www.pm.pb.gov.br\/portal\/#website","url":"https:\/\/www.pm.pb.gov.br\/portal\/","name":"Pol\u00edcia Militar da Para\u00edba","description":"","publisher":{"@id":"https:\/\/www.pm.pb.gov.br\/portal\/#organization"},"potentialAction":[{"@type":"SearchAction","target":{"@type":"EntryPoint","urlTemplate":"https:\/\/www.pm.pb.gov.br\/portal\/?s={search_term_string}"},"query-input":"required name=search_term_string"}],"inLanguage":"pt-BR"},{"@type":"Organization","@id":"https:\/\/www.pm.pb.gov.br\/portal\/#organization","name":"Pol\u00edcia Militar da Para\u00edba","url":"https:\/\/www.pm.pb.gov.br\/portal\/","logo":{"@type":"ImageObject","inLanguage":"pt-BR","@id":"https:\/\/www.pm.pb.gov.br\/portal\/#\/schema\/logo\/image\/","url":"https:\/\/www.pm.pb.gov.br\/portal\/wp-content\/uploads\/2025\/03\/cropped-logo-site-mag2-1.png","contentUrl":"https:\/\/www.pm.pb.gov.br\/portal\/wp-content\/uploads\/2025\/03\/cropped-logo-site-mag2-1.png","width":320,"height":90,"caption":"Pol\u00edcia Militar da Para\u00edba"},"image":{"@id":"https:\/\/www.pm.pb.gov.br\/portal\/#\/schema\/logo\/image\/"}},{"@type":"Person","@id":"https:\/\/www.pm.pb.gov.br\/portal\/#\/schema\/person\/30d571652b38533c2211e4e89bf5a502","name":"Marcio Gomes dos Santos","image":{"@type":"ImageObject","inLanguage":"pt-BR","@id":"https:\/\/www.pm.pb.gov.br\/portal\/#\/schema\/person\/image\/","url":"https:\/\/secure.gravatar.com\/avatar\/cf4ec2cb690101e1581c7773aa350c19?s=96&d=mm&r=g","contentUrl":"https:\/\/secure.gravatar.com\/avatar\/cf4ec2cb690101e1581c7773aa350c19?s=96&d=mm&r=g","caption":"Marcio Gomes dos Santos"},"url":"https:\/\/www.pm.pb.gov.br\/portal\/author\/mgomes\/"}]}},"_links":{"self":[{"href":"https:\/\/www.pm.pb.gov.br\/portal\/wp-json\/wp\/v2\/posts\/902983"}],"collection":[{"href":"https:\/\/www.pm.pb.gov.br\/portal\/wp-json\/wp\/v2\/posts"}],"about":[{"href":"https:\/\/www.pm.pb.gov.br\/portal\/wp-json\/wp\/v2\/types\/post"}],"author":[{"embeddable":true,"href":"https:\/\/www.pm.pb.gov.br\/portal\/wp-json\/wp\/v2\/users\/15"}],"replies":[{"embeddable":true,"href":"https:\/\/www.pm.pb.gov.br\/portal\/wp-json\/wp\/v2\/comments?post=902983"}],"version-history":[{"count":1,"href":"https:\/\/www.pm.pb.gov.br\/portal\/wp-json\/wp\/v2\/posts\/902983\/revisions"}],"predecessor-version":[{"id":902988,"href":"https:\/\/www.pm.pb.gov.br\/portal\/wp-json\/wp\/v2\/posts\/902983\/revisions\/902988"}],"wp:featuredmedia":[{"embeddable":true,"href":"https:\/\/www.pm.pb.gov.br\/portal\/wp-json\/wp\/v2\/media\/902984"}],"wp:attachment":[{"href":"https:\/\/www.pm.pb.gov.br\/portal\/wp-json\/wp\/v2\/media?parent=902983"}],"wp:term":[{"taxonomy":"category","embeddable":true,"href":"https:\/\/www.pm.pb.gov.br\/portal\/wp-json\/wp\/v2\/categories?post=902983"},{"taxonomy":"post_tag","embeddable":true,"href":"https:\/\/www.pm.pb.gov.br\/portal\/wp-json\/wp\/v2\/tags?post=902983"}],"curies":[{"name":"wp","href":"https:\/\/api.w.org\/{rel}","templated":true}]}}