{"id":902976,"date":"2019-11-13T16:12:51","date_gmt":"2019-11-13T19:12:51","guid":{"rendered":"http:\/\/www.pm.pb.gov.br\/portal\/?p=902976"},"modified":"2019-11-13T16:12:52","modified_gmt":"2019-11-13T19:12:52","slug":"policia-militar-prende-suspeito-que-atuava-como-explosivista-de-quadrilha-de-ataques-a-bancos-no-sertao","status":"publish","type":"post","link":"https:\/\/www.pm.pb.gov.br\/portal\/2019\/11\/13\/policia-militar-prende-suspeito-que-atuava-como-explosivista-de-quadrilha-de-ataques-a-bancos-no-sertao\/","title":{"rendered":"Pol\u00edcia Militar prende suspeito que atuava como explosivista de quadrilha de ataques a bancos no Sert\u00e3o"},"content":{"rendered":"\n<p>A Pol\u00edcia Militar prendeu, no in\u00edcio da tarde desta quarta-feira (13), mais tr\u00eas integrantes de uma quadrilha especializada em ataques a bancos, no Sert\u00e3o da Para\u00edba. As pris\u00f5es foram realizadas na cidade de Princesa Isabel e s\u00e3o consequ\u00eancia da opera\u00e7\u00e3o realizada no come\u00e7o da manh\u00e3, no munic\u00edpio de Santana de Mangueira, que prendeu o grupo que estaria planejando novos crimes contra institui\u00e7\u00f5es banc\u00e1rias da regi\u00e3o, para os pr\u00f3ximos dias.<\/p>\n<p>O bando foi desarticulado ap\u00f3s levantamentos realizados pela Coordenadoria de Intelig\u00eancia da PM e contou com a atua\u00e7\u00e3o do 13\u00ba Batalh\u00e3o da Pol\u00edcia Militar, Grupamento Especializado de Opera\u00e7\u00f5es em \u00e1rea de Caatinga (Geosac), Grupamento T\u00e1tico A\u00e9reo (GTA) da Secretaria da Seguran\u00e7a e da Defesa Social (Seds) e 5\u00aa Companhia Independente.\u00a0<\/p>\n<p>Entre os tr\u00eas presos em Princesa Isabel, estava o respons\u00e1vel por atuar como explosivista da quadrilha nas a\u00e7\u00f5es criminosas. Ele teria conhecimento t\u00e9cnico do material e ficava respons\u00e1vel por todo o processo de detona\u00e7\u00e3o dos explosivos. O acusado teria participado do ataque ao banco do Bradesco da cidade de Mana\u00edra, no fim do m\u00eas de outubro, no Sert\u00e3o da Para\u00edba.<\/p>\n<p>At\u00e9 agora, s\u00e3o sete presos, sendo seis homens e uma mulher, seis armas apreendidas, v\u00e1rios explosivos, muni\u00e7\u00f5es, roupas camufladas, luvas, entre outros materiais usados neste tipo de crime.<\/p>\n<p>O l\u00edder do bando acabou morrendo ap\u00f3s reagir atirando contra os policiais. Jos\u00e9 Valdeir C\u00e2ndido Rodrigues (O Gordo), de 30 anos, foi preso pela Pol\u00edcia Federal em 2012, acusado de atuar no tr\u00e1fico dos Estados da Para\u00edba e de Pernambuco. Ele era um dos envolvidos nos assassinatos registrados dentro da Penitenci\u00e1ria Romero N\u00f3brega, em Patos, e por causa disso foi transferido para o PB-1, em janeiro de 2017, na Capital. Em Jo\u00e3o Pessoa, o acusado foi transferido, em novembro do ano passado, para a Penitenci\u00e1ria Juiz Hitler Cantalice, de onde estava sendo considerado foragido.<\/p>\n<p>Os presos, que t\u00eam idades entre 18 e 53 anos, est\u00e3o sendo apresentados na Delegacia de Pol\u00edcia Civil, em Concei\u00e7\u00e3o.<\/p>\n","protected":false},"excerpt":{"rendered":"<p>A Pol\u00edcia Militar prendeu, no in\u00edcio da tarde desta quarta-feira (13), mais tr\u00eas integrantes de uma quadrilha especializada em ataques<\/p>\n","protected":false},"author":15,"featured_media":902929,"comment_status":"closed","ping_status":"closed","sticky":false,"template":"","format":"standard","meta":{"_exactmetrics_skip_tracking":false,"_exactmetrics_sitenote_active":false,"_exactmetrics_sitenote_note":"","_exactmetrics_sitenote_category":0,"footnotes":""},"categories":[4],"tags":[],"yoast_head":"<!-- This site is optimized with the Yoast SEO plugin v22.0 - https:\/\/yoast.com\/wordpress\/plugins\/seo\/ -->\n<title>Pol\u00edcia Militar prende suspeito que atuava como explosivista de quadrilha de ataques a bancos no Sert\u00e3o - Pol\u00edcia Militar da Para\u00edba<\/title>\n<meta name=\"robots\" content=\"index, follow, max-snippet:-1, max-image-preview:large, max-video-preview:-1\" \/>\n<link rel=\"canonical\" href=\"https:\/\/www.pm.pb.gov.br\/portal\/2019\/11\/13\/policia-militar-prende-suspeito-que-atuava-como-explosivista-de-quadrilha-de-ataques-a-bancos-no-sertao\/\" \/>\n<meta property=\"og:locale\" content=\"pt_BR\" \/>\n<meta property=\"og:type\" content=\"article\" \/>\n<meta property=\"og:title\" content=\"Pol\u00edcia Militar prende suspeito que atuava como explosivista de quadrilha de ataques a bancos no Sert\u00e3o - Pol\u00edcia Militar da Para\u00edba\" \/>\n<meta property=\"og:description\" content=\"A Pol\u00edcia Militar prendeu, no in\u00edcio da tarde desta quarta-feira (13), mais tr\u00eas integrantes de uma quadrilha especializada em ataques\" \/>\n<meta property=\"og:url\" content=\"https:\/\/www.pm.pb.gov.br\/portal\/2019\/11\/13\/policia-militar-prende-suspeito-que-atuava-como-explosivista-de-quadrilha-de-ataques-a-bancos-no-sertao\/\" \/>\n<meta property=\"og:site_name\" content=\"Pol\u00edcia Militar da Para\u00edba\" \/>\n<meta property=\"article:published_time\" content=\"2019-11-13T19:12:51+00:00\" \/>\n<meta property=\"article:modified_time\" content=\"2019-11-13T19:12:52+00:00\" \/>\n<meta property=\"og:image\" content=\"https:\/\/www.pm.pb.gov.br\/portal\/wp-content\/uploads\/2019\/11\/imagem-ilustrativa-SERT\u00c3O-2.jpg\" \/>\n\t<meta property=\"og:image:width\" content=\"760\" \/>\n\t<meta property=\"og:image:height\" content=\"423\" \/>\n\t<meta property=\"og:image:type\" content=\"image\/jpeg\" \/>\n<meta name=\"author\" content=\"Marcio Gomes dos Santos\" \/>\n<meta name=\"twitter:card\" content=\"summary_large_image\" \/>\n<meta name=\"twitter:label1\" content=\"Escrito por\" \/>\n\t<meta name=\"twitter:data1\" content=\"Marcio Gomes dos Santos\" \/>\n\t<meta name=\"twitter:label2\" content=\"Est. tempo de leitura\" \/>\n\t<meta name=\"twitter:data2\" content=\"2 minutos\" \/>\n<script type=\"application\/ld+json\" class=\"yoast-schema-graph\">{\"@context\":\"https:\/\/schema.org\",\"@graph\":[{\"@type\":\"Article\",\"@id\":\"https:\/\/www.pm.pb.gov.br\/portal\/2019\/11\/13\/policia-militar-prende-suspeito-que-atuava-como-explosivista-de-quadrilha-de-ataques-a-bancos-no-sertao\/#article\",\"isPartOf\":{\"@id\":\"https:\/\/www.pm.pb.gov.br\/portal\/2019\/11\/13\/policia-militar-prende-suspeito-que-atuava-como-explosivista-de-quadrilha-de-ataques-a-bancos-no-sertao\/\"},\"author\":{\"name\":\"Marcio Gomes dos Santos\",\"@id\":\"https:\/\/www.pm.pb.gov.br\/portal\/#\/schema\/person\/30d571652b38533c2211e4e89bf5a502\"},\"headline\":\"Pol\u00edcia Militar prende suspeito que atuava como explosivista de quadrilha de ataques a bancos no Sert\u00e3o\",\"datePublished\":\"2019-11-13T19:12:51+00:00\",\"dateModified\":\"2019-11-13T19:12:52+00:00\",\"mainEntityOfPage\":{\"@id\":\"https:\/\/www.pm.pb.gov.br\/portal\/2019\/11\/13\/policia-militar-prende-suspeito-que-atuava-como-explosivista-de-quadrilha-de-ataques-a-bancos-no-sertao\/\"},\"wordCount\":382,\"publisher\":{\"@id\":\"https:\/\/www.pm.pb.gov.br\/portal\/#organization\"},\"articleSection\":[\"A\u00e7\u00f5es Policiais\"],\"inLanguage\":\"pt-BR\"},{\"@type\":\"WebPage\",\"@id\":\"https:\/\/www.pm.pb.gov.br\/portal\/2019\/11\/13\/policia-militar-prende-suspeito-que-atuava-como-explosivista-de-quadrilha-de-ataques-a-bancos-no-sertao\/\",\"url\":\"https:\/\/www.pm.pb.gov.br\/portal\/2019\/11\/13\/policia-militar-prende-suspeito-que-atuava-como-explosivista-de-quadrilha-de-ataques-a-bancos-no-sertao\/\",\"name\":\"Pol\u00edcia Militar prende suspeito que atuava como explosivista de quadrilha de ataques a bancos no Sert\u00e3o - Pol\u00edcia Militar da Para\u00edba\",\"isPartOf\":{\"@id\":\"https:\/\/www.pm.pb.gov.br\/portal\/#website\"},\"datePublished\":\"2019-11-13T19:12:51+00:00\",\"dateModified\":\"2019-11-13T19:12:52+00:00\",\"breadcrumb\":{\"@id\":\"https:\/\/www.pm.pb.gov.br\/portal\/2019\/11\/13\/policia-militar-prende-suspeito-que-atuava-como-explosivista-de-quadrilha-de-ataques-a-bancos-no-sertao\/#breadcrumb\"},\"inLanguage\":\"pt-BR\",\"potentialAction\":[{\"@type\":\"ReadAction\",\"target\":[\"https:\/\/www.pm.pb.gov.br\/portal\/2019\/11\/13\/policia-militar-prende-suspeito-que-atuava-como-explosivista-de-quadrilha-de-ataques-a-bancos-no-sertao\/\"]}]},{\"@type\":\"BreadcrumbList\",\"@id\":\"https:\/\/www.pm.pb.gov.br\/portal\/2019\/11\/13\/policia-militar-prende-suspeito-que-atuava-como-explosivista-de-quadrilha-de-ataques-a-bancos-no-sertao\/#breadcrumb\",\"itemListElement\":[{\"@type\":\"ListItem\",\"position\":1,\"name\":\"In\u00edcio\",\"item\":\"https:\/\/www.pm.pb.gov.br\/portal\/\"},{\"@type\":\"ListItem\",\"position\":2,\"name\":\"Pol\u00edcia Militar prende suspeito que atuava como explosivista de quadrilha de ataques a bancos no Sert\u00e3o\"}]},{\"@type\":\"WebSite\",\"@id\":\"https:\/\/www.pm.pb.gov.br\/portal\/#website\",\"url\":\"https:\/\/www.pm.pb.gov.br\/portal\/\",\"name\":\"Pol\u00edcia Militar da Para\u00edba\",\"description\":\"\",\"publisher\":{\"@id\":\"https:\/\/www.pm.pb.gov.br\/portal\/#organization\"},\"potentialAction\":[{\"@type\":\"SearchAction\",\"target\":{\"@type\":\"EntryPoint\",\"urlTemplate\":\"https:\/\/www.pm.pb.gov.br\/portal\/?s={search_term_string}\"},\"query-input\":\"required name=search_term_string\"}],\"inLanguage\":\"pt-BR\"},{\"@type\":\"Organization\",\"@id\":\"https:\/\/www.pm.pb.gov.br\/portal\/#organization\",\"name\":\"Pol\u00edcia Militar da Para\u00edba\",\"url\":\"https:\/\/www.pm.pb.gov.br\/portal\/\",\"logo\":{\"@type\":\"ImageObject\",\"inLanguage\":\"pt-BR\",\"@id\":\"https:\/\/www.pm.pb.gov.br\/portal\/#\/schema\/logo\/image\/\",\"url\":\"https:\/\/www.pm.pb.gov.br\/portal\/wp-content\/uploads\/2025\/03\/cropped-logo-site-mag2-1.png\",\"contentUrl\":\"https:\/\/www.pm.pb.gov.br\/portal\/wp-content\/uploads\/2025\/03\/cropped-logo-site-mag2-1.png\",\"width\":320,\"height\":90,\"caption\":\"Pol\u00edcia Militar da Para\u00edba\"},\"image\":{\"@id\":\"https:\/\/www.pm.pb.gov.br\/portal\/#\/schema\/logo\/image\/\"}},{\"@type\":\"Person\",\"@id\":\"https:\/\/www.pm.pb.gov.br\/portal\/#\/schema\/person\/30d571652b38533c2211e4e89bf5a502\",\"name\":\"Marcio Gomes dos Santos\",\"image\":{\"@type\":\"ImageObject\",\"inLanguage\":\"pt-BR\",\"@id\":\"https:\/\/www.pm.pb.gov.br\/portal\/#\/schema\/person\/image\/\",\"url\":\"https:\/\/secure.gravatar.com\/avatar\/cf4ec2cb690101e1581c7773aa350c19?s=96&d=mm&r=g\",\"contentUrl\":\"https:\/\/secure.gravatar.com\/avatar\/cf4ec2cb690101e1581c7773aa350c19?s=96&d=mm&r=g\",\"caption\":\"Marcio Gomes dos Santos\"},\"url\":\"https:\/\/www.pm.pb.gov.br\/portal\/author\/mgomes\/\"}]}<\/script>\n<!-- \/ Yoast SEO plugin. -->","yoast_head_json":{"title":"Pol\u00edcia Militar prende suspeito que atuava como explosivista de quadrilha de ataques a bancos no Sert\u00e3o - Pol\u00edcia Militar da Para\u00edba","robots":{"index":"index","follow":"follow","max-snippet":"max-snippet:-1","max-image-preview":"max-image-preview:large","max-video-preview":"max-video-preview:-1"},"canonical":"https:\/\/www.pm.pb.gov.br\/portal\/2019\/11\/13\/policia-militar-prende-suspeito-que-atuava-como-explosivista-de-quadrilha-de-ataques-a-bancos-no-sertao\/","og_locale":"pt_BR","og_type":"article","og_title":"Pol\u00edcia Militar prende suspeito que atuava como explosivista de quadrilha de ataques a bancos no Sert\u00e3o - Pol\u00edcia Militar da Para\u00edba","og_description":"A Pol\u00edcia Militar prendeu, no in\u00edcio da tarde desta quarta-feira (13), mais tr\u00eas integrantes de uma quadrilha especializada em ataques","og_url":"https:\/\/www.pm.pb.gov.br\/portal\/2019\/11\/13\/policia-militar-prende-suspeito-que-atuava-como-explosivista-de-quadrilha-de-ataques-a-bancos-no-sertao\/","og_site_name":"Pol\u00edcia Militar da Para\u00edba","article_published_time":"2019-11-13T19:12:51+00:00","article_modified_time":"2019-11-13T19:12:52+00:00","og_image":[{"width":760,"height":423,"url":"https:\/\/www.pm.pb.gov.br\/portal\/wp-content\/uploads\/2019\/11\/imagem-ilustrativa-SERT\u00c3O-2.jpg","type":"image\/jpeg"}],"author":"Marcio Gomes dos Santos","twitter_card":"summary_large_image","twitter_misc":{"Escrito por":"Marcio Gomes dos Santos","Est. tempo de leitura":"2 minutos"},"schema":{"@context":"https:\/\/schema.org","@graph":[{"@type":"Article","@id":"https:\/\/www.pm.pb.gov.br\/portal\/2019\/11\/13\/policia-militar-prende-suspeito-que-atuava-como-explosivista-de-quadrilha-de-ataques-a-bancos-no-sertao\/#article","isPartOf":{"@id":"https:\/\/www.pm.pb.gov.br\/portal\/2019\/11\/13\/policia-militar-prende-suspeito-que-atuava-como-explosivista-de-quadrilha-de-ataques-a-bancos-no-sertao\/"},"author":{"name":"Marcio Gomes dos Santos","@id":"https:\/\/www.pm.pb.gov.br\/portal\/#\/schema\/person\/30d571652b38533c2211e4e89bf5a502"},"headline":"Pol\u00edcia Militar prende suspeito que atuava como explosivista de quadrilha de ataques a bancos no Sert\u00e3o","datePublished":"2019-11-13T19:12:51+00:00","dateModified":"2019-11-13T19:12:52+00:00","mainEntityOfPage":{"@id":"https:\/\/www.pm.pb.gov.br\/portal\/2019\/11\/13\/policia-militar-prende-suspeito-que-atuava-como-explosivista-de-quadrilha-de-ataques-a-bancos-no-sertao\/"},"wordCount":382,"publisher":{"@id":"https:\/\/www.pm.pb.gov.br\/portal\/#organization"},"articleSection":["A\u00e7\u00f5es Policiais"],"inLanguage":"pt-BR"},{"@type":"WebPage","@id":"https:\/\/www.pm.pb.gov.br\/portal\/2019\/11\/13\/policia-militar-prende-suspeito-que-atuava-como-explosivista-de-quadrilha-de-ataques-a-bancos-no-sertao\/","url":"https:\/\/www.pm.pb.gov.br\/portal\/2019\/11\/13\/policia-militar-prende-suspeito-que-atuava-como-explosivista-de-quadrilha-de-ataques-a-bancos-no-sertao\/","name":"Pol\u00edcia Militar prende suspeito que atuava como explosivista de quadrilha de ataques a bancos no Sert\u00e3o - Pol\u00edcia Militar da Para\u00edba","isPartOf":{"@id":"https:\/\/www.pm.pb.gov.br\/portal\/#website"},"datePublished":"2019-11-13T19:12:51+00:00","dateModified":"2019-11-13T19:12:52+00:00","breadcrumb":{"@id":"https:\/\/www.pm.pb.gov.br\/portal\/2019\/11\/13\/policia-militar-prende-suspeito-que-atuava-como-explosivista-de-quadrilha-de-ataques-a-bancos-no-sertao\/#breadcrumb"},"inLanguage":"pt-BR","potentialAction":[{"@type":"ReadAction","target":["https:\/\/www.pm.pb.gov.br\/portal\/2019\/11\/13\/policia-militar-prende-suspeito-que-atuava-como-explosivista-de-quadrilha-de-ataques-a-bancos-no-sertao\/"]}]},{"@type":"BreadcrumbList","@id":"https:\/\/www.pm.pb.gov.br\/portal\/2019\/11\/13\/policia-militar-prende-suspeito-que-atuava-como-explosivista-de-quadrilha-de-ataques-a-bancos-no-sertao\/#breadcrumb","itemListElement":[{"@type":"ListItem","position":1,"name":"In\u00edcio","item":"https:\/\/www.pm.pb.gov.br\/portal\/"},{"@type":"ListItem","position":2,"name":"Pol\u00edcia Militar prende suspeito que atuava como explosivista de quadrilha de ataques a bancos no Sert\u00e3o"}]},{"@type":"WebSite","@id":"https:\/\/www.pm.pb.gov.br\/portal\/#website","url":"https:\/\/www.pm.pb.gov.br\/portal\/","name":"Pol\u00edcia Militar da Para\u00edba","description":"","publisher":{"@id":"https:\/\/www.pm.pb.gov.br\/portal\/#organization"},"potentialAction":[{"@type":"SearchAction","target":{"@type":"EntryPoint","urlTemplate":"https:\/\/www.pm.pb.gov.br\/portal\/?s={search_term_string}"},"query-input":"required name=search_term_string"}],"inLanguage":"pt-BR"},{"@type":"Organization","@id":"https:\/\/www.pm.pb.gov.br\/portal\/#organization","name":"Pol\u00edcia Militar da Para\u00edba","url":"https:\/\/www.pm.pb.gov.br\/portal\/","logo":{"@type":"ImageObject","inLanguage":"pt-BR","@id":"https:\/\/www.pm.pb.gov.br\/portal\/#\/schema\/logo\/image\/","url":"https:\/\/www.pm.pb.gov.br\/portal\/wp-content\/uploads\/2025\/03\/cropped-logo-site-mag2-1.png","contentUrl":"https:\/\/www.pm.pb.gov.br\/portal\/wp-content\/uploads\/2025\/03\/cropped-logo-site-mag2-1.png","width":320,"height":90,"caption":"Pol\u00edcia Militar da Para\u00edba"},"image":{"@id":"https:\/\/www.pm.pb.gov.br\/portal\/#\/schema\/logo\/image\/"}},{"@type":"Person","@id":"https:\/\/www.pm.pb.gov.br\/portal\/#\/schema\/person\/30d571652b38533c2211e4e89bf5a502","name":"Marcio Gomes dos Santos","image":{"@type":"ImageObject","inLanguage":"pt-BR","@id":"https:\/\/www.pm.pb.gov.br\/portal\/#\/schema\/person\/image\/","url":"https:\/\/secure.gravatar.com\/avatar\/cf4ec2cb690101e1581c7773aa350c19?s=96&d=mm&r=g","contentUrl":"https:\/\/secure.gravatar.com\/avatar\/cf4ec2cb690101e1581c7773aa350c19?s=96&d=mm&r=g","caption":"Marcio Gomes dos Santos"},"url":"https:\/\/www.pm.pb.gov.br\/portal\/author\/mgomes\/"}]}},"_links":{"self":[{"href":"https:\/\/www.pm.pb.gov.br\/portal\/wp-json\/wp\/v2\/posts\/902976"}],"collection":[{"href":"https:\/\/www.pm.pb.gov.br\/portal\/wp-json\/wp\/v2\/posts"}],"about":[{"href":"https:\/\/www.pm.pb.gov.br\/portal\/wp-json\/wp\/v2\/types\/post"}],"author":[{"embeddable":true,"href":"https:\/\/www.pm.pb.gov.br\/portal\/wp-json\/wp\/v2\/users\/15"}],"replies":[{"embeddable":true,"href":"https:\/\/www.pm.pb.gov.br\/portal\/wp-json\/wp\/v2\/comments?post=902976"}],"version-history":[{"count":1,"href":"https:\/\/www.pm.pb.gov.br\/portal\/wp-json\/wp\/v2\/posts\/902976\/revisions"}],"predecessor-version":[{"id":902977,"href":"https:\/\/www.pm.pb.gov.br\/portal\/wp-json\/wp\/v2\/posts\/902976\/revisions\/902977"}],"wp:featuredmedia":[{"embeddable":true,"href":"https:\/\/www.pm.pb.gov.br\/portal\/wp-json\/wp\/v2\/media\/902929"}],"wp:attachment":[{"href":"https:\/\/www.pm.pb.gov.br\/portal\/wp-json\/wp\/v2\/media?parent=902976"}],"wp:term":[{"taxonomy":"category","embeddable":true,"href":"https:\/\/www.pm.pb.gov.br\/portal\/wp-json\/wp\/v2\/categories?post=902976"},{"taxonomy":"post_tag","embeddable":true,"href":"https:\/\/www.pm.pb.gov.br\/portal\/wp-json\/wp\/v2\/tags?post=902976"}],"curies":[{"name":"wp","href":"https:\/\/api.w.org\/{rel}","templated":true}]}}