{"id":902973,"date":"2019-11-13T11:55:36","date_gmt":"2019-11-13T14:55:36","guid":{"rendered":"http:\/\/www.pm.pb.gov.br\/portal\/?p=902973"},"modified":"2019-11-13T11:55:37","modified_gmt":"2019-11-13T14:55:37","slug":"operacao-desarticula-quadrilha-envolvida-em-ataques-a-bancos-e-trafico-de-drogas-na-paraiba-e-pernambuco","status":"publish","type":"post","link":"https:\/\/www.pm.pb.gov.br\/portal\/2019\/11\/13\/operacao-desarticula-quadrilha-envolvida-em-ataques-a-bancos-e-trafico-de-drogas-na-paraiba-e-pernambuco\/","title":{"rendered":"Opera\u00e7\u00e3o desarticula quadrilha envolvida em ataques a bancos e tr\u00e1fico de drogas na Para\u00edba e Pernambuco"},"content":{"rendered":"\n<p style=\"font-weight: 400;\">A Pol\u00edcia Militar desarticulou uma quadrilha envolvida em ataques a bancos e tr\u00e1fico de drogas interestadual, que era liderada por um fugitivo do sistema penitenci\u00e1rio da Para\u00edba. Uma opera\u00e7\u00e3o realizada no come\u00e7o da manh\u00e3 desta quarta-feira (13) pela corpora\u00e7\u00e3o, ap\u00f3s mais um trabalho da Coordenadoria de Intelig\u00eancia da PM, resultou na pris\u00e3o de quatro acusados, na apreens\u00e3o de duas pistolas &#8211; uma delas de calibre 9 mil\u00edmetros, uma carabina, duas espingardas, um rev\u00f3lver, v\u00e1rios explosivos, muni\u00e7\u00f5es, roupas camufladas, luvas, entre outros materiais, na cidade de Santana de Mangueira, no Sert\u00e3o paraibano.<\/p>\n<p style=\"font-weight: 400;\">\u00a0<\/p>\n<p style=\"font-weight: 400;\">O grupo estava em um s\u00edtio planejando ataques a bancos da regi\u00e3o para os pr\u00f3ximos dias, conforme os levantamentos realizados pela PM. O local foi cercado por equipes do 13\u00ba Batalh\u00e3o e Grupamento Especializado de Opera\u00e7\u00f5es em \u00e1rea de Caatinga (Geosac). Os suspeitos reagiram atirando contra os policiais e teve in\u00edcio um confronto.<\/p>\n<p style=\"font-weight: 400;\">\u00a0<\/p>\n<p style=\"font-weight: 400;\">O l\u00edder da quadrilha, identificado como Jos\u00e9 Valdeir C\u00e2ndido Rodrigues (O Gordo), 30 anos, que estava foragido da Penitenci\u00e1ria Juiz Hitler Cantalice (a m\u00e9dia de Mangabeira), em Jo\u00e3o Pessoa, desde novembro do ano passado, saiu ferido e acabou morrendo. Ele foi preso pela Pol\u00edcia Federal em 2012, na cidade de Princesa Isabel, juntamente com um grupo que atuava na distribui\u00e7\u00e3o de drogas vindas de S\u00e3o Paulo, para a Para\u00edba e Pernambuco. Na \u00e9poca, ele foi encaminhado para a Penitenci\u00e1ria Romero N\u00f3brega, em Patos, mas foi transferido para o PB-1 em janeiro de 2017, ap\u00f3s envolvimento na morte de dois detentos, dentro da unidade prisional de Patos. Ap\u00f3s a mudan\u00e7a de regime de cumprimento da pena, ele foi transferido para o Hitler Cantalice, quando deixou de comparecer e passou a ser considerado foragido.<\/p>\n<p style=\"font-weight: 400;\">\u00a0<\/p>\n<p style=\"font-weight: 400;\">Os outros presos na opera\u00e7\u00e3o desta quarta-feira (13) foram tr\u00eas homens e uma mulher, cujas identidades ainda est\u00e3o sendo confirmadas. Al\u00e9m dos ataques a bancos, eles estariam atuando no tr\u00e1fico dos Estados da Para\u00edba e Pernambuco. Os presos est\u00e3o na Delegacia de Pol\u00edcia Civil, em Concei\u00e7\u00e3o.<\/p>\n","protected":false},"excerpt":{"rendered":"<p>A Pol\u00edcia Militar desarticulou uma quadrilha envolvida em ataques a bancos e tr\u00e1fico de drogas interestadual, que era liderada por<\/p>\n","protected":false},"author":10,"featured_media":902974,"comment_status":"closed","ping_status":"closed","sticky":false,"template":"","format":"standard","meta":{"_exactmetrics_skip_tracking":false,"_exactmetrics_sitenote_active":false,"_exactmetrics_sitenote_note":"","_exactmetrics_sitenote_category":0,"footnotes":""},"categories":[4],"tags":[],"yoast_head":"<!-- This site is optimized with the Yoast SEO plugin v22.0 - https:\/\/yoast.com\/wordpress\/plugins\/seo\/ -->\n<title>Opera\u00e7\u00e3o desarticula quadrilha envolvida em ataques a bancos e tr\u00e1fico de drogas na Para\u00edba e Pernambuco - Pol\u00edcia Militar da Para\u00edba<\/title>\n<meta name=\"robots\" content=\"index, follow, max-snippet:-1, max-image-preview:large, max-video-preview:-1\" \/>\n<link rel=\"canonical\" href=\"https:\/\/www.pm.pb.gov.br\/portal\/2019\/11\/13\/operacao-desarticula-quadrilha-envolvida-em-ataques-a-bancos-e-trafico-de-drogas-na-paraiba-e-pernambuco\/\" \/>\n<meta property=\"og:locale\" content=\"pt_BR\" \/>\n<meta property=\"og:type\" content=\"article\" \/>\n<meta property=\"og:title\" content=\"Opera\u00e7\u00e3o desarticula quadrilha envolvida em ataques a bancos e tr\u00e1fico de drogas na Para\u00edba e Pernambuco - Pol\u00edcia Militar da Para\u00edba\" \/>\n<meta property=\"og:description\" content=\"A Pol\u00edcia Militar desarticulou uma quadrilha envolvida em ataques a bancos e tr\u00e1fico de drogas interestadual, que era liderada por\" \/>\n<meta property=\"og:url\" content=\"https:\/\/www.pm.pb.gov.br\/portal\/2019\/11\/13\/operacao-desarticula-quadrilha-envolvida-em-ataques-a-bancos-e-trafico-de-drogas-na-paraiba-e-pernambuco\/\" \/>\n<meta property=\"og:site_name\" content=\"Pol\u00edcia Militar da Para\u00edba\" \/>\n<meta property=\"article:published_time\" content=\"2019-11-13T14:55:36+00:00\" \/>\n<meta property=\"article:modified_time\" content=\"2019-11-13T14:55:37+00:00\" \/>\n<meta property=\"og:image\" content=\"https:\/\/www.pm.pb.gov.br\/portal\/wp-content\/uploads\/2019\/11\/WhatsApp-Image-2019-11-13-at-11.36.00.jpg\" \/>\n\t<meta property=\"og:image:width\" content=\"800\" \/>\n\t<meta property=\"og:image:height\" content=\"455\" \/>\n\t<meta property=\"og:image:type\" content=\"image\/jpeg\" \/>\n<meta name=\"author\" content=\"WAGNER HENRIQUE VARELA DA SILVA\" \/>\n<meta name=\"twitter:card\" content=\"summary_large_image\" \/>\n<meta name=\"twitter:label1\" content=\"Escrito por\" \/>\n\t<meta name=\"twitter:data1\" content=\"WAGNER HENRIQUE VARELA DA SILVA\" \/>\n\t<meta name=\"twitter:label2\" content=\"Est. tempo de leitura\" \/>\n\t<meta name=\"twitter:data2\" content=\"2 minutos\" \/>\n<script type=\"application\/ld+json\" class=\"yoast-schema-graph\">{\"@context\":\"https:\/\/schema.org\",\"@graph\":[{\"@type\":\"Article\",\"@id\":\"https:\/\/www.pm.pb.gov.br\/portal\/2019\/11\/13\/operacao-desarticula-quadrilha-envolvida-em-ataques-a-bancos-e-trafico-de-drogas-na-paraiba-e-pernambuco\/#article\",\"isPartOf\":{\"@id\":\"https:\/\/www.pm.pb.gov.br\/portal\/2019\/11\/13\/operacao-desarticula-quadrilha-envolvida-em-ataques-a-bancos-e-trafico-de-drogas-na-paraiba-e-pernambuco\/\"},\"author\":{\"name\":\"WAGNER HENRIQUE VARELA DA SILVA\",\"@id\":\"https:\/\/www.pm.pb.gov.br\/portal\/#\/schema\/person\/b169b297b8494dea236e315ed1a201d1\"},\"headline\":\"Opera\u00e7\u00e3o desarticula quadrilha envolvida em ataques a bancos e tr\u00e1fico de drogas na Para\u00edba e Pernambuco\",\"datePublished\":\"2019-11-13T14:55:36+00:00\",\"dateModified\":\"2019-11-13T14:55:37+00:00\",\"mainEntityOfPage\":{\"@id\":\"https:\/\/www.pm.pb.gov.br\/portal\/2019\/11\/13\/operacao-desarticula-quadrilha-envolvida-em-ataques-a-bancos-e-trafico-de-drogas-na-paraiba-e-pernambuco\/\"},\"wordCount\":379,\"publisher\":{\"@id\":\"https:\/\/www.pm.pb.gov.br\/portal\/#organization\"},\"articleSection\":[\"A\u00e7\u00f5es Policiais\"],\"inLanguage\":\"pt-BR\"},{\"@type\":\"WebPage\",\"@id\":\"https:\/\/www.pm.pb.gov.br\/portal\/2019\/11\/13\/operacao-desarticula-quadrilha-envolvida-em-ataques-a-bancos-e-trafico-de-drogas-na-paraiba-e-pernambuco\/\",\"url\":\"https:\/\/www.pm.pb.gov.br\/portal\/2019\/11\/13\/operacao-desarticula-quadrilha-envolvida-em-ataques-a-bancos-e-trafico-de-drogas-na-paraiba-e-pernambuco\/\",\"name\":\"Opera\u00e7\u00e3o desarticula quadrilha envolvida em ataques a bancos e tr\u00e1fico de drogas na Para\u00edba e Pernambuco - Pol\u00edcia Militar da Para\u00edba\",\"isPartOf\":{\"@id\":\"https:\/\/www.pm.pb.gov.br\/portal\/#website\"},\"datePublished\":\"2019-11-13T14:55:36+00:00\",\"dateModified\":\"2019-11-13T14:55:37+00:00\",\"breadcrumb\":{\"@id\":\"https:\/\/www.pm.pb.gov.br\/portal\/2019\/11\/13\/operacao-desarticula-quadrilha-envolvida-em-ataques-a-bancos-e-trafico-de-drogas-na-paraiba-e-pernambuco\/#breadcrumb\"},\"inLanguage\":\"pt-BR\",\"potentialAction\":[{\"@type\":\"ReadAction\",\"target\":[\"https:\/\/www.pm.pb.gov.br\/portal\/2019\/11\/13\/operacao-desarticula-quadrilha-envolvida-em-ataques-a-bancos-e-trafico-de-drogas-na-paraiba-e-pernambuco\/\"]}]},{\"@type\":\"BreadcrumbList\",\"@id\":\"https:\/\/www.pm.pb.gov.br\/portal\/2019\/11\/13\/operacao-desarticula-quadrilha-envolvida-em-ataques-a-bancos-e-trafico-de-drogas-na-paraiba-e-pernambuco\/#breadcrumb\",\"itemListElement\":[{\"@type\":\"ListItem\",\"position\":1,\"name\":\"In\u00edcio\",\"item\":\"https:\/\/www.pm.pb.gov.br\/portal\/\"},{\"@type\":\"ListItem\",\"position\":2,\"name\":\"Opera\u00e7\u00e3o desarticula quadrilha envolvida em ataques a bancos e tr\u00e1fico de drogas na Para\u00edba e Pernambuco\"}]},{\"@type\":\"WebSite\",\"@id\":\"https:\/\/www.pm.pb.gov.br\/portal\/#website\",\"url\":\"https:\/\/www.pm.pb.gov.br\/portal\/\",\"name\":\"Pol\u00edcia Militar da Para\u00edba\",\"description\":\"\",\"publisher\":{\"@id\":\"https:\/\/www.pm.pb.gov.br\/portal\/#organization\"},\"potentialAction\":[{\"@type\":\"SearchAction\",\"target\":{\"@type\":\"EntryPoint\",\"urlTemplate\":\"https:\/\/www.pm.pb.gov.br\/portal\/?s={search_term_string}\"},\"query-input\":\"required name=search_term_string\"}],\"inLanguage\":\"pt-BR\"},{\"@type\":\"Organization\",\"@id\":\"https:\/\/www.pm.pb.gov.br\/portal\/#organization\",\"name\":\"Pol\u00edcia Militar da Para\u00edba\",\"url\":\"https:\/\/www.pm.pb.gov.br\/portal\/\",\"logo\":{\"@type\":\"ImageObject\",\"inLanguage\":\"pt-BR\",\"@id\":\"https:\/\/www.pm.pb.gov.br\/portal\/#\/schema\/logo\/image\/\",\"url\":\"https:\/\/www.pm.pb.gov.br\/portal\/wp-content\/uploads\/2025\/03\/cropped-logo-site-mag2-1.png\",\"contentUrl\":\"https:\/\/www.pm.pb.gov.br\/portal\/wp-content\/uploads\/2025\/03\/cropped-logo-site-mag2-1.png\",\"width\":320,\"height\":90,\"caption\":\"Pol\u00edcia Militar da Para\u00edba\"},\"image\":{\"@id\":\"https:\/\/www.pm.pb.gov.br\/portal\/#\/schema\/logo\/image\/\"}},{\"@type\":\"Person\",\"@id\":\"https:\/\/www.pm.pb.gov.br\/portal\/#\/schema\/person\/b169b297b8494dea236e315ed1a201d1\",\"name\":\"WAGNER HENRIQUE VARELA DA SILVA\",\"image\":{\"@type\":\"ImageObject\",\"inLanguage\":\"pt-BR\",\"@id\":\"https:\/\/www.pm.pb.gov.br\/portal\/#\/schema\/person\/image\/\",\"url\":\"https:\/\/secure.gravatar.com\/avatar\/e08af53176a66730df5c0706c6c31fd6?s=96&d=mm&r=g\",\"contentUrl\":\"https:\/\/secure.gravatar.com\/avatar\/e08af53176a66730df5c0706c6c31fd6?s=96&d=mm&r=g\",\"caption\":\"WAGNER HENRIQUE VARELA DA SILVA\"},\"url\":\"https:\/\/www.pm.pb.gov.br\/portal\/author\/varela\/\"}]}<\/script>\n<!-- \/ Yoast SEO plugin. -->","yoast_head_json":{"title":"Opera\u00e7\u00e3o desarticula quadrilha envolvida em ataques a bancos e tr\u00e1fico de drogas na Para\u00edba e Pernambuco - Pol\u00edcia Militar da Para\u00edba","robots":{"index":"index","follow":"follow","max-snippet":"max-snippet:-1","max-image-preview":"max-image-preview:large","max-video-preview":"max-video-preview:-1"},"canonical":"https:\/\/www.pm.pb.gov.br\/portal\/2019\/11\/13\/operacao-desarticula-quadrilha-envolvida-em-ataques-a-bancos-e-trafico-de-drogas-na-paraiba-e-pernambuco\/","og_locale":"pt_BR","og_type":"article","og_title":"Opera\u00e7\u00e3o desarticula quadrilha envolvida em ataques a bancos e tr\u00e1fico de drogas na Para\u00edba e Pernambuco - Pol\u00edcia Militar da Para\u00edba","og_description":"A Pol\u00edcia Militar desarticulou uma quadrilha envolvida em ataques a bancos e tr\u00e1fico de drogas interestadual, que era liderada por","og_url":"https:\/\/www.pm.pb.gov.br\/portal\/2019\/11\/13\/operacao-desarticula-quadrilha-envolvida-em-ataques-a-bancos-e-trafico-de-drogas-na-paraiba-e-pernambuco\/","og_site_name":"Pol\u00edcia Militar da Para\u00edba","article_published_time":"2019-11-13T14:55:36+00:00","article_modified_time":"2019-11-13T14:55:37+00:00","og_image":[{"width":800,"height":455,"url":"https:\/\/www.pm.pb.gov.br\/portal\/wp-content\/uploads\/2019\/11\/WhatsApp-Image-2019-11-13-at-11.36.00.jpg","type":"image\/jpeg"}],"author":"WAGNER HENRIQUE VARELA DA SILVA","twitter_card":"summary_large_image","twitter_misc":{"Escrito por":"WAGNER HENRIQUE VARELA DA SILVA","Est. tempo de leitura":"2 minutos"},"schema":{"@context":"https:\/\/schema.org","@graph":[{"@type":"Article","@id":"https:\/\/www.pm.pb.gov.br\/portal\/2019\/11\/13\/operacao-desarticula-quadrilha-envolvida-em-ataques-a-bancos-e-trafico-de-drogas-na-paraiba-e-pernambuco\/#article","isPartOf":{"@id":"https:\/\/www.pm.pb.gov.br\/portal\/2019\/11\/13\/operacao-desarticula-quadrilha-envolvida-em-ataques-a-bancos-e-trafico-de-drogas-na-paraiba-e-pernambuco\/"},"author":{"name":"WAGNER HENRIQUE VARELA DA SILVA","@id":"https:\/\/www.pm.pb.gov.br\/portal\/#\/schema\/person\/b169b297b8494dea236e315ed1a201d1"},"headline":"Opera\u00e7\u00e3o desarticula quadrilha envolvida em ataques a bancos e tr\u00e1fico de drogas na Para\u00edba e Pernambuco","datePublished":"2019-11-13T14:55:36+00:00","dateModified":"2019-11-13T14:55:37+00:00","mainEntityOfPage":{"@id":"https:\/\/www.pm.pb.gov.br\/portal\/2019\/11\/13\/operacao-desarticula-quadrilha-envolvida-em-ataques-a-bancos-e-trafico-de-drogas-na-paraiba-e-pernambuco\/"},"wordCount":379,"publisher":{"@id":"https:\/\/www.pm.pb.gov.br\/portal\/#organization"},"articleSection":["A\u00e7\u00f5es Policiais"],"inLanguage":"pt-BR"},{"@type":"WebPage","@id":"https:\/\/www.pm.pb.gov.br\/portal\/2019\/11\/13\/operacao-desarticula-quadrilha-envolvida-em-ataques-a-bancos-e-trafico-de-drogas-na-paraiba-e-pernambuco\/","url":"https:\/\/www.pm.pb.gov.br\/portal\/2019\/11\/13\/operacao-desarticula-quadrilha-envolvida-em-ataques-a-bancos-e-trafico-de-drogas-na-paraiba-e-pernambuco\/","name":"Opera\u00e7\u00e3o desarticula quadrilha envolvida em ataques a bancos e tr\u00e1fico de drogas na Para\u00edba e Pernambuco - Pol\u00edcia Militar da Para\u00edba","isPartOf":{"@id":"https:\/\/www.pm.pb.gov.br\/portal\/#website"},"datePublished":"2019-11-13T14:55:36+00:00","dateModified":"2019-11-13T14:55:37+00:00","breadcrumb":{"@id":"https:\/\/www.pm.pb.gov.br\/portal\/2019\/11\/13\/operacao-desarticula-quadrilha-envolvida-em-ataques-a-bancos-e-trafico-de-drogas-na-paraiba-e-pernambuco\/#breadcrumb"},"inLanguage":"pt-BR","potentialAction":[{"@type":"ReadAction","target":["https:\/\/www.pm.pb.gov.br\/portal\/2019\/11\/13\/operacao-desarticula-quadrilha-envolvida-em-ataques-a-bancos-e-trafico-de-drogas-na-paraiba-e-pernambuco\/"]}]},{"@type":"BreadcrumbList","@id":"https:\/\/www.pm.pb.gov.br\/portal\/2019\/11\/13\/operacao-desarticula-quadrilha-envolvida-em-ataques-a-bancos-e-trafico-de-drogas-na-paraiba-e-pernambuco\/#breadcrumb","itemListElement":[{"@type":"ListItem","position":1,"name":"In\u00edcio","item":"https:\/\/www.pm.pb.gov.br\/portal\/"},{"@type":"ListItem","position":2,"name":"Opera\u00e7\u00e3o desarticula quadrilha envolvida em ataques a bancos e tr\u00e1fico de drogas na Para\u00edba e Pernambuco"}]},{"@type":"WebSite","@id":"https:\/\/www.pm.pb.gov.br\/portal\/#website","url":"https:\/\/www.pm.pb.gov.br\/portal\/","name":"Pol\u00edcia Militar da Para\u00edba","description":"","publisher":{"@id":"https:\/\/www.pm.pb.gov.br\/portal\/#organization"},"potentialAction":[{"@type":"SearchAction","target":{"@type":"EntryPoint","urlTemplate":"https:\/\/www.pm.pb.gov.br\/portal\/?s={search_term_string}"},"query-input":"required name=search_term_string"}],"inLanguage":"pt-BR"},{"@type":"Organization","@id":"https:\/\/www.pm.pb.gov.br\/portal\/#organization","name":"Pol\u00edcia Militar da Para\u00edba","url":"https:\/\/www.pm.pb.gov.br\/portal\/","logo":{"@type":"ImageObject","inLanguage":"pt-BR","@id":"https:\/\/www.pm.pb.gov.br\/portal\/#\/schema\/logo\/image\/","url":"https:\/\/www.pm.pb.gov.br\/portal\/wp-content\/uploads\/2025\/03\/cropped-logo-site-mag2-1.png","contentUrl":"https:\/\/www.pm.pb.gov.br\/portal\/wp-content\/uploads\/2025\/03\/cropped-logo-site-mag2-1.png","width":320,"height":90,"caption":"Pol\u00edcia Militar da Para\u00edba"},"image":{"@id":"https:\/\/www.pm.pb.gov.br\/portal\/#\/schema\/logo\/image\/"}},{"@type":"Person","@id":"https:\/\/www.pm.pb.gov.br\/portal\/#\/schema\/person\/b169b297b8494dea236e315ed1a201d1","name":"WAGNER HENRIQUE VARELA DA SILVA","image":{"@type":"ImageObject","inLanguage":"pt-BR","@id":"https:\/\/www.pm.pb.gov.br\/portal\/#\/schema\/person\/image\/","url":"https:\/\/secure.gravatar.com\/avatar\/e08af53176a66730df5c0706c6c31fd6?s=96&d=mm&r=g","contentUrl":"https:\/\/secure.gravatar.com\/avatar\/e08af53176a66730df5c0706c6c31fd6?s=96&d=mm&r=g","caption":"WAGNER HENRIQUE VARELA DA SILVA"},"url":"https:\/\/www.pm.pb.gov.br\/portal\/author\/varela\/"}]}},"_links":{"self":[{"href":"https:\/\/www.pm.pb.gov.br\/portal\/wp-json\/wp\/v2\/posts\/902973"}],"collection":[{"href":"https:\/\/www.pm.pb.gov.br\/portal\/wp-json\/wp\/v2\/posts"}],"about":[{"href":"https:\/\/www.pm.pb.gov.br\/portal\/wp-json\/wp\/v2\/types\/post"}],"author":[{"embeddable":true,"href":"https:\/\/www.pm.pb.gov.br\/portal\/wp-json\/wp\/v2\/users\/10"}],"replies":[{"embeddable":true,"href":"https:\/\/www.pm.pb.gov.br\/portal\/wp-json\/wp\/v2\/comments?post=902973"}],"version-history":[{"count":1,"href":"https:\/\/www.pm.pb.gov.br\/portal\/wp-json\/wp\/v2\/posts\/902973\/revisions"}],"predecessor-version":[{"id":902975,"href":"https:\/\/www.pm.pb.gov.br\/portal\/wp-json\/wp\/v2\/posts\/902973\/revisions\/902975"}],"wp:featuredmedia":[{"embeddable":true,"href":"https:\/\/www.pm.pb.gov.br\/portal\/wp-json\/wp\/v2\/media\/902974"}],"wp:attachment":[{"href":"https:\/\/www.pm.pb.gov.br\/portal\/wp-json\/wp\/v2\/media?parent=902973"}],"wp:term":[{"taxonomy":"category","embeddable":true,"href":"https:\/\/www.pm.pb.gov.br\/portal\/wp-json\/wp\/v2\/categories?post=902973"},{"taxonomy":"post_tag","embeddable":true,"href":"https:\/\/www.pm.pb.gov.br\/portal\/wp-json\/wp\/v2\/tags?post=902973"}],"curies":[{"name":"wp","href":"https:\/\/api.w.org\/{rel}","templated":true}]}}