{"id":902965,"date":"2019-11-13T10:54:50","date_gmt":"2019-11-13T13:54:50","guid":{"rendered":"http:\/\/www.pm.pb.gov.br\/portal\/?p=902965"},"modified":"2019-11-13T10:54:52","modified_gmt":"2019-11-13T13:54:52","slug":"policia-militar-prende-mais-um-acusado-do-assassinato-que-motivou-os-confrontos-na-comunidade-das-laranjeiras","status":"publish","type":"post","link":"https:\/\/www.pm.pb.gov.br\/portal\/2019\/11\/13\/policia-militar-prende-mais-um-acusado-do-assassinato-que-motivou-os-confrontos-na-comunidade-das-laranjeiras\/","title":{"rendered":"Pol\u00edcia Militar prende mais um acusado do assassinato que motivou os confrontos na comunidade das Laranjeiras"},"content":{"rendered":"\n<p style=\"font-weight: 400;\">A Pol\u00edcia Militar prendeu, na madrugada desta quarta-feira (13), mais um acusado de matar\u00a0Jos\u00e9 Augusto Silva do Nascimento, de 30 anos, com mais de vinte tiros, no dia 30 de outubro, na comunidade das Laranjeiras, em Jo\u00e3o Pessoa. O crime deu in\u00edcio a uma disputa pelo comando do tr\u00e1fico na localidade, que foi desarticulado pelas constantes opera\u00e7\u00f5es da Pol\u00edcia Militar, com apoio da Pol\u00edcia Civil. At\u00e9 agora, j\u00e1 s\u00e3o nove pris\u00f5es de envolvidos nos confrontos, nove armas apreendidas, quase 300 papelotes de maconha e mais de cem muni\u00e7\u00f5es.<\/p>\n<p style=\"font-weight: 400;\">O preso desta madrugada, Wesley Fernandes Pereira Rocha (O Pingo), de 23 anos, estava escondido em um apartamento, no bairro do Mu\u00e7umagro, na zona sul da Capital. Policiais da For\u00e7a T\u00e1tica do 5\u00ba Batalh\u00e3o conseguiram localiz\u00e1-lo ap\u00f3s mais um trabalho da Coordenadoria de Intelig\u00eancia da PM, que desde o dia do crime vem levantando informa\u00e7\u00f5es sobre os suspeitos de atuar na comunidade. O comparsa dele, Danilo da Silva Ara\u00fajo (O Boi\u00e3o), de 20 anos, j\u00e1 tinha sido preso no dia 2 de novembro em uma a\u00e7\u00e3o conjunta do 5\u00ba Batalh\u00e3o e da Delegacia de Homic\u00eddios.<\/p>\n<p style=\"font-weight: 400;\"><img loading=\"lazy\" decoding=\"async\" class=\"wp-image-902966 alignleft\" src=\"http:\/\/www.pm.pb.gov.br\/portal\/wp-content\/uploads\/2019\/11\/ARMA-APREENDIDA-COM-ELE-533x445.jpg\" alt=\"\" width=\"260\" height=\"217\" srcset=\"https:\/\/www.pm.pb.gov.br\/portal\/wp-content\/uploads\/2019\/11\/ARMA-APREENDIDA-COM-ELE-533x445.jpg 533w, https:\/\/www.pm.pb.gov.br\/portal\/wp-content\/uploads\/2019\/11\/ARMA-APREENDIDA-COM-ELE-683x570.jpg 683w, https:\/\/www.pm.pb.gov.br\/portal\/wp-content\/uploads\/2019\/11\/ARMA-APREENDIDA-COM-ELE.jpg 695w\" sizes=\"(max-width: 260px) 100vw, 260px\" \/> Na a\u00e7\u00e3o desta quarta-feira, a PM apreendeu com o acusado uma pistola calibre 40, com numera\u00e7\u00e3o raspada e contendo 13 muni\u00e7\u00f5es. Ele confessou a participa\u00e7\u00e3o no crime e disse que ap\u00f3s o assassinato, quando a PM passou a ocupar a comunidade, ele vinha dormindo em bairros diferentes de Jo\u00e3o Pessoa para se esconder. O suspeito foi apresentado na Central de Flagrantes, no Geisel.<\/p>\n","protected":false},"excerpt":{"rendered":"<p>A Pol\u00edcia Militar prendeu, na madrugada desta quarta-feira (13), mais um acusado de matar\u00a0Jos\u00e9 Augusto Silva do Nascimento, de 30<\/p>\n","protected":false},"author":12,"featured_media":902495,"comment_status":"closed","ping_status":"closed","sticky":false,"template":"","format":"standard","meta":{"_exactmetrics_skip_tracking":false,"_exactmetrics_sitenote_active":false,"_exactmetrics_sitenote_note":"","_exactmetrics_sitenote_category":0,"footnotes":""},"categories":[4],"tags":[],"yoast_head":"<!-- This site is optimized with the Yoast SEO plugin v22.0 - https:\/\/yoast.com\/wordpress\/plugins\/seo\/ -->\n<title>Pol\u00edcia Militar prende mais um acusado do assassinato que motivou os confrontos na comunidade das Laranjeiras - Pol\u00edcia Militar da Para\u00edba<\/title>\n<meta name=\"robots\" content=\"index, follow, max-snippet:-1, max-image-preview:large, max-video-preview:-1\" \/>\n<link rel=\"canonical\" href=\"https:\/\/www.pm.pb.gov.br\/portal\/2019\/11\/13\/policia-militar-prende-mais-um-acusado-do-assassinato-que-motivou-os-confrontos-na-comunidade-das-laranjeiras\/\" \/>\n<meta property=\"og:locale\" content=\"pt_BR\" \/>\n<meta property=\"og:type\" content=\"article\" \/>\n<meta property=\"og:title\" content=\"Pol\u00edcia Militar prende mais um acusado do assassinato que motivou os confrontos na comunidade das Laranjeiras - Pol\u00edcia Militar da Para\u00edba\" \/>\n<meta property=\"og:description\" content=\"A Pol\u00edcia Militar prendeu, na madrugada desta quarta-feira (13), mais um acusado de matar\u00a0Jos\u00e9 Augusto Silva do Nascimento, de 30\" \/>\n<meta property=\"og:url\" content=\"https:\/\/www.pm.pb.gov.br\/portal\/2019\/11\/13\/policia-militar-prende-mais-um-acusado-do-assassinato-que-motivou-os-confrontos-na-comunidade-das-laranjeiras\/\" \/>\n<meta property=\"og:site_name\" content=\"Pol\u00edcia Militar da Para\u00edba\" \/>\n<meta property=\"article:published_time\" content=\"2019-11-13T13:54:50+00:00\" \/>\n<meta property=\"article:modified_time\" content=\"2019-11-13T13:54:52+00:00\" \/>\n<meta property=\"og:image\" content=\"https:\/\/www.pm.pb.gov.br\/portal\/wp-content\/uploads\/2019\/09\/site1-1.jpg\" \/>\n\t<meta property=\"og:image:width\" content=\"800\" \/>\n\t<meta property=\"og:image:height\" content=\"445\" \/>\n\t<meta property=\"og:image:type\" content=\"image\/jpeg\" \/>\n<meta name=\"author\" content=\"Tarcisio Oliveira\" \/>\n<meta name=\"twitter:card\" content=\"summary_large_image\" \/>\n<meta name=\"twitter:label1\" content=\"Escrito por\" \/>\n\t<meta name=\"twitter:data1\" content=\"Tarcisio Oliveira\" \/>\n\t<meta name=\"twitter:label2\" content=\"Est. tempo de leitura\" \/>\n\t<meta name=\"twitter:data2\" content=\"1 minuto\" \/>\n<script type=\"application\/ld+json\" class=\"yoast-schema-graph\">{\"@context\":\"https:\/\/schema.org\",\"@graph\":[{\"@type\":\"Article\",\"@id\":\"https:\/\/www.pm.pb.gov.br\/portal\/2019\/11\/13\/policia-militar-prende-mais-um-acusado-do-assassinato-que-motivou-os-confrontos-na-comunidade-das-laranjeiras\/#article\",\"isPartOf\":{\"@id\":\"https:\/\/www.pm.pb.gov.br\/portal\/2019\/11\/13\/policia-militar-prende-mais-um-acusado-do-assassinato-que-motivou-os-confrontos-na-comunidade-das-laranjeiras\/\"},\"author\":{\"name\":\"Tarcisio Oliveira\",\"@id\":\"https:\/\/www.pm.pb.gov.br\/portal\/#\/schema\/person\/f84f56dcc78ce4357054da888b8247fd\"},\"headline\":\"Pol\u00edcia Militar prende mais um acusado do assassinato que motivou os confrontos na comunidade das Laranjeiras\",\"datePublished\":\"2019-11-13T13:54:50+00:00\",\"dateModified\":\"2019-11-13T13:54:52+00:00\",\"mainEntityOfPage\":{\"@id\":\"https:\/\/www.pm.pb.gov.br\/portal\/2019\/11\/13\/policia-militar-prende-mais-um-acusado-do-assassinato-que-motivou-os-confrontos-na-comunidade-das-laranjeiras\/\"},\"wordCount\":282,\"publisher\":{\"@id\":\"https:\/\/www.pm.pb.gov.br\/portal\/#organization\"},\"articleSection\":[\"A\u00e7\u00f5es Policiais\"],\"inLanguage\":\"pt-BR\"},{\"@type\":\"WebPage\",\"@id\":\"https:\/\/www.pm.pb.gov.br\/portal\/2019\/11\/13\/policia-militar-prende-mais-um-acusado-do-assassinato-que-motivou-os-confrontos-na-comunidade-das-laranjeiras\/\",\"url\":\"https:\/\/www.pm.pb.gov.br\/portal\/2019\/11\/13\/policia-militar-prende-mais-um-acusado-do-assassinato-que-motivou-os-confrontos-na-comunidade-das-laranjeiras\/\",\"name\":\"Pol\u00edcia Militar prende mais um acusado do assassinato que motivou os confrontos na comunidade das Laranjeiras - Pol\u00edcia Militar da Para\u00edba\",\"isPartOf\":{\"@id\":\"https:\/\/www.pm.pb.gov.br\/portal\/#website\"},\"datePublished\":\"2019-11-13T13:54:50+00:00\",\"dateModified\":\"2019-11-13T13:54:52+00:00\",\"breadcrumb\":{\"@id\":\"https:\/\/www.pm.pb.gov.br\/portal\/2019\/11\/13\/policia-militar-prende-mais-um-acusado-do-assassinato-que-motivou-os-confrontos-na-comunidade-das-laranjeiras\/#breadcrumb\"},\"inLanguage\":\"pt-BR\",\"potentialAction\":[{\"@type\":\"ReadAction\",\"target\":[\"https:\/\/www.pm.pb.gov.br\/portal\/2019\/11\/13\/policia-militar-prende-mais-um-acusado-do-assassinato-que-motivou-os-confrontos-na-comunidade-das-laranjeiras\/\"]}]},{\"@type\":\"BreadcrumbList\",\"@id\":\"https:\/\/www.pm.pb.gov.br\/portal\/2019\/11\/13\/policia-militar-prende-mais-um-acusado-do-assassinato-que-motivou-os-confrontos-na-comunidade-das-laranjeiras\/#breadcrumb\",\"itemListElement\":[{\"@type\":\"ListItem\",\"position\":1,\"name\":\"In\u00edcio\",\"item\":\"https:\/\/www.pm.pb.gov.br\/portal\/\"},{\"@type\":\"ListItem\",\"position\":2,\"name\":\"Pol\u00edcia Militar prende mais um acusado do assassinato que motivou os confrontos na comunidade das Laranjeiras\"}]},{\"@type\":\"WebSite\",\"@id\":\"https:\/\/www.pm.pb.gov.br\/portal\/#website\",\"url\":\"https:\/\/www.pm.pb.gov.br\/portal\/\",\"name\":\"Pol\u00edcia Militar da Para\u00edba\",\"description\":\"\",\"publisher\":{\"@id\":\"https:\/\/www.pm.pb.gov.br\/portal\/#organization\"},\"potentialAction\":[{\"@type\":\"SearchAction\",\"target\":{\"@type\":\"EntryPoint\",\"urlTemplate\":\"https:\/\/www.pm.pb.gov.br\/portal\/?s={search_term_string}\"},\"query-input\":\"required name=search_term_string\"}],\"inLanguage\":\"pt-BR\"},{\"@type\":\"Organization\",\"@id\":\"https:\/\/www.pm.pb.gov.br\/portal\/#organization\",\"name\":\"Pol\u00edcia Militar da Para\u00edba\",\"url\":\"https:\/\/www.pm.pb.gov.br\/portal\/\",\"logo\":{\"@type\":\"ImageObject\",\"inLanguage\":\"pt-BR\",\"@id\":\"https:\/\/www.pm.pb.gov.br\/portal\/#\/schema\/logo\/image\/\",\"url\":\"https:\/\/www.pm.pb.gov.br\/portal\/wp-content\/uploads\/2025\/03\/cropped-logo-site-mag2-1.png\",\"contentUrl\":\"https:\/\/www.pm.pb.gov.br\/portal\/wp-content\/uploads\/2025\/03\/cropped-logo-site-mag2-1.png\",\"width\":320,\"height\":90,\"caption\":\"Pol\u00edcia Militar da Para\u00edba\"},\"image\":{\"@id\":\"https:\/\/www.pm.pb.gov.br\/portal\/#\/schema\/logo\/image\/\"}},{\"@type\":\"Person\",\"@id\":\"https:\/\/www.pm.pb.gov.br\/portal\/#\/schema\/person\/f84f56dcc78ce4357054da888b8247fd\",\"name\":\"Tarcisio Oliveira\",\"image\":{\"@type\":\"ImageObject\",\"inLanguage\":\"pt-BR\",\"@id\":\"https:\/\/www.pm.pb.gov.br\/portal\/#\/schema\/person\/image\/\",\"url\":\"https:\/\/secure.gravatar.com\/avatar\/72917b630b69d31cd0297507f34bac97?s=96&d=mm&r=g\",\"contentUrl\":\"https:\/\/secure.gravatar.com\/avatar\/72917b630b69d31cd0297507f34bac97?s=96&d=mm&r=g\",\"caption\":\"Tarcisio Oliveira\"},\"url\":\"https:\/\/www.pm.pb.gov.br\/portal\/author\/tarcisio\/\"}]}<\/script>\n<!-- \/ Yoast SEO plugin. -->","yoast_head_json":{"title":"Pol\u00edcia Militar prende mais um acusado do assassinato que motivou os confrontos na comunidade das Laranjeiras - Pol\u00edcia Militar da Para\u00edba","robots":{"index":"index","follow":"follow","max-snippet":"max-snippet:-1","max-image-preview":"max-image-preview:large","max-video-preview":"max-video-preview:-1"},"canonical":"https:\/\/www.pm.pb.gov.br\/portal\/2019\/11\/13\/policia-militar-prende-mais-um-acusado-do-assassinato-que-motivou-os-confrontos-na-comunidade-das-laranjeiras\/","og_locale":"pt_BR","og_type":"article","og_title":"Pol\u00edcia Militar prende mais um acusado do assassinato que motivou os confrontos na comunidade das Laranjeiras - Pol\u00edcia Militar da Para\u00edba","og_description":"A Pol\u00edcia Militar prendeu, na madrugada desta quarta-feira (13), mais um acusado de matar\u00a0Jos\u00e9 Augusto Silva do Nascimento, de 30","og_url":"https:\/\/www.pm.pb.gov.br\/portal\/2019\/11\/13\/policia-militar-prende-mais-um-acusado-do-assassinato-que-motivou-os-confrontos-na-comunidade-das-laranjeiras\/","og_site_name":"Pol\u00edcia Militar da Para\u00edba","article_published_time":"2019-11-13T13:54:50+00:00","article_modified_time":"2019-11-13T13:54:52+00:00","og_image":[{"width":800,"height":445,"url":"https:\/\/www.pm.pb.gov.br\/portal\/wp-content\/uploads\/2019\/09\/site1-1.jpg","type":"image\/jpeg"}],"author":"Tarcisio Oliveira","twitter_card":"summary_large_image","twitter_misc":{"Escrito por":"Tarcisio Oliveira","Est. tempo de leitura":"1 minuto"},"schema":{"@context":"https:\/\/schema.org","@graph":[{"@type":"Article","@id":"https:\/\/www.pm.pb.gov.br\/portal\/2019\/11\/13\/policia-militar-prende-mais-um-acusado-do-assassinato-que-motivou-os-confrontos-na-comunidade-das-laranjeiras\/#article","isPartOf":{"@id":"https:\/\/www.pm.pb.gov.br\/portal\/2019\/11\/13\/policia-militar-prende-mais-um-acusado-do-assassinato-que-motivou-os-confrontos-na-comunidade-das-laranjeiras\/"},"author":{"name":"Tarcisio Oliveira","@id":"https:\/\/www.pm.pb.gov.br\/portal\/#\/schema\/person\/f84f56dcc78ce4357054da888b8247fd"},"headline":"Pol\u00edcia Militar prende mais um acusado do assassinato que motivou os confrontos na comunidade das Laranjeiras","datePublished":"2019-11-13T13:54:50+00:00","dateModified":"2019-11-13T13:54:52+00:00","mainEntityOfPage":{"@id":"https:\/\/www.pm.pb.gov.br\/portal\/2019\/11\/13\/policia-militar-prende-mais-um-acusado-do-assassinato-que-motivou-os-confrontos-na-comunidade-das-laranjeiras\/"},"wordCount":282,"publisher":{"@id":"https:\/\/www.pm.pb.gov.br\/portal\/#organization"},"articleSection":["A\u00e7\u00f5es Policiais"],"inLanguage":"pt-BR"},{"@type":"WebPage","@id":"https:\/\/www.pm.pb.gov.br\/portal\/2019\/11\/13\/policia-militar-prende-mais-um-acusado-do-assassinato-que-motivou-os-confrontos-na-comunidade-das-laranjeiras\/","url":"https:\/\/www.pm.pb.gov.br\/portal\/2019\/11\/13\/policia-militar-prende-mais-um-acusado-do-assassinato-que-motivou-os-confrontos-na-comunidade-das-laranjeiras\/","name":"Pol\u00edcia Militar prende mais um acusado do assassinato que motivou os confrontos na comunidade das Laranjeiras - Pol\u00edcia Militar da Para\u00edba","isPartOf":{"@id":"https:\/\/www.pm.pb.gov.br\/portal\/#website"},"datePublished":"2019-11-13T13:54:50+00:00","dateModified":"2019-11-13T13:54:52+00:00","breadcrumb":{"@id":"https:\/\/www.pm.pb.gov.br\/portal\/2019\/11\/13\/policia-militar-prende-mais-um-acusado-do-assassinato-que-motivou-os-confrontos-na-comunidade-das-laranjeiras\/#breadcrumb"},"inLanguage":"pt-BR","potentialAction":[{"@type":"ReadAction","target":["https:\/\/www.pm.pb.gov.br\/portal\/2019\/11\/13\/policia-militar-prende-mais-um-acusado-do-assassinato-que-motivou-os-confrontos-na-comunidade-das-laranjeiras\/"]}]},{"@type":"BreadcrumbList","@id":"https:\/\/www.pm.pb.gov.br\/portal\/2019\/11\/13\/policia-militar-prende-mais-um-acusado-do-assassinato-que-motivou-os-confrontos-na-comunidade-das-laranjeiras\/#breadcrumb","itemListElement":[{"@type":"ListItem","position":1,"name":"In\u00edcio","item":"https:\/\/www.pm.pb.gov.br\/portal\/"},{"@type":"ListItem","position":2,"name":"Pol\u00edcia Militar prende mais um acusado do assassinato que motivou os confrontos na comunidade das Laranjeiras"}]},{"@type":"WebSite","@id":"https:\/\/www.pm.pb.gov.br\/portal\/#website","url":"https:\/\/www.pm.pb.gov.br\/portal\/","name":"Pol\u00edcia Militar da Para\u00edba","description":"","publisher":{"@id":"https:\/\/www.pm.pb.gov.br\/portal\/#organization"},"potentialAction":[{"@type":"SearchAction","target":{"@type":"EntryPoint","urlTemplate":"https:\/\/www.pm.pb.gov.br\/portal\/?s={search_term_string}"},"query-input":"required name=search_term_string"}],"inLanguage":"pt-BR"},{"@type":"Organization","@id":"https:\/\/www.pm.pb.gov.br\/portal\/#organization","name":"Pol\u00edcia Militar da Para\u00edba","url":"https:\/\/www.pm.pb.gov.br\/portal\/","logo":{"@type":"ImageObject","inLanguage":"pt-BR","@id":"https:\/\/www.pm.pb.gov.br\/portal\/#\/schema\/logo\/image\/","url":"https:\/\/www.pm.pb.gov.br\/portal\/wp-content\/uploads\/2025\/03\/cropped-logo-site-mag2-1.png","contentUrl":"https:\/\/www.pm.pb.gov.br\/portal\/wp-content\/uploads\/2025\/03\/cropped-logo-site-mag2-1.png","width":320,"height":90,"caption":"Pol\u00edcia Militar da Para\u00edba"},"image":{"@id":"https:\/\/www.pm.pb.gov.br\/portal\/#\/schema\/logo\/image\/"}},{"@type":"Person","@id":"https:\/\/www.pm.pb.gov.br\/portal\/#\/schema\/person\/f84f56dcc78ce4357054da888b8247fd","name":"Tarcisio Oliveira","image":{"@type":"ImageObject","inLanguage":"pt-BR","@id":"https:\/\/www.pm.pb.gov.br\/portal\/#\/schema\/person\/image\/","url":"https:\/\/secure.gravatar.com\/avatar\/72917b630b69d31cd0297507f34bac97?s=96&d=mm&r=g","contentUrl":"https:\/\/secure.gravatar.com\/avatar\/72917b630b69d31cd0297507f34bac97?s=96&d=mm&r=g","caption":"Tarcisio Oliveira"},"url":"https:\/\/www.pm.pb.gov.br\/portal\/author\/tarcisio\/"}]}},"_links":{"self":[{"href":"https:\/\/www.pm.pb.gov.br\/portal\/wp-json\/wp\/v2\/posts\/902965"}],"collection":[{"href":"https:\/\/www.pm.pb.gov.br\/portal\/wp-json\/wp\/v2\/posts"}],"about":[{"href":"https:\/\/www.pm.pb.gov.br\/portal\/wp-json\/wp\/v2\/types\/post"}],"author":[{"embeddable":true,"href":"https:\/\/www.pm.pb.gov.br\/portal\/wp-json\/wp\/v2\/users\/12"}],"replies":[{"embeddable":true,"href":"https:\/\/www.pm.pb.gov.br\/portal\/wp-json\/wp\/v2\/comments?post=902965"}],"version-history":[{"count":6,"href":"https:\/\/www.pm.pb.gov.br\/portal\/wp-json\/wp\/v2\/posts\/902965\/revisions"}],"predecessor-version":[{"id":902972,"href":"https:\/\/www.pm.pb.gov.br\/portal\/wp-json\/wp\/v2\/posts\/902965\/revisions\/902972"}],"wp:featuredmedia":[{"embeddable":true,"href":"https:\/\/www.pm.pb.gov.br\/portal\/wp-json\/wp\/v2\/media\/902495"}],"wp:attachment":[{"href":"https:\/\/www.pm.pb.gov.br\/portal\/wp-json\/wp\/v2\/media?parent=902965"}],"wp:term":[{"taxonomy":"category","embeddable":true,"href":"https:\/\/www.pm.pb.gov.br\/portal\/wp-json\/wp\/v2\/categories?post=902965"},{"taxonomy":"post_tag","embeddable":true,"href":"https:\/\/www.pm.pb.gov.br\/portal\/wp-json\/wp\/v2\/tags?post=902965"}],"curies":[{"name":"wp","href":"https:\/\/api.w.org\/{rel}","templated":true}]}}