{"id":902960,"date":"2019-11-12T18:22:22","date_gmt":"2019-11-12T21:22:22","guid":{"rendered":"http:\/\/www.pm.pb.gov.br\/portal\/?p=902960"},"modified":"2019-11-12T18:34:32","modified_gmt":"2019-11-12T21:34:32","slug":"policia-militar-captura-foragido-da-justica-e-apreende-adolescente-com-armas-de-fogo","status":"publish","type":"post","link":"https:\/\/www.pm.pb.gov.br\/portal\/2019\/11\/12\/policia-militar-captura-foragido-da-justica-e-apreende-adolescente-com-armas-de-fogo\/","title":{"rendered":"Pol\u00edcia Militar captura foragido da Justi\u00e7a e apreende adolescente com armas de fogo"},"content":{"rendered":"\n<p style=\"font-weight: 400;\">A regi\u00e3o metropolitana de Jo\u00e3o Pessoa chegou ao in\u00edcio da noite desta ter\u00e7a-feira (12) com a captura de um homem procurado pela Justi\u00e7a, e apreens\u00e3o de um adolescente com duas armas de fogo. As a\u00e7\u00f5es aconteceram na capital e em Santa Rita, e foram realizadas pela Pol\u00edcia Militar.<\/p>\n<p style=\"font-weight: 400;\">Na a\u00e7\u00e3o mais recente, por volta das 17h, policiais do motopatrulhamento do Batalh\u00e3o Especializado em Policiamento com Motocicletas (BEPMotos) localizaram um homem de 25 anos de idade que tinha um mandado de pris\u00e3o em aberto pelo crime de porte ilegal de arma de fogo (foto acima \u00e9 ilustrativa). Ele foi abordado nas proximidades do Espa\u00e7o Cultural, no bairro de Tambauzinho, tentou ocultar a identidade mas foi descoberto pela PM. O acusado foi encaminhado para a Central de Flagrantes<\/p>\n<p style=\"font-weight: 400;\"><strong>Em Santa Rita \u2013<\/strong> Ainda na regi\u00e3o metropolitana, por volta das 16h, policiais da For\u00e7a T\u00e1tica do 7\u00ba Batalh\u00e3o apreenderam um menor de 16 anos de idade, que estava com duas espingardas sendo uma de cano curto, calibre 28, e outra de fabrica\u00e7\u00e3o caseira (foto abaixo). Ele foi localizado na comunidade Buraco do Sapo, durante incurs\u00f5es e a\u00e7\u00f5es preventivas da PM na regi\u00e3o.<\/p>\n<p><img loading=\"lazy\" decoding=\"async\" class=\"wp-image-902961 aligncenter\" src=\"http:\/\/www.pm.pb.gov.br\/portal\/wp-content\/uploads\/2019\/11\/WhatsApp-Image-2019-11-12-at-16.45.44-593x445.jpeg\" alt=\"\" width=\"429\" height=\"322\" srcset=\"https:\/\/www.pm.pb.gov.br\/portal\/wp-content\/uploads\/2019\/11\/WhatsApp-Image-2019-11-12-at-16.45.44-593x445.jpeg 593w, https:\/\/www.pm.pb.gov.br\/portal\/wp-content\/uploads\/2019\/11\/WhatsApp-Image-2019-11-12-at-16.45.44-768x576.jpeg 768w, https:\/\/www.pm.pb.gov.br\/portal\/wp-content\/uploads\/2019\/11\/WhatsApp-Image-2019-11-12-at-16.45.44-760x570.jpeg 760w, https:\/\/www.pm.pb.gov.br\/portal\/wp-content\/uploads\/2019\/11\/WhatsApp-Image-2019-11-12-at-16.45.44.jpeg 1152w\" sizes=\"(max-width: 429px) 100vw, 429px\" \/><\/p>\n<p style=\"font-weight: 400;\">O menor foi apresentado na 6\u00aa Delegacia Distrital, em Santa Rita.<\/p>\n","protected":false},"excerpt":{"rendered":"<p>A regi\u00e3o metropolitana de Jo\u00e3o Pessoa chegou ao in\u00edcio da noite desta ter\u00e7a-feira (12) com a captura de um homem<\/p>\n","protected":false},"author":12,"featured_media":902963,"comment_status":"closed","ping_status":"closed","sticky":false,"template":"","format":"standard","meta":{"_exactmetrics_skip_tracking":false,"_exactmetrics_sitenote_active":false,"_exactmetrics_sitenote_note":"","_exactmetrics_sitenote_category":0,"footnotes":""},"categories":[4],"tags":[],"yoast_head":"<!-- This site is optimized with the Yoast SEO plugin v22.0 - https:\/\/yoast.com\/wordpress\/plugins\/seo\/ -->\n<title>Pol\u00edcia Militar captura foragido da Justi\u00e7a e apreende adolescente com armas de fogo - Pol\u00edcia Militar da Para\u00edba<\/title>\n<meta name=\"robots\" content=\"index, follow, max-snippet:-1, max-image-preview:large, max-video-preview:-1\" \/>\n<link rel=\"canonical\" href=\"https:\/\/www.pm.pb.gov.br\/portal\/2019\/11\/12\/policia-militar-captura-foragido-da-justica-e-apreende-adolescente-com-armas-de-fogo\/\" \/>\n<meta property=\"og:locale\" content=\"pt_BR\" \/>\n<meta property=\"og:type\" content=\"article\" \/>\n<meta property=\"og:title\" content=\"Pol\u00edcia Militar captura foragido da Justi\u00e7a e apreende adolescente com armas de fogo - Pol\u00edcia Militar da Para\u00edba\" \/>\n<meta property=\"og:description\" content=\"A regi\u00e3o metropolitana de Jo\u00e3o Pessoa chegou ao in\u00edcio da noite desta ter\u00e7a-feira (12) com a captura de um homem\" \/>\n<meta property=\"og:url\" content=\"https:\/\/www.pm.pb.gov.br\/portal\/2019\/11\/12\/policia-militar-captura-foragido-da-justica-e-apreende-adolescente-com-armas-de-fogo\/\" \/>\n<meta property=\"og:site_name\" content=\"Pol\u00edcia Militar da Para\u00edba\" \/>\n<meta property=\"article:published_time\" content=\"2019-11-12T21:22:22+00:00\" \/>\n<meta property=\"article:modified_time\" content=\"2019-11-12T21:34:32+00:00\" \/>\n<meta property=\"og:image\" content=\"https:\/\/www.pm.pb.gov.br\/portal\/wp-content\/uploads\/2019\/11\/bepmotosilustrativa.jpeg\" \/>\n\t<meta property=\"og:image:width\" content=\"800\" \/>\n\t<meta property=\"og:image:height\" content=\"445\" \/>\n\t<meta property=\"og:image:type\" content=\"image\/jpeg\" \/>\n<meta name=\"author\" content=\"Tarcisio Oliveira\" \/>\n<meta name=\"twitter:card\" content=\"summary_large_image\" \/>\n<meta name=\"twitter:label1\" content=\"Escrito por\" \/>\n\t<meta name=\"twitter:data1\" content=\"Tarcisio Oliveira\" \/>\n\t<meta name=\"twitter:label2\" content=\"Est. tempo de leitura\" \/>\n\t<meta name=\"twitter:data2\" content=\"1 minuto\" \/>\n<script type=\"application\/ld+json\" class=\"yoast-schema-graph\">{\"@context\":\"https:\/\/schema.org\",\"@graph\":[{\"@type\":\"Article\",\"@id\":\"https:\/\/www.pm.pb.gov.br\/portal\/2019\/11\/12\/policia-militar-captura-foragido-da-justica-e-apreende-adolescente-com-armas-de-fogo\/#article\",\"isPartOf\":{\"@id\":\"https:\/\/www.pm.pb.gov.br\/portal\/2019\/11\/12\/policia-militar-captura-foragido-da-justica-e-apreende-adolescente-com-armas-de-fogo\/\"},\"author\":{\"name\":\"Tarcisio Oliveira\",\"@id\":\"https:\/\/www.pm.pb.gov.br\/portal\/#\/schema\/person\/f84f56dcc78ce4357054da888b8247fd\"},\"headline\":\"Pol\u00edcia Militar captura foragido da Justi\u00e7a e apreende adolescente com armas de fogo\",\"datePublished\":\"2019-11-12T21:22:22+00:00\",\"dateModified\":\"2019-11-12T21:34:32+00:00\",\"mainEntityOfPage\":{\"@id\":\"https:\/\/www.pm.pb.gov.br\/portal\/2019\/11\/12\/policia-militar-captura-foragido-da-justica-e-apreende-adolescente-com-armas-de-fogo\/\"},\"wordCount\":227,\"publisher\":{\"@id\":\"https:\/\/www.pm.pb.gov.br\/portal\/#organization\"},\"articleSection\":[\"A\u00e7\u00f5es Policiais\"],\"inLanguage\":\"pt-BR\"},{\"@type\":\"WebPage\",\"@id\":\"https:\/\/www.pm.pb.gov.br\/portal\/2019\/11\/12\/policia-militar-captura-foragido-da-justica-e-apreende-adolescente-com-armas-de-fogo\/\",\"url\":\"https:\/\/www.pm.pb.gov.br\/portal\/2019\/11\/12\/policia-militar-captura-foragido-da-justica-e-apreende-adolescente-com-armas-de-fogo\/\",\"name\":\"Pol\u00edcia Militar captura foragido da Justi\u00e7a e apreende adolescente com armas de fogo - Pol\u00edcia Militar da Para\u00edba\",\"isPartOf\":{\"@id\":\"https:\/\/www.pm.pb.gov.br\/portal\/#website\"},\"datePublished\":\"2019-11-12T21:22:22+00:00\",\"dateModified\":\"2019-11-12T21:34:32+00:00\",\"breadcrumb\":{\"@id\":\"https:\/\/www.pm.pb.gov.br\/portal\/2019\/11\/12\/policia-militar-captura-foragido-da-justica-e-apreende-adolescente-com-armas-de-fogo\/#breadcrumb\"},\"inLanguage\":\"pt-BR\",\"potentialAction\":[{\"@type\":\"ReadAction\",\"target\":[\"https:\/\/www.pm.pb.gov.br\/portal\/2019\/11\/12\/policia-militar-captura-foragido-da-justica-e-apreende-adolescente-com-armas-de-fogo\/\"]}]},{\"@type\":\"BreadcrumbList\",\"@id\":\"https:\/\/www.pm.pb.gov.br\/portal\/2019\/11\/12\/policia-militar-captura-foragido-da-justica-e-apreende-adolescente-com-armas-de-fogo\/#breadcrumb\",\"itemListElement\":[{\"@type\":\"ListItem\",\"position\":1,\"name\":\"In\u00edcio\",\"item\":\"https:\/\/www.pm.pb.gov.br\/portal\/\"},{\"@type\":\"ListItem\",\"position\":2,\"name\":\"Pol\u00edcia Militar captura foragido da Justi\u00e7a e apreende adolescente com armas de fogo\"}]},{\"@type\":\"WebSite\",\"@id\":\"https:\/\/www.pm.pb.gov.br\/portal\/#website\",\"url\":\"https:\/\/www.pm.pb.gov.br\/portal\/\",\"name\":\"Pol\u00edcia Militar da Para\u00edba\",\"description\":\"\",\"publisher\":{\"@id\":\"https:\/\/www.pm.pb.gov.br\/portal\/#organization\"},\"potentialAction\":[{\"@type\":\"SearchAction\",\"target\":{\"@type\":\"EntryPoint\",\"urlTemplate\":\"https:\/\/www.pm.pb.gov.br\/portal\/?s={search_term_string}\"},\"query-input\":\"required name=search_term_string\"}],\"inLanguage\":\"pt-BR\"},{\"@type\":\"Organization\",\"@id\":\"https:\/\/www.pm.pb.gov.br\/portal\/#organization\",\"name\":\"Pol\u00edcia Militar da Para\u00edba\",\"url\":\"https:\/\/www.pm.pb.gov.br\/portal\/\",\"logo\":{\"@type\":\"ImageObject\",\"inLanguage\":\"pt-BR\",\"@id\":\"https:\/\/www.pm.pb.gov.br\/portal\/#\/schema\/logo\/image\/\",\"url\":\"https:\/\/www.pm.pb.gov.br\/portal\/wp-content\/uploads\/2025\/03\/cropped-logo-site-mag2-1.png\",\"contentUrl\":\"https:\/\/www.pm.pb.gov.br\/portal\/wp-content\/uploads\/2025\/03\/cropped-logo-site-mag2-1.png\",\"width\":320,\"height\":90,\"caption\":\"Pol\u00edcia Militar da Para\u00edba\"},\"image\":{\"@id\":\"https:\/\/www.pm.pb.gov.br\/portal\/#\/schema\/logo\/image\/\"}},{\"@type\":\"Person\",\"@id\":\"https:\/\/www.pm.pb.gov.br\/portal\/#\/schema\/person\/f84f56dcc78ce4357054da888b8247fd\",\"name\":\"Tarcisio Oliveira\",\"image\":{\"@type\":\"ImageObject\",\"inLanguage\":\"pt-BR\",\"@id\":\"https:\/\/www.pm.pb.gov.br\/portal\/#\/schema\/person\/image\/\",\"url\":\"https:\/\/secure.gravatar.com\/avatar\/72917b630b69d31cd0297507f34bac97?s=96&d=mm&r=g\",\"contentUrl\":\"https:\/\/secure.gravatar.com\/avatar\/72917b630b69d31cd0297507f34bac97?s=96&d=mm&r=g\",\"caption\":\"Tarcisio Oliveira\"},\"url\":\"https:\/\/www.pm.pb.gov.br\/portal\/author\/tarcisio\/\"}]}<\/script>\n<!-- \/ Yoast SEO plugin. -->","yoast_head_json":{"title":"Pol\u00edcia Militar captura foragido da Justi\u00e7a e apreende adolescente com armas de fogo - Pol\u00edcia Militar da Para\u00edba","robots":{"index":"index","follow":"follow","max-snippet":"max-snippet:-1","max-image-preview":"max-image-preview:large","max-video-preview":"max-video-preview:-1"},"canonical":"https:\/\/www.pm.pb.gov.br\/portal\/2019\/11\/12\/policia-militar-captura-foragido-da-justica-e-apreende-adolescente-com-armas-de-fogo\/","og_locale":"pt_BR","og_type":"article","og_title":"Pol\u00edcia Militar captura foragido da Justi\u00e7a e apreende adolescente com armas de fogo - Pol\u00edcia Militar da Para\u00edba","og_description":"A regi\u00e3o metropolitana de Jo\u00e3o Pessoa chegou ao in\u00edcio da noite desta ter\u00e7a-feira (12) com a captura de um homem","og_url":"https:\/\/www.pm.pb.gov.br\/portal\/2019\/11\/12\/policia-militar-captura-foragido-da-justica-e-apreende-adolescente-com-armas-de-fogo\/","og_site_name":"Pol\u00edcia Militar da Para\u00edba","article_published_time":"2019-11-12T21:22:22+00:00","article_modified_time":"2019-11-12T21:34:32+00:00","og_image":[{"width":800,"height":445,"url":"https:\/\/www.pm.pb.gov.br\/portal\/wp-content\/uploads\/2019\/11\/bepmotosilustrativa.jpeg","type":"image\/jpeg"}],"author":"Tarcisio Oliveira","twitter_card":"summary_large_image","twitter_misc":{"Escrito por":"Tarcisio Oliveira","Est. tempo de leitura":"1 minuto"},"schema":{"@context":"https:\/\/schema.org","@graph":[{"@type":"Article","@id":"https:\/\/www.pm.pb.gov.br\/portal\/2019\/11\/12\/policia-militar-captura-foragido-da-justica-e-apreende-adolescente-com-armas-de-fogo\/#article","isPartOf":{"@id":"https:\/\/www.pm.pb.gov.br\/portal\/2019\/11\/12\/policia-militar-captura-foragido-da-justica-e-apreende-adolescente-com-armas-de-fogo\/"},"author":{"name":"Tarcisio Oliveira","@id":"https:\/\/www.pm.pb.gov.br\/portal\/#\/schema\/person\/f84f56dcc78ce4357054da888b8247fd"},"headline":"Pol\u00edcia Militar captura foragido da Justi\u00e7a e apreende adolescente com armas de fogo","datePublished":"2019-11-12T21:22:22+00:00","dateModified":"2019-11-12T21:34:32+00:00","mainEntityOfPage":{"@id":"https:\/\/www.pm.pb.gov.br\/portal\/2019\/11\/12\/policia-militar-captura-foragido-da-justica-e-apreende-adolescente-com-armas-de-fogo\/"},"wordCount":227,"publisher":{"@id":"https:\/\/www.pm.pb.gov.br\/portal\/#organization"},"articleSection":["A\u00e7\u00f5es Policiais"],"inLanguage":"pt-BR"},{"@type":"WebPage","@id":"https:\/\/www.pm.pb.gov.br\/portal\/2019\/11\/12\/policia-militar-captura-foragido-da-justica-e-apreende-adolescente-com-armas-de-fogo\/","url":"https:\/\/www.pm.pb.gov.br\/portal\/2019\/11\/12\/policia-militar-captura-foragido-da-justica-e-apreende-adolescente-com-armas-de-fogo\/","name":"Pol\u00edcia Militar captura foragido da Justi\u00e7a e apreende adolescente com armas de fogo - Pol\u00edcia Militar da Para\u00edba","isPartOf":{"@id":"https:\/\/www.pm.pb.gov.br\/portal\/#website"},"datePublished":"2019-11-12T21:22:22+00:00","dateModified":"2019-11-12T21:34:32+00:00","breadcrumb":{"@id":"https:\/\/www.pm.pb.gov.br\/portal\/2019\/11\/12\/policia-militar-captura-foragido-da-justica-e-apreende-adolescente-com-armas-de-fogo\/#breadcrumb"},"inLanguage":"pt-BR","potentialAction":[{"@type":"ReadAction","target":["https:\/\/www.pm.pb.gov.br\/portal\/2019\/11\/12\/policia-militar-captura-foragido-da-justica-e-apreende-adolescente-com-armas-de-fogo\/"]}]},{"@type":"BreadcrumbList","@id":"https:\/\/www.pm.pb.gov.br\/portal\/2019\/11\/12\/policia-militar-captura-foragido-da-justica-e-apreende-adolescente-com-armas-de-fogo\/#breadcrumb","itemListElement":[{"@type":"ListItem","position":1,"name":"In\u00edcio","item":"https:\/\/www.pm.pb.gov.br\/portal\/"},{"@type":"ListItem","position":2,"name":"Pol\u00edcia Militar captura foragido da Justi\u00e7a e apreende adolescente com armas de fogo"}]},{"@type":"WebSite","@id":"https:\/\/www.pm.pb.gov.br\/portal\/#website","url":"https:\/\/www.pm.pb.gov.br\/portal\/","name":"Pol\u00edcia Militar da Para\u00edba","description":"","publisher":{"@id":"https:\/\/www.pm.pb.gov.br\/portal\/#organization"},"potentialAction":[{"@type":"SearchAction","target":{"@type":"EntryPoint","urlTemplate":"https:\/\/www.pm.pb.gov.br\/portal\/?s={search_term_string}"},"query-input":"required name=search_term_string"}],"inLanguage":"pt-BR"},{"@type":"Organization","@id":"https:\/\/www.pm.pb.gov.br\/portal\/#organization","name":"Pol\u00edcia Militar da Para\u00edba","url":"https:\/\/www.pm.pb.gov.br\/portal\/","logo":{"@type":"ImageObject","inLanguage":"pt-BR","@id":"https:\/\/www.pm.pb.gov.br\/portal\/#\/schema\/logo\/image\/","url":"https:\/\/www.pm.pb.gov.br\/portal\/wp-content\/uploads\/2025\/03\/cropped-logo-site-mag2-1.png","contentUrl":"https:\/\/www.pm.pb.gov.br\/portal\/wp-content\/uploads\/2025\/03\/cropped-logo-site-mag2-1.png","width":320,"height":90,"caption":"Pol\u00edcia Militar da Para\u00edba"},"image":{"@id":"https:\/\/www.pm.pb.gov.br\/portal\/#\/schema\/logo\/image\/"}},{"@type":"Person","@id":"https:\/\/www.pm.pb.gov.br\/portal\/#\/schema\/person\/f84f56dcc78ce4357054da888b8247fd","name":"Tarcisio Oliveira","image":{"@type":"ImageObject","inLanguage":"pt-BR","@id":"https:\/\/www.pm.pb.gov.br\/portal\/#\/schema\/person\/image\/","url":"https:\/\/secure.gravatar.com\/avatar\/72917b630b69d31cd0297507f34bac97?s=96&d=mm&r=g","contentUrl":"https:\/\/secure.gravatar.com\/avatar\/72917b630b69d31cd0297507f34bac97?s=96&d=mm&r=g","caption":"Tarcisio Oliveira"},"url":"https:\/\/www.pm.pb.gov.br\/portal\/author\/tarcisio\/"}]}},"_links":{"self":[{"href":"https:\/\/www.pm.pb.gov.br\/portal\/wp-json\/wp\/v2\/posts\/902960"}],"collection":[{"href":"https:\/\/www.pm.pb.gov.br\/portal\/wp-json\/wp\/v2\/posts"}],"about":[{"href":"https:\/\/www.pm.pb.gov.br\/portal\/wp-json\/wp\/v2\/types\/post"}],"author":[{"embeddable":true,"href":"https:\/\/www.pm.pb.gov.br\/portal\/wp-json\/wp\/v2\/users\/12"}],"replies":[{"embeddable":true,"href":"https:\/\/www.pm.pb.gov.br\/portal\/wp-json\/wp\/v2\/comments?post=902960"}],"version-history":[{"count":2,"href":"https:\/\/www.pm.pb.gov.br\/portal\/wp-json\/wp\/v2\/posts\/902960\/revisions"}],"predecessor-version":[{"id":902964,"href":"https:\/\/www.pm.pb.gov.br\/portal\/wp-json\/wp\/v2\/posts\/902960\/revisions\/902964"}],"wp:featuredmedia":[{"embeddable":true,"href":"https:\/\/www.pm.pb.gov.br\/portal\/wp-json\/wp\/v2\/media\/902963"}],"wp:attachment":[{"href":"https:\/\/www.pm.pb.gov.br\/portal\/wp-json\/wp\/v2\/media?parent=902960"}],"wp:term":[{"taxonomy":"category","embeddable":true,"href":"https:\/\/www.pm.pb.gov.br\/portal\/wp-json\/wp\/v2\/categories?post=902960"},{"taxonomy":"post_tag","embeddable":true,"href":"https:\/\/www.pm.pb.gov.br\/portal\/wp-json\/wp\/v2\/tags?post=902960"}],"curies":[{"name":"wp","href":"https:\/\/api.w.org\/{rel}","templated":true}]}}