{"id":902953,"date":"2019-11-16T09:33:38","date_gmt":"2019-11-16T12:33:38","guid":{"rendered":"http:\/\/www.pm.pb.gov.br\/portal\/?p=902953"},"modified":"2019-11-16T09:33:39","modified_gmt":"2019-11-16T12:33:39","slug":"operacao-republica-apreende-quinze-armas-de-fogo-no-feriado-de-15-de-novembro-na-paraiba","status":"publish","type":"post","link":"https:\/\/www.pm.pb.gov.br\/portal\/2019\/11\/16\/operacao-republica-apreende-quinze-armas-de-fogo-no-feriado-de-15-de-novembro-na-paraiba\/","title":{"rendered":"Opera\u00e7\u00e3o Rep\u00fablica apreende quinze armas de fogo no feriado de 15 de novembro na Para\u00edba"},"content":{"rendered":"<p>A Pol\u00edcia Militar apreendeu quinze armas de fogo no feriado dessa sexta-feira (15), durante as a\u00e7\u00f5es da Opera\u00e7\u00e3o Rep\u00fablica, nas cidades Jo\u00e3o Pessoa, Campina Grande, Santa Rita, Bel\u00e9m do Brejo do Cruz, Gado Bravo, Boqueir\u00e3o, Vier\u00f3polis, Bayeux e Serra da Raiz. Desde a noite da \u00faltima quinta-feira (14), a corpora\u00e7\u00e3o vem atuando com um forte esquema de seguran\u00e7a para aumentar a presen\u00e7a policial em locais estrat\u00e9gicos, neste feriad\u00e3o.<\/p>\n<p>A capital paraibana registrou quatro apreens\u00f5es. Foi no bairro de Mandacaru, onde um um suspeito de 19 anos foi preso com um rev\u00f3lver e oito por\u00e7\u00f5es de maconha, na rua Iai\u00e1 Paiva. No bairro do Jos\u00e9 Am\u00e9rico, atrav\u00e9s de uma den\u00fancia an\u00f4nima que levou os policiais at\u00e9 uma casa abandonada, que estava sendo usada para guardar uma espingarda, na comunidade Laranjeiras. No bairro do Cui\u00e1, com um suspeito de 21 anos preso com uma pistola, ap\u00f3s ter o carro abordado em frente a um bar. E no bairro das Ind\u00fastrias, atrav\u00e9s de uma incurs\u00e3o policial realizada na localidade conhecida como \u201cinvas\u00e3o S\u00e3o Rafael\u201d, que terminou com dois suspeitos \u2013 47 e 31 anos &#8211; presos em flagrante com um rev\u00f3lver, 41 embalagens com coca\u00edna, 177 comprimidos psicotr\u00f3picos e dinheiro.<\/p>\n<p>Ainda na Grande Jo\u00e3o Pessoa, foi preso um suspeito de 20 anos ap\u00f3s ser flagrado com um rev\u00f3lver, no bairro de S\u00e3o Bento, em Bayeux, e detidos dois jovens, de 20 e 17 anos, no bairro de Tibiri, munic\u00edpio de Santa Rita. Nos dois casos, os suspeitos foram levados para a 6\u00aa Delegacia Distrital, em Santa Rita.<\/p>\n<p>Em Camina Grande, um adolescente de 17 anos foi flagrado com um rev\u00f3lver, durante abordagem no bairro do Arax\u00e1. Ele ainda tentou fugir ao perceber a presen\u00e7a da PM, mas os policiais conseguiram det\u00ea-lo e apreenderam a arma com ele.<\/p>\n<p><strong>Apreens\u00f5es em outras cidades<\/strong> &#8211; Quatro armas de fogo foram apreendidas na casa de um homem procurado pela justi\u00e7a, na zona rural de Gado Bravo. O suspeito segue sendo procurado. Em Boqueir\u00e3o, foi apreendido um rev\u00f3lver com um suspeito de 25 anos, que teria ferido um primo acidentalmente com um disparo. Em Vier\u00f3polis, um homem de 74 anos foi detido com um rev\u00f3lver ap\u00f3s ser flagrado atirando em via p\u00fablica. Na cidade de Bel\u00e9m do Brejo do Cruz, uma espingarda foi apreendida com um homem de 55 anos, suspeito de amea\u00e7ar o pr\u00f3prio irm\u00e3o. E em Serra da Raiz, foi apreendida uma pistola com um adolescente de 14 anos.<\/p>\n","protected":false},"excerpt":{"rendered":"<p>A Pol\u00edcia Militar apreendeu quinze armas de fogo no feriado dessa sexta-feira (15), durante as a\u00e7\u00f5es da Opera\u00e7\u00e3o Rep\u00fablica, nas<\/p>\n","protected":false},"author":10,"featured_media":902993,"comment_status":"closed","ping_status":"closed","sticky":false,"template":"","format":"standard","meta":{"_exactmetrics_skip_tracking":false,"_exactmetrics_sitenote_active":false,"_exactmetrics_sitenote_note":"","_exactmetrics_sitenote_category":0,"footnotes":""},"categories":[4],"tags":[],"yoast_head":"<!-- This site is optimized with the Yoast SEO plugin v22.0 - https:\/\/yoast.com\/wordpress\/plugins\/seo\/ -->\n<title>Opera\u00e7\u00e3o Rep\u00fablica apreende quinze armas de fogo no feriado de 15 de novembro na Para\u00edba - Pol\u00edcia Militar da Para\u00edba<\/title>\n<meta name=\"robots\" content=\"index, follow, max-snippet:-1, max-image-preview:large, max-video-preview:-1\" \/>\n<link rel=\"canonical\" href=\"https:\/\/www.pm.pb.gov.br\/portal\/2019\/11\/16\/operacao-republica-apreende-quinze-armas-de-fogo-no-feriado-de-15-de-novembro-na-paraiba\/\" \/>\n<meta property=\"og:locale\" content=\"pt_BR\" \/>\n<meta property=\"og:type\" content=\"article\" \/>\n<meta property=\"og:title\" content=\"Opera\u00e7\u00e3o Rep\u00fablica apreende quinze armas de fogo no feriado de 15 de novembro na Para\u00edba - Pol\u00edcia Militar da Para\u00edba\" \/>\n<meta property=\"og:description\" content=\"A Pol\u00edcia Militar apreendeu quinze armas de fogo no feriado dessa sexta-feira (15), durante as a\u00e7\u00f5es da Opera\u00e7\u00e3o Rep\u00fablica, nas\" \/>\n<meta property=\"og:url\" content=\"https:\/\/www.pm.pb.gov.br\/portal\/2019\/11\/16\/operacao-republica-apreende-quinze-armas-de-fogo-no-feriado-de-15-de-novembro-na-paraiba\/\" \/>\n<meta property=\"og:site_name\" content=\"Pol\u00edcia Militar da Para\u00edba\" \/>\n<meta property=\"article:published_time\" content=\"2019-11-16T12:33:38+00:00\" \/>\n<meta property=\"article:modified_time\" content=\"2019-11-16T12:33:39+00:00\" \/>\n<meta property=\"og:image\" content=\"https:\/\/www.pm.pb.gov.br\/portal\/wp-content\/uploads\/2019\/11\/OPERA-REP\u00daBLICA.jpg\" \/>\n\t<meta property=\"og:image:width\" content=\"958\" \/>\n\t<meta property=\"og:image:height\" content=\"757\" \/>\n\t<meta property=\"og:image:type\" content=\"image\/jpeg\" \/>\n<meta name=\"author\" content=\"WAGNER HENRIQUE VARELA DA SILVA\" \/>\n<meta name=\"twitter:card\" content=\"summary_large_image\" \/>\n<meta name=\"twitter:label1\" content=\"Escrito por\" \/>\n\t<meta name=\"twitter:data1\" content=\"WAGNER HENRIQUE VARELA DA SILVA\" \/>\n\t<meta name=\"twitter:label2\" content=\"Est. tempo de leitura\" \/>\n\t<meta name=\"twitter:data2\" content=\"2 minutos\" \/>\n<script type=\"application\/ld+json\" class=\"yoast-schema-graph\">{\"@context\":\"https:\/\/schema.org\",\"@graph\":[{\"@type\":\"Article\",\"@id\":\"https:\/\/www.pm.pb.gov.br\/portal\/2019\/11\/16\/operacao-republica-apreende-quinze-armas-de-fogo-no-feriado-de-15-de-novembro-na-paraiba\/#article\",\"isPartOf\":{\"@id\":\"https:\/\/www.pm.pb.gov.br\/portal\/2019\/11\/16\/operacao-republica-apreende-quinze-armas-de-fogo-no-feriado-de-15-de-novembro-na-paraiba\/\"},\"author\":{\"name\":\"WAGNER HENRIQUE VARELA DA SILVA\",\"@id\":\"https:\/\/www.pm.pb.gov.br\/portal\/#\/schema\/person\/b169b297b8494dea236e315ed1a201d1\"},\"headline\":\"Opera\u00e7\u00e3o Rep\u00fablica apreende quinze armas de fogo no feriado de 15 de novembro na Para\u00edba\",\"datePublished\":\"2019-11-16T12:33:38+00:00\",\"dateModified\":\"2019-11-16T12:33:39+00:00\",\"mainEntityOfPage\":{\"@id\":\"https:\/\/www.pm.pb.gov.br\/portal\/2019\/11\/16\/operacao-republica-apreende-quinze-armas-de-fogo-no-feriado-de-15-de-novembro-na-paraiba\/\"},\"wordCount\":451,\"publisher\":{\"@id\":\"https:\/\/www.pm.pb.gov.br\/portal\/#organization\"},\"articleSection\":[\"A\u00e7\u00f5es Policiais\"],\"inLanguage\":\"pt-BR\"},{\"@type\":\"WebPage\",\"@id\":\"https:\/\/www.pm.pb.gov.br\/portal\/2019\/11\/16\/operacao-republica-apreende-quinze-armas-de-fogo-no-feriado-de-15-de-novembro-na-paraiba\/\",\"url\":\"https:\/\/www.pm.pb.gov.br\/portal\/2019\/11\/16\/operacao-republica-apreende-quinze-armas-de-fogo-no-feriado-de-15-de-novembro-na-paraiba\/\",\"name\":\"Opera\u00e7\u00e3o Rep\u00fablica apreende quinze armas de fogo no feriado de 15 de novembro na Para\u00edba - Pol\u00edcia Militar da Para\u00edba\",\"isPartOf\":{\"@id\":\"https:\/\/www.pm.pb.gov.br\/portal\/#website\"},\"datePublished\":\"2019-11-16T12:33:38+00:00\",\"dateModified\":\"2019-11-16T12:33:39+00:00\",\"breadcrumb\":{\"@id\":\"https:\/\/www.pm.pb.gov.br\/portal\/2019\/11\/16\/operacao-republica-apreende-quinze-armas-de-fogo-no-feriado-de-15-de-novembro-na-paraiba\/#breadcrumb\"},\"inLanguage\":\"pt-BR\",\"potentialAction\":[{\"@type\":\"ReadAction\",\"target\":[\"https:\/\/www.pm.pb.gov.br\/portal\/2019\/11\/16\/operacao-republica-apreende-quinze-armas-de-fogo-no-feriado-de-15-de-novembro-na-paraiba\/\"]}]},{\"@type\":\"BreadcrumbList\",\"@id\":\"https:\/\/www.pm.pb.gov.br\/portal\/2019\/11\/16\/operacao-republica-apreende-quinze-armas-de-fogo-no-feriado-de-15-de-novembro-na-paraiba\/#breadcrumb\",\"itemListElement\":[{\"@type\":\"ListItem\",\"position\":1,\"name\":\"In\u00edcio\",\"item\":\"https:\/\/www.pm.pb.gov.br\/portal\/\"},{\"@type\":\"ListItem\",\"position\":2,\"name\":\"Opera\u00e7\u00e3o Rep\u00fablica apreende quinze armas de fogo no feriado de 15 de novembro na Para\u00edba\"}]},{\"@type\":\"WebSite\",\"@id\":\"https:\/\/www.pm.pb.gov.br\/portal\/#website\",\"url\":\"https:\/\/www.pm.pb.gov.br\/portal\/\",\"name\":\"Pol\u00edcia Militar da Para\u00edba\",\"description\":\"\",\"publisher\":{\"@id\":\"https:\/\/www.pm.pb.gov.br\/portal\/#organization\"},\"potentialAction\":[{\"@type\":\"SearchAction\",\"target\":{\"@type\":\"EntryPoint\",\"urlTemplate\":\"https:\/\/www.pm.pb.gov.br\/portal\/?s={search_term_string}\"},\"query-input\":\"required name=search_term_string\"}],\"inLanguage\":\"pt-BR\"},{\"@type\":\"Organization\",\"@id\":\"https:\/\/www.pm.pb.gov.br\/portal\/#organization\",\"name\":\"Pol\u00edcia Militar da Para\u00edba\",\"url\":\"https:\/\/www.pm.pb.gov.br\/portal\/\",\"logo\":{\"@type\":\"ImageObject\",\"inLanguage\":\"pt-BR\",\"@id\":\"https:\/\/www.pm.pb.gov.br\/portal\/#\/schema\/logo\/image\/\",\"url\":\"https:\/\/www.pm.pb.gov.br\/portal\/wp-content\/uploads\/2025\/03\/cropped-logo-site-mag2-1.png\",\"contentUrl\":\"https:\/\/www.pm.pb.gov.br\/portal\/wp-content\/uploads\/2025\/03\/cropped-logo-site-mag2-1.png\",\"width\":320,\"height\":90,\"caption\":\"Pol\u00edcia Militar da Para\u00edba\"},\"image\":{\"@id\":\"https:\/\/www.pm.pb.gov.br\/portal\/#\/schema\/logo\/image\/\"}},{\"@type\":\"Person\",\"@id\":\"https:\/\/www.pm.pb.gov.br\/portal\/#\/schema\/person\/b169b297b8494dea236e315ed1a201d1\",\"name\":\"WAGNER HENRIQUE VARELA DA SILVA\",\"image\":{\"@type\":\"ImageObject\",\"inLanguage\":\"pt-BR\",\"@id\":\"https:\/\/www.pm.pb.gov.br\/portal\/#\/schema\/person\/image\/\",\"url\":\"https:\/\/secure.gravatar.com\/avatar\/e08af53176a66730df5c0706c6c31fd6?s=96&d=mm&r=g\",\"contentUrl\":\"https:\/\/secure.gravatar.com\/avatar\/e08af53176a66730df5c0706c6c31fd6?s=96&d=mm&r=g\",\"caption\":\"WAGNER HENRIQUE VARELA DA SILVA\"},\"url\":\"https:\/\/www.pm.pb.gov.br\/portal\/author\/varela\/\"}]}<\/script>\n<!-- \/ Yoast SEO plugin. -->","yoast_head_json":{"title":"Opera\u00e7\u00e3o Rep\u00fablica apreende quinze armas de fogo no feriado de 15 de novembro na Para\u00edba - Pol\u00edcia Militar da Para\u00edba","robots":{"index":"index","follow":"follow","max-snippet":"max-snippet:-1","max-image-preview":"max-image-preview:large","max-video-preview":"max-video-preview:-1"},"canonical":"https:\/\/www.pm.pb.gov.br\/portal\/2019\/11\/16\/operacao-republica-apreende-quinze-armas-de-fogo-no-feriado-de-15-de-novembro-na-paraiba\/","og_locale":"pt_BR","og_type":"article","og_title":"Opera\u00e7\u00e3o Rep\u00fablica apreende quinze armas de fogo no feriado de 15 de novembro na Para\u00edba - Pol\u00edcia Militar da Para\u00edba","og_description":"A Pol\u00edcia Militar apreendeu quinze armas de fogo no feriado dessa sexta-feira (15), durante as a\u00e7\u00f5es da Opera\u00e7\u00e3o Rep\u00fablica, nas","og_url":"https:\/\/www.pm.pb.gov.br\/portal\/2019\/11\/16\/operacao-republica-apreende-quinze-armas-de-fogo-no-feriado-de-15-de-novembro-na-paraiba\/","og_site_name":"Pol\u00edcia Militar da Para\u00edba","article_published_time":"2019-11-16T12:33:38+00:00","article_modified_time":"2019-11-16T12:33:39+00:00","og_image":[{"width":958,"height":757,"url":"https:\/\/www.pm.pb.gov.br\/portal\/wp-content\/uploads\/2019\/11\/OPERA-REP\u00daBLICA.jpg","type":"image\/jpeg"}],"author":"WAGNER HENRIQUE VARELA DA SILVA","twitter_card":"summary_large_image","twitter_misc":{"Escrito por":"WAGNER HENRIQUE VARELA DA SILVA","Est. tempo de leitura":"2 minutos"},"schema":{"@context":"https:\/\/schema.org","@graph":[{"@type":"Article","@id":"https:\/\/www.pm.pb.gov.br\/portal\/2019\/11\/16\/operacao-republica-apreende-quinze-armas-de-fogo-no-feriado-de-15-de-novembro-na-paraiba\/#article","isPartOf":{"@id":"https:\/\/www.pm.pb.gov.br\/portal\/2019\/11\/16\/operacao-republica-apreende-quinze-armas-de-fogo-no-feriado-de-15-de-novembro-na-paraiba\/"},"author":{"name":"WAGNER HENRIQUE VARELA DA SILVA","@id":"https:\/\/www.pm.pb.gov.br\/portal\/#\/schema\/person\/b169b297b8494dea236e315ed1a201d1"},"headline":"Opera\u00e7\u00e3o Rep\u00fablica apreende quinze armas de fogo no feriado de 15 de novembro na Para\u00edba","datePublished":"2019-11-16T12:33:38+00:00","dateModified":"2019-11-16T12:33:39+00:00","mainEntityOfPage":{"@id":"https:\/\/www.pm.pb.gov.br\/portal\/2019\/11\/16\/operacao-republica-apreende-quinze-armas-de-fogo-no-feriado-de-15-de-novembro-na-paraiba\/"},"wordCount":451,"publisher":{"@id":"https:\/\/www.pm.pb.gov.br\/portal\/#organization"},"articleSection":["A\u00e7\u00f5es Policiais"],"inLanguage":"pt-BR"},{"@type":"WebPage","@id":"https:\/\/www.pm.pb.gov.br\/portal\/2019\/11\/16\/operacao-republica-apreende-quinze-armas-de-fogo-no-feriado-de-15-de-novembro-na-paraiba\/","url":"https:\/\/www.pm.pb.gov.br\/portal\/2019\/11\/16\/operacao-republica-apreende-quinze-armas-de-fogo-no-feriado-de-15-de-novembro-na-paraiba\/","name":"Opera\u00e7\u00e3o Rep\u00fablica apreende quinze armas de fogo no feriado de 15 de novembro na Para\u00edba - Pol\u00edcia Militar da Para\u00edba","isPartOf":{"@id":"https:\/\/www.pm.pb.gov.br\/portal\/#website"},"datePublished":"2019-11-16T12:33:38+00:00","dateModified":"2019-11-16T12:33:39+00:00","breadcrumb":{"@id":"https:\/\/www.pm.pb.gov.br\/portal\/2019\/11\/16\/operacao-republica-apreende-quinze-armas-de-fogo-no-feriado-de-15-de-novembro-na-paraiba\/#breadcrumb"},"inLanguage":"pt-BR","potentialAction":[{"@type":"ReadAction","target":["https:\/\/www.pm.pb.gov.br\/portal\/2019\/11\/16\/operacao-republica-apreende-quinze-armas-de-fogo-no-feriado-de-15-de-novembro-na-paraiba\/"]}]},{"@type":"BreadcrumbList","@id":"https:\/\/www.pm.pb.gov.br\/portal\/2019\/11\/16\/operacao-republica-apreende-quinze-armas-de-fogo-no-feriado-de-15-de-novembro-na-paraiba\/#breadcrumb","itemListElement":[{"@type":"ListItem","position":1,"name":"In\u00edcio","item":"https:\/\/www.pm.pb.gov.br\/portal\/"},{"@type":"ListItem","position":2,"name":"Opera\u00e7\u00e3o Rep\u00fablica apreende quinze armas de fogo no feriado de 15 de novembro na Para\u00edba"}]},{"@type":"WebSite","@id":"https:\/\/www.pm.pb.gov.br\/portal\/#website","url":"https:\/\/www.pm.pb.gov.br\/portal\/","name":"Pol\u00edcia Militar da Para\u00edba","description":"","publisher":{"@id":"https:\/\/www.pm.pb.gov.br\/portal\/#organization"},"potentialAction":[{"@type":"SearchAction","target":{"@type":"EntryPoint","urlTemplate":"https:\/\/www.pm.pb.gov.br\/portal\/?s={search_term_string}"},"query-input":"required name=search_term_string"}],"inLanguage":"pt-BR"},{"@type":"Organization","@id":"https:\/\/www.pm.pb.gov.br\/portal\/#organization","name":"Pol\u00edcia Militar da Para\u00edba","url":"https:\/\/www.pm.pb.gov.br\/portal\/","logo":{"@type":"ImageObject","inLanguage":"pt-BR","@id":"https:\/\/www.pm.pb.gov.br\/portal\/#\/schema\/logo\/image\/","url":"https:\/\/www.pm.pb.gov.br\/portal\/wp-content\/uploads\/2025\/03\/cropped-logo-site-mag2-1.png","contentUrl":"https:\/\/www.pm.pb.gov.br\/portal\/wp-content\/uploads\/2025\/03\/cropped-logo-site-mag2-1.png","width":320,"height":90,"caption":"Pol\u00edcia Militar da Para\u00edba"},"image":{"@id":"https:\/\/www.pm.pb.gov.br\/portal\/#\/schema\/logo\/image\/"}},{"@type":"Person","@id":"https:\/\/www.pm.pb.gov.br\/portal\/#\/schema\/person\/b169b297b8494dea236e315ed1a201d1","name":"WAGNER HENRIQUE VARELA DA SILVA","image":{"@type":"ImageObject","inLanguage":"pt-BR","@id":"https:\/\/www.pm.pb.gov.br\/portal\/#\/schema\/person\/image\/","url":"https:\/\/secure.gravatar.com\/avatar\/e08af53176a66730df5c0706c6c31fd6?s=96&d=mm&r=g","contentUrl":"https:\/\/secure.gravatar.com\/avatar\/e08af53176a66730df5c0706c6c31fd6?s=96&d=mm&r=g","caption":"WAGNER HENRIQUE VARELA DA SILVA"},"url":"https:\/\/www.pm.pb.gov.br\/portal\/author\/varela\/"}]}},"_links":{"self":[{"href":"https:\/\/www.pm.pb.gov.br\/portal\/wp-json\/wp\/v2\/posts\/902953"}],"collection":[{"href":"https:\/\/www.pm.pb.gov.br\/portal\/wp-json\/wp\/v2\/posts"}],"about":[{"href":"https:\/\/www.pm.pb.gov.br\/portal\/wp-json\/wp\/v2\/types\/post"}],"author":[{"embeddable":true,"href":"https:\/\/www.pm.pb.gov.br\/portal\/wp-json\/wp\/v2\/users\/10"}],"replies":[{"embeddable":true,"href":"https:\/\/www.pm.pb.gov.br\/portal\/wp-json\/wp\/v2\/comments?post=902953"}],"version-history":[{"count":2,"href":"https:\/\/www.pm.pb.gov.br\/portal\/wp-json\/wp\/v2\/posts\/902953\/revisions"}],"predecessor-version":[{"id":902994,"href":"https:\/\/www.pm.pb.gov.br\/portal\/wp-json\/wp\/v2\/posts\/902953\/revisions\/902994"}],"wp:featuredmedia":[{"embeddable":true,"href":"https:\/\/www.pm.pb.gov.br\/portal\/wp-json\/wp\/v2\/media\/902993"}],"wp:attachment":[{"href":"https:\/\/www.pm.pb.gov.br\/portal\/wp-json\/wp\/v2\/media?parent=902953"}],"wp:term":[{"taxonomy":"category","embeddable":true,"href":"https:\/\/www.pm.pb.gov.br\/portal\/wp-json\/wp\/v2\/categories?post=902953"},{"taxonomy":"post_tag","embeddable":true,"href":"https:\/\/www.pm.pb.gov.br\/portal\/wp-json\/wp\/v2\/tags?post=902953"}],"curies":[{"name":"wp","href":"https:\/\/api.w.org\/{rel}","templated":true}]}}