{"id":902913,"date":"2019-11-08T17:54:50","date_gmt":"2019-11-08T20:54:50","guid":{"rendered":"http:\/\/www.pm.pb.gov.br\/portal\/?p=902913"},"modified":"2019-11-08T18:17:18","modified_gmt":"2019-11-08T21:17:18","slug":"policia-militar-prende-suspeitos-de-crimes-em-minas-gerais-e-rio-grande-do-norte-durante-abordagem-na-orla-de-joao-pessoa","status":"publish","type":"post","link":"https:\/\/www.pm.pb.gov.br\/portal\/2019\/11\/08\/policia-militar-prende-suspeitos-de-crimes-em-minas-gerais-e-rio-grande-do-norte-durante-abordagem-na-orla-de-joao-pessoa\/","title":{"rendered":"Pol\u00edcia Militar prende suspeitos de crimes em Minas Gerais e Rio Grande do Norte durante abordagem na orla de Jo\u00e3o Pessoa"},"content":{"rendered":"\n<p>A Companhia Especializada em Apoio ao Turista (CEATur) prendeu dois acusados de crimes cometidos nos estados de Minas Gerais e Rio Grande do Norte, durante abordagem policial realizada na manh\u00e3 desta sexta-feira (8), na orla de Tamba\u00fa, em Jo\u00e3o Pessoa. Daniel da Silva Ribeiro, de 37 anos, responde por dois homic\u00eddios no estado de Minas Gerais. Dami\u00e3o Narciso Dantas Duarte, de 27 anos, responde por tentativa de homic\u00eddio n Rio Grande do Norte.<\/p>\n<p>Os dois estavam com mandados de pris\u00e3o expedidos pela justi\u00e7a dos estados onde eles cometerem os crimes. A pris\u00e3o da dupla aconteceu ap\u00f3s os policiais paraibanos desconfiarem da atitude dos acusados ao perceberem a presen\u00e7a da PM, fato que motivou a abordagem e consulta da identifica\u00e7\u00e3o dos dois.\u00a0 A pol\u00edcia est\u00e1 levantando informa\u00e7\u00f5es para saber se os acusados estariam na capital da Para\u00edba se escondendo ou planejando algum crime.<\/p>\n<p>Os dois foram apresentados na Central de Pol\u00edcia, no Geisel.<\/p>\n","protected":false},"excerpt":{"rendered":"<p>A Companhia Especializada em Apoio ao Turista (CEATur) prendeu dois acusados de crimes cometidos nos estados de Minas Gerais e<\/p>\n","protected":false},"author":15,"featured_media":895496,"comment_status":"closed","ping_status":"closed","sticky":false,"template":"","format":"standard","meta":{"_exactmetrics_skip_tracking":false,"_exactmetrics_sitenote_active":false,"_exactmetrics_sitenote_note":"","_exactmetrics_sitenote_category":0,"footnotes":""},"categories":[4],"tags":[],"yoast_head":"<!-- This site is optimized with the Yoast SEO plugin v22.0 - https:\/\/yoast.com\/wordpress\/plugins\/seo\/ -->\n<title>Pol\u00edcia Militar prende suspeitos de crimes em Minas Gerais e Rio Grande do Norte durante abordagem na orla de Jo\u00e3o Pessoa - Pol\u00edcia Militar da Para\u00edba<\/title>\n<meta name=\"robots\" content=\"index, follow, max-snippet:-1, max-image-preview:large, max-video-preview:-1\" \/>\n<link rel=\"canonical\" href=\"https:\/\/www.pm.pb.gov.br\/portal\/2019\/11\/08\/policia-militar-prende-suspeitos-de-crimes-em-minas-gerais-e-rio-grande-do-norte-durante-abordagem-na-orla-de-joao-pessoa\/\" \/>\n<meta property=\"og:locale\" content=\"pt_BR\" \/>\n<meta property=\"og:type\" content=\"article\" \/>\n<meta property=\"og:title\" content=\"Pol\u00edcia Militar prende suspeitos de crimes em Minas Gerais e Rio Grande do Norte durante abordagem na orla de Jo\u00e3o Pessoa - Pol\u00edcia Militar da Para\u00edba\" \/>\n<meta property=\"og:description\" content=\"A Companhia Especializada em Apoio ao Turista (CEATur) prendeu dois acusados de crimes cometidos nos estados de Minas Gerais e\" \/>\n<meta property=\"og:url\" content=\"https:\/\/www.pm.pb.gov.br\/portal\/2019\/11\/08\/policia-militar-prende-suspeitos-de-crimes-em-minas-gerais-e-rio-grande-do-norte-durante-abordagem-na-orla-de-joao-pessoa\/\" \/>\n<meta property=\"og:site_name\" content=\"Pol\u00edcia Militar da Para\u00edba\" \/>\n<meta property=\"article:published_time\" content=\"2019-11-08T20:54:50+00:00\" \/>\n<meta property=\"article:modified_time\" content=\"2019-11-08T21:17:18+00:00\" \/>\n<meta property=\"og:image\" content=\"https:\/\/www.pm.pb.gov.br\/portal\/wp-content\/uploads\/2017\/09\/ceatur1.jpg\" \/>\n\t<meta property=\"og:image:width\" content=\"800\" \/>\n\t<meta property=\"og:image:height\" content=\"445\" \/>\n\t<meta property=\"og:image:type\" content=\"image\/jpeg\" \/>\n<meta name=\"author\" content=\"Marcio Gomes dos Santos\" \/>\n<meta name=\"twitter:card\" content=\"summary_large_image\" \/>\n<meta name=\"twitter:label1\" content=\"Escrito por\" \/>\n\t<meta name=\"twitter:data1\" content=\"Marcio Gomes dos Santos\" \/>\n\t<meta name=\"twitter:label2\" content=\"Est. tempo de leitura\" \/>\n\t<meta name=\"twitter:data2\" content=\"1 minuto\" \/>\n<script type=\"application\/ld+json\" class=\"yoast-schema-graph\">{\"@context\":\"https:\/\/schema.org\",\"@graph\":[{\"@type\":\"Article\",\"@id\":\"https:\/\/www.pm.pb.gov.br\/portal\/2019\/11\/08\/policia-militar-prende-suspeitos-de-crimes-em-minas-gerais-e-rio-grande-do-norte-durante-abordagem-na-orla-de-joao-pessoa\/#article\",\"isPartOf\":{\"@id\":\"https:\/\/www.pm.pb.gov.br\/portal\/2019\/11\/08\/policia-militar-prende-suspeitos-de-crimes-em-minas-gerais-e-rio-grande-do-norte-durante-abordagem-na-orla-de-joao-pessoa\/\"},\"author\":{\"name\":\"Marcio Gomes dos Santos\",\"@id\":\"https:\/\/www.pm.pb.gov.br\/portal\/#\/schema\/person\/30d571652b38533c2211e4e89bf5a502\"},\"headline\":\"Pol\u00edcia Militar prende suspeitos de crimes em Minas Gerais e Rio Grande do Norte durante abordagem na orla de Jo\u00e3o Pessoa\",\"datePublished\":\"2019-11-08T20:54:50+00:00\",\"dateModified\":\"2019-11-08T21:17:18+00:00\",\"mainEntityOfPage\":{\"@id\":\"https:\/\/www.pm.pb.gov.br\/portal\/2019\/11\/08\/policia-militar-prende-suspeitos-de-crimes-em-minas-gerais-e-rio-grande-do-norte-durante-abordagem-na-orla-de-joao-pessoa\/\"},\"wordCount\":186,\"publisher\":{\"@id\":\"https:\/\/www.pm.pb.gov.br\/portal\/#organization\"},\"articleSection\":[\"A\u00e7\u00f5es Policiais\"],\"inLanguage\":\"pt-BR\"},{\"@type\":\"WebPage\",\"@id\":\"https:\/\/www.pm.pb.gov.br\/portal\/2019\/11\/08\/policia-militar-prende-suspeitos-de-crimes-em-minas-gerais-e-rio-grande-do-norte-durante-abordagem-na-orla-de-joao-pessoa\/\",\"url\":\"https:\/\/www.pm.pb.gov.br\/portal\/2019\/11\/08\/policia-militar-prende-suspeitos-de-crimes-em-minas-gerais-e-rio-grande-do-norte-durante-abordagem-na-orla-de-joao-pessoa\/\",\"name\":\"Pol\u00edcia Militar prende suspeitos de crimes em Minas Gerais e Rio Grande do Norte durante abordagem na orla de Jo\u00e3o Pessoa - Pol\u00edcia Militar da Para\u00edba\",\"isPartOf\":{\"@id\":\"https:\/\/www.pm.pb.gov.br\/portal\/#website\"},\"datePublished\":\"2019-11-08T20:54:50+00:00\",\"dateModified\":\"2019-11-08T21:17:18+00:00\",\"breadcrumb\":{\"@id\":\"https:\/\/www.pm.pb.gov.br\/portal\/2019\/11\/08\/policia-militar-prende-suspeitos-de-crimes-em-minas-gerais-e-rio-grande-do-norte-durante-abordagem-na-orla-de-joao-pessoa\/#breadcrumb\"},\"inLanguage\":\"pt-BR\",\"potentialAction\":[{\"@type\":\"ReadAction\",\"target\":[\"https:\/\/www.pm.pb.gov.br\/portal\/2019\/11\/08\/policia-militar-prende-suspeitos-de-crimes-em-minas-gerais-e-rio-grande-do-norte-durante-abordagem-na-orla-de-joao-pessoa\/\"]}]},{\"@type\":\"BreadcrumbList\",\"@id\":\"https:\/\/www.pm.pb.gov.br\/portal\/2019\/11\/08\/policia-militar-prende-suspeitos-de-crimes-em-minas-gerais-e-rio-grande-do-norte-durante-abordagem-na-orla-de-joao-pessoa\/#breadcrumb\",\"itemListElement\":[{\"@type\":\"ListItem\",\"position\":1,\"name\":\"In\u00edcio\",\"item\":\"https:\/\/www.pm.pb.gov.br\/portal\/\"},{\"@type\":\"ListItem\",\"position\":2,\"name\":\"Pol\u00edcia Militar prende suspeitos de crimes em Minas Gerais e Rio Grande do Norte durante abordagem na orla de Jo\u00e3o Pessoa\"}]},{\"@type\":\"WebSite\",\"@id\":\"https:\/\/www.pm.pb.gov.br\/portal\/#website\",\"url\":\"https:\/\/www.pm.pb.gov.br\/portal\/\",\"name\":\"Pol\u00edcia Militar da Para\u00edba\",\"description\":\"\",\"publisher\":{\"@id\":\"https:\/\/www.pm.pb.gov.br\/portal\/#organization\"},\"potentialAction\":[{\"@type\":\"SearchAction\",\"target\":{\"@type\":\"EntryPoint\",\"urlTemplate\":\"https:\/\/www.pm.pb.gov.br\/portal\/?s={search_term_string}\"},\"query-input\":\"required name=search_term_string\"}],\"inLanguage\":\"pt-BR\"},{\"@type\":\"Organization\",\"@id\":\"https:\/\/www.pm.pb.gov.br\/portal\/#organization\",\"name\":\"Pol\u00edcia Militar da Para\u00edba\",\"url\":\"https:\/\/www.pm.pb.gov.br\/portal\/\",\"logo\":{\"@type\":\"ImageObject\",\"inLanguage\":\"pt-BR\",\"@id\":\"https:\/\/www.pm.pb.gov.br\/portal\/#\/schema\/logo\/image\/\",\"url\":\"https:\/\/www.pm.pb.gov.br\/portal\/wp-content\/uploads\/2025\/03\/cropped-logo-site-mag2-1.png\",\"contentUrl\":\"https:\/\/www.pm.pb.gov.br\/portal\/wp-content\/uploads\/2025\/03\/cropped-logo-site-mag2-1.png\",\"width\":320,\"height\":90,\"caption\":\"Pol\u00edcia Militar da Para\u00edba\"},\"image\":{\"@id\":\"https:\/\/www.pm.pb.gov.br\/portal\/#\/schema\/logo\/image\/\"}},{\"@type\":\"Person\",\"@id\":\"https:\/\/www.pm.pb.gov.br\/portal\/#\/schema\/person\/30d571652b38533c2211e4e89bf5a502\",\"name\":\"Marcio Gomes dos Santos\",\"image\":{\"@type\":\"ImageObject\",\"inLanguage\":\"pt-BR\",\"@id\":\"https:\/\/www.pm.pb.gov.br\/portal\/#\/schema\/person\/image\/\",\"url\":\"https:\/\/secure.gravatar.com\/avatar\/cf4ec2cb690101e1581c7773aa350c19?s=96&d=mm&r=g\",\"contentUrl\":\"https:\/\/secure.gravatar.com\/avatar\/cf4ec2cb690101e1581c7773aa350c19?s=96&d=mm&r=g\",\"caption\":\"Marcio Gomes dos Santos\"},\"url\":\"https:\/\/www.pm.pb.gov.br\/portal\/author\/mgomes\/\"}]}<\/script>\n<!-- \/ Yoast SEO plugin. -->","yoast_head_json":{"title":"Pol\u00edcia Militar prende suspeitos de crimes em Minas Gerais e Rio Grande do Norte durante abordagem na orla de Jo\u00e3o Pessoa - Pol\u00edcia Militar da Para\u00edba","robots":{"index":"index","follow":"follow","max-snippet":"max-snippet:-1","max-image-preview":"max-image-preview:large","max-video-preview":"max-video-preview:-1"},"canonical":"https:\/\/www.pm.pb.gov.br\/portal\/2019\/11\/08\/policia-militar-prende-suspeitos-de-crimes-em-minas-gerais-e-rio-grande-do-norte-durante-abordagem-na-orla-de-joao-pessoa\/","og_locale":"pt_BR","og_type":"article","og_title":"Pol\u00edcia Militar prende suspeitos de crimes em Minas Gerais e Rio Grande do Norte durante abordagem na orla de Jo\u00e3o Pessoa - Pol\u00edcia Militar da Para\u00edba","og_description":"A Companhia Especializada em Apoio ao Turista (CEATur) prendeu dois acusados de crimes cometidos nos estados de Minas Gerais e","og_url":"https:\/\/www.pm.pb.gov.br\/portal\/2019\/11\/08\/policia-militar-prende-suspeitos-de-crimes-em-minas-gerais-e-rio-grande-do-norte-durante-abordagem-na-orla-de-joao-pessoa\/","og_site_name":"Pol\u00edcia Militar da Para\u00edba","article_published_time":"2019-11-08T20:54:50+00:00","article_modified_time":"2019-11-08T21:17:18+00:00","og_image":[{"width":800,"height":445,"url":"https:\/\/www.pm.pb.gov.br\/portal\/wp-content\/uploads\/2017\/09\/ceatur1.jpg","type":"image\/jpeg"}],"author":"Marcio Gomes dos Santos","twitter_card":"summary_large_image","twitter_misc":{"Escrito por":"Marcio Gomes dos Santos","Est. tempo de leitura":"1 minuto"},"schema":{"@context":"https:\/\/schema.org","@graph":[{"@type":"Article","@id":"https:\/\/www.pm.pb.gov.br\/portal\/2019\/11\/08\/policia-militar-prende-suspeitos-de-crimes-em-minas-gerais-e-rio-grande-do-norte-durante-abordagem-na-orla-de-joao-pessoa\/#article","isPartOf":{"@id":"https:\/\/www.pm.pb.gov.br\/portal\/2019\/11\/08\/policia-militar-prende-suspeitos-de-crimes-em-minas-gerais-e-rio-grande-do-norte-durante-abordagem-na-orla-de-joao-pessoa\/"},"author":{"name":"Marcio Gomes dos Santos","@id":"https:\/\/www.pm.pb.gov.br\/portal\/#\/schema\/person\/30d571652b38533c2211e4e89bf5a502"},"headline":"Pol\u00edcia Militar prende suspeitos de crimes em Minas Gerais e Rio Grande do Norte durante abordagem na orla de Jo\u00e3o Pessoa","datePublished":"2019-11-08T20:54:50+00:00","dateModified":"2019-11-08T21:17:18+00:00","mainEntityOfPage":{"@id":"https:\/\/www.pm.pb.gov.br\/portal\/2019\/11\/08\/policia-militar-prende-suspeitos-de-crimes-em-minas-gerais-e-rio-grande-do-norte-durante-abordagem-na-orla-de-joao-pessoa\/"},"wordCount":186,"publisher":{"@id":"https:\/\/www.pm.pb.gov.br\/portal\/#organization"},"articleSection":["A\u00e7\u00f5es Policiais"],"inLanguage":"pt-BR"},{"@type":"WebPage","@id":"https:\/\/www.pm.pb.gov.br\/portal\/2019\/11\/08\/policia-militar-prende-suspeitos-de-crimes-em-minas-gerais-e-rio-grande-do-norte-durante-abordagem-na-orla-de-joao-pessoa\/","url":"https:\/\/www.pm.pb.gov.br\/portal\/2019\/11\/08\/policia-militar-prende-suspeitos-de-crimes-em-minas-gerais-e-rio-grande-do-norte-durante-abordagem-na-orla-de-joao-pessoa\/","name":"Pol\u00edcia Militar prende suspeitos de crimes em Minas Gerais e Rio Grande do Norte durante abordagem na orla de Jo\u00e3o Pessoa - Pol\u00edcia Militar da Para\u00edba","isPartOf":{"@id":"https:\/\/www.pm.pb.gov.br\/portal\/#website"},"datePublished":"2019-11-08T20:54:50+00:00","dateModified":"2019-11-08T21:17:18+00:00","breadcrumb":{"@id":"https:\/\/www.pm.pb.gov.br\/portal\/2019\/11\/08\/policia-militar-prende-suspeitos-de-crimes-em-minas-gerais-e-rio-grande-do-norte-durante-abordagem-na-orla-de-joao-pessoa\/#breadcrumb"},"inLanguage":"pt-BR","potentialAction":[{"@type":"ReadAction","target":["https:\/\/www.pm.pb.gov.br\/portal\/2019\/11\/08\/policia-militar-prende-suspeitos-de-crimes-em-minas-gerais-e-rio-grande-do-norte-durante-abordagem-na-orla-de-joao-pessoa\/"]}]},{"@type":"BreadcrumbList","@id":"https:\/\/www.pm.pb.gov.br\/portal\/2019\/11\/08\/policia-militar-prende-suspeitos-de-crimes-em-minas-gerais-e-rio-grande-do-norte-durante-abordagem-na-orla-de-joao-pessoa\/#breadcrumb","itemListElement":[{"@type":"ListItem","position":1,"name":"In\u00edcio","item":"https:\/\/www.pm.pb.gov.br\/portal\/"},{"@type":"ListItem","position":2,"name":"Pol\u00edcia Militar prende suspeitos de crimes em Minas Gerais e Rio Grande do Norte durante abordagem na orla de Jo\u00e3o Pessoa"}]},{"@type":"WebSite","@id":"https:\/\/www.pm.pb.gov.br\/portal\/#website","url":"https:\/\/www.pm.pb.gov.br\/portal\/","name":"Pol\u00edcia Militar da Para\u00edba","description":"","publisher":{"@id":"https:\/\/www.pm.pb.gov.br\/portal\/#organization"},"potentialAction":[{"@type":"SearchAction","target":{"@type":"EntryPoint","urlTemplate":"https:\/\/www.pm.pb.gov.br\/portal\/?s={search_term_string}"},"query-input":"required name=search_term_string"}],"inLanguage":"pt-BR"},{"@type":"Organization","@id":"https:\/\/www.pm.pb.gov.br\/portal\/#organization","name":"Pol\u00edcia Militar da Para\u00edba","url":"https:\/\/www.pm.pb.gov.br\/portal\/","logo":{"@type":"ImageObject","inLanguage":"pt-BR","@id":"https:\/\/www.pm.pb.gov.br\/portal\/#\/schema\/logo\/image\/","url":"https:\/\/www.pm.pb.gov.br\/portal\/wp-content\/uploads\/2025\/03\/cropped-logo-site-mag2-1.png","contentUrl":"https:\/\/www.pm.pb.gov.br\/portal\/wp-content\/uploads\/2025\/03\/cropped-logo-site-mag2-1.png","width":320,"height":90,"caption":"Pol\u00edcia Militar da Para\u00edba"},"image":{"@id":"https:\/\/www.pm.pb.gov.br\/portal\/#\/schema\/logo\/image\/"}},{"@type":"Person","@id":"https:\/\/www.pm.pb.gov.br\/portal\/#\/schema\/person\/30d571652b38533c2211e4e89bf5a502","name":"Marcio Gomes dos Santos","image":{"@type":"ImageObject","inLanguage":"pt-BR","@id":"https:\/\/www.pm.pb.gov.br\/portal\/#\/schema\/person\/image\/","url":"https:\/\/secure.gravatar.com\/avatar\/cf4ec2cb690101e1581c7773aa350c19?s=96&d=mm&r=g","contentUrl":"https:\/\/secure.gravatar.com\/avatar\/cf4ec2cb690101e1581c7773aa350c19?s=96&d=mm&r=g","caption":"Marcio Gomes dos Santos"},"url":"https:\/\/www.pm.pb.gov.br\/portal\/author\/mgomes\/"}]}},"_links":{"self":[{"href":"https:\/\/www.pm.pb.gov.br\/portal\/wp-json\/wp\/v2\/posts\/902913"}],"collection":[{"href":"https:\/\/www.pm.pb.gov.br\/portal\/wp-json\/wp\/v2\/posts"}],"about":[{"href":"https:\/\/www.pm.pb.gov.br\/portal\/wp-json\/wp\/v2\/types\/post"}],"author":[{"embeddable":true,"href":"https:\/\/www.pm.pb.gov.br\/portal\/wp-json\/wp\/v2\/users\/15"}],"replies":[{"embeddable":true,"href":"https:\/\/www.pm.pb.gov.br\/portal\/wp-json\/wp\/v2\/comments?post=902913"}],"version-history":[{"count":1,"href":"https:\/\/www.pm.pb.gov.br\/portal\/wp-json\/wp\/v2\/posts\/902913\/revisions"}],"predecessor-version":[{"id":902914,"href":"https:\/\/www.pm.pb.gov.br\/portal\/wp-json\/wp\/v2\/posts\/902913\/revisions\/902914"}],"wp:featuredmedia":[{"embeddable":true,"href":"https:\/\/www.pm.pb.gov.br\/portal\/wp-json\/wp\/v2\/media\/895496"}],"wp:attachment":[{"href":"https:\/\/www.pm.pb.gov.br\/portal\/wp-json\/wp\/v2\/media?parent=902913"}],"wp:term":[{"taxonomy":"category","embeddable":true,"href":"https:\/\/www.pm.pb.gov.br\/portal\/wp-json\/wp\/v2\/categories?post=902913"},{"taxonomy":"post_tag","embeddable":true,"href":"https:\/\/www.pm.pb.gov.br\/portal\/wp-json\/wp\/v2\/tags?post=902913"}],"curies":[{"name":"wp","href":"https:\/\/api.w.org\/{rel}","templated":true}]}}