{"id":902692,"date":"2019-10-21T17:36:45","date_gmt":"2019-10-21T20:36:45","guid":{"rendered":"http:\/\/www.pm.pb.gov.br\/portal\/?p=902692"},"modified":"2019-10-21T17:36:46","modified_gmt":"2019-10-21T20:36:46","slug":"sertao-policia-militar-apreende-armas-de-fogo-com-suspeitos-com-vasta-ficha-criminal-em-patos","status":"publish","type":"post","link":"https:\/\/www.pm.pb.gov.br\/portal\/2019\/10\/21\/sertao-policia-militar-apreende-armas-de-fogo-com-suspeitos-com-vasta-ficha-criminal-em-patos\/","title":{"rendered":"SERT\u00c3O: Pol\u00edcia Militar apreende armas de fogo com suspeitos com vasta ficha criminal em Patos"},"content":{"rendered":"\n<p>A Pol\u00edcia Militar apreendeu, neste in\u00edcio de semana, duas armas de fogo no Sert\u00e3o da Para\u00edba. As armas estavam com dois suspeitos, que t\u00eam vasta ficha criminal, e que foram presos no fim da manh\u00e3 desta segunda-feira (21), ap\u00f3s den\u00fancias feitas \u00e0 PM (foto acima).<br \/>\u00a0<br \/>Uma espingarda calibre 12 e um rev\u00f3lver calibre 38 estavam com dois homens de 24 e 18 anos de idade, que j\u00e1 t\u00eam passagem pela pol\u00edcia, e que foram abordados pelos policiais da Rondas Ostensivas T\u00e1ticas com Apoio de Motocicletas (Rotam), do 3\u00ba Batalh\u00e3o, no bairro Bivar Olinto. Na a\u00e7\u00e3o, a PM apreendeu tamb\u00e9m 32 muni\u00e7\u00f5es, dois pequenos papelotes com subst\u00e2ncia semelhante \u00e0 coca\u00edna, uma pequena por\u00e7\u00e3o de maconha, pequenas sacolas pl\u00e1sticas e papel alum\u00ednio, materiais comumente utilizados para embrulho e distribui\u00e7\u00e3o de entorpecentes. Todo o material estava em uma casa, onde os suspeitos se escondiam com as armas.<br \/>\u00a0<br \/>Eles j\u00e1 t\u00eam passagem pelos crimes de tr\u00e1fico, homic\u00eddio, porte ilegal de arma de fogo e recepta\u00e7\u00e3o. Todo o material e os suspeitos foram conduzidos para a Delegacia da Pol\u00edcia Civil em Patos.<\/p>\n","protected":false},"excerpt":{"rendered":"<p>A Pol\u00edcia Militar apreendeu, neste in\u00edcio de semana, duas armas de fogo no Sert\u00e3o da Para\u00edba. As armas estavam com<\/p>\n","protected":false},"author":12,"featured_media":902688,"comment_status":"closed","ping_status":"closed","sticky":false,"template":"","format":"standard","meta":{"_exactmetrics_skip_tracking":false,"_exactmetrics_sitenote_active":false,"_exactmetrics_sitenote_note":"","_exactmetrics_sitenote_category":0,"footnotes":""},"categories":[4],"tags":[],"yoast_head":"<!-- This site is optimized with the Yoast SEO plugin v22.0 - https:\/\/yoast.com\/wordpress\/plugins\/seo\/ -->\n<title>SERT\u00c3O: Pol\u00edcia Militar apreende armas de fogo com suspeitos com vasta ficha criminal em Patos - Pol\u00edcia Militar da Para\u00edba<\/title>\n<meta name=\"robots\" content=\"index, follow, max-snippet:-1, max-image-preview:large, max-video-preview:-1\" \/>\n<link rel=\"canonical\" href=\"https:\/\/www.pm.pb.gov.br\/portal\/2019\/10\/21\/sertao-policia-militar-apreende-armas-de-fogo-com-suspeitos-com-vasta-ficha-criminal-em-patos\/\" \/>\n<meta property=\"og:locale\" content=\"pt_BR\" \/>\n<meta property=\"og:type\" content=\"article\" \/>\n<meta property=\"og:title\" content=\"SERT\u00c3O: Pol\u00edcia Militar apreende armas de fogo com suspeitos com vasta ficha criminal em Patos - Pol\u00edcia Militar da Para\u00edba\" \/>\n<meta property=\"og:description\" content=\"A Pol\u00edcia Militar apreendeu, neste in\u00edcio de semana, duas armas de fogo no Sert\u00e3o da Para\u00edba. As armas estavam com\" \/>\n<meta property=\"og:url\" content=\"https:\/\/www.pm.pb.gov.br\/portal\/2019\/10\/21\/sertao-policia-militar-apreende-armas-de-fogo-com-suspeitos-com-vasta-ficha-criminal-em-patos\/\" \/>\n<meta property=\"og:site_name\" content=\"Pol\u00edcia Militar da Para\u00edba\" \/>\n<meta property=\"article:published_time\" content=\"2019-10-21T20:36:45+00:00\" \/>\n<meta property=\"article:modified_time\" content=\"2019-10-21T20:36:46+00:00\" \/>\n<meta property=\"og:image\" content=\"https:\/\/www.pm.pb.gov.br\/portal\/wp-content\/uploads\/2019\/10\/patos11.jpeg\" \/>\n\t<meta property=\"og:image:width\" content=\"800\" \/>\n\t<meta property=\"og:image:height\" content=\"445\" \/>\n\t<meta property=\"og:image:type\" content=\"image\/jpeg\" \/>\n<meta name=\"author\" content=\"Tarcisio Oliveira\" \/>\n<meta name=\"twitter:card\" content=\"summary_large_image\" \/>\n<meta name=\"twitter:label1\" content=\"Escrito por\" \/>\n\t<meta name=\"twitter:data1\" content=\"Tarcisio Oliveira\" \/>\n\t<meta name=\"twitter:label2\" content=\"Est. tempo de leitura\" \/>\n\t<meta name=\"twitter:data2\" content=\"1 minuto\" \/>\n<script type=\"application\/ld+json\" class=\"yoast-schema-graph\">{\"@context\":\"https:\/\/schema.org\",\"@graph\":[{\"@type\":\"Article\",\"@id\":\"https:\/\/www.pm.pb.gov.br\/portal\/2019\/10\/21\/sertao-policia-militar-apreende-armas-de-fogo-com-suspeitos-com-vasta-ficha-criminal-em-patos\/#article\",\"isPartOf\":{\"@id\":\"https:\/\/www.pm.pb.gov.br\/portal\/2019\/10\/21\/sertao-policia-militar-apreende-armas-de-fogo-com-suspeitos-com-vasta-ficha-criminal-em-patos\/\"},\"author\":{\"name\":\"Tarcisio Oliveira\",\"@id\":\"https:\/\/www.pm.pb.gov.br\/portal\/#\/schema\/person\/f84f56dcc78ce4357054da888b8247fd\"},\"headline\":\"SERT\u00c3O: Pol\u00edcia Militar apreende armas de fogo com suspeitos com vasta ficha criminal em Patos\",\"datePublished\":\"2019-10-21T20:36:45+00:00\",\"dateModified\":\"2019-10-21T20:36:46+00:00\",\"mainEntityOfPage\":{\"@id\":\"https:\/\/www.pm.pb.gov.br\/portal\/2019\/10\/21\/sertao-policia-militar-apreende-armas-de-fogo-com-suspeitos-com-vasta-ficha-criminal-em-patos\/\"},\"wordCount\":211,\"publisher\":{\"@id\":\"https:\/\/www.pm.pb.gov.br\/portal\/#organization\"},\"articleSection\":[\"A\u00e7\u00f5es Policiais\"],\"inLanguage\":\"pt-BR\"},{\"@type\":\"WebPage\",\"@id\":\"https:\/\/www.pm.pb.gov.br\/portal\/2019\/10\/21\/sertao-policia-militar-apreende-armas-de-fogo-com-suspeitos-com-vasta-ficha-criminal-em-patos\/\",\"url\":\"https:\/\/www.pm.pb.gov.br\/portal\/2019\/10\/21\/sertao-policia-militar-apreende-armas-de-fogo-com-suspeitos-com-vasta-ficha-criminal-em-patos\/\",\"name\":\"SERT\u00c3O: Pol\u00edcia Militar apreende armas de fogo com suspeitos com vasta ficha criminal em Patos - Pol\u00edcia Militar da Para\u00edba\",\"isPartOf\":{\"@id\":\"https:\/\/www.pm.pb.gov.br\/portal\/#website\"},\"datePublished\":\"2019-10-21T20:36:45+00:00\",\"dateModified\":\"2019-10-21T20:36:46+00:00\",\"breadcrumb\":{\"@id\":\"https:\/\/www.pm.pb.gov.br\/portal\/2019\/10\/21\/sertao-policia-militar-apreende-armas-de-fogo-com-suspeitos-com-vasta-ficha-criminal-em-patos\/#breadcrumb\"},\"inLanguage\":\"pt-BR\",\"potentialAction\":[{\"@type\":\"ReadAction\",\"target\":[\"https:\/\/www.pm.pb.gov.br\/portal\/2019\/10\/21\/sertao-policia-militar-apreende-armas-de-fogo-com-suspeitos-com-vasta-ficha-criminal-em-patos\/\"]}]},{\"@type\":\"BreadcrumbList\",\"@id\":\"https:\/\/www.pm.pb.gov.br\/portal\/2019\/10\/21\/sertao-policia-militar-apreende-armas-de-fogo-com-suspeitos-com-vasta-ficha-criminal-em-patos\/#breadcrumb\",\"itemListElement\":[{\"@type\":\"ListItem\",\"position\":1,\"name\":\"In\u00edcio\",\"item\":\"https:\/\/www.pm.pb.gov.br\/portal\/\"},{\"@type\":\"ListItem\",\"position\":2,\"name\":\"SERT\u00c3O: Pol\u00edcia Militar apreende armas de fogo com suspeitos com vasta ficha criminal em Patos\"}]},{\"@type\":\"WebSite\",\"@id\":\"https:\/\/www.pm.pb.gov.br\/portal\/#website\",\"url\":\"https:\/\/www.pm.pb.gov.br\/portal\/\",\"name\":\"Pol\u00edcia Militar da Para\u00edba\",\"description\":\"\",\"publisher\":{\"@id\":\"https:\/\/www.pm.pb.gov.br\/portal\/#organization\"},\"potentialAction\":[{\"@type\":\"SearchAction\",\"target\":{\"@type\":\"EntryPoint\",\"urlTemplate\":\"https:\/\/www.pm.pb.gov.br\/portal\/?s={search_term_string}\"},\"query-input\":\"required name=search_term_string\"}],\"inLanguage\":\"pt-BR\"},{\"@type\":\"Organization\",\"@id\":\"https:\/\/www.pm.pb.gov.br\/portal\/#organization\",\"name\":\"Pol\u00edcia Militar da Para\u00edba\",\"url\":\"https:\/\/www.pm.pb.gov.br\/portal\/\",\"logo\":{\"@type\":\"ImageObject\",\"inLanguage\":\"pt-BR\",\"@id\":\"https:\/\/www.pm.pb.gov.br\/portal\/#\/schema\/logo\/image\/\",\"url\":\"https:\/\/www.pm.pb.gov.br\/portal\/wp-content\/uploads\/2025\/03\/cropped-logo-site-mag2-1.png\",\"contentUrl\":\"https:\/\/www.pm.pb.gov.br\/portal\/wp-content\/uploads\/2025\/03\/cropped-logo-site-mag2-1.png\",\"width\":320,\"height\":90,\"caption\":\"Pol\u00edcia Militar da Para\u00edba\"},\"image\":{\"@id\":\"https:\/\/www.pm.pb.gov.br\/portal\/#\/schema\/logo\/image\/\"}},{\"@type\":\"Person\",\"@id\":\"https:\/\/www.pm.pb.gov.br\/portal\/#\/schema\/person\/f84f56dcc78ce4357054da888b8247fd\",\"name\":\"Tarcisio Oliveira\",\"image\":{\"@type\":\"ImageObject\",\"inLanguage\":\"pt-BR\",\"@id\":\"https:\/\/www.pm.pb.gov.br\/portal\/#\/schema\/person\/image\/\",\"url\":\"https:\/\/secure.gravatar.com\/avatar\/72917b630b69d31cd0297507f34bac97?s=96&d=mm&r=g\",\"contentUrl\":\"https:\/\/secure.gravatar.com\/avatar\/72917b630b69d31cd0297507f34bac97?s=96&d=mm&r=g\",\"caption\":\"Tarcisio Oliveira\"},\"url\":\"https:\/\/www.pm.pb.gov.br\/portal\/author\/tarcisio\/\"}]}<\/script>\n<!-- \/ Yoast SEO plugin. -->","yoast_head_json":{"title":"SERT\u00c3O: Pol\u00edcia Militar apreende armas de fogo com suspeitos com vasta ficha criminal em Patos - Pol\u00edcia Militar da Para\u00edba","robots":{"index":"index","follow":"follow","max-snippet":"max-snippet:-1","max-image-preview":"max-image-preview:large","max-video-preview":"max-video-preview:-1"},"canonical":"https:\/\/www.pm.pb.gov.br\/portal\/2019\/10\/21\/sertao-policia-militar-apreende-armas-de-fogo-com-suspeitos-com-vasta-ficha-criminal-em-patos\/","og_locale":"pt_BR","og_type":"article","og_title":"SERT\u00c3O: Pol\u00edcia Militar apreende armas de fogo com suspeitos com vasta ficha criminal em Patos - Pol\u00edcia Militar da Para\u00edba","og_description":"A Pol\u00edcia Militar apreendeu, neste in\u00edcio de semana, duas armas de fogo no Sert\u00e3o da Para\u00edba. As armas estavam com","og_url":"https:\/\/www.pm.pb.gov.br\/portal\/2019\/10\/21\/sertao-policia-militar-apreende-armas-de-fogo-com-suspeitos-com-vasta-ficha-criminal-em-patos\/","og_site_name":"Pol\u00edcia Militar da Para\u00edba","article_published_time":"2019-10-21T20:36:45+00:00","article_modified_time":"2019-10-21T20:36:46+00:00","og_image":[{"width":800,"height":445,"url":"https:\/\/www.pm.pb.gov.br\/portal\/wp-content\/uploads\/2019\/10\/patos11.jpeg","type":"image\/jpeg"}],"author":"Tarcisio Oliveira","twitter_card":"summary_large_image","twitter_misc":{"Escrito por":"Tarcisio Oliveira","Est. tempo de leitura":"1 minuto"},"schema":{"@context":"https:\/\/schema.org","@graph":[{"@type":"Article","@id":"https:\/\/www.pm.pb.gov.br\/portal\/2019\/10\/21\/sertao-policia-militar-apreende-armas-de-fogo-com-suspeitos-com-vasta-ficha-criminal-em-patos\/#article","isPartOf":{"@id":"https:\/\/www.pm.pb.gov.br\/portal\/2019\/10\/21\/sertao-policia-militar-apreende-armas-de-fogo-com-suspeitos-com-vasta-ficha-criminal-em-patos\/"},"author":{"name":"Tarcisio Oliveira","@id":"https:\/\/www.pm.pb.gov.br\/portal\/#\/schema\/person\/f84f56dcc78ce4357054da888b8247fd"},"headline":"SERT\u00c3O: Pol\u00edcia Militar apreende armas de fogo com suspeitos com vasta ficha criminal em Patos","datePublished":"2019-10-21T20:36:45+00:00","dateModified":"2019-10-21T20:36:46+00:00","mainEntityOfPage":{"@id":"https:\/\/www.pm.pb.gov.br\/portal\/2019\/10\/21\/sertao-policia-militar-apreende-armas-de-fogo-com-suspeitos-com-vasta-ficha-criminal-em-patos\/"},"wordCount":211,"publisher":{"@id":"https:\/\/www.pm.pb.gov.br\/portal\/#organization"},"articleSection":["A\u00e7\u00f5es Policiais"],"inLanguage":"pt-BR"},{"@type":"WebPage","@id":"https:\/\/www.pm.pb.gov.br\/portal\/2019\/10\/21\/sertao-policia-militar-apreende-armas-de-fogo-com-suspeitos-com-vasta-ficha-criminal-em-patos\/","url":"https:\/\/www.pm.pb.gov.br\/portal\/2019\/10\/21\/sertao-policia-militar-apreende-armas-de-fogo-com-suspeitos-com-vasta-ficha-criminal-em-patos\/","name":"SERT\u00c3O: Pol\u00edcia Militar apreende armas de fogo com suspeitos com vasta ficha criminal em Patos - Pol\u00edcia Militar da Para\u00edba","isPartOf":{"@id":"https:\/\/www.pm.pb.gov.br\/portal\/#website"},"datePublished":"2019-10-21T20:36:45+00:00","dateModified":"2019-10-21T20:36:46+00:00","breadcrumb":{"@id":"https:\/\/www.pm.pb.gov.br\/portal\/2019\/10\/21\/sertao-policia-militar-apreende-armas-de-fogo-com-suspeitos-com-vasta-ficha-criminal-em-patos\/#breadcrumb"},"inLanguage":"pt-BR","potentialAction":[{"@type":"ReadAction","target":["https:\/\/www.pm.pb.gov.br\/portal\/2019\/10\/21\/sertao-policia-militar-apreende-armas-de-fogo-com-suspeitos-com-vasta-ficha-criminal-em-patos\/"]}]},{"@type":"BreadcrumbList","@id":"https:\/\/www.pm.pb.gov.br\/portal\/2019\/10\/21\/sertao-policia-militar-apreende-armas-de-fogo-com-suspeitos-com-vasta-ficha-criminal-em-patos\/#breadcrumb","itemListElement":[{"@type":"ListItem","position":1,"name":"In\u00edcio","item":"https:\/\/www.pm.pb.gov.br\/portal\/"},{"@type":"ListItem","position":2,"name":"SERT\u00c3O: Pol\u00edcia Militar apreende armas de fogo com suspeitos com vasta ficha criminal em Patos"}]},{"@type":"WebSite","@id":"https:\/\/www.pm.pb.gov.br\/portal\/#website","url":"https:\/\/www.pm.pb.gov.br\/portal\/","name":"Pol\u00edcia Militar da Para\u00edba","description":"","publisher":{"@id":"https:\/\/www.pm.pb.gov.br\/portal\/#organization"},"potentialAction":[{"@type":"SearchAction","target":{"@type":"EntryPoint","urlTemplate":"https:\/\/www.pm.pb.gov.br\/portal\/?s={search_term_string}"},"query-input":"required name=search_term_string"}],"inLanguage":"pt-BR"},{"@type":"Organization","@id":"https:\/\/www.pm.pb.gov.br\/portal\/#organization","name":"Pol\u00edcia Militar da Para\u00edba","url":"https:\/\/www.pm.pb.gov.br\/portal\/","logo":{"@type":"ImageObject","inLanguage":"pt-BR","@id":"https:\/\/www.pm.pb.gov.br\/portal\/#\/schema\/logo\/image\/","url":"https:\/\/www.pm.pb.gov.br\/portal\/wp-content\/uploads\/2025\/03\/cropped-logo-site-mag2-1.png","contentUrl":"https:\/\/www.pm.pb.gov.br\/portal\/wp-content\/uploads\/2025\/03\/cropped-logo-site-mag2-1.png","width":320,"height":90,"caption":"Pol\u00edcia Militar da Para\u00edba"},"image":{"@id":"https:\/\/www.pm.pb.gov.br\/portal\/#\/schema\/logo\/image\/"}},{"@type":"Person","@id":"https:\/\/www.pm.pb.gov.br\/portal\/#\/schema\/person\/f84f56dcc78ce4357054da888b8247fd","name":"Tarcisio Oliveira","image":{"@type":"ImageObject","inLanguage":"pt-BR","@id":"https:\/\/www.pm.pb.gov.br\/portal\/#\/schema\/person\/image\/","url":"https:\/\/secure.gravatar.com\/avatar\/72917b630b69d31cd0297507f34bac97?s=96&d=mm&r=g","contentUrl":"https:\/\/secure.gravatar.com\/avatar\/72917b630b69d31cd0297507f34bac97?s=96&d=mm&r=g","caption":"Tarcisio Oliveira"},"url":"https:\/\/www.pm.pb.gov.br\/portal\/author\/tarcisio\/"}]}},"_links":{"self":[{"href":"https:\/\/www.pm.pb.gov.br\/portal\/wp-json\/wp\/v2\/posts\/902692"}],"collection":[{"href":"https:\/\/www.pm.pb.gov.br\/portal\/wp-json\/wp\/v2\/posts"}],"about":[{"href":"https:\/\/www.pm.pb.gov.br\/portal\/wp-json\/wp\/v2\/types\/post"}],"author":[{"embeddable":true,"href":"https:\/\/www.pm.pb.gov.br\/portal\/wp-json\/wp\/v2\/users\/12"}],"replies":[{"embeddable":true,"href":"https:\/\/www.pm.pb.gov.br\/portal\/wp-json\/wp\/v2\/comments?post=902692"}],"version-history":[{"count":1,"href":"https:\/\/www.pm.pb.gov.br\/portal\/wp-json\/wp\/v2\/posts\/902692\/revisions"}],"predecessor-version":[{"id":902693,"href":"https:\/\/www.pm.pb.gov.br\/portal\/wp-json\/wp\/v2\/posts\/902692\/revisions\/902693"}],"wp:featuredmedia":[{"embeddable":true,"href":"https:\/\/www.pm.pb.gov.br\/portal\/wp-json\/wp\/v2\/media\/902688"}],"wp:attachment":[{"href":"https:\/\/www.pm.pb.gov.br\/portal\/wp-json\/wp\/v2\/media?parent=902692"}],"wp:term":[{"taxonomy":"category","embeddable":true,"href":"https:\/\/www.pm.pb.gov.br\/portal\/wp-json\/wp\/v2\/categories?post=902692"},{"taxonomy":"post_tag","embeddable":true,"href":"https:\/\/www.pm.pb.gov.br\/portal\/wp-json\/wp\/v2\/tags?post=902692"}],"curies":[{"name":"wp","href":"https:\/\/api.w.org\/{rel}","templated":true}]}}