{"id":902672,"date":"2019-10-19T09:51:28","date_gmt":"2019-10-19T12:51:28","guid":{"rendered":"http:\/\/www.pm.pb.gov.br\/portal\/?p=902672"},"modified":"2019-10-19T09:51:30","modified_gmt":"2019-10-19T12:51:30","slug":"presa-operadora-financeira-do-laboratorio-de-cocaina-desarticulado-pelas-policias-no-litoral-sul-da-paraiba","status":"publish","type":"post","link":"https:\/\/www.pm.pb.gov.br\/portal\/2019\/10\/19\/presa-operadora-financeira-do-laboratorio-de-cocaina-desarticulado-pelas-policias-no-litoral-sul-da-paraiba\/","title":{"rendered":"Presa operadora financeira do laborat\u00f3rio de coca\u00edna desarticulado pelas pol\u00edcias no Litoral Sul da Para\u00edba"},"content":{"rendered":"\n<p>As Policiais Militar, Federal e Rodovi\u00e1ria Federal prenderam, na madrugada deste s\u00e1bado (19), a terceira envolvida no esquema de tr\u00e1fico interestadual que funcionava a partir de de um laborat\u00f3rio de coca\u00edna, que foi desarticulado nessa sexta-feira (18), em uma opera\u00e7\u00e3o na praia de Jacum\u00e3, na cidade do Conde, Litoral Sul da Para\u00edba. A acusada, de 27 anos, foi localizada no bairro do Valentina, na zona sul da Capital.<\/p>\n<p>Com ela, que tinha a fun\u00e7\u00e3o de ser a operadora financeira do tr\u00e1fico de drogas, foram apreendidos 40 mil reais em esp\u00e9cie.<\/p>\n<p>Assim que soube da pris\u00e3o de seus outros dois comparsas, no in\u00edcio da tarde da sexta, ela fugiu para a zona sul da capital, mas foi presa ap\u00f3s quase 12h de buscas realizadas na regi\u00e3o onde ela tentou se esconder.<\/p>\n<p>O esquema desarticulado na opera\u00e7\u00e3o, movimentava mais de 1 milh\u00e3o de reais em drogas por m\u00eas, conforme os primeiros levantamentos, que apontam que os entorpecentes eram distribu\u00eddos nos estados da Para\u00edba, Pernambuco e Rio Grande do Norte.<\/p>\n<p>At\u00e9 agora, a opera\u00e7\u00e3o j\u00e1 apreendeu mais de 100 kg de drogas, sendo que 70% do tipo apreendido era a coca\u00edna, principal entorpecente comercializado no esquema.<\/p>\n<p>A mulher presa na madrugada deste s\u00e1bado foi apresentada na sede da Pol\u00edcia Federal, em Cabedelo, onde est\u00e3o presos os outros dois acusados de fazerem parte do tr\u00e1fico interestadual desarticulado pelo trabalho integrado das tr\u00eas pol\u00edcias.<\/p>\n<p>\u00a0<\/p>\n","protected":false},"excerpt":{"rendered":"<p>As Policiais Militar, Federal e Rodovi\u00e1ria Federal prenderam, na madrugada deste s\u00e1bado (19), a terceira envolvida no esquema de tr\u00e1fico<\/p>\n","protected":false},"author":15,"featured_media":902673,"comment_status":"closed","ping_status":"closed","sticky":false,"template":"","format":"standard","meta":{"_exactmetrics_skip_tracking":false,"_exactmetrics_sitenote_active":false,"_exactmetrics_sitenote_note":"","_exactmetrics_sitenote_category":0,"footnotes":""},"categories":[4],"tags":[],"yoast_head":"<!-- This site is optimized with the Yoast SEO plugin v22.0 - https:\/\/yoast.com\/wordpress\/plugins\/seo\/ -->\n<title>Presa operadora financeira do laborat\u00f3rio de coca\u00edna desarticulado pelas pol\u00edcias no Litoral Sul da Para\u00edba - Pol\u00edcia Militar da Para\u00edba<\/title>\n<meta name=\"robots\" content=\"index, follow, max-snippet:-1, max-image-preview:large, max-video-preview:-1\" \/>\n<link rel=\"canonical\" href=\"https:\/\/www.pm.pb.gov.br\/portal\/2019\/10\/19\/presa-operadora-financeira-do-laboratorio-de-cocaina-desarticulado-pelas-policias-no-litoral-sul-da-paraiba\/\" \/>\n<meta property=\"og:locale\" content=\"pt_BR\" \/>\n<meta property=\"og:type\" content=\"article\" \/>\n<meta property=\"og:title\" content=\"Presa operadora financeira do laborat\u00f3rio de coca\u00edna desarticulado pelas pol\u00edcias no Litoral Sul da Para\u00edba - Pol\u00edcia Militar da Para\u00edba\" \/>\n<meta property=\"og:description\" content=\"As Policiais Militar, Federal e Rodovi\u00e1ria Federal prenderam, na madrugada deste s\u00e1bado (19), a terceira envolvida no esquema de tr\u00e1fico\" \/>\n<meta property=\"og:url\" content=\"https:\/\/www.pm.pb.gov.br\/portal\/2019\/10\/19\/presa-operadora-financeira-do-laboratorio-de-cocaina-desarticulado-pelas-policias-no-litoral-sul-da-paraiba\/\" \/>\n<meta property=\"og:site_name\" content=\"Pol\u00edcia Militar da Para\u00edba\" \/>\n<meta property=\"article:published_time\" content=\"2019-10-19T12:51:28+00:00\" \/>\n<meta property=\"article:modified_time\" content=\"2019-10-19T12:51:30+00:00\" \/>\n<meta property=\"og:image\" content=\"https:\/\/www.pm.pb.gov.br\/portal\/wp-content\/uploads\/2019\/10\/apreens\u00e3o-19-10-19.jpeg\" \/>\n\t<meta property=\"og:image:width\" content=\"1280\" \/>\n\t<meta property=\"og:image:height\" content=\"960\" \/>\n\t<meta property=\"og:image:type\" content=\"image\/jpeg\" \/>\n<meta name=\"author\" content=\"Marcio Gomes dos Santos\" \/>\n<meta name=\"twitter:card\" content=\"summary_large_image\" \/>\n<meta name=\"twitter:label1\" content=\"Escrito por\" \/>\n\t<meta name=\"twitter:data1\" content=\"Marcio Gomes dos Santos\" \/>\n\t<meta name=\"twitter:label2\" content=\"Est. tempo de leitura\" \/>\n\t<meta name=\"twitter:data2\" content=\"1 minuto\" \/>\n<script type=\"application\/ld+json\" class=\"yoast-schema-graph\">{\"@context\":\"https:\/\/schema.org\",\"@graph\":[{\"@type\":\"Article\",\"@id\":\"https:\/\/www.pm.pb.gov.br\/portal\/2019\/10\/19\/presa-operadora-financeira-do-laboratorio-de-cocaina-desarticulado-pelas-policias-no-litoral-sul-da-paraiba\/#article\",\"isPartOf\":{\"@id\":\"https:\/\/www.pm.pb.gov.br\/portal\/2019\/10\/19\/presa-operadora-financeira-do-laboratorio-de-cocaina-desarticulado-pelas-policias-no-litoral-sul-da-paraiba\/\"},\"author\":{\"name\":\"Marcio Gomes dos Santos\",\"@id\":\"https:\/\/www.pm.pb.gov.br\/portal\/#\/schema\/person\/30d571652b38533c2211e4e89bf5a502\"},\"headline\":\"Presa operadora financeira do laborat\u00f3rio de coca\u00edna desarticulado pelas pol\u00edcias no Litoral Sul da Para\u00edba\",\"datePublished\":\"2019-10-19T12:51:28+00:00\",\"dateModified\":\"2019-10-19T12:51:30+00:00\",\"mainEntityOfPage\":{\"@id\":\"https:\/\/www.pm.pb.gov.br\/portal\/2019\/10\/19\/presa-operadora-financeira-do-laboratorio-de-cocaina-desarticulado-pelas-policias-no-litoral-sul-da-paraiba\/\"},\"wordCount\":268,\"publisher\":{\"@id\":\"https:\/\/www.pm.pb.gov.br\/portal\/#organization\"},\"articleSection\":[\"A\u00e7\u00f5es Policiais\"],\"inLanguage\":\"pt-BR\"},{\"@type\":\"WebPage\",\"@id\":\"https:\/\/www.pm.pb.gov.br\/portal\/2019\/10\/19\/presa-operadora-financeira-do-laboratorio-de-cocaina-desarticulado-pelas-policias-no-litoral-sul-da-paraiba\/\",\"url\":\"https:\/\/www.pm.pb.gov.br\/portal\/2019\/10\/19\/presa-operadora-financeira-do-laboratorio-de-cocaina-desarticulado-pelas-policias-no-litoral-sul-da-paraiba\/\",\"name\":\"Presa operadora financeira do laborat\u00f3rio de coca\u00edna desarticulado pelas pol\u00edcias no Litoral Sul da Para\u00edba - Pol\u00edcia Militar da Para\u00edba\",\"isPartOf\":{\"@id\":\"https:\/\/www.pm.pb.gov.br\/portal\/#website\"},\"datePublished\":\"2019-10-19T12:51:28+00:00\",\"dateModified\":\"2019-10-19T12:51:30+00:00\",\"breadcrumb\":{\"@id\":\"https:\/\/www.pm.pb.gov.br\/portal\/2019\/10\/19\/presa-operadora-financeira-do-laboratorio-de-cocaina-desarticulado-pelas-policias-no-litoral-sul-da-paraiba\/#breadcrumb\"},\"inLanguage\":\"pt-BR\",\"potentialAction\":[{\"@type\":\"ReadAction\",\"target\":[\"https:\/\/www.pm.pb.gov.br\/portal\/2019\/10\/19\/presa-operadora-financeira-do-laboratorio-de-cocaina-desarticulado-pelas-policias-no-litoral-sul-da-paraiba\/\"]}]},{\"@type\":\"BreadcrumbList\",\"@id\":\"https:\/\/www.pm.pb.gov.br\/portal\/2019\/10\/19\/presa-operadora-financeira-do-laboratorio-de-cocaina-desarticulado-pelas-policias-no-litoral-sul-da-paraiba\/#breadcrumb\",\"itemListElement\":[{\"@type\":\"ListItem\",\"position\":1,\"name\":\"In\u00edcio\",\"item\":\"https:\/\/www.pm.pb.gov.br\/portal\/\"},{\"@type\":\"ListItem\",\"position\":2,\"name\":\"Presa operadora financeira do laborat\u00f3rio de coca\u00edna desarticulado pelas pol\u00edcias no Litoral Sul da Para\u00edba\"}]},{\"@type\":\"WebSite\",\"@id\":\"https:\/\/www.pm.pb.gov.br\/portal\/#website\",\"url\":\"https:\/\/www.pm.pb.gov.br\/portal\/\",\"name\":\"Pol\u00edcia Militar da Para\u00edba\",\"description\":\"\",\"publisher\":{\"@id\":\"https:\/\/www.pm.pb.gov.br\/portal\/#organization\"},\"potentialAction\":[{\"@type\":\"SearchAction\",\"target\":{\"@type\":\"EntryPoint\",\"urlTemplate\":\"https:\/\/www.pm.pb.gov.br\/portal\/?s={search_term_string}\"},\"query-input\":\"required name=search_term_string\"}],\"inLanguage\":\"pt-BR\"},{\"@type\":\"Organization\",\"@id\":\"https:\/\/www.pm.pb.gov.br\/portal\/#organization\",\"name\":\"Pol\u00edcia Militar da Para\u00edba\",\"url\":\"https:\/\/www.pm.pb.gov.br\/portal\/\",\"logo\":{\"@type\":\"ImageObject\",\"inLanguage\":\"pt-BR\",\"@id\":\"https:\/\/www.pm.pb.gov.br\/portal\/#\/schema\/logo\/image\/\",\"url\":\"https:\/\/www.pm.pb.gov.br\/portal\/wp-content\/uploads\/2025\/03\/cropped-logo-site-mag2-1.png\",\"contentUrl\":\"https:\/\/www.pm.pb.gov.br\/portal\/wp-content\/uploads\/2025\/03\/cropped-logo-site-mag2-1.png\",\"width\":320,\"height\":90,\"caption\":\"Pol\u00edcia Militar da Para\u00edba\"},\"image\":{\"@id\":\"https:\/\/www.pm.pb.gov.br\/portal\/#\/schema\/logo\/image\/\"}},{\"@type\":\"Person\",\"@id\":\"https:\/\/www.pm.pb.gov.br\/portal\/#\/schema\/person\/30d571652b38533c2211e4e89bf5a502\",\"name\":\"Marcio Gomes dos Santos\",\"image\":{\"@type\":\"ImageObject\",\"inLanguage\":\"pt-BR\",\"@id\":\"https:\/\/www.pm.pb.gov.br\/portal\/#\/schema\/person\/image\/\",\"url\":\"https:\/\/secure.gravatar.com\/avatar\/cf4ec2cb690101e1581c7773aa350c19?s=96&d=mm&r=g\",\"contentUrl\":\"https:\/\/secure.gravatar.com\/avatar\/cf4ec2cb690101e1581c7773aa350c19?s=96&d=mm&r=g\",\"caption\":\"Marcio Gomes dos Santos\"},\"url\":\"https:\/\/www.pm.pb.gov.br\/portal\/author\/mgomes\/\"}]}<\/script>\n<!-- \/ Yoast SEO plugin. -->","yoast_head_json":{"title":"Presa operadora financeira do laborat\u00f3rio de coca\u00edna desarticulado pelas pol\u00edcias no Litoral Sul da Para\u00edba - Pol\u00edcia Militar da Para\u00edba","robots":{"index":"index","follow":"follow","max-snippet":"max-snippet:-1","max-image-preview":"max-image-preview:large","max-video-preview":"max-video-preview:-1"},"canonical":"https:\/\/www.pm.pb.gov.br\/portal\/2019\/10\/19\/presa-operadora-financeira-do-laboratorio-de-cocaina-desarticulado-pelas-policias-no-litoral-sul-da-paraiba\/","og_locale":"pt_BR","og_type":"article","og_title":"Presa operadora financeira do laborat\u00f3rio de coca\u00edna desarticulado pelas pol\u00edcias no Litoral Sul da Para\u00edba - Pol\u00edcia Militar da Para\u00edba","og_description":"As Policiais Militar, Federal e Rodovi\u00e1ria Federal prenderam, na madrugada deste s\u00e1bado (19), a terceira envolvida no esquema de tr\u00e1fico","og_url":"https:\/\/www.pm.pb.gov.br\/portal\/2019\/10\/19\/presa-operadora-financeira-do-laboratorio-de-cocaina-desarticulado-pelas-policias-no-litoral-sul-da-paraiba\/","og_site_name":"Pol\u00edcia Militar da Para\u00edba","article_published_time":"2019-10-19T12:51:28+00:00","article_modified_time":"2019-10-19T12:51:30+00:00","og_image":[{"width":1280,"height":960,"url":"https:\/\/www.pm.pb.gov.br\/portal\/wp-content\/uploads\/2019\/10\/apreens\u00e3o-19-10-19.jpeg","type":"image\/jpeg"}],"author":"Marcio Gomes dos Santos","twitter_card":"summary_large_image","twitter_misc":{"Escrito por":"Marcio Gomes dos Santos","Est. tempo de leitura":"1 minuto"},"schema":{"@context":"https:\/\/schema.org","@graph":[{"@type":"Article","@id":"https:\/\/www.pm.pb.gov.br\/portal\/2019\/10\/19\/presa-operadora-financeira-do-laboratorio-de-cocaina-desarticulado-pelas-policias-no-litoral-sul-da-paraiba\/#article","isPartOf":{"@id":"https:\/\/www.pm.pb.gov.br\/portal\/2019\/10\/19\/presa-operadora-financeira-do-laboratorio-de-cocaina-desarticulado-pelas-policias-no-litoral-sul-da-paraiba\/"},"author":{"name":"Marcio Gomes dos Santos","@id":"https:\/\/www.pm.pb.gov.br\/portal\/#\/schema\/person\/30d571652b38533c2211e4e89bf5a502"},"headline":"Presa operadora financeira do laborat\u00f3rio de coca\u00edna desarticulado pelas pol\u00edcias no Litoral Sul da Para\u00edba","datePublished":"2019-10-19T12:51:28+00:00","dateModified":"2019-10-19T12:51:30+00:00","mainEntityOfPage":{"@id":"https:\/\/www.pm.pb.gov.br\/portal\/2019\/10\/19\/presa-operadora-financeira-do-laboratorio-de-cocaina-desarticulado-pelas-policias-no-litoral-sul-da-paraiba\/"},"wordCount":268,"publisher":{"@id":"https:\/\/www.pm.pb.gov.br\/portal\/#organization"},"articleSection":["A\u00e7\u00f5es Policiais"],"inLanguage":"pt-BR"},{"@type":"WebPage","@id":"https:\/\/www.pm.pb.gov.br\/portal\/2019\/10\/19\/presa-operadora-financeira-do-laboratorio-de-cocaina-desarticulado-pelas-policias-no-litoral-sul-da-paraiba\/","url":"https:\/\/www.pm.pb.gov.br\/portal\/2019\/10\/19\/presa-operadora-financeira-do-laboratorio-de-cocaina-desarticulado-pelas-policias-no-litoral-sul-da-paraiba\/","name":"Presa operadora financeira do laborat\u00f3rio de coca\u00edna desarticulado pelas pol\u00edcias no Litoral Sul da Para\u00edba - Pol\u00edcia Militar da Para\u00edba","isPartOf":{"@id":"https:\/\/www.pm.pb.gov.br\/portal\/#website"},"datePublished":"2019-10-19T12:51:28+00:00","dateModified":"2019-10-19T12:51:30+00:00","breadcrumb":{"@id":"https:\/\/www.pm.pb.gov.br\/portal\/2019\/10\/19\/presa-operadora-financeira-do-laboratorio-de-cocaina-desarticulado-pelas-policias-no-litoral-sul-da-paraiba\/#breadcrumb"},"inLanguage":"pt-BR","potentialAction":[{"@type":"ReadAction","target":["https:\/\/www.pm.pb.gov.br\/portal\/2019\/10\/19\/presa-operadora-financeira-do-laboratorio-de-cocaina-desarticulado-pelas-policias-no-litoral-sul-da-paraiba\/"]}]},{"@type":"BreadcrumbList","@id":"https:\/\/www.pm.pb.gov.br\/portal\/2019\/10\/19\/presa-operadora-financeira-do-laboratorio-de-cocaina-desarticulado-pelas-policias-no-litoral-sul-da-paraiba\/#breadcrumb","itemListElement":[{"@type":"ListItem","position":1,"name":"In\u00edcio","item":"https:\/\/www.pm.pb.gov.br\/portal\/"},{"@type":"ListItem","position":2,"name":"Presa operadora financeira do laborat\u00f3rio de coca\u00edna desarticulado pelas pol\u00edcias no Litoral Sul da Para\u00edba"}]},{"@type":"WebSite","@id":"https:\/\/www.pm.pb.gov.br\/portal\/#website","url":"https:\/\/www.pm.pb.gov.br\/portal\/","name":"Pol\u00edcia Militar da Para\u00edba","description":"","publisher":{"@id":"https:\/\/www.pm.pb.gov.br\/portal\/#organization"},"potentialAction":[{"@type":"SearchAction","target":{"@type":"EntryPoint","urlTemplate":"https:\/\/www.pm.pb.gov.br\/portal\/?s={search_term_string}"},"query-input":"required name=search_term_string"}],"inLanguage":"pt-BR"},{"@type":"Organization","@id":"https:\/\/www.pm.pb.gov.br\/portal\/#organization","name":"Pol\u00edcia Militar da Para\u00edba","url":"https:\/\/www.pm.pb.gov.br\/portal\/","logo":{"@type":"ImageObject","inLanguage":"pt-BR","@id":"https:\/\/www.pm.pb.gov.br\/portal\/#\/schema\/logo\/image\/","url":"https:\/\/www.pm.pb.gov.br\/portal\/wp-content\/uploads\/2025\/03\/cropped-logo-site-mag2-1.png","contentUrl":"https:\/\/www.pm.pb.gov.br\/portal\/wp-content\/uploads\/2025\/03\/cropped-logo-site-mag2-1.png","width":320,"height":90,"caption":"Pol\u00edcia Militar da Para\u00edba"},"image":{"@id":"https:\/\/www.pm.pb.gov.br\/portal\/#\/schema\/logo\/image\/"}},{"@type":"Person","@id":"https:\/\/www.pm.pb.gov.br\/portal\/#\/schema\/person\/30d571652b38533c2211e4e89bf5a502","name":"Marcio Gomes dos Santos","image":{"@type":"ImageObject","inLanguage":"pt-BR","@id":"https:\/\/www.pm.pb.gov.br\/portal\/#\/schema\/person\/image\/","url":"https:\/\/secure.gravatar.com\/avatar\/cf4ec2cb690101e1581c7773aa350c19?s=96&d=mm&r=g","contentUrl":"https:\/\/secure.gravatar.com\/avatar\/cf4ec2cb690101e1581c7773aa350c19?s=96&d=mm&r=g","caption":"Marcio Gomes dos Santos"},"url":"https:\/\/www.pm.pb.gov.br\/portal\/author\/mgomes\/"}]}},"_links":{"self":[{"href":"https:\/\/www.pm.pb.gov.br\/portal\/wp-json\/wp\/v2\/posts\/902672"}],"collection":[{"href":"https:\/\/www.pm.pb.gov.br\/portal\/wp-json\/wp\/v2\/posts"}],"about":[{"href":"https:\/\/www.pm.pb.gov.br\/portal\/wp-json\/wp\/v2\/types\/post"}],"author":[{"embeddable":true,"href":"https:\/\/www.pm.pb.gov.br\/portal\/wp-json\/wp\/v2\/users\/15"}],"replies":[{"embeddable":true,"href":"https:\/\/www.pm.pb.gov.br\/portal\/wp-json\/wp\/v2\/comments?post=902672"}],"version-history":[{"count":1,"href":"https:\/\/www.pm.pb.gov.br\/portal\/wp-json\/wp\/v2\/posts\/902672\/revisions"}],"predecessor-version":[{"id":902674,"href":"https:\/\/www.pm.pb.gov.br\/portal\/wp-json\/wp\/v2\/posts\/902672\/revisions\/902674"}],"wp:featuredmedia":[{"embeddable":true,"href":"https:\/\/www.pm.pb.gov.br\/portal\/wp-json\/wp\/v2\/media\/902673"}],"wp:attachment":[{"href":"https:\/\/www.pm.pb.gov.br\/portal\/wp-json\/wp\/v2\/media?parent=902672"}],"wp:term":[{"taxonomy":"category","embeddable":true,"href":"https:\/\/www.pm.pb.gov.br\/portal\/wp-json\/wp\/v2\/categories?post=902672"},{"taxonomy":"post_tag","embeddable":true,"href":"https:\/\/www.pm.pb.gov.br\/portal\/wp-json\/wp\/v2\/tags?post=902672"}],"curies":[{"name":"wp","href":"https:\/\/api.w.org\/{rel}","templated":true}]}}