{"id":902667,"date":"2019-10-18T16:53:52","date_gmt":"2019-10-18T19:53:52","guid":{"rendered":"http:\/\/www.pm.pb.gov.br\/portal\/?p=902667"},"modified":"2019-10-18T16:53:53","modified_gmt":"2019-10-18T19:53:53","slug":"policias-militar-federal-e-rodoviaria-federal-apreendem-mais-de-100-kg-de-drogas-durante-operacao-no-litoral-sul-da-paraiba","status":"publish","type":"post","link":"https:\/\/www.pm.pb.gov.br\/portal\/2019\/10\/18\/policias-militar-federal-e-rodoviaria-federal-apreendem-mais-de-100-kg-de-drogas-durante-operacao-no-litoral-sul-da-paraiba\/","title":{"rendered":"Pol\u00edcias Militar, Federal e Rodovi\u00e1ria Federal apreendem mais de 100 kg de drogas durante opera\u00e7\u00e3o no Litoral Sul da Para\u00edba"},"content":{"rendered":"\n<p style=\"font-weight: 400;\">Uma opera\u00e7\u00e3o policial que reuniu integrantes das Pol\u00edcias Militar, Federal e Rodovi\u00e1ria Federal para combater o tr\u00e1fico de drogas, resultou no fechamento de um laborat\u00f3rio de coca\u00edna que funcionava em uma casa de veraneio, na praia de Jacum\u00e3, na cidade do Conde, localizada no Litoral Sul da Para\u00edba. Na resid\u00eancia, que foi cercada no fim da tarde desta sexta-feira (18), foram presos dois suspeitos e apreendidos mais de 100 kg de entorpecentes.<\/p>\n<p style=\"font-weight: 400;\">Entre as drogas apreendidas, que teriam como destino pontos de venda na Para\u00edba e em Pernambuco, estavam 79,5 kg de coca\u00edna, 22 kg de maconha, 2,5 kg de crack e v\u00e1rios aparelhos e compostos qu\u00edmicos usados para o preparo dos entorpecentes at\u00e9 ficarem prontos para as vendas.<\/p>\n<p style=\"font-weight: 400;\">Os presos t\u00eam 41e 34 anos de idade, atuavam no esquema no transporte e refino da droga. Eles j\u00e1 t\u00eam passagem pela pol\u00edcia pelos crimes de tr\u00e1fico de Maria da Penha.<\/p>\n<p style=\"font-weight: 400;\">O local onde funcionava o laborat\u00f3rio foi descoberto atrav\u00e9s de um trabalho integrado entre as tr\u00eas institui\u00e7\u00f5es, a partir da troca de informa\u00e7\u00f5es e levantamentos realizados at\u00e9 deflagrar a opera\u00e7\u00e3o desta sexta-feira.<\/p>\n<p style=\"font-weight: 400;\">O material apreendido e os presos na opera\u00e7\u00e3o foram levados para a sede da Pol\u00edcia Federal, em Cabedelo.<\/p>\n","protected":false},"excerpt":{"rendered":"<p>Uma opera\u00e7\u00e3o policial que reuniu integrantes das Pol\u00edcias Militar, Federal e Rodovi\u00e1ria Federal para combater o tr\u00e1fico de drogas, resultou<\/p>\n","protected":false},"author":12,"featured_media":902668,"comment_status":"closed","ping_status":"closed","sticky":false,"template":"","format":"standard","meta":{"_exactmetrics_skip_tracking":false,"_exactmetrics_sitenote_active":false,"_exactmetrics_sitenote_note":"","_exactmetrics_sitenote_category":0,"footnotes":""},"categories":[4],"tags":[],"yoast_head":"<!-- This site is optimized with the Yoast SEO plugin v22.0 - https:\/\/yoast.com\/wordpress\/plugins\/seo\/ -->\n<title>Pol\u00edcias Militar, Federal e Rodovi\u00e1ria Federal apreendem mais de 100 kg de drogas durante opera\u00e7\u00e3o no Litoral Sul da Para\u00edba - Pol\u00edcia Militar da Para\u00edba<\/title>\n<meta name=\"robots\" content=\"index, follow, max-snippet:-1, max-image-preview:large, max-video-preview:-1\" \/>\n<link rel=\"canonical\" href=\"https:\/\/www.pm.pb.gov.br\/portal\/2019\/10\/18\/policias-militar-federal-e-rodoviaria-federal-apreendem-mais-de-100-kg-de-drogas-durante-operacao-no-litoral-sul-da-paraiba\/\" \/>\n<meta property=\"og:locale\" content=\"pt_BR\" \/>\n<meta property=\"og:type\" content=\"article\" \/>\n<meta property=\"og:title\" content=\"Pol\u00edcias Militar, Federal e Rodovi\u00e1ria Federal apreendem mais de 100 kg de drogas durante opera\u00e7\u00e3o no Litoral Sul da Para\u00edba - Pol\u00edcia Militar da Para\u00edba\" \/>\n<meta property=\"og:description\" content=\"Uma opera\u00e7\u00e3o policial que reuniu integrantes das Pol\u00edcias Militar, Federal e Rodovi\u00e1ria Federal para combater o tr\u00e1fico de drogas, resultou\" \/>\n<meta property=\"og:url\" content=\"https:\/\/www.pm.pb.gov.br\/portal\/2019\/10\/18\/policias-militar-federal-e-rodoviaria-federal-apreendem-mais-de-100-kg-de-drogas-durante-operacao-no-litoral-sul-da-paraiba\/\" \/>\n<meta property=\"og:site_name\" content=\"Pol\u00edcia Militar da Para\u00edba\" \/>\n<meta property=\"article:published_time\" content=\"2019-10-18T19:53:52+00:00\" \/>\n<meta property=\"article:modified_time\" content=\"2019-10-18T19:53:53+00:00\" \/>\n<meta property=\"og:image\" content=\"https:\/\/www.pm.pb.gov.br\/portal\/wp-content\/uploads\/2019\/10\/principal.jpeg\" \/>\n\t<meta property=\"og:image:width\" content=\"800\" \/>\n\t<meta property=\"og:image:height\" content=\"445\" \/>\n\t<meta property=\"og:image:type\" content=\"image\/jpeg\" \/>\n<meta name=\"author\" content=\"Tarcisio Oliveira\" \/>\n<meta name=\"twitter:card\" content=\"summary_large_image\" \/>\n<meta name=\"twitter:label1\" content=\"Escrito por\" \/>\n\t<meta name=\"twitter:data1\" content=\"Tarcisio Oliveira\" \/>\n\t<meta name=\"twitter:label2\" content=\"Est. tempo de leitura\" \/>\n\t<meta name=\"twitter:data2\" content=\"1 minuto\" \/>\n<script type=\"application\/ld+json\" class=\"yoast-schema-graph\">{\"@context\":\"https:\/\/schema.org\",\"@graph\":[{\"@type\":\"Article\",\"@id\":\"https:\/\/www.pm.pb.gov.br\/portal\/2019\/10\/18\/policias-militar-federal-e-rodoviaria-federal-apreendem-mais-de-100-kg-de-drogas-durante-operacao-no-litoral-sul-da-paraiba\/#article\",\"isPartOf\":{\"@id\":\"https:\/\/www.pm.pb.gov.br\/portal\/2019\/10\/18\/policias-militar-federal-e-rodoviaria-federal-apreendem-mais-de-100-kg-de-drogas-durante-operacao-no-litoral-sul-da-paraiba\/\"},\"author\":{\"name\":\"Tarcisio Oliveira\",\"@id\":\"https:\/\/www.pm.pb.gov.br\/portal\/#\/schema\/person\/f84f56dcc78ce4357054da888b8247fd\"},\"headline\":\"Pol\u00edcias Militar, Federal e Rodovi\u00e1ria Federal apreendem mais de 100 kg de drogas durante opera\u00e7\u00e3o no Litoral Sul da Para\u00edba\",\"datePublished\":\"2019-10-18T19:53:52+00:00\",\"dateModified\":\"2019-10-18T19:53:53+00:00\",\"mainEntityOfPage\":{\"@id\":\"https:\/\/www.pm.pb.gov.br\/portal\/2019\/10\/18\/policias-militar-federal-e-rodoviaria-federal-apreendem-mais-de-100-kg-de-drogas-durante-operacao-no-litoral-sul-da-paraiba\/\"},\"wordCount\":241,\"publisher\":{\"@id\":\"https:\/\/www.pm.pb.gov.br\/portal\/#organization\"},\"articleSection\":[\"A\u00e7\u00f5es Policiais\"],\"inLanguage\":\"pt-BR\"},{\"@type\":\"WebPage\",\"@id\":\"https:\/\/www.pm.pb.gov.br\/portal\/2019\/10\/18\/policias-militar-federal-e-rodoviaria-federal-apreendem-mais-de-100-kg-de-drogas-durante-operacao-no-litoral-sul-da-paraiba\/\",\"url\":\"https:\/\/www.pm.pb.gov.br\/portal\/2019\/10\/18\/policias-militar-federal-e-rodoviaria-federal-apreendem-mais-de-100-kg-de-drogas-durante-operacao-no-litoral-sul-da-paraiba\/\",\"name\":\"Pol\u00edcias Militar, Federal e Rodovi\u00e1ria Federal apreendem mais de 100 kg de drogas durante opera\u00e7\u00e3o no Litoral Sul da Para\u00edba - Pol\u00edcia Militar da Para\u00edba\",\"isPartOf\":{\"@id\":\"https:\/\/www.pm.pb.gov.br\/portal\/#website\"},\"datePublished\":\"2019-10-18T19:53:52+00:00\",\"dateModified\":\"2019-10-18T19:53:53+00:00\",\"breadcrumb\":{\"@id\":\"https:\/\/www.pm.pb.gov.br\/portal\/2019\/10\/18\/policias-militar-federal-e-rodoviaria-federal-apreendem-mais-de-100-kg-de-drogas-durante-operacao-no-litoral-sul-da-paraiba\/#breadcrumb\"},\"inLanguage\":\"pt-BR\",\"potentialAction\":[{\"@type\":\"ReadAction\",\"target\":[\"https:\/\/www.pm.pb.gov.br\/portal\/2019\/10\/18\/policias-militar-federal-e-rodoviaria-federal-apreendem-mais-de-100-kg-de-drogas-durante-operacao-no-litoral-sul-da-paraiba\/\"]}]},{\"@type\":\"BreadcrumbList\",\"@id\":\"https:\/\/www.pm.pb.gov.br\/portal\/2019\/10\/18\/policias-militar-federal-e-rodoviaria-federal-apreendem-mais-de-100-kg-de-drogas-durante-operacao-no-litoral-sul-da-paraiba\/#breadcrumb\",\"itemListElement\":[{\"@type\":\"ListItem\",\"position\":1,\"name\":\"In\u00edcio\",\"item\":\"https:\/\/www.pm.pb.gov.br\/portal\/\"},{\"@type\":\"ListItem\",\"position\":2,\"name\":\"Pol\u00edcias Militar, Federal e Rodovi\u00e1ria Federal apreendem mais de 100 kg de drogas durante opera\u00e7\u00e3o no Litoral Sul da Para\u00edba\"}]},{\"@type\":\"WebSite\",\"@id\":\"https:\/\/www.pm.pb.gov.br\/portal\/#website\",\"url\":\"https:\/\/www.pm.pb.gov.br\/portal\/\",\"name\":\"Pol\u00edcia Militar da Para\u00edba\",\"description\":\"\",\"publisher\":{\"@id\":\"https:\/\/www.pm.pb.gov.br\/portal\/#organization\"},\"potentialAction\":[{\"@type\":\"SearchAction\",\"target\":{\"@type\":\"EntryPoint\",\"urlTemplate\":\"https:\/\/www.pm.pb.gov.br\/portal\/?s={search_term_string}\"},\"query-input\":\"required name=search_term_string\"}],\"inLanguage\":\"pt-BR\"},{\"@type\":\"Organization\",\"@id\":\"https:\/\/www.pm.pb.gov.br\/portal\/#organization\",\"name\":\"Pol\u00edcia Militar da Para\u00edba\",\"url\":\"https:\/\/www.pm.pb.gov.br\/portal\/\",\"logo\":{\"@type\":\"ImageObject\",\"inLanguage\":\"pt-BR\",\"@id\":\"https:\/\/www.pm.pb.gov.br\/portal\/#\/schema\/logo\/image\/\",\"url\":\"https:\/\/www.pm.pb.gov.br\/portal\/wp-content\/uploads\/2025\/03\/cropped-logo-site-mag2-1.png\",\"contentUrl\":\"https:\/\/www.pm.pb.gov.br\/portal\/wp-content\/uploads\/2025\/03\/cropped-logo-site-mag2-1.png\",\"width\":320,\"height\":90,\"caption\":\"Pol\u00edcia Militar da Para\u00edba\"},\"image\":{\"@id\":\"https:\/\/www.pm.pb.gov.br\/portal\/#\/schema\/logo\/image\/\"}},{\"@type\":\"Person\",\"@id\":\"https:\/\/www.pm.pb.gov.br\/portal\/#\/schema\/person\/f84f56dcc78ce4357054da888b8247fd\",\"name\":\"Tarcisio Oliveira\",\"image\":{\"@type\":\"ImageObject\",\"inLanguage\":\"pt-BR\",\"@id\":\"https:\/\/www.pm.pb.gov.br\/portal\/#\/schema\/person\/image\/\",\"url\":\"https:\/\/secure.gravatar.com\/avatar\/72917b630b69d31cd0297507f34bac97?s=96&d=mm&r=g\",\"contentUrl\":\"https:\/\/secure.gravatar.com\/avatar\/72917b630b69d31cd0297507f34bac97?s=96&d=mm&r=g\",\"caption\":\"Tarcisio Oliveira\"},\"url\":\"https:\/\/www.pm.pb.gov.br\/portal\/author\/tarcisio\/\"}]}<\/script>\n<!-- \/ Yoast SEO plugin. -->","yoast_head_json":{"title":"Pol\u00edcias Militar, Federal e Rodovi\u00e1ria Federal apreendem mais de 100 kg de drogas durante opera\u00e7\u00e3o no Litoral Sul da Para\u00edba - Pol\u00edcia Militar da Para\u00edba","robots":{"index":"index","follow":"follow","max-snippet":"max-snippet:-1","max-image-preview":"max-image-preview:large","max-video-preview":"max-video-preview:-1"},"canonical":"https:\/\/www.pm.pb.gov.br\/portal\/2019\/10\/18\/policias-militar-federal-e-rodoviaria-federal-apreendem-mais-de-100-kg-de-drogas-durante-operacao-no-litoral-sul-da-paraiba\/","og_locale":"pt_BR","og_type":"article","og_title":"Pol\u00edcias Militar, Federal e Rodovi\u00e1ria Federal apreendem mais de 100 kg de drogas durante opera\u00e7\u00e3o no Litoral Sul da Para\u00edba - Pol\u00edcia Militar da Para\u00edba","og_description":"Uma opera\u00e7\u00e3o policial que reuniu integrantes das Pol\u00edcias Militar, Federal e Rodovi\u00e1ria Federal para combater o tr\u00e1fico de drogas, resultou","og_url":"https:\/\/www.pm.pb.gov.br\/portal\/2019\/10\/18\/policias-militar-federal-e-rodoviaria-federal-apreendem-mais-de-100-kg-de-drogas-durante-operacao-no-litoral-sul-da-paraiba\/","og_site_name":"Pol\u00edcia Militar da Para\u00edba","article_published_time":"2019-10-18T19:53:52+00:00","article_modified_time":"2019-10-18T19:53:53+00:00","og_image":[{"width":800,"height":445,"url":"https:\/\/www.pm.pb.gov.br\/portal\/wp-content\/uploads\/2019\/10\/principal.jpeg","type":"image\/jpeg"}],"author":"Tarcisio Oliveira","twitter_card":"summary_large_image","twitter_misc":{"Escrito por":"Tarcisio Oliveira","Est. tempo de leitura":"1 minuto"},"schema":{"@context":"https:\/\/schema.org","@graph":[{"@type":"Article","@id":"https:\/\/www.pm.pb.gov.br\/portal\/2019\/10\/18\/policias-militar-federal-e-rodoviaria-federal-apreendem-mais-de-100-kg-de-drogas-durante-operacao-no-litoral-sul-da-paraiba\/#article","isPartOf":{"@id":"https:\/\/www.pm.pb.gov.br\/portal\/2019\/10\/18\/policias-militar-federal-e-rodoviaria-federal-apreendem-mais-de-100-kg-de-drogas-durante-operacao-no-litoral-sul-da-paraiba\/"},"author":{"name":"Tarcisio Oliveira","@id":"https:\/\/www.pm.pb.gov.br\/portal\/#\/schema\/person\/f84f56dcc78ce4357054da888b8247fd"},"headline":"Pol\u00edcias Militar, Federal e Rodovi\u00e1ria Federal apreendem mais de 100 kg de drogas durante opera\u00e7\u00e3o no Litoral Sul da Para\u00edba","datePublished":"2019-10-18T19:53:52+00:00","dateModified":"2019-10-18T19:53:53+00:00","mainEntityOfPage":{"@id":"https:\/\/www.pm.pb.gov.br\/portal\/2019\/10\/18\/policias-militar-federal-e-rodoviaria-federal-apreendem-mais-de-100-kg-de-drogas-durante-operacao-no-litoral-sul-da-paraiba\/"},"wordCount":241,"publisher":{"@id":"https:\/\/www.pm.pb.gov.br\/portal\/#organization"},"articleSection":["A\u00e7\u00f5es Policiais"],"inLanguage":"pt-BR"},{"@type":"WebPage","@id":"https:\/\/www.pm.pb.gov.br\/portal\/2019\/10\/18\/policias-militar-federal-e-rodoviaria-federal-apreendem-mais-de-100-kg-de-drogas-durante-operacao-no-litoral-sul-da-paraiba\/","url":"https:\/\/www.pm.pb.gov.br\/portal\/2019\/10\/18\/policias-militar-federal-e-rodoviaria-federal-apreendem-mais-de-100-kg-de-drogas-durante-operacao-no-litoral-sul-da-paraiba\/","name":"Pol\u00edcias Militar, Federal e Rodovi\u00e1ria Federal apreendem mais de 100 kg de drogas durante opera\u00e7\u00e3o no Litoral Sul da Para\u00edba - Pol\u00edcia Militar da Para\u00edba","isPartOf":{"@id":"https:\/\/www.pm.pb.gov.br\/portal\/#website"},"datePublished":"2019-10-18T19:53:52+00:00","dateModified":"2019-10-18T19:53:53+00:00","breadcrumb":{"@id":"https:\/\/www.pm.pb.gov.br\/portal\/2019\/10\/18\/policias-militar-federal-e-rodoviaria-federal-apreendem-mais-de-100-kg-de-drogas-durante-operacao-no-litoral-sul-da-paraiba\/#breadcrumb"},"inLanguage":"pt-BR","potentialAction":[{"@type":"ReadAction","target":["https:\/\/www.pm.pb.gov.br\/portal\/2019\/10\/18\/policias-militar-federal-e-rodoviaria-federal-apreendem-mais-de-100-kg-de-drogas-durante-operacao-no-litoral-sul-da-paraiba\/"]}]},{"@type":"BreadcrumbList","@id":"https:\/\/www.pm.pb.gov.br\/portal\/2019\/10\/18\/policias-militar-federal-e-rodoviaria-federal-apreendem-mais-de-100-kg-de-drogas-durante-operacao-no-litoral-sul-da-paraiba\/#breadcrumb","itemListElement":[{"@type":"ListItem","position":1,"name":"In\u00edcio","item":"https:\/\/www.pm.pb.gov.br\/portal\/"},{"@type":"ListItem","position":2,"name":"Pol\u00edcias Militar, Federal e Rodovi\u00e1ria Federal apreendem mais de 100 kg de drogas durante opera\u00e7\u00e3o no Litoral Sul da Para\u00edba"}]},{"@type":"WebSite","@id":"https:\/\/www.pm.pb.gov.br\/portal\/#website","url":"https:\/\/www.pm.pb.gov.br\/portal\/","name":"Pol\u00edcia Militar da Para\u00edba","description":"","publisher":{"@id":"https:\/\/www.pm.pb.gov.br\/portal\/#organization"},"potentialAction":[{"@type":"SearchAction","target":{"@type":"EntryPoint","urlTemplate":"https:\/\/www.pm.pb.gov.br\/portal\/?s={search_term_string}"},"query-input":"required name=search_term_string"}],"inLanguage":"pt-BR"},{"@type":"Organization","@id":"https:\/\/www.pm.pb.gov.br\/portal\/#organization","name":"Pol\u00edcia Militar da Para\u00edba","url":"https:\/\/www.pm.pb.gov.br\/portal\/","logo":{"@type":"ImageObject","inLanguage":"pt-BR","@id":"https:\/\/www.pm.pb.gov.br\/portal\/#\/schema\/logo\/image\/","url":"https:\/\/www.pm.pb.gov.br\/portal\/wp-content\/uploads\/2025\/03\/cropped-logo-site-mag2-1.png","contentUrl":"https:\/\/www.pm.pb.gov.br\/portal\/wp-content\/uploads\/2025\/03\/cropped-logo-site-mag2-1.png","width":320,"height":90,"caption":"Pol\u00edcia Militar da Para\u00edba"},"image":{"@id":"https:\/\/www.pm.pb.gov.br\/portal\/#\/schema\/logo\/image\/"}},{"@type":"Person","@id":"https:\/\/www.pm.pb.gov.br\/portal\/#\/schema\/person\/f84f56dcc78ce4357054da888b8247fd","name":"Tarcisio Oliveira","image":{"@type":"ImageObject","inLanguage":"pt-BR","@id":"https:\/\/www.pm.pb.gov.br\/portal\/#\/schema\/person\/image\/","url":"https:\/\/secure.gravatar.com\/avatar\/72917b630b69d31cd0297507f34bac97?s=96&d=mm&r=g","contentUrl":"https:\/\/secure.gravatar.com\/avatar\/72917b630b69d31cd0297507f34bac97?s=96&d=mm&r=g","caption":"Tarcisio Oliveira"},"url":"https:\/\/www.pm.pb.gov.br\/portal\/author\/tarcisio\/"}]}},"_links":{"self":[{"href":"https:\/\/www.pm.pb.gov.br\/portal\/wp-json\/wp\/v2\/posts\/902667"}],"collection":[{"href":"https:\/\/www.pm.pb.gov.br\/portal\/wp-json\/wp\/v2\/posts"}],"about":[{"href":"https:\/\/www.pm.pb.gov.br\/portal\/wp-json\/wp\/v2\/types\/post"}],"author":[{"embeddable":true,"href":"https:\/\/www.pm.pb.gov.br\/portal\/wp-json\/wp\/v2\/users\/12"}],"replies":[{"embeddable":true,"href":"https:\/\/www.pm.pb.gov.br\/portal\/wp-json\/wp\/v2\/comments?post=902667"}],"version-history":[{"count":1,"href":"https:\/\/www.pm.pb.gov.br\/portal\/wp-json\/wp\/v2\/posts\/902667\/revisions"}],"predecessor-version":[{"id":902669,"href":"https:\/\/www.pm.pb.gov.br\/portal\/wp-json\/wp\/v2\/posts\/902667\/revisions\/902669"}],"wp:featuredmedia":[{"embeddable":true,"href":"https:\/\/www.pm.pb.gov.br\/portal\/wp-json\/wp\/v2\/media\/902668"}],"wp:attachment":[{"href":"https:\/\/www.pm.pb.gov.br\/portal\/wp-json\/wp\/v2\/media?parent=902667"}],"wp:term":[{"taxonomy":"category","embeddable":true,"href":"https:\/\/www.pm.pb.gov.br\/portal\/wp-json\/wp\/v2\/categories?post=902667"},{"taxonomy":"post_tag","embeddable":true,"href":"https:\/\/www.pm.pb.gov.br\/portal\/wp-json\/wp\/v2\/tags?post=902667"}],"curies":[{"name":"wp","href":"https:\/\/api.w.org\/{rel}","templated":true}]}}