{"id":902632,"date":"2019-10-15T14:41:52","date_gmt":"2019-10-15T17:41:52","guid":{"rendered":"http:\/\/www.pm.pb.gov.br\/portal\/?p=902632"},"modified":"2019-10-15T14:41:53","modified_gmt":"2019-10-15T17:41:53","slug":"novo-sistema-de-tramitacao-de-documentos-da-policia-militar-e-lancado-para-modernizar-ainda-mais-a-corporacao","status":"publish","type":"post","link":"https:\/\/www.pm.pb.gov.br\/portal\/2019\/10\/15\/novo-sistema-de-tramitacao-de-documentos-da-policia-militar-e-lancado-para-modernizar-ainda-mais-a-corporacao\/","title":{"rendered":"Novo sistema de tramita\u00e7\u00e3o de documentos da Pol\u00edcia Militar \u00e9 lan\u00e7ado para modernizar ainda mais a corpora\u00e7\u00e3o"},"content":{"rendered":"\n<p>Moderniza\u00e7\u00e3o, sustentabilidade, economia, desburocratiza\u00e7\u00e3o. S\u00e3o v\u00e1rios os benef\u00edcios da nova solu\u00e7\u00e3o tecnol\u00f3gica da Pol\u00edcia Militar, o E-doc. A ferramenta, desenvolvida pela pr\u00f3pria Coordenadoria de Tecnologia da Informa\u00e7\u00e3o da PM (EM\/8), foi lan\u00e7ada nesta ter\u00e7a-feira (15) e apresentada aos policiais que atuam em v\u00e1rias unidades da corpora\u00e7\u00e3o.<\/p>\n<p>Durante 38 minutos, o coordenador do EM\/8, major Lu\u00eds Carlos Pantale\u00e3o, apresentou as possibilidades que essa nova solu\u00e7\u00e3o tecnol\u00f3gica traz para otimizar a gest\u00e3o da Pol\u00edcia Militar, demonstrando tamb\u00e9m a economia que o E-doc vai promover. \u201cHoje \u00e9 um marco hist\u00f3rico para a corpora\u00e7\u00e3o, pois estamos compartilhando a solu\u00e7\u00e3o que vai mudar a tramita\u00e7\u00e3o dos documentos na rotina administrativa da Pol\u00edcia Militar da Para\u00edba. A data n\u00e3o poderia ser mais simb\u00f3lica do que esse 15 de outubro, que al\u00e9m de celebrar o dia do professor, celebra tamb\u00e9m o dia mundial do consumo consciente, representando bem as duas faces que essa ferramenta tem: a educa\u00e7\u00e3o e a sustentabilidade\u201d, destacou o major.<\/p>\n<p>O comandante-geral da Pol\u00edcia Militar, coronel Euller Chaves, fez um hist\u00f3rico do processo de moderniza\u00e7\u00e3o tecnol\u00f3gica da gest\u00e3o que j\u00e1 foi alcan\u00e7ado desde 2011. \u201cA corpora\u00e7\u00e3o deixou para traz as escalas de papel, as di\u00e1rias pagas em esp\u00e9cie nos quarteis e v\u00e1rios outros modelos que faziam nossos policiais sofrerem e muito. Quebramos esses e muitos outros paradigmas com toda a tecnologia que temos ao nosso dispor. Hoje vivemos uma realidade tecnol\u00f3gica capaz de gerenciar recursos de todas as ordens na institui\u00e7\u00e3o. O E-doc \u00e9 mais um avan\u00e7o de tantos que ainda est\u00e3o por vir. Ele traz muito mais do que economia de meios materiais. Traz agilidade, modernidade e v\u00e1rios outros benef\u00edcios que a corpora\u00e7\u00e3o estar\u00e1 vivendo\u201d, disse.<\/p>\n<p>A transi\u00e7\u00e3o da forma atual para o E-doc ser\u00e1 feita com a qualifica\u00e7\u00e3o do efetivo que vai utilizar os servi\u00e7os, at\u00e9 ser implantado definitivamente. A pr\u00f3pria ferramenta estar\u00e1 sendo aprimorada a cada para oferecer uma solu\u00e7\u00e3o tecnol\u00f3gica din\u00e2mica e moderna.<\/p>\n<p>Refer\u00eancia no Brasil \u2013 A Coordenadoria de Tecnologia da Informa\u00e7\u00e3o da PM (EM\/8) vem ano a ano demostrando a sua excel\u00eancia nos servi\u00e7os e a capacidade de apresentar solu\u00e7\u00f5es que coloquem a Pol\u00edcia Militar da Para\u00edba no futuro. O trabalho tem se tornado refer\u00eancia no pa\u00eds, inclusive s\u00e3o frequentes as visitas de integrantes de outras pol\u00edcias militares que v\u00eam conhecer as solu\u00e7\u00f5es desenvolvidas pelo EM\/8 da PMPB, a exemplo da PM do Rio de Janeiro, a de Sergipe, de Pernambuco, Amap\u00e1, entre outros.<\/p>\n","protected":false},"excerpt":{"rendered":"<p>Moderniza\u00e7\u00e3o, sustentabilidade, economia, desburocratiza\u00e7\u00e3o. S\u00e3o v\u00e1rios os benef\u00edcios da nova solu\u00e7\u00e3o tecnol\u00f3gica da Pol\u00edcia Militar, o E-doc. A ferramenta, desenvolvida<\/p>\n","protected":false},"author":15,"featured_media":902633,"comment_status":"closed","ping_status":"closed","sticky":false,"template":"","format":"standard","meta":{"_exactmetrics_skip_tracking":false,"_exactmetrics_sitenote_active":false,"_exactmetrics_sitenote_note":"","_exactmetrics_sitenote_category":0,"footnotes":""},"categories":[7],"tags":[],"yoast_head":"<!-- This site is optimized with the Yoast SEO plugin v22.0 - https:\/\/yoast.com\/wordpress\/plugins\/seo\/ -->\n<title>Novo sistema de tramita\u00e7\u00e3o de documentos da Pol\u00edcia Militar \u00e9 lan\u00e7ado para modernizar ainda mais a corpora\u00e7\u00e3o - Pol\u00edcia Militar da Para\u00edba<\/title>\n<meta name=\"robots\" content=\"index, follow, max-snippet:-1, max-image-preview:large, max-video-preview:-1\" \/>\n<link rel=\"canonical\" href=\"https:\/\/www.pm.pb.gov.br\/portal\/2019\/10\/15\/novo-sistema-de-tramitacao-de-documentos-da-policia-militar-e-lancado-para-modernizar-ainda-mais-a-corporacao\/\" \/>\n<meta property=\"og:locale\" content=\"pt_BR\" \/>\n<meta property=\"og:type\" content=\"article\" \/>\n<meta property=\"og:title\" content=\"Novo sistema de tramita\u00e7\u00e3o de documentos da Pol\u00edcia Militar \u00e9 lan\u00e7ado para modernizar ainda mais a corpora\u00e7\u00e3o - Pol\u00edcia Militar da Para\u00edba\" \/>\n<meta property=\"og:description\" content=\"Moderniza\u00e7\u00e3o, sustentabilidade, economia, desburocratiza\u00e7\u00e3o. S\u00e3o v\u00e1rios os benef\u00edcios da nova solu\u00e7\u00e3o tecnol\u00f3gica da Pol\u00edcia Militar, o E-doc. A ferramenta, desenvolvida\" \/>\n<meta property=\"og:url\" content=\"https:\/\/www.pm.pb.gov.br\/portal\/2019\/10\/15\/novo-sistema-de-tramitacao-de-documentos-da-policia-militar-e-lancado-para-modernizar-ainda-mais-a-corporacao\/\" \/>\n<meta property=\"og:site_name\" content=\"Pol\u00edcia Militar da Para\u00edba\" \/>\n<meta property=\"article:published_time\" content=\"2019-10-15T17:41:52+00:00\" \/>\n<meta property=\"article:modified_time\" content=\"2019-10-15T17:41:53+00:00\" \/>\n<meta property=\"og:image\" content=\"https:\/\/www.pm.pb.gov.br\/portal\/wp-content\/uploads\/2019\/10\/WhatsApp-Image-2019-10-15-at-14.39.46.jpeg\" \/>\n\t<meta property=\"og:image:width\" content=\"1280\" \/>\n\t<meta property=\"og:image:height\" content=\"853\" \/>\n\t<meta property=\"og:image:type\" content=\"image\/jpeg\" \/>\n<meta name=\"author\" content=\"Marcio Gomes dos Santos\" \/>\n<meta name=\"twitter:card\" content=\"summary_large_image\" \/>\n<meta name=\"twitter:label1\" content=\"Escrito por\" \/>\n\t<meta name=\"twitter:data1\" content=\"Marcio Gomes dos Santos\" \/>\n\t<meta name=\"twitter:label2\" content=\"Est. tempo de leitura\" \/>\n\t<meta name=\"twitter:data2\" content=\"2 minutos\" \/>\n<script type=\"application\/ld+json\" class=\"yoast-schema-graph\">{\"@context\":\"https:\/\/schema.org\",\"@graph\":[{\"@type\":\"Article\",\"@id\":\"https:\/\/www.pm.pb.gov.br\/portal\/2019\/10\/15\/novo-sistema-de-tramitacao-de-documentos-da-policia-militar-e-lancado-para-modernizar-ainda-mais-a-corporacao\/#article\",\"isPartOf\":{\"@id\":\"https:\/\/www.pm.pb.gov.br\/portal\/2019\/10\/15\/novo-sistema-de-tramitacao-de-documentos-da-policia-militar-e-lancado-para-modernizar-ainda-mais-a-corporacao\/\"},\"author\":{\"name\":\"Marcio Gomes dos Santos\",\"@id\":\"https:\/\/www.pm.pb.gov.br\/portal\/#\/schema\/person\/30d571652b38533c2211e4e89bf5a502\"},\"headline\":\"Novo sistema de tramita\u00e7\u00e3o de documentos da Pol\u00edcia Militar \u00e9 lan\u00e7ado para modernizar ainda mais a corpora\u00e7\u00e3o\",\"datePublished\":\"2019-10-15T17:41:52+00:00\",\"dateModified\":\"2019-10-15T17:41:53+00:00\",\"mainEntityOfPage\":{\"@id\":\"https:\/\/www.pm.pb.gov.br\/portal\/2019\/10\/15\/novo-sistema-de-tramitacao-de-documentos-da-policia-militar-e-lancado-para-modernizar-ainda-mais-a-corporacao\/\"},\"wordCount\":478,\"publisher\":{\"@id\":\"https:\/\/www.pm.pb.gov.br\/portal\/#organization\"},\"articleSection\":[\"Desenvolvimento e Tecnologia\"],\"inLanguage\":\"pt-BR\"},{\"@type\":\"WebPage\",\"@id\":\"https:\/\/www.pm.pb.gov.br\/portal\/2019\/10\/15\/novo-sistema-de-tramitacao-de-documentos-da-policia-militar-e-lancado-para-modernizar-ainda-mais-a-corporacao\/\",\"url\":\"https:\/\/www.pm.pb.gov.br\/portal\/2019\/10\/15\/novo-sistema-de-tramitacao-de-documentos-da-policia-militar-e-lancado-para-modernizar-ainda-mais-a-corporacao\/\",\"name\":\"Novo sistema de tramita\u00e7\u00e3o de documentos da Pol\u00edcia Militar \u00e9 lan\u00e7ado para modernizar ainda mais a corpora\u00e7\u00e3o - Pol\u00edcia Militar da Para\u00edba\",\"isPartOf\":{\"@id\":\"https:\/\/www.pm.pb.gov.br\/portal\/#website\"},\"datePublished\":\"2019-10-15T17:41:52+00:00\",\"dateModified\":\"2019-10-15T17:41:53+00:00\",\"breadcrumb\":{\"@id\":\"https:\/\/www.pm.pb.gov.br\/portal\/2019\/10\/15\/novo-sistema-de-tramitacao-de-documentos-da-policia-militar-e-lancado-para-modernizar-ainda-mais-a-corporacao\/#breadcrumb\"},\"inLanguage\":\"pt-BR\",\"potentialAction\":[{\"@type\":\"ReadAction\",\"target\":[\"https:\/\/www.pm.pb.gov.br\/portal\/2019\/10\/15\/novo-sistema-de-tramitacao-de-documentos-da-policia-militar-e-lancado-para-modernizar-ainda-mais-a-corporacao\/\"]}]},{\"@type\":\"BreadcrumbList\",\"@id\":\"https:\/\/www.pm.pb.gov.br\/portal\/2019\/10\/15\/novo-sistema-de-tramitacao-de-documentos-da-policia-militar-e-lancado-para-modernizar-ainda-mais-a-corporacao\/#breadcrumb\",\"itemListElement\":[{\"@type\":\"ListItem\",\"position\":1,\"name\":\"In\u00edcio\",\"item\":\"https:\/\/www.pm.pb.gov.br\/portal\/\"},{\"@type\":\"ListItem\",\"position\":2,\"name\":\"Novo sistema de tramita\u00e7\u00e3o de documentos da Pol\u00edcia Militar \u00e9 lan\u00e7ado para modernizar ainda mais a corpora\u00e7\u00e3o\"}]},{\"@type\":\"WebSite\",\"@id\":\"https:\/\/www.pm.pb.gov.br\/portal\/#website\",\"url\":\"https:\/\/www.pm.pb.gov.br\/portal\/\",\"name\":\"Pol\u00edcia Militar da Para\u00edba\",\"description\":\"\",\"publisher\":{\"@id\":\"https:\/\/www.pm.pb.gov.br\/portal\/#organization\"},\"potentialAction\":[{\"@type\":\"SearchAction\",\"target\":{\"@type\":\"EntryPoint\",\"urlTemplate\":\"https:\/\/www.pm.pb.gov.br\/portal\/?s={search_term_string}\"},\"query-input\":\"required name=search_term_string\"}],\"inLanguage\":\"pt-BR\"},{\"@type\":\"Organization\",\"@id\":\"https:\/\/www.pm.pb.gov.br\/portal\/#organization\",\"name\":\"Pol\u00edcia Militar da Para\u00edba\",\"url\":\"https:\/\/www.pm.pb.gov.br\/portal\/\",\"logo\":{\"@type\":\"ImageObject\",\"inLanguage\":\"pt-BR\",\"@id\":\"https:\/\/www.pm.pb.gov.br\/portal\/#\/schema\/logo\/image\/\",\"url\":\"https:\/\/www.pm.pb.gov.br\/portal\/wp-content\/uploads\/2025\/03\/cropped-logo-site-mag2-1.png\",\"contentUrl\":\"https:\/\/www.pm.pb.gov.br\/portal\/wp-content\/uploads\/2025\/03\/cropped-logo-site-mag2-1.png\",\"width\":320,\"height\":90,\"caption\":\"Pol\u00edcia Militar da Para\u00edba\"},\"image\":{\"@id\":\"https:\/\/www.pm.pb.gov.br\/portal\/#\/schema\/logo\/image\/\"}},{\"@type\":\"Person\",\"@id\":\"https:\/\/www.pm.pb.gov.br\/portal\/#\/schema\/person\/30d571652b38533c2211e4e89bf5a502\",\"name\":\"Marcio Gomes dos Santos\",\"image\":{\"@type\":\"ImageObject\",\"inLanguage\":\"pt-BR\",\"@id\":\"https:\/\/www.pm.pb.gov.br\/portal\/#\/schema\/person\/image\/\",\"url\":\"https:\/\/secure.gravatar.com\/avatar\/cf4ec2cb690101e1581c7773aa350c19?s=96&d=mm&r=g\",\"contentUrl\":\"https:\/\/secure.gravatar.com\/avatar\/cf4ec2cb690101e1581c7773aa350c19?s=96&d=mm&r=g\",\"caption\":\"Marcio Gomes dos Santos\"},\"url\":\"https:\/\/www.pm.pb.gov.br\/portal\/author\/mgomes\/\"}]}<\/script>\n<!-- \/ Yoast SEO plugin. -->","yoast_head_json":{"title":"Novo sistema de tramita\u00e7\u00e3o de documentos da Pol\u00edcia Militar \u00e9 lan\u00e7ado para modernizar ainda mais a corpora\u00e7\u00e3o - Pol\u00edcia Militar da Para\u00edba","robots":{"index":"index","follow":"follow","max-snippet":"max-snippet:-1","max-image-preview":"max-image-preview:large","max-video-preview":"max-video-preview:-1"},"canonical":"https:\/\/www.pm.pb.gov.br\/portal\/2019\/10\/15\/novo-sistema-de-tramitacao-de-documentos-da-policia-militar-e-lancado-para-modernizar-ainda-mais-a-corporacao\/","og_locale":"pt_BR","og_type":"article","og_title":"Novo sistema de tramita\u00e7\u00e3o de documentos da Pol\u00edcia Militar \u00e9 lan\u00e7ado para modernizar ainda mais a corpora\u00e7\u00e3o - Pol\u00edcia Militar da Para\u00edba","og_description":"Moderniza\u00e7\u00e3o, sustentabilidade, economia, desburocratiza\u00e7\u00e3o. S\u00e3o v\u00e1rios os benef\u00edcios da nova solu\u00e7\u00e3o tecnol\u00f3gica da Pol\u00edcia Militar, o E-doc. A ferramenta, desenvolvida","og_url":"https:\/\/www.pm.pb.gov.br\/portal\/2019\/10\/15\/novo-sistema-de-tramitacao-de-documentos-da-policia-militar-e-lancado-para-modernizar-ainda-mais-a-corporacao\/","og_site_name":"Pol\u00edcia Militar da Para\u00edba","article_published_time":"2019-10-15T17:41:52+00:00","article_modified_time":"2019-10-15T17:41:53+00:00","og_image":[{"width":1280,"height":853,"url":"https:\/\/www.pm.pb.gov.br\/portal\/wp-content\/uploads\/2019\/10\/WhatsApp-Image-2019-10-15-at-14.39.46.jpeg","type":"image\/jpeg"}],"author":"Marcio Gomes dos Santos","twitter_card":"summary_large_image","twitter_misc":{"Escrito por":"Marcio Gomes dos Santos","Est. tempo de leitura":"2 minutos"},"schema":{"@context":"https:\/\/schema.org","@graph":[{"@type":"Article","@id":"https:\/\/www.pm.pb.gov.br\/portal\/2019\/10\/15\/novo-sistema-de-tramitacao-de-documentos-da-policia-militar-e-lancado-para-modernizar-ainda-mais-a-corporacao\/#article","isPartOf":{"@id":"https:\/\/www.pm.pb.gov.br\/portal\/2019\/10\/15\/novo-sistema-de-tramitacao-de-documentos-da-policia-militar-e-lancado-para-modernizar-ainda-mais-a-corporacao\/"},"author":{"name":"Marcio Gomes dos Santos","@id":"https:\/\/www.pm.pb.gov.br\/portal\/#\/schema\/person\/30d571652b38533c2211e4e89bf5a502"},"headline":"Novo sistema de tramita\u00e7\u00e3o de documentos da Pol\u00edcia Militar \u00e9 lan\u00e7ado para modernizar ainda mais a corpora\u00e7\u00e3o","datePublished":"2019-10-15T17:41:52+00:00","dateModified":"2019-10-15T17:41:53+00:00","mainEntityOfPage":{"@id":"https:\/\/www.pm.pb.gov.br\/portal\/2019\/10\/15\/novo-sistema-de-tramitacao-de-documentos-da-policia-militar-e-lancado-para-modernizar-ainda-mais-a-corporacao\/"},"wordCount":478,"publisher":{"@id":"https:\/\/www.pm.pb.gov.br\/portal\/#organization"},"articleSection":["Desenvolvimento e Tecnologia"],"inLanguage":"pt-BR"},{"@type":"WebPage","@id":"https:\/\/www.pm.pb.gov.br\/portal\/2019\/10\/15\/novo-sistema-de-tramitacao-de-documentos-da-policia-militar-e-lancado-para-modernizar-ainda-mais-a-corporacao\/","url":"https:\/\/www.pm.pb.gov.br\/portal\/2019\/10\/15\/novo-sistema-de-tramitacao-de-documentos-da-policia-militar-e-lancado-para-modernizar-ainda-mais-a-corporacao\/","name":"Novo sistema de tramita\u00e7\u00e3o de documentos da Pol\u00edcia Militar \u00e9 lan\u00e7ado para modernizar ainda mais a corpora\u00e7\u00e3o - Pol\u00edcia Militar da Para\u00edba","isPartOf":{"@id":"https:\/\/www.pm.pb.gov.br\/portal\/#website"},"datePublished":"2019-10-15T17:41:52+00:00","dateModified":"2019-10-15T17:41:53+00:00","breadcrumb":{"@id":"https:\/\/www.pm.pb.gov.br\/portal\/2019\/10\/15\/novo-sistema-de-tramitacao-de-documentos-da-policia-militar-e-lancado-para-modernizar-ainda-mais-a-corporacao\/#breadcrumb"},"inLanguage":"pt-BR","potentialAction":[{"@type":"ReadAction","target":["https:\/\/www.pm.pb.gov.br\/portal\/2019\/10\/15\/novo-sistema-de-tramitacao-de-documentos-da-policia-militar-e-lancado-para-modernizar-ainda-mais-a-corporacao\/"]}]},{"@type":"BreadcrumbList","@id":"https:\/\/www.pm.pb.gov.br\/portal\/2019\/10\/15\/novo-sistema-de-tramitacao-de-documentos-da-policia-militar-e-lancado-para-modernizar-ainda-mais-a-corporacao\/#breadcrumb","itemListElement":[{"@type":"ListItem","position":1,"name":"In\u00edcio","item":"https:\/\/www.pm.pb.gov.br\/portal\/"},{"@type":"ListItem","position":2,"name":"Novo sistema de tramita\u00e7\u00e3o de documentos da Pol\u00edcia Militar \u00e9 lan\u00e7ado para modernizar ainda mais a corpora\u00e7\u00e3o"}]},{"@type":"WebSite","@id":"https:\/\/www.pm.pb.gov.br\/portal\/#website","url":"https:\/\/www.pm.pb.gov.br\/portal\/","name":"Pol\u00edcia Militar da Para\u00edba","description":"","publisher":{"@id":"https:\/\/www.pm.pb.gov.br\/portal\/#organization"},"potentialAction":[{"@type":"SearchAction","target":{"@type":"EntryPoint","urlTemplate":"https:\/\/www.pm.pb.gov.br\/portal\/?s={search_term_string}"},"query-input":"required name=search_term_string"}],"inLanguage":"pt-BR"},{"@type":"Organization","@id":"https:\/\/www.pm.pb.gov.br\/portal\/#organization","name":"Pol\u00edcia Militar da Para\u00edba","url":"https:\/\/www.pm.pb.gov.br\/portal\/","logo":{"@type":"ImageObject","inLanguage":"pt-BR","@id":"https:\/\/www.pm.pb.gov.br\/portal\/#\/schema\/logo\/image\/","url":"https:\/\/www.pm.pb.gov.br\/portal\/wp-content\/uploads\/2025\/03\/cropped-logo-site-mag2-1.png","contentUrl":"https:\/\/www.pm.pb.gov.br\/portal\/wp-content\/uploads\/2025\/03\/cropped-logo-site-mag2-1.png","width":320,"height":90,"caption":"Pol\u00edcia Militar da Para\u00edba"},"image":{"@id":"https:\/\/www.pm.pb.gov.br\/portal\/#\/schema\/logo\/image\/"}},{"@type":"Person","@id":"https:\/\/www.pm.pb.gov.br\/portal\/#\/schema\/person\/30d571652b38533c2211e4e89bf5a502","name":"Marcio Gomes dos Santos","image":{"@type":"ImageObject","inLanguage":"pt-BR","@id":"https:\/\/www.pm.pb.gov.br\/portal\/#\/schema\/person\/image\/","url":"https:\/\/secure.gravatar.com\/avatar\/cf4ec2cb690101e1581c7773aa350c19?s=96&d=mm&r=g","contentUrl":"https:\/\/secure.gravatar.com\/avatar\/cf4ec2cb690101e1581c7773aa350c19?s=96&d=mm&r=g","caption":"Marcio Gomes dos Santos"},"url":"https:\/\/www.pm.pb.gov.br\/portal\/author\/mgomes\/"}]}},"_links":{"self":[{"href":"https:\/\/www.pm.pb.gov.br\/portal\/wp-json\/wp\/v2\/posts\/902632"}],"collection":[{"href":"https:\/\/www.pm.pb.gov.br\/portal\/wp-json\/wp\/v2\/posts"}],"about":[{"href":"https:\/\/www.pm.pb.gov.br\/portal\/wp-json\/wp\/v2\/types\/post"}],"author":[{"embeddable":true,"href":"https:\/\/www.pm.pb.gov.br\/portal\/wp-json\/wp\/v2\/users\/15"}],"replies":[{"embeddable":true,"href":"https:\/\/www.pm.pb.gov.br\/portal\/wp-json\/wp\/v2\/comments?post=902632"}],"version-history":[{"count":1,"href":"https:\/\/www.pm.pb.gov.br\/portal\/wp-json\/wp\/v2\/posts\/902632\/revisions"}],"predecessor-version":[{"id":902634,"href":"https:\/\/www.pm.pb.gov.br\/portal\/wp-json\/wp\/v2\/posts\/902632\/revisions\/902634"}],"wp:featuredmedia":[{"embeddable":true,"href":"https:\/\/www.pm.pb.gov.br\/portal\/wp-json\/wp\/v2\/media\/902633"}],"wp:attachment":[{"href":"https:\/\/www.pm.pb.gov.br\/portal\/wp-json\/wp\/v2\/media?parent=902632"}],"wp:term":[{"taxonomy":"category","embeddable":true,"href":"https:\/\/www.pm.pb.gov.br\/portal\/wp-json\/wp\/v2\/categories?post=902632"},{"taxonomy":"post_tag","embeddable":true,"href":"https:\/\/www.pm.pb.gov.br\/portal\/wp-json\/wp\/v2\/tags?post=902632"}],"curies":[{"name":"wp","href":"https:\/\/api.w.org\/{rel}","templated":true}]}}