{"id":902570,"date":"2019-10-11T06:16:18","date_gmt":"2019-10-11T09:16:18","guid":{"rendered":"http:\/\/www.pm.pb.gov.br\/portal\/?p=902570"},"modified":"2019-10-11T14:19:38","modified_gmt":"2019-10-11T17:19:38","slug":"formatura-marca-conclusao-do-curso-de-habilitacao-de-oficiais-da-policia-militar","status":"publish","type":"post","link":"https:\/\/www.pm.pb.gov.br\/portal\/2019\/10\/11\/formatura-marca-conclusao-do-curso-de-habilitacao-de-oficiais-da-policia-militar\/","title":{"rendered":"Formatura marca conclus\u00e3o do Curso de Habilita\u00e7\u00e3o de Oficiais da Pol\u00edcia Militar"},"content":{"rendered":"<p>Uma formatura que aconteceu nessa quinta-feira (11), no Centro de Educa\u00e7\u00e3o da PM, na Capital, marcou a conclus\u00e3o do Curso de Habilita\u00e7\u00e3o de Oficiais 2018.2. A solenidade contou com a presen\u00e7a do comandante-geral da corpora\u00e7\u00e3o, coronel Euller Chaves. A forma\u00e7\u00e3o da turma come\u00e7ou no dia 13 de novembro do ano passado e contou com 875 horas\/aula de conhecimentos, divididas em 26 disciplinas.<\/p>\n<p>O 1\u00ba colocado foi o 1\u00ba sargento Landoaldo Roberto de Sousa Teixeira, com m\u00e9dia 9,758. Ele recebeu, durante a solenidade, a medalha do m\u00e9rito Acad\u00eamico \u201cCel Ademar Naziazene\u201d, que \u00e9 destinada a premiar os concluintes classificados em 1\u00ba lugar nos cursos regulares realizados na Pol\u00edcia Militar da Para\u00edba.<\/p>\n<p>Esta foi a 10\u00aa turma de CHO formada na Pol\u00edcia Militar da Para\u00edba. At\u00e9 1993, a forma\u00e7\u00e3o dos policiais militares da PMPB neste curso, era feita nas academias de outras pol\u00edcias militares. De l\u00e1 pra c\u00e1, foram conclu\u00eddas turmas na Para\u00edba nos anos de 1993, 1996, 1997, 1998, 2003, 2004, 2005, 2010, 2011, 2015, 2016 e a deste ano.<\/p>\n<p><strong>CHO<\/strong> &#8211; \u00c9 um curso que habilita policiais das gradua\u00e7\u00f5es de Subtenente e 1\u00ba Sargento para ingressarem no Quadro de Oficiais de Administra\u00e7\u00e3o (QOA). A sele\u00e7\u00e3o \u00e9 feita atrav\u00e9s de concurso interno, com provas te\u00f3ricas e f\u00edsicas. O curso \u00e9 desenvolvido no pr\u00f3prio Centro de Educa\u00e7\u00e3o, na Academia de Pol\u00edcia Miliar do Cabo Branco.<\/p>\n","protected":false},"excerpt":{"rendered":"<p>Uma formatura que aconteceu nessa quinta-feira (11), no Centro de Educa\u00e7\u00e3o da PM, na Capital, marcou a conclus\u00e3o do Curso<\/p>\n","protected":false},"author":10,"featured_media":902602,"comment_status":"closed","ping_status":"closed","sticky":false,"template":"","format":"standard","meta":{"_exactmetrics_skip_tracking":false,"_exactmetrics_sitenote_active":false,"_exactmetrics_sitenote_note":"","_exactmetrics_sitenote_category":0,"footnotes":""},"categories":[6],"tags":[],"yoast_head":"<!-- This site is optimized with the Yoast SEO plugin v22.0 - https:\/\/yoast.com\/wordpress\/plugins\/seo\/ -->\n<title>Formatura marca conclus\u00e3o do Curso de Habilita\u00e7\u00e3o de Oficiais da Pol\u00edcia Militar - Pol\u00edcia Militar da Para\u00edba<\/title>\n<meta name=\"robots\" content=\"index, follow, max-snippet:-1, max-image-preview:large, max-video-preview:-1\" \/>\n<link rel=\"canonical\" href=\"https:\/\/www.pm.pb.gov.br\/portal\/2019\/10\/11\/formatura-marca-conclusao-do-curso-de-habilitacao-de-oficiais-da-policia-militar\/\" \/>\n<meta property=\"og:locale\" content=\"pt_BR\" \/>\n<meta property=\"og:type\" content=\"article\" \/>\n<meta property=\"og:title\" content=\"Formatura marca conclus\u00e3o do Curso de Habilita\u00e7\u00e3o de Oficiais da Pol\u00edcia Militar - Pol\u00edcia Militar da Para\u00edba\" \/>\n<meta property=\"og:description\" content=\"Uma formatura que aconteceu nessa quinta-feira (11), no Centro de Educa\u00e7\u00e3o da PM, na Capital, marcou a conclus\u00e3o do Curso\" \/>\n<meta property=\"og:url\" content=\"https:\/\/www.pm.pb.gov.br\/portal\/2019\/10\/11\/formatura-marca-conclusao-do-curso-de-habilitacao-de-oficiais-da-policia-militar\/\" \/>\n<meta property=\"og:site_name\" content=\"Pol\u00edcia Militar da Para\u00edba\" \/>\n<meta property=\"article:published_time\" content=\"2019-10-11T09:16:18+00:00\" \/>\n<meta property=\"article:modified_time\" content=\"2019-10-11T17:19:38+00:00\" \/>\n<meta property=\"og:image\" content=\"https:\/\/www.pm.pb.gov.br\/portal\/wp-content\/uploads\/2019\/10\/CHO.png\" \/>\n\t<meta property=\"og:image:width\" content=\"1280\" \/>\n\t<meta property=\"og:image:height\" content=\"853\" \/>\n\t<meta property=\"og:image:type\" content=\"image\/png\" \/>\n<meta name=\"author\" content=\"WAGNER HENRIQUE VARELA DA SILVA\" \/>\n<meta name=\"twitter:card\" content=\"summary_large_image\" \/>\n<meta name=\"twitter:label1\" content=\"Escrito por\" \/>\n\t<meta name=\"twitter:data1\" content=\"WAGNER HENRIQUE VARELA DA SILVA\" \/>\n\t<meta name=\"twitter:label2\" content=\"Est. tempo de leitura\" \/>\n\t<meta name=\"twitter:data2\" content=\"1 minuto\" \/>\n<script type=\"application\/ld+json\" class=\"yoast-schema-graph\">{\"@context\":\"https:\/\/schema.org\",\"@graph\":[{\"@type\":\"Article\",\"@id\":\"https:\/\/www.pm.pb.gov.br\/portal\/2019\/10\/11\/formatura-marca-conclusao-do-curso-de-habilitacao-de-oficiais-da-policia-militar\/#article\",\"isPartOf\":{\"@id\":\"https:\/\/www.pm.pb.gov.br\/portal\/2019\/10\/11\/formatura-marca-conclusao-do-curso-de-habilitacao-de-oficiais-da-policia-militar\/\"},\"author\":{\"name\":\"WAGNER HENRIQUE VARELA DA SILVA\",\"@id\":\"https:\/\/www.pm.pb.gov.br\/portal\/#\/schema\/person\/b169b297b8494dea236e315ed1a201d1\"},\"headline\":\"Formatura marca conclus\u00e3o do Curso de Habilita\u00e7\u00e3o de Oficiais da Pol\u00edcia Militar\",\"datePublished\":\"2019-10-11T09:16:18+00:00\",\"dateModified\":\"2019-10-11T17:19:38+00:00\",\"mainEntityOfPage\":{\"@id\":\"https:\/\/www.pm.pb.gov.br\/portal\/2019\/10\/11\/formatura-marca-conclusao-do-curso-de-habilitacao-de-oficiais-da-policia-militar\/\"},\"wordCount\":239,\"publisher\":{\"@id\":\"https:\/\/www.pm.pb.gov.br\/portal\/#organization\"},\"articleSection\":[\"Cursos\"],\"inLanguage\":\"pt-BR\"},{\"@type\":\"WebPage\",\"@id\":\"https:\/\/www.pm.pb.gov.br\/portal\/2019\/10\/11\/formatura-marca-conclusao-do-curso-de-habilitacao-de-oficiais-da-policia-militar\/\",\"url\":\"https:\/\/www.pm.pb.gov.br\/portal\/2019\/10\/11\/formatura-marca-conclusao-do-curso-de-habilitacao-de-oficiais-da-policia-militar\/\",\"name\":\"Formatura marca conclus\u00e3o do Curso de Habilita\u00e7\u00e3o de Oficiais da Pol\u00edcia Militar - Pol\u00edcia Militar da Para\u00edba\",\"isPartOf\":{\"@id\":\"https:\/\/www.pm.pb.gov.br\/portal\/#website\"},\"datePublished\":\"2019-10-11T09:16:18+00:00\",\"dateModified\":\"2019-10-11T17:19:38+00:00\",\"breadcrumb\":{\"@id\":\"https:\/\/www.pm.pb.gov.br\/portal\/2019\/10\/11\/formatura-marca-conclusao-do-curso-de-habilitacao-de-oficiais-da-policia-militar\/#breadcrumb\"},\"inLanguage\":\"pt-BR\",\"potentialAction\":[{\"@type\":\"ReadAction\",\"target\":[\"https:\/\/www.pm.pb.gov.br\/portal\/2019\/10\/11\/formatura-marca-conclusao-do-curso-de-habilitacao-de-oficiais-da-policia-militar\/\"]}]},{\"@type\":\"BreadcrumbList\",\"@id\":\"https:\/\/www.pm.pb.gov.br\/portal\/2019\/10\/11\/formatura-marca-conclusao-do-curso-de-habilitacao-de-oficiais-da-policia-militar\/#breadcrumb\",\"itemListElement\":[{\"@type\":\"ListItem\",\"position\":1,\"name\":\"In\u00edcio\",\"item\":\"https:\/\/www.pm.pb.gov.br\/portal\/\"},{\"@type\":\"ListItem\",\"position\":2,\"name\":\"Formatura marca conclus\u00e3o do Curso de Habilita\u00e7\u00e3o de Oficiais da Pol\u00edcia Militar\"}]},{\"@type\":\"WebSite\",\"@id\":\"https:\/\/www.pm.pb.gov.br\/portal\/#website\",\"url\":\"https:\/\/www.pm.pb.gov.br\/portal\/\",\"name\":\"Pol\u00edcia Militar da Para\u00edba\",\"description\":\"\",\"publisher\":{\"@id\":\"https:\/\/www.pm.pb.gov.br\/portal\/#organization\"},\"potentialAction\":[{\"@type\":\"SearchAction\",\"target\":{\"@type\":\"EntryPoint\",\"urlTemplate\":\"https:\/\/www.pm.pb.gov.br\/portal\/?s={search_term_string}\"},\"query-input\":\"required name=search_term_string\"}],\"inLanguage\":\"pt-BR\"},{\"@type\":\"Organization\",\"@id\":\"https:\/\/www.pm.pb.gov.br\/portal\/#organization\",\"name\":\"Pol\u00edcia Militar da Para\u00edba\",\"url\":\"https:\/\/www.pm.pb.gov.br\/portal\/\",\"logo\":{\"@type\":\"ImageObject\",\"inLanguage\":\"pt-BR\",\"@id\":\"https:\/\/www.pm.pb.gov.br\/portal\/#\/schema\/logo\/image\/\",\"url\":\"https:\/\/www.pm.pb.gov.br\/portal\/wp-content\/uploads\/2025\/03\/cropped-logo-site-mag2-1.png\",\"contentUrl\":\"https:\/\/www.pm.pb.gov.br\/portal\/wp-content\/uploads\/2025\/03\/cropped-logo-site-mag2-1.png\",\"width\":320,\"height\":90,\"caption\":\"Pol\u00edcia Militar da Para\u00edba\"},\"image\":{\"@id\":\"https:\/\/www.pm.pb.gov.br\/portal\/#\/schema\/logo\/image\/\"}},{\"@type\":\"Person\",\"@id\":\"https:\/\/www.pm.pb.gov.br\/portal\/#\/schema\/person\/b169b297b8494dea236e315ed1a201d1\",\"name\":\"WAGNER HENRIQUE VARELA DA SILVA\",\"image\":{\"@type\":\"ImageObject\",\"inLanguage\":\"pt-BR\",\"@id\":\"https:\/\/www.pm.pb.gov.br\/portal\/#\/schema\/person\/image\/\",\"url\":\"https:\/\/secure.gravatar.com\/avatar\/e08af53176a66730df5c0706c6c31fd6?s=96&d=mm&r=g\",\"contentUrl\":\"https:\/\/secure.gravatar.com\/avatar\/e08af53176a66730df5c0706c6c31fd6?s=96&d=mm&r=g\",\"caption\":\"WAGNER HENRIQUE VARELA DA SILVA\"},\"url\":\"https:\/\/www.pm.pb.gov.br\/portal\/author\/varela\/\"}]}<\/script>\n<!-- \/ Yoast SEO plugin. -->","yoast_head_json":{"title":"Formatura marca conclus\u00e3o do Curso de Habilita\u00e7\u00e3o de Oficiais da Pol\u00edcia Militar - Pol\u00edcia Militar da Para\u00edba","robots":{"index":"index","follow":"follow","max-snippet":"max-snippet:-1","max-image-preview":"max-image-preview:large","max-video-preview":"max-video-preview:-1"},"canonical":"https:\/\/www.pm.pb.gov.br\/portal\/2019\/10\/11\/formatura-marca-conclusao-do-curso-de-habilitacao-de-oficiais-da-policia-militar\/","og_locale":"pt_BR","og_type":"article","og_title":"Formatura marca conclus\u00e3o do Curso de Habilita\u00e7\u00e3o de Oficiais da Pol\u00edcia Militar - Pol\u00edcia Militar da Para\u00edba","og_description":"Uma formatura que aconteceu nessa quinta-feira (11), no Centro de Educa\u00e7\u00e3o da PM, na Capital, marcou a conclus\u00e3o do Curso","og_url":"https:\/\/www.pm.pb.gov.br\/portal\/2019\/10\/11\/formatura-marca-conclusao-do-curso-de-habilitacao-de-oficiais-da-policia-militar\/","og_site_name":"Pol\u00edcia Militar da Para\u00edba","article_published_time":"2019-10-11T09:16:18+00:00","article_modified_time":"2019-10-11T17:19:38+00:00","og_image":[{"width":1280,"height":853,"url":"https:\/\/www.pm.pb.gov.br\/portal\/wp-content\/uploads\/2019\/10\/CHO.png","type":"image\/png"}],"author":"WAGNER HENRIQUE VARELA DA SILVA","twitter_card":"summary_large_image","twitter_misc":{"Escrito por":"WAGNER HENRIQUE VARELA DA SILVA","Est. tempo de leitura":"1 minuto"},"schema":{"@context":"https:\/\/schema.org","@graph":[{"@type":"Article","@id":"https:\/\/www.pm.pb.gov.br\/portal\/2019\/10\/11\/formatura-marca-conclusao-do-curso-de-habilitacao-de-oficiais-da-policia-militar\/#article","isPartOf":{"@id":"https:\/\/www.pm.pb.gov.br\/portal\/2019\/10\/11\/formatura-marca-conclusao-do-curso-de-habilitacao-de-oficiais-da-policia-militar\/"},"author":{"name":"WAGNER HENRIQUE VARELA DA SILVA","@id":"https:\/\/www.pm.pb.gov.br\/portal\/#\/schema\/person\/b169b297b8494dea236e315ed1a201d1"},"headline":"Formatura marca conclus\u00e3o do Curso de Habilita\u00e7\u00e3o de Oficiais da Pol\u00edcia Militar","datePublished":"2019-10-11T09:16:18+00:00","dateModified":"2019-10-11T17:19:38+00:00","mainEntityOfPage":{"@id":"https:\/\/www.pm.pb.gov.br\/portal\/2019\/10\/11\/formatura-marca-conclusao-do-curso-de-habilitacao-de-oficiais-da-policia-militar\/"},"wordCount":239,"publisher":{"@id":"https:\/\/www.pm.pb.gov.br\/portal\/#organization"},"articleSection":["Cursos"],"inLanguage":"pt-BR"},{"@type":"WebPage","@id":"https:\/\/www.pm.pb.gov.br\/portal\/2019\/10\/11\/formatura-marca-conclusao-do-curso-de-habilitacao-de-oficiais-da-policia-militar\/","url":"https:\/\/www.pm.pb.gov.br\/portal\/2019\/10\/11\/formatura-marca-conclusao-do-curso-de-habilitacao-de-oficiais-da-policia-militar\/","name":"Formatura marca conclus\u00e3o do Curso de Habilita\u00e7\u00e3o de Oficiais da Pol\u00edcia Militar - Pol\u00edcia Militar da Para\u00edba","isPartOf":{"@id":"https:\/\/www.pm.pb.gov.br\/portal\/#website"},"datePublished":"2019-10-11T09:16:18+00:00","dateModified":"2019-10-11T17:19:38+00:00","breadcrumb":{"@id":"https:\/\/www.pm.pb.gov.br\/portal\/2019\/10\/11\/formatura-marca-conclusao-do-curso-de-habilitacao-de-oficiais-da-policia-militar\/#breadcrumb"},"inLanguage":"pt-BR","potentialAction":[{"@type":"ReadAction","target":["https:\/\/www.pm.pb.gov.br\/portal\/2019\/10\/11\/formatura-marca-conclusao-do-curso-de-habilitacao-de-oficiais-da-policia-militar\/"]}]},{"@type":"BreadcrumbList","@id":"https:\/\/www.pm.pb.gov.br\/portal\/2019\/10\/11\/formatura-marca-conclusao-do-curso-de-habilitacao-de-oficiais-da-policia-militar\/#breadcrumb","itemListElement":[{"@type":"ListItem","position":1,"name":"In\u00edcio","item":"https:\/\/www.pm.pb.gov.br\/portal\/"},{"@type":"ListItem","position":2,"name":"Formatura marca conclus\u00e3o do Curso de Habilita\u00e7\u00e3o de Oficiais da Pol\u00edcia Militar"}]},{"@type":"WebSite","@id":"https:\/\/www.pm.pb.gov.br\/portal\/#website","url":"https:\/\/www.pm.pb.gov.br\/portal\/","name":"Pol\u00edcia Militar da Para\u00edba","description":"","publisher":{"@id":"https:\/\/www.pm.pb.gov.br\/portal\/#organization"},"potentialAction":[{"@type":"SearchAction","target":{"@type":"EntryPoint","urlTemplate":"https:\/\/www.pm.pb.gov.br\/portal\/?s={search_term_string}"},"query-input":"required name=search_term_string"}],"inLanguage":"pt-BR"},{"@type":"Organization","@id":"https:\/\/www.pm.pb.gov.br\/portal\/#organization","name":"Pol\u00edcia Militar da Para\u00edba","url":"https:\/\/www.pm.pb.gov.br\/portal\/","logo":{"@type":"ImageObject","inLanguage":"pt-BR","@id":"https:\/\/www.pm.pb.gov.br\/portal\/#\/schema\/logo\/image\/","url":"https:\/\/www.pm.pb.gov.br\/portal\/wp-content\/uploads\/2025\/03\/cropped-logo-site-mag2-1.png","contentUrl":"https:\/\/www.pm.pb.gov.br\/portal\/wp-content\/uploads\/2025\/03\/cropped-logo-site-mag2-1.png","width":320,"height":90,"caption":"Pol\u00edcia Militar da Para\u00edba"},"image":{"@id":"https:\/\/www.pm.pb.gov.br\/portal\/#\/schema\/logo\/image\/"}},{"@type":"Person","@id":"https:\/\/www.pm.pb.gov.br\/portal\/#\/schema\/person\/b169b297b8494dea236e315ed1a201d1","name":"WAGNER HENRIQUE VARELA DA SILVA","image":{"@type":"ImageObject","inLanguage":"pt-BR","@id":"https:\/\/www.pm.pb.gov.br\/portal\/#\/schema\/person\/image\/","url":"https:\/\/secure.gravatar.com\/avatar\/e08af53176a66730df5c0706c6c31fd6?s=96&d=mm&r=g","contentUrl":"https:\/\/secure.gravatar.com\/avatar\/e08af53176a66730df5c0706c6c31fd6?s=96&d=mm&r=g","caption":"WAGNER HENRIQUE VARELA DA SILVA"},"url":"https:\/\/www.pm.pb.gov.br\/portal\/author\/varela\/"}]}},"_links":{"self":[{"href":"https:\/\/www.pm.pb.gov.br\/portal\/wp-json\/wp\/v2\/posts\/902570"}],"collection":[{"href":"https:\/\/www.pm.pb.gov.br\/portal\/wp-json\/wp\/v2\/posts"}],"about":[{"href":"https:\/\/www.pm.pb.gov.br\/portal\/wp-json\/wp\/v2\/types\/post"}],"author":[{"embeddable":true,"href":"https:\/\/www.pm.pb.gov.br\/portal\/wp-json\/wp\/v2\/users\/10"}],"replies":[{"embeddable":true,"href":"https:\/\/www.pm.pb.gov.br\/portal\/wp-json\/wp\/v2\/comments?post=902570"}],"version-history":[{"count":4,"href":"https:\/\/www.pm.pb.gov.br\/portal\/wp-json\/wp\/v2\/posts\/902570\/revisions"}],"predecessor-version":[{"id":902604,"href":"https:\/\/www.pm.pb.gov.br\/portal\/wp-json\/wp\/v2\/posts\/902570\/revisions\/902604"}],"wp:featuredmedia":[{"embeddable":true,"href":"https:\/\/www.pm.pb.gov.br\/portal\/wp-json\/wp\/v2\/media\/902602"}],"wp:attachment":[{"href":"https:\/\/www.pm.pb.gov.br\/portal\/wp-json\/wp\/v2\/media?parent=902570"}],"wp:term":[{"taxonomy":"category","embeddable":true,"href":"https:\/\/www.pm.pb.gov.br\/portal\/wp-json\/wp\/v2\/categories?post=902570"},{"taxonomy":"post_tag","embeddable":true,"href":"https:\/\/www.pm.pb.gov.br\/portal\/wp-json\/wp\/v2\/tags?post=902570"}],"curies":[{"name":"wp","href":"https:\/\/api.w.org\/{rel}","templated":true}]}}