{"id":902568,"date":"2019-10-08T14:50:26","date_gmt":"2019-10-08T17:50:26","guid":{"rendered":"http:\/\/www.pm.pb.gov.br\/portal\/?p=902568"},"modified":"2019-10-08T14:50:28","modified_gmt":"2019-10-08T17:50:28","slug":"policia-militar-acaba-de-prender-acusado-que-vinha-praticando-assaltos-e-sequestros-relampagos-contra-motoristas-de-aplicativos","status":"publish","type":"post","link":"https:\/\/www.pm.pb.gov.br\/portal\/2019\/10\/08\/policia-militar-acaba-de-prender-acusado-que-vinha-praticando-assaltos-e-sequestros-relampagos-contra-motoristas-de-aplicativos\/","title":{"rendered":"Pol\u00edcia Militar acaba de prender acusado que vinha praticando assaltos e sequestros rel\u00e2mpagos contra motoristas de aplicativos"},"content":{"rendered":"\n<p>A Pol\u00edcia Militar localizou e prendeu o acusado de mais de 15 assaltos e sequestros rel\u00e2mpagos praticados contra motoristas de aplicativos, nos\u00a0 \u00faltimos dois meses, nas cidades de Jo\u00e3o Pessoa e Cabedelo. Ele tem 20 anos, estava foragido do sistema prisional desde fevereiro e foi preso em uma opera\u00e7\u00e3o realizada no bairro do Jacar\u00e9, no come\u00e7o da tarde desta ter\u00e7a-feira (8), em Cabedelo.<\/p>\n<p>A pris\u00e3o foi realizada pelos policiais da 6\u00aa Companhia Independente da PM, com orienta\u00e7\u00e3o da Coordenadoria de Intelig\u00eancia, que vinha levantando informa\u00e7\u00f5es sobre o acusado, que agia usando uma mulher para atrair as v\u00edtimas, por meio dos aplicativos. Quando o motorista chegava, ele e um comparsa, j\u00e1 identificado, anunciavam o assalto, colocavam a v\u00edtima no porta-malas, sa\u00edam realizando roubos pelos bairros e em seguida abandonava o ve\u00edculo com o motorista dentro.<\/p>\n<p>O acusado teria praticado os crimes, principalmente, nos bairros do Bessa, Miramar e Tambauzinho, em Jo\u00e3o Pessoa, e em Intermares, na cidade de Cabedelo.<\/p>\n<p>Ele est\u00e1 sendo apresentado agora na 7\u00aa Delegacia Distrital, em Cabedelo, onde outras v\u00edtimas devem comparecer, j\u00e1 que o n\u00famero de casos que o acusado teria atuado pode ser maior, conforme informa\u00e7\u00f5es analisadas sobre este tipo de crime.<\/p>\n","protected":false},"excerpt":{"rendered":"<p>A Pol\u00edcia Militar localizou e prendeu o acusado de mais de 15 assaltos e sequestros rel\u00e2mpagos praticados contra motoristas de<\/p>\n","protected":false},"author":15,"featured_media":902082,"comment_status":"closed","ping_status":"closed","sticky":false,"template":"","format":"standard","meta":{"_exactmetrics_skip_tracking":false,"_exactmetrics_sitenote_active":false,"_exactmetrics_sitenote_note":"","_exactmetrics_sitenote_category":0,"footnotes":""},"categories":[4],"tags":[],"yoast_head":"<!-- This site is optimized with the Yoast SEO plugin v22.0 - https:\/\/yoast.com\/wordpress\/plugins\/seo\/ -->\n<title>Pol\u00edcia Militar acaba de prender acusado que vinha praticando assaltos e sequestros rel\u00e2mpagos contra motoristas de aplicativos - Pol\u00edcia Militar da Para\u00edba<\/title>\n<meta name=\"robots\" content=\"index, follow, max-snippet:-1, max-image-preview:large, max-video-preview:-1\" \/>\n<link rel=\"canonical\" href=\"https:\/\/www.pm.pb.gov.br\/portal\/2019\/10\/08\/policia-militar-acaba-de-prender-acusado-que-vinha-praticando-assaltos-e-sequestros-relampagos-contra-motoristas-de-aplicativos\/\" \/>\n<meta property=\"og:locale\" content=\"pt_BR\" \/>\n<meta property=\"og:type\" content=\"article\" \/>\n<meta property=\"og:title\" content=\"Pol\u00edcia Militar acaba de prender acusado que vinha praticando assaltos e sequestros rel\u00e2mpagos contra motoristas de aplicativos - Pol\u00edcia Militar da Para\u00edba\" \/>\n<meta property=\"og:description\" content=\"A Pol\u00edcia Militar localizou e prendeu o acusado de mais de 15 assaltos e sequestros rel\u00e2mpagos praticados contra motoristas de\" \/>\n<meta property=\"og:url\" content=\"https:\/\/www.pm.pb.gov.br\/portal\/2019\/10\/08\/policia-militar-acaba-de-prender-acusado-que-vinha-praticando-assaltos-e-sequestros-relampagos-contra-motoristas-de-aplicativos\/\" \/>\n<meta property=\"og:site_name\" content=\"Pol\u00edcia Militar da Para\u00edba\" \/>\n<meta property=\"article:published_time\" content=\"2019-10-08T17:50:26+00:00\" \/>\n<meta property=\"article:modified_time\" content=\"2019-10-08T17:50:28+00:00\" \/>\n<meta property=\"og:image\" content=\"https:\/\/www.pm.pb.gov.br\/portal\/wp-content\/uploads\/2019\/08\/cabedelo.jpeg\" \/>\n\t<meta property=\"og:image:width\" content=\"800\" \/>\n\t<meta property=\"og:image:height\" content=\"445\" \/>\n\t<meta property=\"og:image:type\" content=\"image\/jpeg\" \/>\n<meta name=\"author\" content=\"Marcio Gomes dos Santos\" \/>\n<meta name=\"twitter:card\" content=\"summary_large_image\" \/>\n<meta name=\"twitter:label1\" content=\"Escrito por\" \/>\n\t<meta name=\"twitter:data1\" content=\"Marcio Gomes dos Santos\" \/>\n\t<meta name=\"twitter:label2\" content=\"Est. tempo de leitura\" \/>\n\t<meta name=\"twitter:data2\" content=\"1 minuto\" \/>\n<script type=\"application\/ld+json\" class=\"yoast-schema-graph\">{\"@context\":\"https:\/\/schema.org\",\"@graph\":[{\"@type\":\"Article\",\"@id\":\"https:\/\/www.pm.pb.gov.br\/portal\/2019\/10\/08\/policia-militar-acaba-de-prender-acusado-que-vinha-praticando-assaltos-e-sequestros-relampagos-contra-motoristas-de-aplicativos\/#article\",\"isPartOf\":{\"@id\":\"https:\/\/www.pm.pb.gov.br\/portal\/2019\/10\/08\/policia-militar-acaba-de-prender-acusado-que-vinha-praticando-assaltos-e-sequestros-relampagos-contra-motoristas-de-aplicativos\/\"},\"author\":{\"name\":\"Marcio Gomes dos Santos\",\"@id\":\"https:\/\/www.pm.pb.gov.br\/portal\/#\/schema\/person\/30d571652b38533c2211e4e89bf5a502\"},\"headline\":\"Pol\u00edcia Militar acaba de prender acusado que vinha praticando assaltos e sequestros rel\u00e2mpagos contra motoristas de aplicativos\",\"datePublished\":\"2019-10-08T17:50:26+00:00\",\"dateModified\":\"2019-10-08T17:50:28+00:00\",\"mainEntityOfPage\":{\"@id\":\"https:\/\/www.pm.pb.gov.br\/portal\/2019\/10\/08\/policia-militar-acaba-de-prender-acusado-que-vinha-praticando-assaltos-e-sequestros-relampagos-contra-motoristas-de-aplicativos\/\"},\"wordCount\":228,\"publisher\":{\"@id\":\"https:\/\/www.pm.pb.gov.br\/portal\/#organization\"},\"articleSection\":[\"A\u00e7\u00f5es Policiais\"],\"inLanguage\":\"pt-BR\"},{\"@type\":\"WebPage\",\"@id\":\"https:\/\/www.pm.pb.gov.br\/portal\/2019\/10\/08\/policia-militar-acaba-de-prender-acusado-que-vinha-praticando-assaltos-e-sequestros-relampagos-contra-motoristas-de-aplicativos\/\",\"url\":\"https:\/\/www.pm.pb.gov.br\/portal\/2019\/10\/08\/policia-militar-acaba-de-prender-acusado-que-vinha-praticando-assaltos-e-sequestros-relampagos-contra-motoristas-de-aplicativos\/\",\"name\":\"Pol\u00edcia Militar acaba de prender acusado que vinha praticando assaltos e sequestros rel\u00e2mpagos contra motoristas de aplicativos - Pol\u00edcia Militar da Para\u00edba\",\"isPartOf\":{\"@id\":\"https:\/\/www.pm.pb.gov.br\/portal\/#website\"},\"datePublished\":\"2019-10-08T17:50:26+00:00\",\"dateModified\":\"2019-10-08T17:50:28+00:00\",\"breadcrumb\":{\"@id\":\"https:\/\/www.pm.pb.gov.br\/portal\/2019\/10\/08\/policia-militar-acaba-de-prender-acusado-que-vinha-praticando-assaltos-e-sequestros-relampagos-contra-motoristas-de-aplicativos\/#breadcrumb\"},\"inLanguage\":\"pt-BR\",\"potentialAction\":[{\"@type\":\"ReadAction\",\"target\":[\"https:\/\/www.pm.pb.gov.br\/portal\/2019\/10\/08\/policia-militar-acaba-de-prender-acusado-que-vinha-praticando-assaltos-e-sequestros-relampagos-contra-motoristas-de-aplicativos\/\"]}]},{\"@type\":\"BreadcrumbList\",\"@id\":\"https:\/\/www.pm.pb.gov.br\/portal\/2019\/10\/08\/policia-militar-acaba-de-prender-acusado-que-vinha-praticando-assaltos-e-sequestros-relampagos-contra-motoristas-de-aplicativos\/#breadcrumb\",\"itemListElement\":[{\"@type\":\"ListItem\",\"position\":1,\"name\":\"In\u00edcio\",\"item\":\"https:\/\/www.pm.pb.gov.br\/portal\/\"},{\"@type\":\"ListItem\",\"position\":2,\"name\":\"Pol\u00edcia Militar acaba de prender acusado que vinha praticando assaltos e sequestros rel\u00e2mpagos contra motoristas de aplicativos\"}]},{\"@type\":\"WebSite\",\"@id\":\"https:\/\/www.pm.pb.gov.br\/portal\/#website\",\"url\":\"https:\/\/www.pm.pb.gov.br\/portal\/\",\"name\":\"Pol\u00edcia Militar da Para\u00edba\",\"description\":\"\",\"publisher\":{\"@id\":\"https:\/\/www.pm.pb.gov.br\/portal\/#organization\"},\"potentialAction\":[{\"@type\":\"SearchAction\",\"target\":{\"@type\":\"EntryPoint\",\"urlTemplate\":\"https:\/\/www.pm.pb.gov.br\/portal\/?s={search_term_string}\"},\"query-input\":\"required name=search_term_string\"}],\"inLanguage\":\"pt-BR\"},{\"@type\":\"Organization\",\"@id\":\"https:\/\/www.pm.pb.gov.br\/portal\/#organization\",\"name\":\"Pol\u00edcia Militar da Para\u00edba\",\"url\":\"https:\/\/www.pm.pb.gov.br\/portal\/\",\"logo\":{\"@type\":\"ImageObject\",\"inLanguage\":\"pt-BR\",\"@id\":\"https:\/\/www.pm.pb.gov.br\/portal\/#\/schema\/logo\/image\/\",\"url\":\"https:\/\/www.pm.pb.gov.br\/portal\/wp-content\/uploads\/2025\/03\/cropped-logo-site-mag2-1.png\",\"contentUrl\":\"https:\/\/www.pm.pb.gov.br\/portal\/wp-content\/uploads\/2025\/03\/cropped-logo-site-mag2-1.png\",\"width\":320,\"height\":90,\"caption\":\"Pol\u00edcia Militar da Para\u00edba\"},\"image\":{\"@id\":\"https:\/\/www.pm.pb.gov.br\/portal\/#\/schema\/logo\/image\/\"}},{\"@type\":\"Person\",\"@id\":\"https:\/\/www.pm.pb.gov.br\/portal\/#\/schema\/person\/30d571652b38533c2211e4e89bf5a502\",\"name\":\"Marcio Gomes dos Santos\",\"image\":{\"@type\":\"ImageObject\",\"inLanguage\":\"pt-BR\",\"@id\":\"https:\/\/www.pm.pb.gov.br\/portal\/#\/schema\/person\/image\/\",\"url\":\"https:\/\/secure.gravatar.com\/avatar\/cf4ec2cb690101e1581c7773aa350c19?s=96&d=mm&r=g\",\"contentUrl\":\"https:\/\/secure.gravatar.com\/avatar\/cf4ec2cb690101e1581c7773aa350c19?s=96&d=mm&r=g\",\"caption\":\"Marcio Gomes dos Santos\"},\"url\":\"https:\/\/www.pm.pb.gov.br\/portal\/author\/mgomes\/\"}]}<\/script>\n<!-- \/ Yoast SEO plugin. -->","yoast_head_json":{"title":"Pol\u00edcia Militar acaba de prender acusado que vinha praticando assaltos e sequestros rel\u00e2mpagos contra motoristas de aplicativos - Pol\u00edcia Militar da Para\u00edba","robots":{"index":"index","follow":"follow","max-snippet":"max-snippet:-1","max-image-preview":"max-image-preview:large","max-video-preview":"max-video-preview:-1"},"canonical":"https:\/\/www.pm.pb.gov.br\/portal\/2019\/10\/08\/policia-militar-acaba-de-prender-acusado-que-vinha-praticando-assaltos-e-sequestros-relampagos-contra-motoristas-de-aplicativos\/","og_locale":"pt_BR","og_type":"article","og_title":"Pol\u00edcia Militar acaba de prender acusado que vinha praticando assaltos e sequestros rel\u00e2mpagos contra motoristas de aplicativos - Pol\u00edcia Militar da Para\u00edba","og_description":"A Pol\u00edcia Militar localizou e prendeu o acusado de mais de 15 assaltos e sequestros rel\u00e2mpagos praticados contra motoristas de","og_url":"https:\/\/www.pm.pb.gov.br\/portal\/2019\/10\/08\/policia-militar-acaba-de-prender-acusado-que-vinha-praticando-assaltos-e-sequestros-relampagos-contra-motoristas-de-aplicativos\/","og_site_name":"Pol\u00edcia Militar da Para\u00edba","article_published_time":"2019-10-08T17:50:26+00:00","article_modified_time":"2019-10-08T17:50:28+00:00","og_image":[{"width":800,"height":445,"url":"https:\/\/www.pm.pb.gov.br\/portal\/wp-content\/uploads\/2019\/08\/cabedelo.jpeg","type":"image\/jpeg"}],"author":"Marcio Gomes dos Santos","twitter_card":"summary_large_image","twitter_misc":{"Escrito por":"Marcio Gomes dos Santos","Est. tempo de leitura":"1 minuto"},"schema":{"@context":"https:\/\/schema.org","@graph":[{"@type":"Article","@id":"https:\/\/www.pm.pb.gov.br\/portal\/2019\/10\/08\/policia-militar-acaba-de-prender-acusado-que-vinha-praticando-assaltos-e-sequestros-relampagos-contra-motoristas-de-aplicativos\/#article","isPartOf":{"@id":"https:\/\/www.pm.pb.gov.br\/portal\/2019\/10\/08\/policia-militar-acaba-de-prender-acusado-que-vinha-praticando-assaltos-e-sequestros-relampagos-contra-motoristas-de-aplicativos\/"},"author":{"name":"Marcio Gomes dos Santos","@id":"https:\/\/www.pm.pb.gov.br\/portal\/#\/schema\/person\/30d571652b38533c2211e4e89bf5a502"},"headline":"Pol\u00edcia Militar acaba de prender acusado que vinha praticando assaltos e sequestros rel\u00e2mpagos contra motoristas de aplicativos","datePublished":"2019-10-08T17:50:26+00:00","dateModified":"2019-10-08T17:50:28+00:00","mainEntityOfPage":{"@id":"https:\/\/www.pm.pb.gov.br\/portal\/2019\/10\/08\/policia-militar-acaba-de-prender-acusado-que-vinha-praticando-assaltos-e-sequestros-relampagos-contra-motoristas-de-aplicativos\/"},"wordCount":228,"publisher":{"@id":"https:\/\/www.pm.pb.gov.br\/portal\/#organization"},"articleSection":["A\u00e7\u00f5es Policiais"],"inLanguage":"pt-BR"},{"@type":"WebPage","@id":"https:\/\/www.pm.pb.gov.br\/portal\/2019\/10\/08\/policia-militar-acaba-de-prender-acusado-que-vinha-praticando-assaltos-e-sequestros-relampagos-contra-motoristas-de-aplicativos\/","url":"https:\/\/www.pm.pb.gov.br\/portal\/2019\/10\/08\/policia-militar-acaba-de-prender-acusado-que-vinha-praticando-assaltos-e-sequestros-relampagos-contra-motoristas-de-aplicativos\/","name":"Pol\u00edcia Militar acaba de prender acusado que vinha praticando assaltos e sequestros rel\u00e2mpagos contra motoristas de aplicativos - Pol\u00edcia Militar da Para\u00edba","isPartOf":{"@id":"https:\/\/www.pm.pb.gov.br\/portal\/#website"},"datePublished":"2019-10-08T17:50:26+00:00","dateModified":"2019-10-08T17:50:28+00:00","breadcrumb":{"@id":"https:\/\/www.pm.pb.gov.br\/portal\/2019\/10\/08\/policia-militar-acaba-de-prender-acusado-que-vinha-praticando-assaltos-e-sequestros-relampagos-contra-motoristas-de-aplicativos\/#breadcrumb"},"inLanguage":"pt-BR","potentialAction":[{"@type":"ReadAction","target":["https:\/\/www.pm.pb.gov.br\/portal\/2019\/10\/08\/policia-militar-acaba-de-prender-acusado-que-vinha-praticando-assaltos-e-sequestros-relampagos-contra-motoristas-de-aplicativos\/"]}]},{"@type":"BreadcrumbList","@id":"https:\/\/www.pm.pb.gov.br\/portal\/2019\/10\/08\/policia-militar-acaba-de-prender-acusado-que-vinha-praticando-assaltos-e-sequestros-relampagos-contra-motoristas-de-aplicativos\/#breadcrumb","itemListElement":[{"@type":"ListItem","position":1,"name":"In\u00edcio","item":"https:\/\/www.pm.pb.gov.br\/portal\/"},{"@type":"ListItem","position":2,"name":"Pol\u00edcia Militar acaba de prender acusado que vinha praticando assaltos e sequestros rel\u00e2mpagos contra motoristas de aplicativos"}]},{"@type":"WebSite","@id":"https:\/\/www.pm.pb.gov.br\/portal\/#website","url":"https:\/\/www.pm.pb.gov.br\/portal\/","name":"Pol\u00edcia Militar da Para\u00edba","description":"","publisher":{"@id":"https:\/\/www.pm.pb.gov.br\/portal\/#organization"},"potentialAction":[{"@type":"SearchAction","target":{"@type":"EntryPoint","urlTemplate":"https:\/\/www.pm.pb.gov.br\/portal\/?s={search_term_string}"},"query-input":"required name=search_term_string"}],"inLanguage":"pt-BR"},{"@type":"Organization","@id":"https:\/\/www.pm.pb.gov.br\/portal\/#organization","name":"Pol\u00edcia Militar da Para\u00edba","url":"https:\/\/www.pm.pb.gov.br\/portal\/","logo":{"@type":"ImageObject","inLanguage":"pt-BR","@id":"https:\/\/www.pm.pb.gov.br\/portal\/#\/schema\/logo\/image\/","url":"https:\/\/www.pm.pb.gov.br\/portal\/wp-content\/uploads\/2025\/03\/cropped-logo-site-mag2-1.png","contentUrl":"https:\/\/www.pm.pb.gov.br\/portal\/wp-content\/uploads\/2025\/03\/cropped-logo-site-mag2-1.png","width":320,"height":90,"caption":"Pol\u00edcia Militar da Para\u00edba"},"image":{"@id":"https:\/\/www.pm.pb.gov.br\/portal\/#\/schema\/logo\/image\/"}},{"@type":"Person","@id":"https:\/\/www.pm.pb.gov.br\/portal\/#\/schema\/person\/30d571652b38533c2211e4e89bf5a502","name":"Marcio Gomes dos Santos","image":{"@type":"ImageObject","inLanguage":"pt-BR","@id":"https:\/\/www.pm.pb.gov.br\/portal\/#\/schema\/person\/image\/","url":"https:\/\/secure.gravatar.com\/avatar\/cf4ec2cb690101e1581c7773aa350c19?s=96&d=mm&r=g","contentUrl":"https:\/\/secure.gravatar.com\/avatar\/cf4ec2cb690101e1581c7773aa350c19?s=96&d=mm&r=g","caption":"Marcio Gomes dos Santos"},"url":"https:\/\/www.pm.pb.gov.br\/portal\/author\/mgomes\/"}]}},"_links":{"self":[{"href":"https:\/\/www.pm.pb.gov.br\/portal\/wp-json\/wp\/v2\/posts\/902568"}],"collection":[{"href":"https:\/\/www.pm.pb.gov.br\/portal\/wp-json\/wp\/v2\/posts"}],"about":[{"href":"https:\/\/www.pm.pb.gov.br\/portal\/wp-json\/wp\/v2\/types\/post"}],"author":[{"embeddable":true,"href":"https:\/\/www.pm.pb.gov.br\/portal\/wp-json\/wp\/v2\/users\/15"}],"replies":[{"embeddable":true,"href":"https:\/\/www.pm.pb.gov.br\/portal\/wp-json\/wp\/v2\/comments?post=902568"}],"version-history":[{"count":1,"href":"https:\/\/www.pm.pb.gov.br\/portal\/wp-json\/wp\/v2\/posts\/902568\/revisions"}],"predecessor-version":[{"id":902569,"href":"https:\/\/www.pm.pb.gov.br\/portal\/wp-json\/wp\/v2\/posts\/902568\/revisions\/902569"}],"wp:featuredmedia":[{"embeddable":true,"href":"https:\/\/www.pm.pb.gov.br\/portal\/wp-json\/wp\/v2\/media\/902082"}],"wp:attachment":[{"href":"https:\/\/www.pm.pb.gov.br\/portal\/wp-json\/wp\/v2\/media?parent=902568"}],"wp:term":[{"taxonomy":"category","embeddable":true,"href":"https:\/\/www.pm.pb.gov.br\/portal\/wp-json\/wp\/v2\/categories?post=902568"},{"taxonomy":"post_tag","embeddable":true,"href":"https:\/\/www.pm.pb.gov.br\/portal\/wp-json\/wp\/v2\/tags?post=902568"}],"curies":[{"name":"wp","href":"https:\/\/api.w.org\/{rel}","templated":true}]}}