{"id":902561,"date":"2019-10-08T13:20:26","date_gmt":"2019-10-08T16:20:26","guid":{"rendered":"http:\/\/www.pm.pb.gov.br\/portal\/?p=902561"},"modified":"2019-10-08T13:20:27","modified_gmt":"2019-10-08T16:20:27","slug":"policia-militar-prende-foragidos-da-justica-em-acoes-realizadas-em-tres-bairros-de-joao-pessoa","status":"publish","type":"post","link":"https:\/\/www.pm.pb.gov.br\/portal\/2019\/10\/08\/policia-militar-prende-foragidos-da-justica-em-acoes-realizadas-em-tres-bairros-de-joao-pessoa\/","title":{"rendered":"Pol\u00edcia Militar prende foragidos da justi\u00e7a em a\u00e7\u00f5es realizadas em tr\u00eas bairros de Jo\u00e3o Pessoa"},"content":{"rendered":"\n<p style=\"font-weight: 400;\">As a\u00e7\u00f5es realizadas pela Pol\u00edcia Militar nessa segunda-feira (7), resultaram na recaptura de tr\u00eas foragidos da justi\u00e7a, nos bairros da Ilha do Bispo, Padre Z\u00e9 e Miramar, em Jo\u00e3o Pessoa.<\/p>\n<p style=\"font-weight: 400;\">Em uma das a\u00e7\u00f5es, o Batalh\u00e3o Especializado em Policiamento com Motocicletas (BEPMotos)\u00a0flagrou uma mulher usando tornozeleira eletr\u00f4nica na avenida Epit\u00e1cio Pessoa, no Miramar.\u00a0Farachy Rebeca Pires Lucena, de 27 anos, estava com dois mandados de pris\u00e3o em aberto, pelos crimes de tr\u00e1fico de drogas e porte ilegal de arma.<\/p>\n<p style=\"font-weight: 400;\">No Padre Z\u00e9, foi preso\u00a0Otac\u00edlio Santos Alves, de 32\u00a0anos, que estava foragido do sistema prisional. Ele foi abordado quando estava com outros suspeitos, em um local que, segundo den\u00fancias, funcionaria um ponto de venda de drogas. Os policiais do Batalh\u00e3o Especializado em Policiamento com Motocicletas ainda fizeram buscas na localidade, mas n\u00e3o encontraram nenhum material criminoso. O acusado estava com mandando em aberto por tr\u00e1fico de drogas.<\/p>\n<p style=\"font-weight: 400;\">E no bairro da Ilha do Bispo, a For\u00e7a T\u00e1tica do 1\u00ba Batalh\u00e3o recapturou Marcelo Correria da Silva, de 32 anos. Ele estava com um mandado de pris\u00e3o em aberto.<\/p>\n<p style=\"font-weight: 400;\">Em todos os casos, os presos foram apresentados na Central de Pol\u00edcia Civil, no Geisel.\u00a0<\/p>\n","protected":false},"excerpt":{"rendered":"<p>As a\u00e7\u00f5es realizadas pela Pol\u00edcia Militar nessa segunda-feira (7), resultaram na recaptura de tr\u00eas foragidos da justi\u00e7a, nos bairros da<\/p>\n","protected":false},"author":12,"featured_media":895192,"comment_status":"closed","ping_status":"closed","sticky":false,"template":"","format":"standard","meta":{"_exactmetrics_skip_tracking":false,"_exactmetrics_sitenote_active":false,"_exactmetrics_sitenote_note":"","_exactmetrics_sitenote_category":0,"footnotes":""},"categories":[4],"tags":[],"yoast_head":"<!-- This site is optimized with the Yoast SEO plugin v22.0 - https:\/\/yoast.com\/wordpress\/plugins\/seo\/ -->\n<title>Pol\u00edcia Militar prende foragidos da justi\u00e7a em a\u00e7\u00f5es realizadas em tr\u00eas bairros de Jo\u00e3o Pessoa - Pol\u00edcia Militar da Para\u00edba<\/title>\n<meta name=\"robots\" content=\"index, follow, max-snippet:-1, max-image-preview:large, max-video-preview:-1\" \/>\n<link rel=\"canonical\" href=\"https:\/\/www.pm.pb.gov.br\/portal\/2019\/10\/08\/policia-militar-prende-foragidos-da-justica-em-acoes-realizadas-em-tres-bairros-de-joao-pessoa\/\" \/>\n<meta property=\"og:locale\" content=\"pt_BR\" \/>\n<meta property=\"og:type\" content=\"article\" \/>\n<meta property=\"og:title\" content=\"Pol\u00edcia Militar prende foragidos da justi\u00e7a em a\u00e7\u00f5es realizadas em tr\u00eas bairros de Jo\u00e3o Pessoa - Pol\u00edcia Militar da Para\u00edba\" \/>\n<meta property=\"og:description\" content=\"As a\u00e7\u00f5es realizadas pela Pol\u00edcia Militar nessa segunda-feira (7), resultaram na recaptura de tr\u00eas foragidos da justi\u00e7a, nos bairros da\" \/>\n<meta property=\"og:url\" content=\"https:\/\/www.pm.pb.gov.br\/portal\/2019\/10\/08\/policia-militar-prende-foragidos-da-justica-em-acoes-realizadas-em-tres-bairros-de-joao-pessoa\/\" \/>\n<meta property=\"og:site_name\" content=\"Pol\u00edcia Militar da Para\u00edba\" \/>\n<meta property=\"article:published_time\" content=\"2019-10-08T16:20:26+00:00\" \/>\n<meta property=\"article:modified_time\" content=\"2019-10-08T16:20:27+00:00\" \/>\n<meta property=\"og:image\" content=\"https:\/\/www.pm.pb.gov.br\/portal\/wp-content\/uploads\/2017\/09\/pmpb_logo_materia-1.jpg\" \/>\n\t<meta property=\"og:image:width\" content=\"800\" \/>\n\t<meta property=\"og:image:height\" content=\"445\" \/>\n\t<meta property=\"og:image:type\" content=\"image\/jpeg\" \/>\n<meta name=\"author\" content=\"Tarcisio Oliveira\" \/>\n<meta name=\"twitter:card\" content=\"summary_large_image\" \/>\n<meta name=\"twitter:label1\" content=\"Escrito por\" \/>\n\t<meta name=\"twitter:data1\" content=\"Tarcisio Oliveira\" \/>\n\t<meta name=\"twitter:label2\" content=\"Est. tempo de leitura\" \/>\n\t<meta name=\"twitter:data2\" content=\"1 minuto\" \/>\n<script type=\"application\/ld+json\" class=\"yoast-schema-graph\">{\"@context\":\"https:\/\/schema.org\",\"@graph\":[{\"@type\":\"Article\",\"@id\":\"https:\/\/www.pm.pb.gov.br\/portal\/2019\/10\/08\/policia-militar-prende-foragidos-da-justica-em-acoes-realizadas-em-tres-bairros-de-joao-pessoa\/#article\",\"isPartOf\":{\"@id\":\"https:\/\/www.pm.pb.gov.br\/portal\/2019\/10\/08\/policia-militar-prende-foragidos-da-justica-em-acoes-realizadas-em-tres-bairros-de-joao-pessoa\/\"},\"author\":{\"name\":\"Tarcisio Oliveira\",\"@id\":\"https:\/\/www.pm.pb.gov.br\/portal\/#\/schema\/person\/f84f56dcc78ce4357054da888b8247fd\"},\"headline\":\"Pol\u00edcia Militar prende foragidos da justi\u00e7a em a\u00e7\u00f5es realizadas em tr\u00eas bairros de Jo\u00e3o Pessoa\",\"datePublished\":\"2019-10-08T16:20:26+00:00\",\"dateModified\":\"2019-10-08T16:20:27+00:00\",\"mainEntityOfPage\":{\"@id\":\"https:\/\/www.pm.pb.gov.br\/portal\/2019\/10\/08\/policia-militar-prende-foragidos-da-justica-em-acoes-realizadas-em-tres-bairros-de-joao-pessoa\/\"},\"wordCount\":230,\"publisher\":{\"@id\":\"https:\/\/www.pm.pb.gov.br\/portal\/#organization\"},\"articleSection\":[\"A\u00e7\u00f5es Policiais\"],\"inLanguage\":\"pt-BR\"},{\"@type\":\"WebPage\",\"@id\":\"https:\/\/www.pm.pb.gov.br\/portal\/2019\/10\/08\/policia-militar-prende-foragidos-da-justica-em-acoes-realizadas-em-tres-bairros-de-joao-pessoa\/\",\"url\":\"https:\/\/www.pm.pb.gov.br\/portal\/2019\/10\/08\/policia-militar-prende-foragidos-da-justica-em-acoes-realizadas-em-tres-bairros-de-joao-pessoa\/\",\"name\":\"Pol\u00edcia Militar prende foragidos da justi\u00e7a em a\u00e7\u00f5es realizadas em tr\u00eas bairros de Jo\u00e3o Pessoa - Pol\u00edcia Militar da Para\u00edba\",\"isPartOf\":{\"@id\":\"https:\/\/www.pm.pb.gov.br\/portal\/#website\"},\"datePublished\":\"2019-10-08T16:20:26+00:00\",\"dateModified\":\"2019-10-08T16:20:27+00:00\",\"breadcrumb\":{\"@id\":\"https:\/\/www.pm.pb.gov.br\/portal\/2019\/10\/08\/policia-militar-prende-foragidos-da-justica-em-acoes-realizadas-em-tres-bairros-de-joao-pessoa\/#breadcrumb\"},\"inLanguage\":\"pt-BR\",\"potentialAction\":[{\"@type\":\"ReadAction\",\"target\":[\"https:\/\/www.pm.pb.gov.br\/portal\/2019\/10\/08\/policia-militar-prende-foragidos-da-justica-em-acoes-realizadas-em-tres-bairros-de-joao-pessoa\/\"]}]},{\"@type\":\"BreadcrumbList\",\"@id\":\"https:\/\/www.pm.pb.gov.br\/portal\/2019\/10\/08\/policia-militar-prende-foragidos-da-justica-em-acoes-realizadas-em-tres-bairros-de-joao-pessoa\/#breadcrumb\",\"itemListElement\":[{\"@type\":\"ListItem\",\"position\":1,\"name\":\"In\u00edcio\",\"item\":\"https:\/\/www.pm.pb.gov.br\/portal\/\"},{\"@type\":\"ListItem\",\"position\":2,\"name\":\"Pol\u00edcia Militar prende foragidos da justi\u00e7a em a\u00e7\u00f5es realizadas em tr\u00eas bairros de Jo\u00e3o Pessoa\"}]},{\"@type\":\"WebSite\",\"@id\":\"https:\/\/www.pm.pb.gov.br\/portal\/#website\",\"url\":\"https:\/\/www.pm.pb.gov.br\/portal\/\",\"name\":\"Pol\u00edcia Militar da Para\u00edba\",\"description\":\"\",\"publisher\":{\"@id\":\"https:\/\/www.pm.pb.gov.br\/portal\/#organization\"},\"potentialAction\":[{\"@type\":\"SearchAction\",\"target\":{\"@type\":\"EntryPoint\",\"urlTemplate\":\"https:\/\/www.pm.pb.gov.br\/portal\/?s={search_term_string}\"},\"query-input\":\"required name=search_term_string\"}],\"inLanguage\":\"pt-BR\"},{\"@type\":\"Organization\",\"@id\":\"https:\/\/www.pm.pb.gov.br\/portal\/#organization\",\"name\":\"Pol\u00edcia Militar da Para\u00edba\",\"url\":\"https:\/\/www.pm.pb.gov.br\/portal\/\",\"logo\":{\"@type\":\"ImageObject\",\"inLanguage\":\"pt-BR\",\"@id\":\"https:\/\/www.pm.pb.gov.br\/portal\/#\/schema\/logo\/image\/\",\"url\":\"https:\/\/www.pm.pb.gov.br\/portal\/wp-content\/uploads\/2025\/03\/cropped-logo-site-mag2-1.png\",\"contentUrl\":\"https:\/\/www.pm.pb.gov.br\/portal\/wp-content\/uploads\/2025\/03\/cropped-logo-site-mag2-1.png\",\"width\":320,\"height\":90,\"caption\":\"Pol\u00edcia Militar da Para\u00edba\"},\"image\":{\"@id\":\"https:\/\/www.pm.pb.gov.br\/portal\/#\/schema\/logo\/image\/\"}},{\"@type\":\"Person\",\"@id\":\"https:\/\/www.pm.pb.gov.br\/portal\/#\/schema\/person\/f84f56dcc78ce4357054da888b8247fd\",\"name\":\"Tarcisio Oliveira\",\"image\":{\"@type\":\"ImageObject\",\"inLanguage\":\"pt-BR\",\"@id\":\"https:\/\/www.pm.pb.gov.br\/portal\/#\/schema\/person\/image\/\",\"url\":\"https:\/\/secure.gravatar.com\/avatar\/72917b630b69d31cd0297507f34bac97?s=96&d=mm&r=g\",\"contentUrl\":\"https:\/\/secure.gravatar.com\/avatar\/72917b630b69d31cd0297507f34bac97?s=96&d=mm&r=g\",\"caption\":\"Tarcisio Oliveira\"},\"url\":\"https:\/\/www.pm.pb.gov.br\/portal\/author\/tarcisio\/\"}]}<\/script>\n<!-- \/ Yoast SEO plugin. -->","yoast_head_json":{"title":"Pol\u00edcia Militar prende foragidos da justi\u00e7a em a\u00e7\u00f5es realizadas em tr\u00eas bairros de Jo\u00e3o Pessoa - Pol\u00edcia Militar da Para\u00edba","robots":{"index":"index","follow":"follow","max-snippet":"max-snippet:-1","max-image-preview":"max-image-preview:large","max-video-preview":"max-video-preview:-1"},"canonical":"https:\/\/www.pm.pb.gov.br\/portal\/2019\/10\/08\/policia-militar-prende-foragidos-da-justica-em-acoes-realizadas-em-tres-bairros-de-joao-pessoa\/","og_locale":"pt_BR","og_type":"article","og_title":"Pol\u00edcia Militar prende foragidos da justi\u00e7a em a\u00e7\u00f5es realizadas em tr\u00eas bairros de Jo\u00e3o Pessoa - Pol\u00edcia Militar da Para\u00edba","og_description":"As a\u00e7\u00f5es realizadas pela Pol\u00edcia Militar nessa segunda-feira (7), resultaram na recaptura de tr\u00eas foragidos da justi\u00e7a, nos bairros da","og_url":"https:\/\/www.pm.pb.gov.br\/portal\/2019\/10\/08\/policia-militar-prende-foragidos-da-justica-em-acoes-realizadas-em-tres-bairros-de-joao-pessoa\/","og_site_name":"Pol\u00edcia Militar da Para\u00edba","article_published_time":"2019-10-08T16:20:26+00:00","article_modified_time":"2019-10-08T16:20:27+00:00","og_image":[{"width":800,"height":445,"url":"https:\/\/www.pm.pb.gov.br\/portal\/wp-content\/uploads\/2017\/09\/pmpb_logo_materia-1.jpg","type":"image\/jpeg"}],"author":"Tarcisio Oliveira","twitter_card":"summary_large_image","twitter_misc":{"Escrito por":"Tarcisio Oliveira","Est. tempo de leitura":"1 minuto"},"schema":{"@context":"https:\/\/schema.org","@graph":[{"@type":"Article","@id":"https:\/\/www.pm.pb.gov.br\/portal\/2019\/10\/08\/policia-militar-prende-foragidos-da-justica-em-acoes-realizadas-em-tres-bairros-de-joao-pessoa\/#article","isPartOf":{"@id":"https:\/\/www.pm.pb.gov.br\/portal\/2019\/10\/08\/policia-militar-prende-foragidos-da-justica-em-acoes-realizadas-em-tres-bairros-de-joao-pessoa\/"},"author":{"name":"Tarcisio Oliveira","@id":"https:\/\/www.pm.pb.gov.br\/portal\/#\/schema\/person\/f84f56dcc78ce4357054da888b8247fd"},"headline":"Pol\u00edcia Militar prende foragidos da justi\u00e7a em a\u00e7\u00f5es realizadas em tr\u00eas bairros de Jo\u00e3o Pessoa","datePublished":"2019-10-08T16:20:26+00:00","dateModified":"2019-10-08T16:20:27+00:00","mainEntityOfPage":{"@id":"https:\/\/www.pm.pb.gov.br\/portal\/2019\/10\/08\/policia-militar-prende-foragidos-da-justica-em-acoes-realizadas-em-tres-bairros-de-joao-pessoa\/"},"wordCount":230,"publisher":{"@id":"https:\/\/www.pm.pb.gov.br\/portal\/#organization"},"articleSection":["A\u00e7\u00f5es Policiais"],"inLanguage":"pt-BR"},{"@type":"WebPage","@id":"https:\/\/www.pm.pb.gov.br\/portal\/2019\/10\/08\/policia-militar-prende-foragidos-da-justica-em-acoes-realizadas-em-tres-bairros-de-joao-pessoa\/","url":"https:\/\/www.pm.pb.gov.br\/portal\/2019\/10\/08\/policia-militar-prende-foragidos-da-justica-em-acoes-realizadas-em-tres-bairros-de-joao-pessoa\/","name":"Pol\u00edcia Militar prende foragidos da justi\u00e7a em a\u00e7\u00f5es realizadas em tr\u00eas bairros de Jo\u00e3o Pessoa - Pol\u00edcia Militar da Para\u00edba","isPartOf":{"@id":"https:\/\/www.pm.pb.gov.br\/portal\/#website"},"datePublished":"2019-10-08T16:20:26+00:00","dateModified":"2019-10-08T16:20:27+00:00","breadcrumb":{"@id":"https:\/\/www.pm.pb.gov.br\/portal\/2019\/10\/08\/policia-militar-prende-foragidos-da-justica-em-acoes-realizadas-em-tres-bairros-de-joao-pessoa\/#breadcrumb"},"inLanguage":"pt-BR","potentialAction":[{"@type":"ReadAction","target":["https:\/\/www.pm.pb.gov.br\/portal\/2019\/10\/08\/policia-militar-prende-foragidos-da-justica-em-acoes-realizadas-em-tres-bairros-de-joao-pessoa\/"]}]},{"@type":"BreadcrumbList","@id":"https:\/\/www.pm.pb.gov.br\/portal\/2019\/10\/08\/policia-militar-prende-foragidos-da-justica-em-acoes-realizadas-em-tres-bairros-de-joao-pessoa\/#breadcrumb","itemListElement":[{"@type":"ListItem","position":1,"name":"In\u00edcio","item":"https:\/\/www.pm.pb.gov.br\/portal\/"},{"@type":"ListItem","position":2,"name":"Pol\u00edcia Militar prende foragidos da justi\u00e7a em a\u00e7\u00f5es realizadas em tr\u00eas bairros de Jo\u00e3o Pessoa"}]},{"@type":"WebSite","@id":"https:\/\/www.pm.pb.gov.br\/portal\/#website","url":"https:\/\/www.pm.pb.gov.br\/portal\/","name":"Pol\u00edcia Militar da Para\u00edba","description":"","publisher":{"@id":"https:\/\/www.pm.pb.gov.br\/portal\/#organization"},"potentialAction":[{"@type":"SearchAction","target":{"@type":"EntryPoint","urlTemplate":"https:\/\/www.pm.pb.gov.br\/portal\/?s={search_term_string}"},"query-input":"required name=search_term_string"}],"inLanguage":"pt-BR"},{"@type":"Organization","@id":"https:\/\/www.pm.pb.gov.br\/portal\/#organization","name":"Pol\u00edcia Militar da Para\u00edba","url":"https:\/\/www.pm.pb.gov.br\/portal\/","logo":{"@type":"ImageObject","inLanguage":"pt-BR","@id":"https:\/\/www.pm.pb.gov.br\/portal\/#\/schema\/logo\/image\/","url":"https:\/\/www.pm.pb.gov.br\/portal\/wp-content\/uploads\/2025\/03\/cropped-logo-site-mag2-1.png","contentUrl":"https:\/\/www.pm.pb.gov.br\/portal\/wp-content\/uploads\/2025\/03\/cropped-logo-site-mag2-1.png","width":320,"height":90,"caption":"Pol\u00edcia Militar da Para\u00edba"},"image":{"@id":"https:\/\/www.pm.pb.gov.br\/portal\/#\/schema\/logo\/image\/"}},{"@type":"Person","@id":"https:\/\/www.pm.pb.gov.br\/portal\/#\/schema\/person\/f84f56dcc78ce4357054da888b8247fd","name":"Tarcisio Oliveira","image":{"@type":"ImageObject","inLanguage":"pt-BR","@id":"https:\/\/www.pm.pb.gov.br\/portal\/#\/schema\/person\/image\/","url":"https:\/\/secure.gravatar.com\/avatar\/72917b630b69d31cd0297507f34bac97?s=96&d=mm&r=g","contentUrl":"https:\/\/secure.gravatar.com\/avatar\/72917b630b69d31cd0297507f34bac97?s=96&d=mm&r=g","caption":"Tarcisio Oliveira"},"url":"https:\/\/www.pm.pb.gov.br\/portal\/author\/tarcisio\/"}]}},"_links":{"self":[{"href":"https:\/\/www.pm.pb.gov.br\/portal\/wp-json\/wp\/v2\/posts\/902561"}],"collection":[{"href":"https:\/\/www.pm.pb.gov.br\/portal\/wp-json\/wp\/v2\/posts"}],"about":[{"href":"https:\/\/www.pm.pb.gov.br\/portal\/wp-json\/wp\/v2\/types\/post"}],"author":[{"embeddable":true,"href":"https:\/\/www.pm.pb.gov.br\/portal\/wp-json\/wp\/v2\/users\/12"}],"replies":[{"embeddable":true,"href":"https:\/\/www.pm.pb.gov.br\/portal\/wp-json\/wp\/v2\/comments?post=902561"}],"version-history":[{"count":1,"href":"https:\/\/www.pm.pb.gov.br\/portal\/wp-json\/wp\/v2\/posts\/902561\/revisions"}],"predecessor-version":[{"id":902562,"href":"https:\/\/www.pm.pb.gov.br\/portal\/wp-json\/wp\/v2\/posts\/902561\/revisions\/902562"}],"wp:featuredmedia":[{"embeddable":true,"href":"https:\/\/www.pm.pb.gov.br\/portal\/wp-json\/wp\/v2\/media\/895192"}],"wp:attachment":[{"href":"https:\/\/www.pm.pb.gov.br\/portal\/wp-json\/wp\/v2\/media?parent=902561"}],"wp:term":[{"taxonomy":"category","embeddable":true,"href":"https:\/\/www.pm.pb.gov.br\/portal\/wp-json\/wp\/v2\/categories?post=902561"},{"taxonomy":"post_tag","embeddable":true,"href":"https:\/\/www.pm.pb.gov.br\/portal\/wp-json\/wp\/v2\/tags?post=902561"}],"curies":[{"name":"wp","href":"https:\/\/api.w.org\/{rel}","templated":true}]}}