{"id":902557,"date":"2019-10-07T12:58:39","date_gmt":"2019-10-07T15:58:39","guid":{"rendered":"http:\/\/www.pm.pb.gov.br\/portal\/?p=902557"},"modified":"2019-10-07T12:58:41","modified_gmt":"2019-10-07T15:58:41","slug":"operacao-crianca-feliz-patrulha-mirim-solidaria-realiza-panfletagem-em-catole-do-rocha-para-arrecadar-brinquedos","status":"publish","type":"post","link":"https:\/\/www.pm.pb.gov.br\/portal\/2019\/10\/07\/operacao-crianca-feliz-patrulha-mirim-solidaria-realiza-panfletagem-em-catole-do-rocha-para-arrecadar-brinquedos\/","title":{"rendered":"OPERA\u00c7\u00c3O CRIAN\u00c7A FELIZ: Patrulha Mirim Solid\u00e1ria realiza panfletagem em Catol\u00e9 do Rocha para arrecadar brinquedos"},"content":{"rendered":"\n<p>Na manh\u00e3 desta segunda-feira (07), alunos do projeto Patrulha Mirim Solid\u00e1ria (P.M.Sol.), da Escola Municipal Catarina Maia, realizaram panfletagem na rua Coronel Francisco Maia, no centro de Catol\u00e9 do Rocha, em prol da Opera\u00e7\u00e3o Crian\u00e7a Feliz.<\/p>\n<p>A distribui\u00e7\u00e3o do material teve como objetivo intensificar as doa\u00e7\u00f5es de brinquedos e guloseimas que ser\u00e3o distribu\u00eddos em comunidades carentes do estado. A\u00e7\u00f5es semelhantes tamb\u00e9m foram realizadas nas cidades de S\u00e3o Bento e Brejo do Cruz.<\/p>\n<p>Para a a\u00e7\u00e3o, foi montado uma tenda, onde os donativos podiam ser coletados. Na regi\u00e3o, os itens arrecadados ser\u00e3o entregues dia 11 de outubro.<\/p>\n<p><strong>Alimentando sonhos<\/strong> \u2013 O lan\u00e7amento da opera\u00e7\u00e3o este ano foi feita de uma forma mais que especial. Crian\u00e7as que sonham em ser policial foram fardadas at\u00e9 o Quartel do Comando Geral, no centro da Capital, para prestigiarem a deflagra\u00e7\u00e3o da opera\u00e7\u00e3o, que contou com a presen\u00e7a da banda de M\u00fasica da PM e de um coral formado por alunos do Col\u00e9gio da Pol\u00edcia Militar, que tocaram m\u00fasicas infantis que marcaram \u00e9poca.<\/p>\n<p>No centro de Jo\u00e3o Pessoa, os principais pontos de arrecada\u00e7\u00e3o s\u00e3o o Quartel do Comando Geral e o 1\u00ba Batalh\u00e3o, em frente \u00e0 pra\u00e7a Pedro Am\u00e9rico, bem como na Unidade de Pol\u00edcia Ostensiva (UPO) que fica dentro do terminal de integra\u00e7\u00e3o do Varadouro.<\/p>\n","protected":false},"excerpt":{"rendered":"<p>Na manh\u00e3 desta segunda-feira (07), alunos do projeto Patrulha Mirim Solid\u00e1ria (P.M.Sol.), da Escola Municipal Catarina Maia, realizaram panfletagem na<\/p>\n","protected":false},"author":12,"featured_media":902558,"comment_status":"closed","ping_status":"closed","sticky":false,"template":"","format":"standard","meta":{"_exactmetrics_skip_tracking":false,"_exactmetrics_sitenote_active":false,"_exactmetrics_sitenote_note":"","_exactmetrics_sitenote_category":0,"footnotes":""},"categories":[19],"tags":[],"yoast_head":"<!-- This site is optimized with the Yoast SEO plugin v22.0 - https:\/\/yoast.com\/wordpress\/plugins\/seo\/ -->\n<title>OPERA\u00c7\u00c3O CRIAN\u00c7A FELIZ: Patrulha Mirim Solid\u00e1ria realiza panfletagem em Catol\u00e9 do Rocha para arrecadar brinquedos - Pol\u00edcia Militar da Para\u00edba<\/title>\n<meta name=\"robots\" content=\"index, follow, max-snippet:-1, max-image-preview:large, max-video-preview:-1\" \/>\n<link rel=\"canonical\" href=\"https:\/\/www.pm.pb.gov.br\/portal\/2019\/10\/07\/operacao-crianca-feliz-patrulha-mirim-solidaria-realiza-panfletagem-em-catole-do-rocha-para-arrecadar-brinquedos\/\" \/>\n<meta property=\"og:locale\" content=\"pt_BR\" \/>\n<meta property=\"og:type\" content=\"article\" \/>\n<meta property=\"og:title\" content=\"OPERA\u00c7\u00c3O CRIAN\u00c7A FELIZ: Patrulha Mirim Solid\u00e1ria realiza panfletagem em Catol\u00e9 do Rocha para arrecadar brinquedos - Pol\u00edcia Militar da Para\u00edba\" \/>\n<meta property=\"og:description\" content=\"Na manh\u00e3 desta segunda-feira (07), alunos do projeto Patrulha Mirim Solid\u00e1ria (P.M.Sol.), da Escola Municipal Catarina Maia, realizaram panfletagem na\" \/>\n<meta property=\"og:url\" content=\"https:\/\/www.pm.pb.gov.br\/portal\/2019\/10\/07\/operacao-crianca-feliz-patrulha-mirim-solidaria-realiza-panfletagem-em-catole-do-rocha-para-arrecadar-brinquedos\/\" \/>\n<meta property=\"og:site_name\" content=\"Pol\u00edcia Militar da Para\u00edba\" \/>\n<meta property=\"article:published_time\" content=\"2019-10-07T15:58:39+00:00\" \/>\n<meta property=\"article:modified_time\" content=\"2019-10-07T15:58:41+00:00\" \/>\n<meta property=\"og:image\" content=\"https:\/\/www.pm.pb.gov.br\/portal\/wp-content\/uploads\/2019\/10\/WhatsApp-Image-2019-10-07-at-11.43.47.jpeg\" \/>\n\t<meta property=\"og:image:width\" content=\"800\" \/>\n\t<meta property=\"og:image:height\" content=\"445\" \/>\n\t<meta property=\"og:image:type\" content=\"image\/jpeg\" \/>\n<meta name=\"author\" content=\"Tarcisio Oliveira\" \/>\n<meta name=\"twitter:card\" content=\"summary_large_image\" \/>\n<meta name=\"twitter:label1\" content=\"Escrito por\" \/>\n\t<meta name=\"twitter:data1\" content=\"Tarcisio Oliveira\" \/>\n\t<meta name=\"twitter:label2\" content=\"Est. tempo de leitura\" \/>\n\t<meta name=\"twitter:data2\" content=\"1 minuto\" \/>\n<script type=\"application\/ld+json\" class=\"yoast-schema-graph\">{\"@context\":\"https:\/\/schema.org\",\"@graph\":[{\"@type\":\"Article\",\"@id\":\"https:\/\/www.pm.pb.gov.br\/portal\/2019\/10\/07\/operacao-crianca-feliz-patrulha-mirim-solidaria-realiza-panfletagem-em-catole-do-rocha-para-arrecadar-brinquedos\/#article\",\"isPartOf\":{\"@id\":\"https:\/\/www.pm.pb.gov.br\/portal\/2019\/10\/07\/operacao-crianca-feliz-patrulha-mirim-solidaria-realiza-panfletagem-em-catole-do-rocha-para-arrecadar-brinquedos\/\"},\"author\":{\"name\":\"Tarcisio Oliveira\",\"@id\":\"https:\/\/www.pm.pb.gov.br\/portal\/#\/schema\/person\/f84f56dcc78ce4357054da888b8247fd\"},\"headline\":\"OPERA\u00c7\u00c3O CRIAN\u00c7A FELIZ: Patrulha Mirim Solid\u00e1ria realiza panfletagem em Catol\u00e9 do Rocha para arrecadar brinquedos\",\"datePublished\":\"2019-10-07T15:58:39+00:00\",\"dateModified\":\"2019-10-07T15:58:41+00:00\",\"mainEntityOfPage\":{\"@id\":\"https:\/\/www.pm.pb.gov.br\/portal\/2019\/10\/07\/operacao-crianca-feliz-patrulha-mirim-solidaria-realiza-panfletagem-em-catole-do-rocha-para-arrecadar-brinquedos\/\"},\"wordCount\":256,\"publisher\":{\"@id\":\"https:\/\/www.pm.pb.gov.br\/portal\/#organization\"},\"articleSection\":[\"Aconteceu\"],\"inLanguage\":\"pt-BR\"},{\"@type\":\"WebPage\",\"@id\":\"https:\/\/www.pm.pb.gov.br\/portal\/2019\/10\/07\/operacao-crianca-feliz-patrulha-mirim-solidaria-realiza-panfletagem-em-catole-do-rocha-para-arrecadar-brinquedos\/\",\"url\":\"https:\/\/www.pm.pb.gov.br\/portal\/2019\/10\/07\/operacao-crianca-feliz-patrulha-mirim-solidaria-realiza-panfletagem-em-catole-do-rocha-para-arrecadar-brinquedos\/\",\"name\":\"OPERA\u00c7\u00c3O CRIAN\u00c7A FELIZ: Patrulha Mirim Solid\u00e1ria realiza panfletagem em Catol\u00e9 do Rocha para arrecadar brinquedos - Pol\u00edcia Militar da Para\u00edba\",\"isPartOf\":{\"@id\":\"https:\/\/www.pm.pb.gov.br\/portal\/#website\"},\"datePublished\":\"2019-10-07T15:58:39+00:00\",\"dateModified\":\"2019-10-07T15:58:41+00:00\",\"breadcrumb\":{\"@id\":\"https:\/\/www.pm.pb.gov.br\/portal\/2019\/10\/07\/operacao-crianca-feliz-patrulha-mirim-solidaria-realiza-panfletagem-em-catole-do-rocha-para-arrecadar-brinquedos\/#breadcrumb\"},\"inLanguage\":\"pt-BR\",\"potentialAction\":[{\"@type\":\"ReadAction\",\"target\":[\"https:\/\/www.pm.pb.gov.br\/portal\/2019\/10\/07\/operacao-crianca-feliz-patrulha-mirim-solidaria-realiza-panfletagem-em-catole-do-rocha-para-arrecadar-brinquedos\/\"]}]},{\"@type\":\"BreadcrumbList\",\"@id\":\"https:\/\/www.pm.pb.gov.br\/portal\/2019\/10\/07\/operacao-crianca-feliz-patrulha-mirim-solidaria-realiza-panfletagem-em-catole-do-rocha-para-arrecadar-brinquedos\/#breadcrumb\",\"itemListElement\":[{\"@type\":\"ListItem\",\"position\":1,\"name\":\"In\u00edcio\",\"item\":\"https:\/\/www.pm.pb.gov.br\/portal\/\"},{\"@type\":\"ListItem\",\"position\":2,\"name\":\"OPERA\u00c7\u00c3O CRIAN\u00c7A FELIZ: Patrulha Mirim Solid\u00e1ria realiza panfletagem em Catol\u00e9 do Rocha para arrecadar brinquedos\"}]},{\"@type\":\"WebSite\",\"@id\":\"https:\/\/www.pm.pb.gov.br\/portal\/#website\",\"url\":\"https:\/\/www.pm.pb.gov.br\/portal\/\",\"name\":\"Pol\u00edcia Militar da Para\u00edba\",\"description\":\"\",\"publisher\":{\"@id\":\"https:\/\/www.pm.pb.gov.br\/portal\/#organization\"},\"potentialAction\":[{\"@type\":\"SearchAction\",\"target\":{\"@type\":\"EntryPoint\",\"urlTemplate\":\"https:\/\/www.pm.pb.gov.br\/portal\/?s={search_term_string}\"},\"query-input\":\"required name=search_term_string\"}],\"inLanguage\":\"pt-BR\"},{\"@type\":\"Organization\",\"@id\":\"https:\/\/www.pm.pb.gov.br\/portal\/#organization\",\"name\":\"Pol\u00edcia Militar da Para\u00edba\",\"url\":\"https:\/\/www.pm.pb.gov.br\/portal\/\",\"logo\":{\"@type\":\"ImageObject\",\"inLanguage\":\"pt-BR\",\"@id\":\"https:\/\/www.pm.pb.gov.br\/portal\/#\/schema\/logo\/image\/\",\"url\":\"https:\/\/www.pm.pb.gov.br\/portal\/wp-content\/uploads\/2025\/03\/cropped-logo-site-mag2-1.png\",\"contentUrl\":\"https:\/\/www.pm.pb.gov.br\/portal\/wp-content\/uploads\/2025\/03\/cropped-logo-site-mag2-1.png\",\"width\":320,\"height\":90,\"caption\":\"Pol\u00edcia Militar da Para\u00edba\"},\"image\":{\"@id\":\"https:\/\/www.pm.pb.gov.br\/portal\/#\/schema\/logo\/image\/\"}},{\"@type\":\"Person\",\"@id\":\"https:\/\/www.pm.pb.gov.br\/portal\/#\/schema\/person\/f84f56dcc78ce4357054da888b8247fd\",\"name\":\"Tarcisio Oliveira\",\"image\":{\"@type\":\"ImageObject\",\"inLanguage\":\"pt-BR\",\"@id\":\"https:\/\/www.pm.pb.gov.br\/portal\/#\/schema\/person\/image\/\",\"url\":\"https:\/\/secure.gravatar.com\/avatar\/72917b630b69d31cd0297507f34bac97?s=96&d=mm&r=g\",\"contentUrl\":\"https:\/\/secure.gravatar.com\/avatar\/72917b630b69d31cd0297507f34bac97?s=96&d=mm&r=g\",\"caption\":\"Tarcisio Oliveira\"},\"url\":\"https:\/\/www.pm.pb.gov.br\/portal\/author\/tarcisio\/\"}]}<\/script>\n<!-- \/ Yoast SEO plugin. -->","yoast_head_json":{"title":"OPERA\u00c7\u00c3O CRIAN\u00c7A FELIZ: Patrulha Mirim Solid\u00e1ria realiza panfletagem em Catol\u00e9 do Rocha para arrecadar brinquedos - Pol\u00edcia Militar da Para\u00edba","robots":{"index":"index","follow":"follow","max-snippet":"max-snippet:-1","max-image-preview":"max-image-preview:large","max-video-preview":"max-video-preview:-1"},"canonical":"https:\/\/www.pm.pb.gov.br\/portal\/2019\/10\/07\/operacao-crianca-feliz-patrulha-mirim-solidaria-realiza-panfletagem-em-catole-do-rocha-para-arrecadar-brinquedos\/","og_locale":"pt_BR","og_type":"article","og_title":"OPERA\u00c7\u00c3O CRIAN\u00c7A FELIZ: Patrulha Mirim Solid\u00e1ria realiza panfletagem em Catol\u00e9 do Rocha para arrecadar brinquedos - Pol\u00edcia Militar da Para\u00edba","og_description":"Na manh\u00e3 desta segunda-feira (07), alunos do projeto Patrulha Mirim Solid\u00e1ria (P.M.Sol.), da Escola Municipal Catarina Maia, realizaram panfletagem na","og_url":"https:\/\/www.pm.pb.gov.br\/portal\/2019\/10\/07\/operacao-crianca-feliz-patrulha-mirim-solidaria-realiza-panfletagem-em-catole-do-rocha-para-arrecadar-brinquedos\/","og_site_name":"Pol\u00edcia Militar da Para\u00edba","article_published_time":"2019-10-07T15:58:39+00:00","article_modified_time":"2019-10-07T15:58:41+00:00","og_image":[{"width":800,"height":445,"url":"https:\/\/www.pm.pb.gov.br\/portal\/wp-content\/uploads\/2019\/10\/WhatsApp-Image-2019-10-07-at-11.43.47.jpeg","type":"image\/jpeg"}],"author":"Tarcisio Oliveira","twitter_card":"summary_large_image","twitter_misc":{"Escrito por":"Tarcisio Oliveira","Est. tempo de leitura":"1 minuto"},"schema":{"@context":"https:\/\/schema.org","@graph":[{"@type":"Article","@id":"https:\/\/www.pm.pb.gov.br\/portal\/2019\/10\/07\/operacao-crianca-feliz-patrulha-mirim-solidaria-realiza-panfletagem-em-catole-do-rocha-para-arrecadar-brinquedos\/#article","isPartOf":{"@id":"https:\/\/www.pm.pb.gov.br\/portal\/2019\/10\/07\/operacao-crianca-feliz-patrulha-mirim-solidaria-realiza-panfletagem-em-catole-do-rocha-para-arrecadar-brinquedos\/"},"author":{"name":"Tarcisio Oliveira","@id":"https:\/\/www.pm.pb.gov.br\/portal\/#\/schema\/person\/f84f56dcc78ce4357054da888b8247fd"},"headline":"OPERA\u00c7\u00c3O CRIAN\u00c7A FELIZ: Patrulha Mirim Solid\u00e1ria realiza panfletagem em Catol\u00e9 do Rocha para arrecadar brinquedos","datePublished":"2019-10-07T15:58:39+00:00","dateModified":"2019-10-07T15:58:41+00:00","mainEntityOfPage":{"@id":"https:\/\/www.pm.pb.gov.br\/portal\/2019\/10\/07\/operacao-crianca-feliz-patrulha-mirim-solidaria-realiza-panfletagem-em-catole-do-rocha-para-arrecadar-brinquedos\/"},"wordCount":256,"publisher":{"@id":"https:\/\/www.pm.pb.gov.br\/portal\/#organization"},"articleSection":["Aconteceu"],"inLanguage":"pt-BR"},{"@type":"WebPage","@id":"https:\/\/www.pm.pb.gov.br\/portal\/2019\/10\/07\/operacao-crianca-feliz-patrulha-mirim-solidaria-realiza-panfletagem-em-catole-do-rocha-para-arrecadar-brinquedos\/","url":"https:\/\/www.pm.pb.gov.br\/portal\/2019\/10\/07\/operacao-crianca-feliz-patrulha-mirim-solidaria-realiza-panfletagem-em-catole-do-rocha-para-arrecadar-brinquedos\/","name":"OPERA\u00c7\u00c3O CRIAN\u00c7A FELIZ: Patrulha Mirim Solid\u00e1ria realiza panfletagem em Catol\u00e9 do Rocha para arrecadar brinquedos - Pol\u00edcia Militar da Para\u00edba","isPartOf":{"@id":"https:\/\/www.pm.pb.gov.br\/portal\/#website"},"datePublished":"2019-10-07T15:58:39+00:00","dateModified":"2019-10-07T15:58:41+00:00","breadcrumb":{"@id":"https:\/\/www.pm.pb.gov.br\/portal\/2019\/10\/07\/operacao-crianca-feliz-patrulha-mirim-solidaria-realiza-panfletagem-em-catole-do-rocha-para-arrecadar-brinquedos\/#breadcrumb"},"inLanguage":"pt-BR","potentialAction":[{"@type":"ReadAction","target":["https:\/\/www.pm.pb.gov.br\/portal\/2019\/10\/07\/operacao-crianca-feliz-patrulha-mirim-solidaria-realiza-panfletagem-em-catole-do-rocha-para-arrecadar-brinquedos\/"]}]},{"@type":"BreadcrumbList","@id":"https:\/\/www.pm.pb.gov.br\/portal\/2019\/10\/07\/operacao-crianca-feliz-patrulha-mirim-solidaria-realiza-panfletagem-em-catole-do-rocha-para-arrecadar-brinquedos\/#breadcrumb","itemListElement":[{"@type":"ListItem","position":1,"name":"In\u00edcio","item":"https:\/\/www.pm.pb.gov.br\/portal\/"},{"@type":"ListItem","position":2,"name":"OPERA\u00c7\u00c3O CRIAN\u00c7A FELIZ: Patrulha Mirim Solid\u00e1ria realiza panfletagem em Catol\u00e9 do Rocha para arrecadar brinquedos"}]},{"@type":"WebSite","@id":"https:\/\/www.pm.pb.gov.br\/portal\/#website","url":"https:\/\/www.pm.pb.gov.br\/portal\/","name":"Pol\u00edcia Militar da Para\u00edba","description":"","publisher":{"@id":"https:\/\/www.pm.pb.gov.br\/portal\/#organization"},"potentialAction":[{"@type":"SearchAction","target":{"@type":"EntryPoint","urlTemplate":"https:\/\/www.pm.pb.gov.br\/portal\/?s={search_term_string}"},"query-input":"required name=search_term_string"}],"inLanguage":"pt-BR"},{"@type":"Organization","@id":"https:\/\/www.pm.pb.gov.br\/portal\/#organization","name":"Pol\u00edcia Militar da Para\u00edba","url":"https:\/\/www.pm.pb.gov.br\/portal\/","logo":{"@type":"ImageObject","inLanguage":"pt-BR","@id":"https:\/\/www.pm.pb.gov.br\/portal\/#\/schema\/logo\/image\/","url":"https:\/\/www.pm.pb.gov.br\/portal\/wp-content\/uploads\/2025\/03\/cropped-logo-site-mag2-1.png","contentUrl":"https:\/\/www.pm.pb.gov.br\/portal\/wp-content\/uploads\/2025\/03\/cropped-logo-site-mag2-1.png","width":320,"height":90,"caption":"Pol\u00edcia Militar da Para\u00edba"},"image":{"@id":"https:\/\/www.pm.pb.gov.br\/portal\/#\/schema\/logo\/image\/"}},{"@type":"Person","@id":"https:\/\/www.pm.pb.gov.br\/portal\/#\/schema\/person\/f84f56dcc78ce4357054da888b8247fd","name":"Tarcisio Oliveira","image":{"@type":"ImageObject","inLanguage":"pt-BR","@id":"https:\/\/www.pm.pb.gov.br\/portal\/#\/schema\/person\/image\/","url":"https:\/\/secure.gravatar.com\/avatar\/72917b630b69d31cd0297507f34bac97?s=96&d=mm&r=g","contentUrl":"https:\/\/secure.gravatar.com\/avatar\/72917b630b69d31cd0297507f34bac97?s=96&d=mm&r=g","caption":"Tarcisio Oliveira"},"url":"https:\/\/www.pm.pb.gov.br\/portal\/author\/tarcisio\/"}]}},"_links":{"self":[{"href":"https:\/\/www.pm.pb.gov.br\/portal\/wp-json\/wp\/v2\/posts\/902557"}],"collection":[{"href":"https:\/\/www.pm.pb.gov.br\/portal\/wp-json\/wp\/v2\/posts"}],"about":[{"href":"https:\/\/www.pm.pb.gov.br\/portal\/wp-json\/wp\/v2\/types\/post"}],"author":[{"embeddable":true,"href":"https:\/\/www.pm.pb.gov.br\/portal\/wp-json\/wp\/v2\/users\/12"}],"replies":[{"embeddable":true,"href":"https:\/\/www.pm.pb.gov.br\/portal\/wp-json\/wp\/v2\/comments?post=902557"}],"version-history":[{"count":1,"href":"https:\/\/www.pm.pb.gov.br\/portal\/wp-json\/wp\/v2\/posts\/902557\/revisions"}],"predecessor-version":[{"id":902559,"href":"https:\/\/www.pm.pb.gov.br\/portal\/wp-json\/wp\/v2\/posts\/902557\/revisions\/902559"}],"wp:featuredmedia":[{"embeddable":true,"href":"https:\/\/www.pm.pb.gov.br\/portal\/wp-json\/wp\/v2\/media\/902558"}],"wp:attachment":[{"href":"https:\/\/www.pm.pb.gov.br\/portal\/wp-json\/wp\/v2\/media?parent=902557"}],"wp:term":[{"taxonomy":"category","embeddable":true,"href":"https:\/\/www.pm.pb.gov.br\/portal\/wp-json\/wp\/v2\/categories?post=902557"},{"taxonomy":"post_tag","embeddable":true,"href":"https:\/\/www.pm.pb.gov.br\/portal\/wp-json\/wp\/v2\/tags?post=902557"}],"curies":[{"name":"wp","href":"https:\/\/api.w.org\/{rel}","templated":true}]}}