{"id":902499,"date":"2019-09-29T14:04:32","date_gmt":"2019-09-29T17:04:32","guid":{"rendered":"http:\/\/www.pm.pb.gov.br\/portal\/?p=902499"},"modified":"2019-09-29T14:14:59","modified_gmt":"2019-09-29T17:14:59","slug":"operacao-cidade-segura-policia-militar-prende-homem-e-apreende-arma-de-fogo-em-sousa","status":"publish","type":"post","link":"https:\/\/www.pm.pb.gov.br\/portal\/2019\/09\/29\/operacao-cidade-segura-policia-militar-prende-homem-e-apreende-arma-de-fogo-em-sousa\/","title":{"rendered":"Opera\u00e7\u00e3o Cidade Segura: Pol\u00edcia Militar prende homem e apreende arma de fogo em Sousa"},"content":{"rendered":"\n<p>Policiais militares do 14\u00ba Batalh\u00e3o prenderam um homem e apreenderam uma arma de fogo na noite desse s\u00e1bado (28), durante as a\u00e7\u00f5es de preven\u00e7\u00e3o da Opera\u00e7\u00e3o Cidade Segura, em Sousa.<br \/><br \/>Os policiais militares estavam intensificado rondas e abordagens nas proximidades da Rodovia da Produ\u00e7\u00e3o em Sousa, quando se depararam com um ve\u00edculo em atitude suspeita. O carro foi interceptado pelas guarni\u00e7\u00f5es na BR 230 e, durante as buscas ao ve\u00edculo, a PM apreendeu um rev\u00f3lver calibre 38 com numera\u00e7\u00e3o raspada e cinco muni\u00e7\u00f5es, que foi localizado embaixo do banco do motorista.<br \/><br \/>Segundo os policiais, o suspeito de 27 anos negou ser o propriet\u00e1rio do rev\u00f3lver e informou que o ve\u00edculo pertencia a outra pessoa. Diante dos fatos, o homem foi detido e conduzido juntamente com o material apreendido para Delegacia de Pol\u00edcia Civil de Sousa para os procedimentos cab\u00edveis.<\/p>\n","protected":false},"excerpt":{"rendered":"<p>Policiais militares do 14\u00ba Batalh\u00e3o prenderam um homem e apreenderam uma arma de fogo na noite desse s\u00e1bado (28), durante<\/p>\n","protected":false},"author":15,"featured_media":902503,"comment_status":"closed","ping_status":"closed","sticky":false,"template":"","format":"standard","meta":{"_exactmetrics_skip_tracking":false,"_exactmetrics_sitenote_active":false,"_exactmetrics_sitenote_note":"","_exactmetrics_sitenote_category":0,"footnotes":""},"categories":[4],"tags":[],"yoast_head":"<!-- This site is optimized with the Yoast SEO plugin v22.0 - https:\/\/yoast.com\/wordpress\/plugins\/seo\/ -->\n<title>Opera\u00e7\u00e3o Cidade Segura: Pol\u00edcia Militar prende homem e apreende arma de fogo em Sousa - Pol\u00edcia Militar da Para\u00edba<\/title>\n<meta name=\"robots\" content=\"index, follow, max-snippet:-1, max-image-preview:large, max-video-preview:-1\" \/>\n<link rel=\"canonical\" href=\"https:\/\/www.pm.pb.gov.br\/portal\/2019\/09\/29\/operacao-cidade-segura-policia-militar-prende-homem-e-apreende-arma-de-fogo-em-sousa\/\" \/>\n<meta property=\"og:locale\" content=\"pt_BR\" \/>\n<meta property=\"og:type\" content=\"article\" \/>\n<meta property=\"og:title\" content=\"Opera\u00e7\u00e3o Cidade Segura: Pol\u00edcia Militar prende homem e apreende arma de fogo em Sousa - Pol\u00edcia Militar da Para\u00edba\" \/>\n<meta property=\"og:description\" content=\"Policiais militares do 14\u00ba Batalh\u00e3o prenderam um homem e apreenderam uma arma de fogo na noite desse s\u00e1bado (28), durante\" \/>\n<meta property=\"og:url\" content=\"https:\/\/www.pm.pb.gov.br\/portal\/2019\/09\/29\/operacao-cidade-segura-policia-militar-prende-homem-e-apreende-arma-de-fogo-em-sousa\/\" \/>\n<meta property=\"og:site_name\" content=\"Pol\u00edcia Militar da Para\u00edba\" \/>\n<meta property=\"article:published_time\" content=\"2019-09-29T17:04:32+00:00\" \/>\n<meta property=\"article:modified_time\" content=\"2019-09-29T17:14:59+00:00\" \/>\n<meta property=\"og:image\" content=\"https:\/\/www.pm.pb.gov.br\/portal\/wp-content\/uploads\/2019\/09\/arma-sousa.jpg\" \/>\n\t<meta property=\"og:image:width\" content=\"800\" \/>\n\t<meta property=\"og:image:height\" content=\"446\" \/>\n\t<meta property=\"og:image:type\" content=\"image\/jpeg\" \/>\n<meta name=\"author\" content=\"Marcio Gomes dos Santos\" \/>\n<meta name=\"twitter:card\" content=\"summary_large_image\" \/>\n<meta name=\"twitter:label1\" content=\"Escrito por\" \/>\n\t<meta name=\"twitter:data1\" content=\"Marcio Gomes dos Santos\" \/>\n\t<meta name=\"twitter:label2\" content=\"Est. tempo de leitura\" \/>\n\t<meta name=\"twitter:data2\" content=\"1 minuto\" \/>\n<script type=\"application\/ld+json\" class=\"yoast-schema-graph\">{\"@context\":\"https:\/\/schema.org\",\"@graph\":[{\"@type\":\"Article\",\"@id\":\"https:\/\/www.pm.pb.gov.br\/portal\/2019\/09\/29\/operacao-cidade-segura-policia-militar-prende-homem-e-apreende-arma-de-fogo-em-sousa\/#article\",\"isPartOf\":{\"@id\":\"https:\/\/www.pm.pb.gov.br\/portal\/2019\/09\/29\/operacao-cidade-segura-policia-militar-prende-homem-e-apreende-arma-de-fogo-em-sousa\/\"},\"author\":{\"name\":\"Marcio Gomes dos Santos\",\"@id\":\"https:\/\/www.pm.pb.gov.br\/portal\/#\/schema\/person\/30d571652b38533c2211e4e89bf5a502\"},\"headline\":\"Opera\u00e7\u00e3o Cidade Segura: Pol\u00edcia Militar prende homem e apreende arma de fogo em Sousa\",\"datePublished\":\"2019-09-29T17:04:32+00:00\",\"dateModified\":\"2019-09-29T17:14:59+00:00\",\"mainEntityOfPage\":{\"@id\":\"https:\/\/www.pm.pb.gov.br\/portal\/2019\/09\/29\/operacao-cidade-segura-policia-militar-prende-homem-e-apreende-arma-de-fogo-em-sousa\/\"},\"wordCount\":167,\"publisher\":{\"@id\":\"https:\/\/www.pm.pb.gov.br\/portal\/#organization\"},\"articleSection\":[\"A\u00e7\u00f5es Policiais\"],\"inLanguage\":\"pt-BR\"},{\"@type\":\"WebPage\",\"@id\":\"https:\/\/www.pm.pb.gov.br\/portal\/2019\/09\/29\/operacao-cidade-segura-policia-militar-prende-homem-e-apreende-arma-de-fogo-em-sousa\/\",\"url\":\"https:\/\/www.pm.pb.gov.br\/portal\/2019\/09\/29\/operacao-cidade-segura-policia-militar-prende-homem-e-apreende-arma-de-fogo-em-sousa\/\",\"name\":\"Opera\u00e7\u00e3o Cidade Segura: Pol\u00edcia Militar prende homem e apreende arma de fogo em Sousa - Pol\u00edcia Militar da Para\u00edba\",\"isPartOf\":{\"@id\":\"https:\/\/www.pm.pb.gov.br\/portal\/#website\"},\"datePublished\":\"2019-09-29T17:04:32+00:00\",\"dateModified\":\"2019-09-29T17:14:59+00:00\",\"breadcrumb\":{\"@id\":\"https:\/\/www.pm.pb.gov.br\/portal\/2019\/09\/29\/operacao-cidade-segura-policia-militar-prende-homem-e-apreende-arma-de-fogo-em-sousa\/#breadcrumb\"},\"inLanguage\":\"pt-BR\",\"potentialAction\":[{\"@type\":\"ReadAction\",\"target\":[\"https:\/\/www.pm.pb.gov.br\/portal\/2019\/09\/29\/operacao-cidade-segura-policia-militar-prende-homem-e-apreende-arma-de-fogo-em-sousa\/\"]}]},{\"@type\":\"BreadcrumbList\",\"@id\":\"https:\/\/www.pm.pb.gov.br\/portal\/2019\/09\/29\/operacao-cidade-segura-policia-militar-prende-homem-e-apreende-arma-de-fogo-em-sousa\/#breadcrumb\",\"itemListElement\":[{\"@type\":\"ListItem\",\"position\":1,\"name\":\"In\u00edcio\",\"item\":\"https:\/\/www.pm.pb.gov.br\/portal\/\"},{\"@type\":\"ListItem\",\"position\":2,\"name\":\"Opera\u00e7\u00e3o Cidade Segura: Pol\u00edcia Militar prende homem e apreende arma de fogo em Sousa\"}]},{\"@type\":\"WebSite\",\"@id\":\"https:\/\/www.pm.pb.gov.br\/portal\/#website\",\"url\":\"https:\/\/www.pm.pb.gov.br\/portal\/\",\"name\":\"Pol\u00edcia Militar da Para\u00edba\",\"description\":\"\",\"publisher\":{\"@id\":\"https:\/\/www.pm.pb.gov.br\/portal\/#organization\"},\"potentialAction\":[{\"@type\":\"SearchAction\",\"target\":{\"@type\":\"EntryPoint\",\"urlTemplate\":\"https:\/\/www.pm.pb.gov.br\/portal\/?s={search_term_string}\"},\"query-input\":\"required name=search_term_string\"}],\"inLanguage\":\"pt-BR\"},{\"@type\":\"Organization\",\"@id\":\"https:\/\/www.pm.pb.gov.br\/portal\/#organization\",\"name\":\"Pol\u00edcia Militar da Para\u00edba\",\"url\":\"https:\/\/www.pm.pb.gov.br\/portal\/\",\"logo\":{\"@type\":\"ImageObject\",\"inLanguage\":\"pt-BR\",\"@id\":\"https:\/\/www.pm.pb.gov.br\/portal\/#\/schema\/logo\/image\/\",\"url\":\"https:\/\/www.pm.pb.gov.br\/portal\/wp-content\/uploads\/2025\/03\/cropped-logo-site-mag2-1.png\",\"contentUrl\":\"https:\/\/www.pm.pb.gov.br\/portal\/wp-content\/uploads\/2025\/03\/cropped-logo-site-mag2-1.png\",\"width\":320,\"height\":90,\"caption\":\"Pol\u00edcia Militar da Para\u00edba\"},\"image\":{\"@id\":\"https:\/\/www.pm.pb.gov.br\/portal\/#\/schema\/logo\/image\/\"}},{\"@type\":\"Person\",\"@id\":\"https:\/\/www.pm.pb.gov.br\/portal\/#\/schema\/person\/30d571652b38533c2211e4e89bf5a502\",\"name\":\"Marcio Gomes dos Santos\",\"image\":{\"@type\":\"ImageObject\",\"inLanguage\":\"pt-BR\",\"@id\":\"https:\/\/www.pm.pb.gov.br\/portal\/#\/schema\/person\/image\/\",\"url\":\"https:\/\/secure.gravatar.com\/avatar\/cf4ec2cb690101e1581c7773aa350c19?s=96&d=mm&r=g\",\"contentUrl\":\"https:\/\/secure.gravatar.com\/avatar\/cf4ec2cb690101e1581c7773aa350c19?s=96&d=mm&r=g\",\"caption\":\"Marcio Gomes dos Santos\"},\"url\":\"https:\/\/www.pm.pb.gov.br\/portal\/author\/mgomes\/\"}]}<\/script>\n<!-- \/ Yoast SEO plugin. -->","yoast_head_json":{"title":"Opera\u00e7\u00e3o Cidade Segura: Pol\u00edcia Militar prende homem e apreende arma de fogo em Sousa - Pol\u00edcia Militar da Para\u00edba","robots":{"index":"index","follow":"follow","max-snippet":"max-snippet:-1","max-image-preview":"max-image-preview:large","max-video-preview":"max-video-preview:-1"},"canonical":"https:\/\/www.pm.pb.gov.br\/portal\/2019\/09\/29\/operacao-cidade-segura-policia-militar-prende-homem-e-apreende-arma-de-fogo-em-sousa\/","og_locale":"pt_BR","og_type":"article","og_title":"Opera\u00e7\u00e3o Cidade Segura: Pol\u00edcia Militar prende homem e apreende arma de fogo em Sousa - Pol\u00edcia Militar da Para\u00edba","og_description":"Policiais militares do 14\u00ba Batalh\u00e3o prenderam um homem e apreenderam uma arma de fogo na noite desse s\u00e1bado (28), durante","og_url":"https:\/\/www.pm.pb.gov.br\/portal\/2019\/09\/29\/operacao-cidade-segura-policia-militar-prende-homem-e-apreende-arma-de-fogo-em-sousa\/","og_site_name":"Pol\u00edcia Militar da Para\u00edba","article_published_time":"2019-09-29T17:04:32+00:00","article_modified_time":"2019-09-29T17:14:59+00:00","og_image":[{"width":800,"height":446,"url":"https:\/\/www.pm.pb.gov.br\/portal\/wp-content\/uploads\/2019\/09\/arma-sousa.jpg","type":"image\/jpeg"}],"author":"Marcio Gomes dos Santos","twitter_card":"summary_large_image","twitter_misc":{"Escrito por":"Marcio Gomes dos Santos","Est. tempo de leitura":"1 minuto"},"schema":{"@context":"https:\/\/schema.org","@graph":[{"@type":"Article","@id":"https:\/\/www.pm.pb.gov.br\/portal\/2019\/09\/29\/operacao-cidade-segura-policia-militar-prende-homem-e-apreende-arma-de-fogo-em-sousa\/#article","isPartOf":{"@id":"https:\/\/www.pm.pb.gov.br\/portal\/2019\/09\/29\/operacao-cidade-segura-policia-militar-prende-homem-e-apreende-arma-de-fogo-em-sousa\/"},"author":{"name":"Marcio Gomes dos Santos","@id":"https:\/\/www.pm.pb.gov.br\/portal\/#\/schema\/person\/30d571652b38533c2211e4e89bf5a502"},"headline":"Opera\u00e7\u00e3o Cidade Segura: Pol\u00edcia Militar prende homem e apreende arma de fogo em Sousa","datePublished":"2019-09-29T17:04:32+00:00","dateModified":"2019-09-29T17:14:59+00:00","mainEntityOfPage":{"@id":"https:\/\/www.pm.pb.gov.br\/portal\/2019\/09\/29\/operacao-cidade-segura-policia-militar-prende-homem-e-apreende-arma-de-fogo-em-sousa\/"},"wordCount":167,"publisher":{"@id":"https:\/\/www.pm.pb.gov.br\/portal\/#organization"},"articleSection":["A\u00e7\u00f5es Policiais"],"inLanguage":"pt-BR"},{"@type":"WebPage","@id":"https:\/\/www.pm.pb.gov.br\/portal\/2019\/09\/29\/operacao-cidade-segura-policia-militar-prende-homem-e-apreende-arma-de-fogo-em-sousa\/","url":"https:\/\/www.pm.pb.gov.br\/portal\/2019\/09\/29\/operacao-cidade-segura-policia-militar-prende-homem-e-apreende-arma-de-fogo-em-sousa\/","name":"Opera\u00e7\u00e3o Cidade Segura: Pol\u00edcia Militar prende homem e apreende arma de fogo em Sousa - Pol\u00edcia Militar da Para\u00edba","isPartOf":{"@id":"https:\/\/www.pm.pb.gov.br\/portal\/#website"},"datePublished":"2019-09-29T17:04:32+00:00","dateModified":"2019-09-29T17:14:59+00:00","breadcrumb":{"@id":"https:\/\/www.pm.pb.gov.br\/portal\/2019\/09\/29\/operacao-cidade-segura-policia-militar-prende-homem-e-apreende-arma-de-fogo-em-sousa\/#breadcrumb"},"inLanguage":"pt-BR","potentialAction":[{"@type":"ReadAction","target":["https:\/\/www.pm.pb.gov.br\/portal\/2019\/09\/29\/operacao-cidade-segura-policia-militar-prende-homem-e-apreende-arma-de-fogo-em-sousa\/"]}]},{"@type":"BreadcrumbList","@id":"https:\/\/www.pm.pb.gov.br\/portal\/2019\/09\/29\/operacao-cidade-segura-policia-militar-prende-homem-e-apreende-arma-de-fogo-em-sousa\/#breadcrumb","itemListElement":[{"@type":"ListItem","position":1,"name":"In\u00edcio","item":"https:\/\/www.pm.pb.gov.br\/portal\/"},{"@type":"ListItem","position":2,"name":"Opera\u00e7\u00e3o Cidade Segura: Pol\u00edcia Militar prende homem e apreende arma de fogo em Sousa"}]},{"@type":"WebSite","@id":"https:\/\/www.pm.pb.gov.br\/portal\/#website","url":"https:\/\/www.pm.pb.gov.br\/portal\/","name":"Pol\u00edcia Militar da Para\u00edba","description":"","publisher":{"@id":"https:\/\/www.pm.pb.gov.br\/portal\/#organization"},"potentialAction":[{"@type":"SearchAction","target":{"@type":"EntryPoint","urlTemplate":"https:\/\/www.pm.pb.gov.br\/portal\/?s={search_term_string}"},"query-input":"required name=search_term_string"}],"inLanguage":"pt-BR"},{"@type":"Organization","@id":"https:\/\/www.pm.pb.gov.br\/portal\/#organization","name":"Pol\u00edcia Militar da Para\u00edba","url":"https:\/\/www.pm.pb.gov.br\/portal\/","logo":{"@type":"ImageObject","inLanguage":"pt-BR","@id":"https:\/\/www.pm.pb.gov.br\/portal\/#\/schema\/logo\/image\/","url":"https:\/\/www.pm.pb.gov.br\/portal\/wp-content\/uploads\/2025\/03\/cropped-logo-site-mag2-1.png","contentUrl":"https:\/\/www.pm.pb.gov.br\/portal\/wp-content\/uploads\/2025\/03\/cropped-logo-site-mag2-1.png","width":320,"height":90,"caption":"Pol\u00edcia Militar da Para\u00edba"},"image":{"@id":"https:\/\/www.pm.pb.gov.br\/portal\/#\/schema\/logo\/image\/"}},{"@type":"Person","@id":"https:\/\/www.pm.pb.gov.br\/portal\/#\/schema\/person\/30d571652b38533c2211e4e89bf5a502","name":"Marcio Gomes dos Santos","image":{"@type":"ImageObject","inLanguage":"pt-BR","@id":"https:\/\/www.pm.pb.gov.br\/portal\/#\/schema\/person\/image\/","url":"https:\/\/secure.gravatar.com\/avatar\/cf4ec2cb690101e1581c7773aa350c19?s=96&d=mm&r=g","contentUrl":"https:\/\/secure.gravatar.com\/avatar\/cf4ec2cb690101e1581c7773aa350c19?s=96&d=mm&r=g","caption":"Marcio Gomes dos Santos"},"url":"https:\/\/www.pm.pb.gov.br\/portal\/author\/mgomes\/"}]}},"_links":{"self":[{"href":"https:\/\/www.pm.pb.gov.br\/portal\/wp-json\/wp\/v2\/posts\/902499"}],"collection":[{"href":"https:\/\/www.pm.pb.gov.br\/portal\/wp-json\/wp\/v2\/posts"}],"about":[{"href":"https:\/\/www.pm.pb.gov.br\/portal\/wp-json\/wp\/v2\/types\/post"}],"author":[{"embeddable":true,"href":"https:\/\/www.pm.pb.gov.br\/portal\/wp-json\/wp\/v2\/users\/15"}],"replies":[{"embeddable":true,"href":"https:\/\/www.pm.pb.gov.br\/portal\/wp-json\/wp\/v2\/comments?post=902499"}],"version-history":[{"count":2,"href":"https:\/\/www.pm.pb.gov.br\/portal\/wp-json\/wp\/v2\/posts\/902499\/revisions"}],"predecessor-version":[{"id":902504,"href":"https:\/\/www.pm.pb.gov.br\/portal\/wp-json\/wp\/v2\/posts\/902499\/revisions\/902504"}],"wp:featuredmedia":[{"embeddable":true,"href":"https:\/\/www.pm.pb.gov.br\/portal\/wp-json\/wp\/v2\/media\/902503"}],"wp:attachment":[{"href":"https:\/\/www.pm.pb.gov.br\/portal\/wp-json\/wp\/v2\/media?parent=902499"}],"wp:term":[{"taxonomy":"category","embeddable":true,"href":"https:\/\/www.pm.pb.gov.br\/portal\/wp-json\/wp\/v2\/categories?post=902499"},{"taxonomy":"post_tag","embeddable":true,"href":"https:\/\/www.pm.pb.gov.br\/portal\/wp-json\/wp\/v2\/tags?post=902499"}],"curies":[{"name":"wp","href":"https:\/\/api.w.org\/{rel}","templated":true}]}}