{"id":902474,"date":"2019-09-26T10:17:25","date_gmt":"2019-09-26T13:17:25","guid":{"rendered":"http:\/\/www.pm.pb.gov.br\/portal\/?p=902474"},"modified":"2019-09-26T12:17:10","modified_gmt":"2019-09-26T15:17:10","slug":"policia-militar-participa-do-i-encontro-nacional-de-rondas-patrulhas-e-guardias-maria-da-penha","status":"publish","type":"post","link":"https:\/\/www.pm.pb.gov.br\/portal\/2019\/09\/26\/policia-militar-participa-do-i-encontro-nacional-de-rondas-patrulhas-e-guardias-maria-da-penha\/","title":{"rendered":"Pol\u00edcia Militar participa do I Encontro Nacional de Rondas, Patrulhas e Guardi\u00e3s Maria da Penha"},"content":{"rendered":"\n<p>Nesta semana, entre os dias 23 e 25, ocorreu em Salvador\/BA o 1\u00b0 Encontro Nacional das Rondas, Patrulhas e Guardi\u00e3s Maria da Penha. A Pol\u00edcia Militar da Para\u00edba teve como representante a comandante da Patrulha Maria da Penha do estado, a capit\u00e3 Dayana Cruz. O evento apresentou como objetivo principal a necessidade de alinhar a\u00e7\u00f5es no enfrentamento \u00e0 viol\u00eancia dom\u00e9stica e familiar contra a mulher, estabelecendo padroniza\u00e7\u00e3o nacional de atua\u00e7\u00e3o.<\/p>\n<p>O encontro foi uma iniciativa da Pol\u00edcia Militar da Bahia (PMBA), em parceria com o Instituto Avon e o Minist\u00e9rio da Justi\u00e7a e Seguran\u00e7a P\u00fablica, atrav\u00e9s da Secretaria Nacional de Seguran\u00e7a P\u00fablica (Senasp).<br \/>Mesmo em sua primeira edi\u00e7\u00e3o, contou a participa\u00e7\u00e3o de representantes de 16 estados brasileiros: Alagoas, Amazonas, Bahia, Goi\u00e1s, Maranh\u00e3o, Mato Grosso, Minas Gerais, Paran\u00e1, Para\u00edba, Piau\u00ed, Rio de Janeiro, Rio Grande do Sul, Santa Catarina, S\u00e3o Paulo, Sergipe e Tocantins.<\/p>\n<p>&#8220;A participa\u00e7\u00e3o no evento foi de grande relev\u00e2ncia para a consolida\u00e7\u00e3o da Patrulha Maria da Penha na Para\u00edba. Vale ressaltar que al\u00e9m das diversas experi\u00eancias apresentadas, tivemos a possibilidade de colaborar na constru\u00e7\u00e3o das diretrizes nacionais para implanta\u00e7\u00e3o e implementa\u00e7\u00e3o de outras patrulhas no Brasil. Em suma, foi um momento de m\u00fatuo crescimento e partilha&#8221;, comentou a capit\u00e3 Dayana.<\/p>\n<figure id=\"attachment_902475\" aria-describedby=\"caption-attachment-902475\" style=\"width: 800px\" class=\"wp-caption alignnone\"><img loading=\"lazy\" decoding=\"async\" class=\"wp-image-902475 size-full\" src=\"http:\/\/www.pm.pb.gov.br\/portal\/wp-content\/uploads\/2019\/09\/enc3.jpeg\" alt=\"\" width=\"800\" height=\"445\" srcset=\"https:\/\/www.pm.pb.gov.br\/portal\/wp-content\/uploads\/2019\/09\/enc3.jpeg 800w, https:\/\/www.pm.pb.gov.br\/portal\/wp-content\/uploads\/2019\/09\/enc3-245x136.jpeg 245w, https:\/\/www.pm.pb.gov.br\/portal\/wp-content\/uploads\/2019\/09\/enc3-768x427.jpeg 768w\" sizes=\"(max-width: 800px) 100vw, 800px\" \/><figcaption id=\"caption-attachment-902475\" class=\"wp-caption-text\">Mafoane Odara (coordenadora do Instituto Avon), capit\u00e3 Dayana Cruz e major Denice Santiago (PMBA)<\/figcaption><\/figure>\n<p>O evento trouxe quest\u00f5es sobre atendimentos de ocorr\u00eancias, an\u00e1lise de protocolos em utiliza\u00e7\u00e3o nas diversas iniciativas, atua\u00e7\u00f5es das Patrulhas no Brasil com a exposi\u00e7\u00e3o de boas pr\u00e1ticas e minuta de uma diretriz nacional.<\/p>\n<p><strong>Decreto<\/strong> \u2013 O Programa Integrado Patrulha Maria da Penha foi institu\u00eddo por meio do Decreto n\u00b0 39.343, de 08 de agosto deste ano, por meio de um Termo de Coopera\u00e7\u00e3o T\u00e9cnica entre o Tribunal de Justi\u00e7a e Governo do Estado. As a\u00e7\u00f5es em conjunto s\u00e3o desenvolvidas pela Secretaria da Mulher e da Diversidade Humana em parceria com a Secretaria de Seguran\u00e7a e Defesa Social (Sesds), por meio da Pol\u00edcia Militar, Pol\u00edcia Civil, Coordena\u00e7\u00e3o das Delegacias Especializadas de Mulheres e o Tribunal de Justi\u00e7a da Para\u00edba (TJ-PB).<\/p>\n","protected":false},"excerpt":{"rendered":"<p>Nesta semana, entre os dias 23 e 25, ocorreu em Salvador\/BA o 1\u00b0 Encontro Nacional das Rondas, Patrulhas e Guardi\u00e3s<\/p>\n","protected":false},"author":12,"featured_media":902477,"comment_status":"closed","ping_status":"closed","sticky":false,"template":"","format":"standard","meta":{"_exactmetrics_skip_tracking":false,"_exactmetrics_sitenote_active":false,"_exactmetrics_sitenote_note":"","_exactmetrics_sitenote_category":0,"footnotes":""},"categories":[19,9],"tags":[],"yoast_head":"<!-- This site is optimized with the Yoast SEO plugin v22.0 - https:\/\/yoast.com\/wordpress\/plugins\/seo\/ -->\n<title>Pol\u00edcia Militar participa do I Encontro Nacional de Rondas, Patrulhas e Guardi\u00e3s Maria da Penha - Pol\u00edcia Militar da Para\u00edba<\/title>\n<meta name=\"robots\" content=\"index, follow, max-snippet:-1, max-image-preview:large, max-video-preview:-1\" \/>\n<link rel=\"canonical\" href=\"https:\/\/www.pm.pb.gov.br\/portal\/2019\/09\/26\/policia-militar-participa-do-i-encontro-nacional-de-rondas-patrulhas-e-guardias-maria-da-penha\/\" \/>\n<meta property=\"og:locale\" content=\"pt_BR\" \/>\n<meta property=\"og:type\" content=\"article\" \/>\n<meta property=\"og:title\" content=\"Pol\u00edcia Militar participa do I Encontro Nacional de Rondas, Patrulhas e Guardi\u00e3s Maria da Penha - Pol\u00edcia Militar da Para\u00edba\" \/>\n<meta property=\"og:description\" content=\"Nesta semana, entre os dias 23 e 25, ocorreu em Salvador\/BA o 1\u00b0 Encontro Nacional das Rondas, Patrulhas e Guardi\u00e3s\" \/>\n<meta property=\"og:url\" content=\"https:\/\/www.pm.pb.gov.br\/portal\/2019\/09\/26\/policia-militar-participa-do-i-encontro-nacional-de-rondas-patrulhas-e-guardias-maria-da-penha\/\" \/>\n<meta property=\"og:site_name\" content=\"Pol\u00edcia Militar da Para\u00edba\" \/>\n<meta property=\"article:published_time\" content=\"2019-09-26T13:17:25+00:00\" \/>\n<meta property=\"article:modified_time\" content=\"2019-09-26T15:17:10+00:00\" \/>\n<meta property=\"og:image\" content=\"https:\/\/www.pm.pb.gov.br\/portal\/wp-content\/uploads\/2019\/09\/enc2.jpeg\" \/>\n\t<meta property=\"og:image:width\" content=\"800\" \/>\n\t<meta property=\"og:image:height\" content=\"445\" \/>\n\t<meta property=\"og:image:type\" content=\"image\/jpeg\" \/>\n<meta name=\"author\" content=\"Tarcisio Oliveira\" \/>\n<meta name=\"twitter:card\" content=\"summary_large_image\" \/>\n<meta name=\"twitter:label1\" content=\"Escrito por\" \/>\n\t<meta name=\"twitter:data1\" content=\"Tarcisio Oliveira\" \/>\n\t<meta name=\"twitter:label2\" content=\"Est. tempo de leitura\" \/>\n\t<meta name=\"twitter:data2\" content=\"2 minutos\" \/>\n<script type=\"application\/ld+json\" class=\"yoast-schema-graph\">{\"@context\":\"https:\/\/schema.org\",\"@graph\":[{\"@type\":\"Article\",\"@id\":\"https:\/\/www.pm.pb.gov.br\/portal\/2019\/09\/26\/policia-militar-participa-do-i-encontro-nacional-de-rondas-patrulhas-e-guardias-maria-da-penha\/#article\",\"isPartOf\":{\"@id\":\"https:\/\/www.pm.pb.gov.br\/portal\/2019\/09\/26\/policia-militar-participa-do-i-encontro-nacional-de-rondas-patrulhas-e-guardias-maria-da-penha\/\"},\"author\":{\"name\":\"Tarcisio Oliveira\",\"@id\":\"https:\/\/www.pm.pb.gov.br\/portal\/#\/schema\/person\/f84f56dcc78ce4357054da888b8247fd\"},\"headline\":\"Pol\u00edcia Militar participa do I Encontro Nacional de Rondas, Patrulhas e Guardi\u00e3s Maria da Penha\",\"datePublished\":\"2019-09-26T13:17:25+00:00\",\"dateModified\":\"2019-09-26T15:17:10+00:00\",\"mainEntityOfPage\":{\"@id\":\"https:\/\/www.pm.pb.gov.br\/portal\/2019\/09\/26\/policia-militar-participa-do-i-encontro-nacional-de-rondas-patrulhas-e-guardias-maria-da-penha\/\"},\"wordCount\":403,\"publisher\":{\"@id\":\"https:\/\/www.pm.pb.gov.br\/portal\/#organization\"},\"articleSection\":[\"Aconteceu\",\"Eventos\"],\"inLanguage\":\"pt-BR\"},{\"@type\":\"WebPage\",\"@id\":\"https:\/\/www.pm.pb.gov.br\/portal\/2019\/09\/26\/policia-militar-participa-do-i-encontro-nacional-de-rondas-patrulhas-e-guardias-maria-da-penha\/\",\"url\":\"https:\/\/www.pm.pb.gov.br\/portal\/2019\/09\/26\/policia-militar-participa-do-i-encontro-nacional-de-rondas-patrulhas-e-guardias-maria-da-penha\/\",\"name\":\"Pol\u00edcia Militar participa do I Encontro Nacional de Rondas, Patrulhas e Guardi\u00e3s Maria da Penha - Pol\u00edcia Militar da Para\u00edba\",\"isPartOf\":{\"@id\":\"https:\/\/www.pm.pb.gov.br\/portal\/#website\"},\"datePublished\":\"2019-09-26T13:17:25+00:00\",\"dateModified\":\"2019-09-26T15:17:10+00:00\",\"breadcrumb\":{\"@id\":\"https:\/\/www.pm.pb.gov.br\/portal\/2019\/09\/26\/policia-militar-participa-do-i-encontro-nacional-de-rondas-patrulhas-e-guardias-maria-da-penha\/#breadcrumb\"},\"inLanguage\":\"pt-BR\",\"potentialAction\":[{\"@type\":\"ReadAction\",\"target\":[\"https:\/\/www.pm.pb.gov.br\/portal\/2019\/09\/26\/policia-militar-participa-do-i-encontro-nacional-de-rondas-patrulhas-e-guardias-maria-da-penha\/\"]}]},{\"@type\":\"BreadcrumbList\",\"@id\":\"https:\/\/www.pm.pb.gov.br\/portal\/2019\/09\/26\/policia-militar-participa-do-i-encontro-nacional-de-rondas-patrulhas-e-guardias-maria-da-penha\/#breadcrumb\",\"itemListElement\":[{\"@type\":\"ListItem\",\"position\":1,\"name\":\"In\u00edcio\",\"item\":\"https:\/\/www.pm.pb.gov.br\/portal\/\"},{\"@type\":\"ListItem\",\"position\":2,\"name\":\"Pol\u00edcia Militar participa do I Encontro Nacional de Rondas, Patrulhas e Guardi\u00e3s Maria da Penha\"}]},{\"@type\":\"WebSite\",\"@id\":\"https:\/\/www.pm.pb.gov.br\/portal\/#website\",\"url\":\"https:\/\/www.pm.pb.gov.br\/portal\/\",\"name\":\"Pol\u00edcia Militar da Para\u00edba\",\"description\":\"\",\"publisher\":{\"@id\":\"https:\/\/www.pm.pb.gov.br\/portal\/#organization\"},\"potentialAction\":[{\"@type\":\"SearchAction\",\"target\":{\"@type\":\"EntryPoint\",\"urlTemplate\":\"https:\/\/www.pm.pb.gov.br\/portal\/?s={search_term_string}\"},\"query-input\":\"required name=search_term_string\"}],\"inLanguage\":\"pt-BR\"},{\"@type\":\"Organization\",\"@id\":\"https:\/\/www.pm.pb.gov.br\/portal\/#organization\",\"name\":\"Pol\u00edcia Militar da Para\u00edba\",\"url\":\"https:\/\/www.pm.pb.gov.br\/portal\/\",\"logo\":{\"@type\":\"ImageObject\",\"inLanguage\":\"pt-BR\",\"@id\":\"https:\/\/www.pm.pb.gov.br\/portal\/#\/schema\/logo\/image\/\",\"url\":\"https:\/\/www.pm.pb.gov.br\/portal\/wp-content\/uploads\/2025\/03\/cropped-logo-site-mag2-1.png\",\"contentUrl\":\"https:\/\/www.pm.pb.gov.br\/portal\/wp-content\/uploads\/2025\/03\/cropped-logo-site-mag2-1.png\",\"width\":320,\"height\":90,\"caption\":\"Pol\u00edcia Militar da Para\u00edba\"},\"image\":{\"@id\":\"https:\/\/www.pm.pb.gov.br\/portal\/#\/schema\/logo\/image\/\"}},{\"@type\":\"Person\",\"@id\":\"https:\/\/www.pm.pb.gov.br\/portal\/#\/schema\/person\/f84f56dcc78ce4357054da888b8247fd\",\"name\":\"Tarcisio Oliveira\",\"image\":{\"@type\":\"ImageObject\",\"inLanguage\":\"pt-BR\",\"@id\":\"https:\/\/www.pm.pb.gov.br\/portal\/#\/schema\/person\/image\/\",\"url\":\"https:\/\/secure.gravatar.com\/avatar\/72917b630b69d31cd0297507f34bac97?s=96&d=mm&r=g\",\"contentUrl\":\"https:\/\/secure.gravatar.com\/avatar\/72917b630b69d31cd0297507f34bac97?s=96&d=mm&r=g\",\"caption\":\"Tarcisio Oliveira\"},\"url\":\"https:\/\/www.pm.pb.gov.br\/portal\/author\/tarcisio\/\"}]}<\/script>\n<!-- \/ Yoast SEO plugin. -->","yoast_head_json":{"title":"Pol\u00edcia Militar participa do I Encontro Nacional de Rondas, Patrulhas e Guardi\u00e3s Maria da Penha - Pol\u00edcia Militar da Para\u00edba","robots":{"index":"index","follow":"follow","max-snippet":"max-snippet:-1","max-image-preview":"max-image-preview:large","max-video-preview":"max-video-preview:-1"},"canonical":"https:\/\/www.pm.pb.gov.br\/portal\/2019\/09\/26\/policia-militar-participa-do-i-encontro-nacional-de-rondas-patrulhas-e-guardias-maria-da-penha\/","og_locale":"pt_BR","og_type":"article","og_title":"Pol\u00edcia Militar participa do I Encontro Nacional de Rondas, Patrulhas e Guardi\u00e3s Maria da Penha - Pol\u00edcia Militar da Para\u00edba","og_description":"Nesta semana, entre os dias 23 e 25, ocorreu em Salvador\/BA o 1\u00b0 Encontro Nacional das Rondas, Patrulhas e Guardi\u00e3s","og_url":"https:\/\/www.pm.pb.gov.br\/portal\/2019\/09\/26\/policia-militar-participa-do-i-encontro-nacional-de-rondas-patrulhas-e-guardias-maria-da-penha\/","og_site_name":"Pol\u00edcia Militar da Para\u00edba","article_published_time":"2019-09-26T13:17:25+00:00","article_modified_time":"2019-09-26T15:17:10+00:00","og_image":[{"width":800,"height":445,"url":"https:\/\/www.pm.pb.gov.br\/portal\/wp-content\/uploads\/2019\/09\/enc2.jpeg","type":"image\/jpeg"}],"author":"Tarcisio Oliveira","twitter_card":"summary_large_image","twitter_misc":{"Escrito por":"Tarcisio Oliveira","Est. tempo de leitura":"2 minutos"},"schema":{"@context":"https:\/\/schema.org","@graph":[{"@type":"Article","@id":"https:\/\/www.pm.pb.gov.br\/portal\/2019\/09\/26\/policia-militar-participa-do-i-encontro-nacional-de-rondas-patrulhas-e-guardias-maria-da-penha\/#article","isPartOf":{"@id":"https:\/\/www.pm.pb.gov.br\/portal\/2019\/09\/26\/policia-militar-participa-do-i-encontro-nacional-de-rondas-patrulhas-e-guardias-maria-da-penha\/"},"author":{"name":"Tarcisio Oliveira","@id":"https:\/\/www.pm.pb.gov.br\/portal\/#\/schema\/person\/f84f56dcc78ce4357054da888b8247fd"},"headline":"Pol\u00edcia Militar participa do I Encontro Nacional de Rondas, Patrulhas e Guardi\u00e3s Maria da Penha","datePublished":"2019-09-26T13:17:25+00:00","dateModified":"2019-09-26T15:17:10+00:00","mainEntityOfPage":{"@id":"https:\/\/www.pm.pb.gov.br\/portal\/2019\/09\/26\/policia-militar-participa-do-i-encontro-nacional-de-rondas-patrulhas-e-guardias-maria-da-penha\/"},"wordCount":403,"publisher":{"@id":"https:\/\/www.pm.pb.gov.br\/portal\/#organization"},"articleSection":["Aconteceu","Eventos"],"inLanguage":"pt-BR"},{"@type":"WebPage","@id":"https:\/\/www.pm.pb.gov.br\/portal\/2019\/09\/26\/policia-militar-participa-do-i-encontro-nacional-de-rondas-patrulhas-e-guardias-maria-da-penha\/","url":"https:\/\/www.pm.pb.gov.br\/portal\/2019\/09\/26\/policia-militar-participa-do-i-encontro-nacional-de-rondas-patrulhas-e-guardias-maria-da-penha\/","name":"Pol\u00edcia Militar participa do I Encontro Nacional de Rondas, Patrulhas e Guardi\u00e3s Maria da Penha - Pol\u00edcia Militar da Para\u00edba","isPartOf":{"@id":"https:\/\/www.pm.pb.gov.br\/portal\/#website"},"datePublished":"2019-09-26T13:17:25+00:00","dateModified":"2019-09-26T15:17:10+00:00","breadcrumb":{"@id":"https:\/\/www.pm.pb.gov.br\/portal\/2019\/09\/26\/policia-militar-participa-do-i-encontro-nacional-de-rondas-patrulhas-e-guardias-maria-da-penha\/#breadcrumb"},"inLanguage":"pt-BR","potentialAction":[{"@type":"ReadAction","target":["https:\/\/www.pm.pb.gov.br\/portal\/2019\/09\/26\/policia-militar-participa-do-i-encontro-nacional-de-rondas-patrulhas-e-guardias-maria-da-penha\/"]}]},{"@type":"BreadcrumbList","@id":"https:\/\/www.pm.pb.gov.br\/portal\/2019\/09\/26\/policia-militar-participa-do-i-encontro-nacional-de-rondas-patrulhas-e-guardias-maria-da-penha\/#breadcrumb","itemListElement":[{"@type":"ListItem","position":1,"name":"In\u00edcio","item":"https:\/\/www.pm.pb.gov.br\/portal\/"},{"@type":"ListItem","position":2,"name":"Pol\u00edcia Militar participa do I Encontro Nacional de Rondas, Patrulhas e Guardi\u00e3s Maria da Penha"}]},{"@type":"WebSite","@id":"https:\/\/www.pm.pb.gov.br\/portal\/#website","url":"https:\/\/www.pm.pb.gov.br\/portal\/","name":"Pol\u00edcia Militar da Para\u00edba","description":"","publisher":{"@id":"https:\/\/www.pm.pb.gov.br\/portal\/#organization"},"potentialAction":[{"@type":"SearchAction","target":{"@type":"EntryPoint","urlTemplate":"https:\/\/www.pm.pb.gov.br\/portal\/?s={search_term_string}"},"query-input":"required name=search_term_string"}],"inLanguage":"pt-BR"},{"@type":"Organization","@id":"https:\/\/www.pm.pb.gov.br\/portal\/#organization","name":"Pol\u00edcia Militar da Para\u00edba","url":"https:\/\/www.pm.pb.gov.br\/portal\/","logo":{"@type":"ImageObject","inLanguage":"pt-BR","@id":"https:\/\/www.pm.pb.gov.br\/portal\/#\/schema\/logo\/image\/","url":"https:\/\/www.pm.pb.gov.br\/portal\/wp-content\/uploads\/2025\/03\/cropped-logo-site-mag2-1.png","contentUrl":"https:\/\/www.pm.pb.gov.br\/portal\/wp-content\/uploads\/2025\/03\/cropped-logo-site-mag2-1.png","width":320,"height":90,"caption":"Pol\u00edcia Militar da Para\u00edba"},"image":{"@id":"https:\/\/www.pm.pb.gov.br\/portal\/#\/schema\/logo\/image\/"}},{"@type":"Person","@id":"https:\/\/www.pm.pb.gov.br\/portal\/#\/schema\/person\/f84f56dcc78ce4357054da888b8247fd","name":"Tarcisio Oliveira","image":{"@type":"ImageObject","inLanguage":"pt-BR","@id":"https:\/\/www.pm.pb.gov.br\/portal\/#\/schema\/person\/image\/","url":"https:\/\/secure.gravatar.com\/avatar\/72917b630b69d31cd0297507f34bac97?s=96&d=mm&r=g","contentUrl":"https:\/\/secure.gravatar.com\/avatar\/72917b630b69d31cd0297507f34bac97?s=96&d=mm&r=g","caption":"Tarcisio Oliveira"},"url":"https:\/\/www.pm.pb.gov.br\/portal\/author\/tarcisio\/"}]}},"_links":{"self":[{"href":"https:\/\/www.pm.pb.gov.br\/portal\/wp-json\/wp\/v2\/posts\/902474"}],"collection":[{"href":"https:\/\/www.pm.pb.gov.br\/portal\/wp-json\/wp\/v2\/posts"}],"about":[{"href":"https:\/\/www.pm.pb.gov.br\/portal\/wp-json\/wp\/v2\/types\/post"}],"author":[{"embeddable":true,"href":"https:\/\/www.pm.pb.gov.br\/portal\/wp-json\/wp\/v2\/users\/12"}],"replies":[{"embeddable":true,"href":"https:\/\/www.pm.pb.gov.br\/portal\/wp-json\/wp\/v2\/comments?post=902474"}],"version-history":[{"count":4,"href":"https:\/\/www.pm.pb.gov.br\/portal\/wp-json\/wp\/v2\/posts\/902474\/revisions"}],"predecessor-version":[{"id":902485,"href":"https:\/\/www.pm.pb.gov.br\/portal\/wp-json\/wp\/v2\/posts\/902474\/revisions\/902485"}],"wp:featuredmedia":[{"embeddable":true,"href":"https:\/\/www.pm.pb.gov.br\/portal\/wp-json\/wp\/v2\/media\/902477"}],"wp:attachment":[{"href":"https:\/\/www.pm.pb.gov.br\/portal\/wp-json\/wp\/v2\/media?parent=902474"}],"wp:term":[{"taxonomy":"category","embeddable":true,"href":"https:\/\/www.pm.pb.gov.br\/portal\/wp-json\/wp\/v2\/categories?post=902474"},{"taxonomy":"post_tag","embeddable":true,"href":"https:\/\/www.pm.pb.gov.br\/portal\/wp-json\/wp\/v2\/tags?post=902474"}],"curies":[{"name":"wp","href":"https:\/\/api.w.org\/{rel}","templated":true}]}}