{"id":902471,"date":"2019-09-25T17:04:37","date_gmt":"2019-09-25T20:04:37","guid":{"rendered":"http:\/\/www.pm.pb.gov.br\/portal\/?p=902471"},"modified":"2019-09-25T17:04:38","modified_gmt":"2019-09-25T20:04:38","slug":"policia-militar-desmonta-esquema-criminoso-que-furtava-materiais-de-condominio-popular-da-zona-sul-da-capital","status":"publish","type":"post","link":"https:\/\/www.pm.pb.gov.br\/portal\/2019\/09\/25\/policia-militar-desmonta-esquema-criminoso-que-furtava-materiais-de-condominio-popular-da-zona-sul-da-capital\/","title":{"rendered":"Pol\u00edcia Militar desmonta esquema criminoso que furtava materiais de condom\u00ednio popular da zona sul da Capital"},"content":{"rendered":"\n<p>A Pol\u00edcia Militar desmontou um esquema criminoso que funcionava a partir do furto de janelas e pias de condom\u00ednios populares que ainda seriam entregues para vender todo o material abaixo do pre\u00e7o de mercado, em Jo\u00e3o Pessoa. As a\u00e7\u00f5es aconteciam no condom\u00ednio Vista Alegre, no Colinas do Sul, onde os policiais da 5\u00aa Companhia do 5\u00ba Batalh\u00e3o prenderam dois suspeitos em flagrante, no fim da manh\u00e3 desta quarta-feira (25).<br \/><br \/>Os suspeitos, de 21 e 17 anos, agiam com apoio de comparsas armados, conforme contou o capit\u00e3o Clecitoni Albuquerque, que esteve \u00e0 frente da a\u00e7\u00e3o que desmontou o esquema criminoso. \u201cV\u00ednhamos recebendo informa\u00e7\u00f5es desses furtos, que muitas vezes aconteciam de dia, j\u00e1 que o local ainda est\u00e1 desabitado. Montamos essa a\u00e7\u00e3o e conseguimos flagrar os dois no momento em que estavam furtando mais uma remessa de materiais\u201d, disse.<br \/><br \/>Com a dupla, foram recuperados 20 janel\u00f5es e uma pia que eles estavam se preparando para levar. Alguns dos objetos j\u00e1 estavam desmontados, possivelmente para serem vendidos como sucata.<br \/><br \/>Os dois foram levados para a Central de Flagrantes, no Geisel. O maior de idade j\u00e1 tinha passagem pela pol\u00edcia por associa\u00e7\u00e3o criminosa. A PM continua as buscas para prender os outros envolvidos no esquema.<\/p>\n","protected":false},"excerpt":{"rendered":"<p>A Pol\u00edcia Militar desmontou um esquema criminoso que funcionava a partir do furto de janelas e pias de condom\u00ednios populares<\/p>\n","protected":false},"author":15,"featured_media":902472,"comment_status":"closed","ping_status":"closed","sticky":false,"template":"","format":"standard","meta":{"_exactmetrics_skip_tracking":false,"_exactmetrics_sitenote_active":false,"_exactmetrics_sitenote_note":"","_exactmetrics_sitenote_category":0,"footnotes":""},"categories":[4],"tags":[],"yoast_head":"<!-- This site is optimized with the Yoast SEO plugin v22.0 - https:\/\/yoast.com\/wordpress\/plugins\/seo\/ -->\n<title>Pol\u00edcia Militar desmonta esquema criminoso que furtava materiais de condom\u00ednio popular da zona sul da Capital - Pol\u00edcia Militar da Para\u00edba<\/title>\n<meta name=\"robots\" content=\"index, follow, max-snippet:-1, max-image-preview:large, max-video-preview:-1\" \/>\n<link rel=\"canonical\" href=\"https:\/\/www.pm.pb.gov.br\/portal\/2019\/09\/25\/policia-militar-desmonta-esquema-criminoso-que-furtava-materiais-de-condominio-popular-da-zona-sul-da-capital\/\" \/>\n<meta property=\"og:locale\" content=\"pt_BR\" \/>\n<meta property=\"og:type\" content=\"article\" \/>\n<meta property=\"og:title\" content=\"Pol\u00edcia Militar desmonta esquema criminoso que furtava materiais de condom\u00ednio popular da zona sul da Capital - Pol\u00edcia Militar da Para\u00edba\" \/>\n<meta property=\"og:description\" content=\"A Pol\u00edcia Militar desmontou um esquema criminoso que funcionava a partir do furto de janelas e pias de condom\u00ednios populares\" \/>\n<meta property=\"og:url\" content=\"https:\/\/www.pm.pb.gov.br\/portal\/2019\/09\/25\/policia-militar-desmonta-esquema-criminoso-que-furtava-materiais-de-condominio-popular-da-zona-sul-da-capital\/\" \/>\n<meta property=\"og:site_name\" content=\"Pol\u00edcia Militar da Para\u00edba\" \/>\n<meta property=\"article:published_time\" content=\"2019-09-25T20:04:37+00:00\" \/>\n<meta property=\"article:modified_time\" content=\"2019-09-25T20:04:38+00:00\" \/>\n<meta property=\"og:image\" content=\"https:\/\/www.pm.pb.gov.br\/portal\/wp-content\/uploads\/2019\/09\/unnamed-3.png\" \/>\n\t<meta property=\"og:image:width\" content=\"2560\" \/>\n\t<meta property=\"og:image:height\" content=\"1600\" \/>\n\t<meta property=\"og:image:type\" content=\"image\/png\" \/>\n<meta name=\"author\" content=\"Marcio Gomes dos Santos\" \/>\n<meta name=\"twitter:card\" content=\"summary_large_image\" \/>\n<meta name=\"twitter:label1\" content=\"Escrito por\" \/>\n\t<meta name=\"twitter:data1\" content=\"Marcio Gomes dos Santos\" \/>\n\t<meta name=\"twitter:label2\" content=\"Est. tempo de leitura\" \/>\n\t<meta name=\"twitter:data2\" content=\"1 minuto\" \/>\n<script type=\"application\/ld+json\" class=\"yoast-schema-graph\">{\"@context\":\"https:\/\/schema.org\",\"@graph\":[{\"@type\":\"Article\",\"@id\":\"https:\/\/www.pm.pb.gov.br\/portal\/2019\/09\/25\/policia-militar-desmonta-esquema-criminoso-que-furtava-materiais-de-condominio-popular-da-zona-sul-da-capital\/#article\",\"isPartOf\":{\"@id\":\"https:\/\/www.pm.pb.gov.br\/portal\/2019\/09\/25\/policia-militar-desmonta-esquema-criminoso-que-furtava-materiais-de-condominio-popular-da-zona-sul-da-capital\/\"},\"author\":{\"name\":\"Marcio Gomes dos Santos\",\"@id\":\"https:\/\/www.pm.pb.gov.br\/portal\/#\/schema\/person\/30d571652b38533c2211e4e89bf5a502\"},\"headline\":\"Pol\u00edcia Militar desmonta esquema criminoso que furtava materiais de condom\u00ednio popular da zona sul da Capital\",\"datePublished\":\"2019-09-25T20:04:37+00:00\",\"dateModified\":\"2019-09-25T20:04:38+00:00\",\"mainEntityOfPage\":{\"@id\":\"https:\/\/www.pm.pb.gov.br\/portal\/2019\/09\/25\/policia-militar-desmonta-esquema-criminoso-que-furtava-materiais-de-condominio-popular-da-zona-sul-da-capital\/\"},\"wordCount\":227,\"publisher\":{\"@id\":\"https:\/\/www.pm.pb.gov.br\/portal\/#organization\"},\"articleSection\":[\"A\u00e7\u00f5es Policiais\"],\"inLanguage\":\"pt-BR\"},{\"@type\":\"WebPage\",\"@id\":\"https:\/\/www.pm.pb.gov.br\/portal\/2019\/09\/25\/policia-militar-desmonta-esquema-criminoso-que-furtava-materiais-de-condominio-popular-da-zona-sul-da-capital\/\",\"url\":\"https:\/\/www.pm.pb.gov.br\/portal\/2019\/09\/25\/policia-militar-desmonta-esquema-criminoso-que-furtava-materiais-de-condominio-popular-da-zona-sul-da-capital\/\",\"name\":\"Pol\u00edcia Militar desmonta esquema criminoso que furtava materiais de condom\u00ednio popular da zona sul da Capital - Pol\u00edcia Militar da Para\u00edba\",\"isPartOf\":{\"@id\":\"https:\/\/www.pm.pb.gov.br\/portal\/#website\"},\"datePublished\":\"2019-09-25T20:04:37+00:00\",\"dateModified\":\"2019-09-25T20:04:38+00:00\",\"breadcrumb\":{\"@id\":\"https:\/\/www.pm.pb.gov.br\/portal\/2019\/09\/25\/policia-militar-desmonta-esquema-criminoso-que-furtava-materiais-de-condominio-popular-da-zona-sul-da-capital\/#breadcrumb\"},\"inLanguage\":\"pt-BR\",\"potentialAction\":[{\"@type\":\"ReadAction\",\"target\":[\"https:\/\/www.pm.pb.gov.br\/portal\/2019\/09\/25\/policia-militar-desmonta-esquema-criminoso-que-furtava-materiais-de-condominio-popular-da-zona-sul-da-capital\/\"]}]},{\"@type\":\"BreadcrumbList\",\"@id\":\"https:\/\/www.pm.pb.gov.br\/portal\/2019\/09\/25\/policia-militar-desmonta-esquema-criminoso-que-furtava-materiais-de-condominio-popular-da-zona-sul-da-capital\/#breadcrumb\",\"itemListElement\":[{\"@type\":\"ListItem\",\"position\":1,\"name\":\"In\u00edcio\",\"item\":\"https:\/\/www.pm.pb.gov.br\/portal\/\"},{\"@type\":\"ListItem\",\"position\":2,\"name\":\"Pol\u00edcia Militar desmonta esquema criminoso que furtava materiais de condom\u00ednio popular da zona sul da Capital\"}]},{\"@type\":\"WebSite\",\"@id\":\"https:\/\/www.pm.pb.gov.br\/portal\/#website\",\"url\":\"https:\/\/www.pm.pb.gov.br\/portal\/\",\"name\":\"Pol\u00edcia Militar da Para\u00edba\",\"description\":\"\",\"publisher\":{\"@id\":\"https:\/\/www.pm.pb.gov.br\/portal\/#organization\"},\"potentialAction\":[{\"@type\":\"SearchAction\",\"target\":{\"@type\":\"EntryPoint\",\"urlTemplate\":\"https:\/\/www.pm.pb.gov.br\/portal\/?s={search_term_string}\"},\"query-input\":\"required name=search_term_string\"}],\"inLanguage\":\"pt-BR\"},{\"@type\":\"Organization\",\"@id\":\"https:\/\/www.pm.pb.gov.br\/portal\/#organization\",\"name\":\"Pol\u00edcia Militar da Para\u00edba\",\"url\":\"https:\/\/www.pm.pb.gov.br\/portal\/\",\"logo\":{\"@type\":\"ImageObject\",\"inLanguage\":\"pt-BR\",\"@id\":\"https:\/\/www.pm.pb.gov.br\/portal\/#\/schema\/logo\/image\/\",\"url\":\"https:\/\/www.pm.pb.gov.br\/portal\/wp-content\/uploads\/2025\/03\/cropped-logo-site-mag2-1.png\",\"contentUrl\":\"https:\/\/www.pm.pb.gov.br\/portal\/wp-content\/uploads\/2025\/03\/cropped-logo-site-mag2-1.png\",\"width\":320,\"height\":90,\"caption\":\"Pol\u00edcia Militar da Para\u00edba\"},\"image\":{\"@id\":\"https:\/\/www.pm.pb.gov.br\/portal\/#\/schema\/logo\/image\/\"}},{\"@type\":\"Person\",\"@id\":\"https:\/\/www.pm.pb.gov.br\/portal\/#\/schema\/person\/30d571652b38533c2211e4e89bf5a502\",\"name\":\"Marcio Gomes dos Santos\",\"image\":{\"@type\":\"ImageObject\",\"inLanguage\":\"pt-BR\",\"@id\":\"https:\/\/www.pm.pb.gov.br\/portal\/#\/schema\/person\/image\/\",\"url\":\"https:\/\/secure.gravatar.com\/avatar\/cf4ec2cb690101e1581c7773aa350c19?s=96&d=mm&r=g\",\"contentUrl\":\"https:\/\/secure.gravatar.com\/avatar\/cf4ec2cb690101e1581c7773aa350c19?s=96&d=mm&r=g\",\"caption\":\"Marcio Gomes dos Santos\"},\"url\":\"https:\/\/www.pm.pb.gov.br\/portal\/author\/mgomes\/\"}]}<\/script>\n<!-- \/ Yoast SEO plugin. -->","yoast_head_json":{"title":"Pol\u00edcia Militar desmonta esquema criminoso que furtava materiais de condom\u00ednio popular da zona sul da Capital - Pol\u00edcia Militar da Para\u00edba","robots":{"index":"index","follow":"follow","max-snippet":"max-snippet:-1","max-image-preview":"max-image-preview:large","max-video-preview":"max-video-preview:-1"},"canonical":"https:\/\/www.pm.pb.gov.br\/portal\/2019\/09\/25\/policia-militar-desmonta-esquema-criminoso-que-furtava-materiais-de-condominio-popular-da-zona-sul-da-capital\/","og_locale":"pt_BR","og_type":"article","og_title":"Pol\u00edcia Militar desmonta esquema criminoso que furtava materiais de condom\u00ednio popular da zona sul da Capital - Pol\u00edcia Militar da Para\u00edba","og_description":"A Pol\u00edcia Militar desmontou um esquema criminoso que funcionava a partir do furto de janelas e pias de condom\u00ednios populares","og_url":"https:\/\/www.pm.pb.gov.br\/portal\/2019\/09\/25\/policia-militar-desmonta-esquema-criminoso-que-furtava-materiais-de-condominio-popular-da-zona-sul-da-capital\/","og_site_name":"Pol\u00edcia Militar da Para\u00edba","article_published_time":"2019-09-25T20:04:37+00:00","article_modified_time":"2019-09-25T20:04:38+00:00","og_image":[{"width":2560,"height":1600,"url":"https:\/\/www.pm.pb.gov.br\/portal\/wp-content\/uploads\/2019\/09\/unnamed-3.png","type":"image\/png"}],"author":"Marcio Gomes dos Santos","twitter_card":"summary_large_image","twitter_misc":{"Escrito por":"Marcio Gomes dos Santos","Est. tempo de leitura":"1 minuto"},"schema":{"@context":"https:\/\/schema.org","@graph":[{"@type":"Article","@id":"https:\/\/www.pm.pb.gov.br\/portal\/2019\/09\/25\/policia-militar-desmonta-esquema-criminoso-que-furtava-materiais-de-condominio-popular-da-zona-sul-da-capital\/#article","isPartOf":{"@id":"https:\/\/www.pm.pb.gov.br\/portal\/2019\/09\/25\/policia-militar-desmonta-esquema-criminoso-que-furtava-materiais-de-condominio-popular-da-zona-sul-da-capital\/"},"author":{"name":"Marcio Gomes dos Santos","@id":"https:\/\/www.pm.pb.gov.br\/portal\/#\/schema\/person\/30d571652b38533c2211e4e89bf5a502"},"headline":"Pol\u00edcia Militar desmonta esquema criminoso que furtava materiais de condom\u00ednio popular da zona sul da Capital","datePublished":"2019-09-25T20:04:37+00:00","dateModified":"2019-09-25T20:04:38+00:00","mainEntityOfPage":{"@id":"https:\/\/www.pm.pb.gov.br\/portal\/2019\/09\/25\/policia-militar-desmonta-esquema-criminoso-que-furtava-materiais-de-condominio-popular-da-zona-sul-da-capital\/"},"wordCount":227,"publisher":{"@id":"https:\/\/www.pm.pb.gov.br\/portal\/#organization"},"articleSection":["A\u00e7\u00f5es Policiais"],"inLanguage":"pt-BR"},{"@type":"WebPage","@id":"https:\/\/www.pm.pb.gov.br\/portal\/2019\/09\/25\/policia-militar-desmonta-esquema-criminoso-que-furtava-materiais-de-condominio-popular-da-zona-sul-da-capital\/","url":"https:\/\/www.pm.pb.gov.br\/portal\/2019\/09\/25\/policia-militar-desmonta-esquema-criminoso-que-furtava-materiais-de-condominio-popular-da-zona-sul-da-capital\/","name":"Pol\u00edcia Militar desmonta esquema criminoso que furtava materiais de condom\u00ednio popular da zona sul da Capital - Pol\u00edcia Militar da Para\u00edba","isPartOf":{"@id":"https:\/\/www.pm.pb.gov.br\/portal\/#website"},"datePublished":"2019-09-25T20:04:37+00:00","dateModified":"2019-09-25T20:04:38+00:00","breadcrumb":{"@id":"https:\/\/www.pm.pb.gov.br\/portal\/2019\/09\/25\/policia-militar-desmonta-esquema-criminoso-que-furtava-materiais-de-condominio-popular-da-zona-sul-da-capital\/#breadcrumb"},"inLanguage":"pt-BR","potentialAction":[{"@type":"ReadAction","target":["https:\/\/www.pm.pb.gov.br\/portal\/2019\/09\/25\/policia-militar-desmonta-esquema-criminoso-que-furtava-materiais-de-condominio-popular-da-zona-sul-da-capital\/"]}]},{"@type":"BreadcrumbList","@id":"https:\/\/www.pm.pb.gov.br\/portal\/2019\/09\/25\/policia-militar-desmonta-esquema-criminoso-que-furtava-materiais-de-condominio-popular-da-zona-sul-da-capital\/#breadcrumb","itemListElement":[{"@type":"ListItem","position":1,"name":"In\u00edcio","item":"https:\/\/www.pm.pb.gov.br\/portal\/"},{"@type":"ListItem","position":2,"name":"Pol\u00edcia Militar desmonta esquema criminoso que furtava materiais de condom\u00ednio popular da zona sul da Capital"}]},{"@type":"WebSite","@id":"https:\/\/www.pm.pb.gov.br\/portal\/#website","url":"https:\/\/www.pm.pb.gov.br\/portal\/","name":"Pol\u00edcia Militar da Para\u00edba","description":"","publisher":{"@id":"https:\/\/www.pm.pb.gov.br\/portal\/#organization"},"potentialAction":[{"@type":"SearchAction","target":{"@type":"EntryPoint","urlTemplate":"https:\/\/www.pm.pb.gov.br\/portal\/?s={search_term_string}"},"query-input":"required name=search_term_string"}],"inLanguage":"pt-BR"},{"@type":"Organization","@id":"https:\/\/www.pm.pb.gov.br\/portal\/#organization","name":"Pol\u00edcia Militar da Para\u00edba","url":"https:\/\/www.pm.pb.gov.br\/portal\/","logo":{"@type":"ImageObject","inLanguage":"pt-BR","@id":"https:\/\/www.pm.pb.gov.br\/portal\/#\/schema\/logo\/image\/","url":"https:\/\/www.pm.pb.gov.br\/portal\/wp-content\/uploads\/2025\/03\/cropped-logo-site-mag2-1.png","contentUrl":"https:\/\/www.pm.pb.gov.br\/portal\/wp-content\/uploads\/2025\/03\/cropped-logo-site-mag2-1.png","width":320,"height":90,"caption":"Pol\u00edcia Militar da Para\u00edba"},"image":{"@id":"https:\/\/www.pm.pb.gov.br\/portal\/#\/schema\/logo\/image\/"}},{"@type":"Person","@id":"https:\/\/www.pm.pb.gov.br\/portal\/#\/schema\/person\/30d571652b38533c2211e4e89bf5a502","name":"Marcio Gomes dos Santos","image":{"@type":"ImageObject","inLanguage":"pt-BR","@id":"https:\/\/www.pm.pb.gov.br\/portal\/#\/schema\/person\/image\/","url":"https:\/\/secure.gravatar.com\/avatar\/cf4ec2cb690101e1581c7773aa350c19?s=96&d=mm&r=g","contentUrl":"https:\/\/secure.gravatar.com\/avatar\/cf4ec2cb690101e1581c7773aa350c19?s=96&d=mm&r=g","caption":"Marcio Gomes dos Santos"},"url":"https:\/\/www.pm.pb.gov.br\/portal\/author\/mgomes\/"}]}},"_links":{"self":[{"href":"https:\/\/www.pm.pb.gov.br\/portal\/wp-json\/wp\/v2\/posts\/902471"}],"collection":[{"href":"https:\/\/www.pm.pb.gov.br\/portal\/wp-json\/wp\/v2\/posts"}],"about":[{"href":"https:\/\/www.pm.pb.gov.br\/portal\/wp-json\/wp\/v2\/types\/post"}],"author":[{"embeddable":true,"href":"https:\/\/www.pm.pb.gov.br\/portal\/wp-json\/wp\/v2\/users\/15"}],"replies":[{"embeddable":true,"href":"https:\/\/www.pm.pb.gov.br\/portal\/wp-json\/wp\/v2\/comments?post=902471"}],"version-history":[{"count":1,"href":"https:\/\/www.pm.pb.gov.br\/portal\/wp-json\/wp\/v2\/posts\/902471\/revisions"}],"predecessor-version":[{"id":902473,"href":"https:\/\/www.pm.pb.gov.br\/portal\/wp-json\/wp\/v2\/posts\/902471\/revisions\/902473"}],"wp:featuredmedia":[{"embeddable":true,"href":"https:\/\/www.pm.pb.gov.br\/portal\/wp-json\/wp\/v2\/media\/902472"}],"wp:attachment":[{"href":"https:\/\/www.pm.pb.gov.br\/portal\/wp-json\/wp\/v2\/media?parent=902471"}],"wp:term":[{"taxonomy":"category","embeddable":true,"href":"https:\/\/www.pm.pb.gov.br\/portal\/wp-json\/wp\/v2\/categories?post=902471"},{"taxonomy":"post_tag","embeddable":true,"href":"https:\/\/www.pm.pb.gov.br\/portal\/wp-json\/wp\/v2\/tags?post=902471"}],"curies":[{"name":"wp","href":"https:\/\/api.w.org\/{rel}","templated":true}]}}