{"id":902468,"date":"2019-09-25T12:06:46","date_gmt":"2019-09-25T15:06:46","guid":{"rendered":"http:\/\/www.pm.pb.gov.br\/portal\/?p=902468"},"modified":"2019-09-25T12:06:47","modified_gmt":"2019-09-25T15:06:47","slug":"policia-militar-prende-suspeito-que-estaria-praticando-assaltos-durante-as-primeiras-horas-da-manha-em-joao-pessoa","status":"publish","type":"post","link":"https:\/\/www.pm.pb.gov.br\/portal\/2019\/09\/25\/policia-militar-prende-suspeito-que-estaria-praticando-assaltos-durante-as-primeiras-horas-da-manha-em-joao-pessoa\/","title":{"rendered":"Pol\u00edcia Militar prende suspeito que estaria praticando assaltos durante as primeiras horas da manh\u00e3 em Jo\u00e3o Pessoa"},"content":{"rendered":"\n<p style=\"font-weight: 400;\">A Pol\u00edcia Militar localizou e prendeu, no fim da manh\u00e3 desta quarta-feira (25), o principal suspeito dos arrast\u00f5es que estavam sendo registrados no bairro dos Funcion\u00e1rios II, nas primeiras horas da manh\u00e3, em Jo\u00e3o Pessoa.<\/p>\n<p style=\"font-weight: 400;\">O acusado, de 19 anos, foi preso em casa, ap\u00f3s a For\u00e7a T\u00e1tica do 5\u00ba Batalh\u00e3o levantar informa\u00e7\u00f5es sobre o suspeito, a partir das caracter\u00edsticas repassadas pelas v\u00edtimas. Com ele, foi apreendido um simulacro (arma falsa) de rev\u00f3lver, que estaria sendo usado para intimidar as v\u00edtimas, e tr\u00eas celulares roubados.<\/p>\n<p style=\"font-weight: 400;\">Os crimes no hor\u00e1rio j\u00e1 vinham registrando uma queda, com a realiza\u00e7\u00e3o da opera\u00e7\u00e3o Alvorada, e a pris\u00e3o do acusado deve provocar uma queda ainda maior das ocorr\u00eancias de roubos.<\/p>\n<p style=\"font-weight: 400;\">O preso foi apresentado na Central de Flagrantes, no Geisel, onde mais v\u00edtimas podem comparecer para reconhec\u00ea-lo.<\/p>\n","protected":false},"excerpt":{"rendered":"<p>A Pol\u00edcia Militar localizou e prendeu, no fim da manh\u00e3 desta quarta-feira (25), o principal suspeito dos arrast\u00f5es que estavam<\/p>\n","protected":false},"author":10,"featured_media":902469,"comment_status":"closed","ping_status":"closed","sticky":false,"template":"","format":"standard","meta":{"_exactmetrics_skip_tracking":false,"_exactmetrics_sitenote_active":false,"_exactmetrics_sitenote_note":"","_exactmetrics_sitenote_category":0,"footnotes":""},"categories":[4],"tags":[],"yoast_head":"<!-- This site is optimized with the Yoast SEO plugin v22.0 - https:\/\/yoast.com\/wordpress\/plugins\/seo\/ -->\n<title>Pol\u00edcia Militar prende suspeito que estaria praticando assaltos durante as primeiras horas da manh\u00e3 em Jo\u00e3o Pessoa - Pol\u00edcia Militar da Para\u00edba<\/title>\n<meta name=\"robots\" content=\"index, follow, max-snippet:-1, max-image-preview:large, max-video-preview:-1\" \/>\n<link rel=\"canonical\" href=\"https:\/\/www.pm.pb.gov.br\/portal\/2019\/09\/25\/policia-militar-prende-suspeito-que-estaria-praticando-assaltos-durante-as-primeiras-horas-da-manha-em-joao-pessoa\/\" \/>\n<meta property=\"og:locale\" content=\"pt_BR\" \/>\n<meta property=\"og:type\" content=\"article\" \/>\n<meta property=\"og:title\" content=\"Pol\u00edcia Militar prende suspeito que estaria praticando assaltos durante as primeiras horas da manh\u00e3 em Jo\u00e3o Pessoa - Pol\u00edcia Militar da Para\u00edba\" \/>\n<meta property=\"og:description\" content=\"A Pol\u00edcia Militar localizou e prendeu, no fim da manh\u00e3 desta quarta-feira (25), o principal suspeito dos arrast\u00f5es que estavam\" \/>\n<meta property=\"og:url\" content=\"https:\/\/www.pm.pb.gov.br\/portal\/2019\/09\/25\/policia-militar-prende-suspeito-que-estaria-praticando-assaltos-durante-as-primeiras-horas-da-manha-em-joao-pessoa\/\" \/>\n<meta property=\"og:site_name\" content=\"Pol\u00edcia Militar da Para\u00edba\" \/>\n<meta property=\"article:published_time\" content=\"2019-09-25T15:06:46+00:00\" \/>\n<meta property=\"article:modified_time\" content=\"2019-09-25T15:06:47+00:00\" \/>\n<meta property=\"og:image\" content=\"https:\/\/www.pm.pb.gov.br\/portal\/wp-content\/uploads\/2019\/09\/WhatsApp-Image-2019-09-25-at-12.07.43.jpeg\" \/>\n\t<meta property=\"og:image:width\" content=\"1280\" \/>\n\t<meta property=\"og:image:height\" content=\"712\" \/>\n\t<meta property=\"og:image:type\" content=\"image\/jpeg\" \/>\n<meta name=\"author\" content=\"WAGNER HENRIQUE VARELA DA SILVA\" \/>\n<meta name=\"twitter:card\" content=\"summary_large_image\" \/>\n<meta name=\"twitter:label1\" content=\"Escrito por\" \/>\n\t<meta name=\"twitter:data1\" content=\"WAGNER HENRIQUE VARELA DA SILVA\" \/>\n\t<meta name=\"twitter:label2\" content=\"Est. tempo de leitura\" \/>\n\t<meta name=\"twitter:data2\" content=\"1 minuto\" \/>\n<script type=\"application\/ld+json\" class=\"yoast-schema-graph\">{\"@context\":\"https:\/\/schema.org\",\"@graph\":[{\"@type\":\"Article\",\"@id\":\"https:\/\/www.pm.pb.gov.br\/portal\/2019\/09\/25\/policia-militar-prende-suspeito-que-estaria-praticando-assaltos-durante-as-primeiras-horas-da-manha-em-joao-pessoa\/#article\",\"isPartOf\":{\"@id\":\"https:\/\/www.pm.pb.gov.br\/portal\/2019\/09\/25\/policia-militar-prende-suspeito-que-estaria-praticando-assaltos-durante-as-primeiras-horas-da-manha-em-joao-pessoa\/\"},\"author\":{\"name\":\"WAGNER HENRIQUE VARELA DA SILVA\",\"@id\":\"https:\/\/www.pm.pb.gov.br\/portal\/#\/schema\/person\/b169b297b8494dea236e315ed1a201d1\"},\"headline\":\"Pol\u00edcia Militar prende suspeito que estaria praticando assaltos durante as primeiras horas da manh\u00e3 em Jo\u00e3o Pessoa\",\"datePublished\":\"2019-09-25T15:06:46+00:00\",\"dateModified\":\"2019-09-25T15:06:47+00:00\",\"mainEntityOfPage\":{\"@id\":\"https:\/\/www.pm.pb.gov.br\/portal\/2019\/09\/25\/policia-militar-prende-suspeito-que-estaria-praticando-assaltos-durante-as-primeiras-horas-da-manha-em-joao-pessoa\/\"},\"wordCount\":169,\"publisher\":{\"@id\":\"https:\/\/www.pm.pb.gov.br\/portal\/#organization\"},\"articleSection\":[\"A\u00e7\u00f5es Policiais\"],\"inLanguage\":\"pt-BR\"},{\"@type\":\"WebPage\",\"@id\":\"https:\/\/www.pm.pb.gov.br\/portal\/2019\/09\/25\/policia-militar-prende-suspeito-que-estaria-praticando-assaltos-durante-as-primeiras-horas-da-manha-em-joao-pessoa\/\",\"url\":\"https:\/\/www.pm.pb.gov.br\/portal\/2019\/09\/25\/policia-militar-prende-suspeito-que-estaria-praticando-assaltos-durante-as-primeiras-horas-da-manha-em-joao-pessoa\/\",\"name\":\"Pol\u00edcia Militar prende suspeito que estaria praticando assaltos durante as primeiras horas da manh\u00e3 em Jo\u00e3o Pessoa - Pol\u00edcia Militar da Para\u00edba\",\"isPartOf\":{\"@id\":\"https:\/\/www.pm.pb.gov.br\/portal\/#website\"},\"datePublished\":\"2019-09-25T15:06:46+00:00\",\"dateModified\":\"2019-09-25T15:06:47+00:00\",\"breadcrumb\":{\"@id\":\"https:\/\/www.pm.pb.gov.br\/portal\/2019\/09\/25\/policia-militar-prende-suspeito-que-estaria-praticando-assaltos-durante-as-primeiras-horas-da-manha-em-joao-pessoa\/#breadcrumb\"},\"inLanguage\":\"pt-BR\",\"potentialAction\":[{\"@type\":\"ReadAction\",\"target\":[\"https:\/\/www.pm.pb.gov.br\/portal\/2019\/09\/25\/policia-militar-prende-suspeito-que-estaria-praticando-assaltos-durante-as-primeiras-horas-da-manha-em-joao-pessoa\/\"]}]},{\"@type\":\"BreadcrumbList\",\"@id\":\"https:\/\/www.pm.pb.gov.br\/portal\/2019\/09\/25\/policia-militar-prende-suspeito-que-estaria-praticando-assaltos-durante-as-primeiras-horas-da-manha-em-joao-pessoa\/#breadcrumb\",\"itemListElement\":[{\"@type\":\"ListItem\",\"position\":1,\"name\":\"In\u00edcio\",\"item\":\"https:\/\/www.pm.pb.gov.br\/portal\/\"},{\"@type\":\"ListItem\",\"position\":2,\"name\":\"Pol\u00edcia Militar prende suspeito que estaria praticando assaltos durante as primeiras horas da manh\u00e3 em Jo\u00e3o Pessoa\"}]},{\"@type\":\"WebSite\",\"@id\":\"https:\/\/www.pm.pb.gov.br\/portal\/#website\",\"url\":\"https:\/\/www.pm.pb.gov.br\/portal\/\",\"name\":\"Pol\u00edcia Militar da Para\u00edba\",\"description\":\"\",\"publisher\":{\"@id\":\"https:\/\/www.pm.pb.gov.br\/portal\/#organization\"},\"potentialAction\":[{\"@type\":\"SearchAction\",\"target\":{\"@type\":\"EntryPoint\",\"urlTemplate\":\"https:\/\/www.pm.pb.gov.br\/portal\/?s={search_term_string}\"},\"query-input\":\"required name=search_term_string\"}],\"inLanguage\":\"pt-BR\"},{\"@type\":\"Organization\",\"@id\":\"https:\/\/www.pm.pb.gov.br\/portal\/#organization\",\"name\":\"Pol\u00edcia Militar da Para\u00edba\",\"url\":\"https:\/\/www.pm.pb.gov.br\/portal\/\",\"logo\":{\"@type\":\"ImageObject\",\"inLanguage\":\"pt-BR\",\"@id\":\"https:\/\/www.pm.pb.gov.br\/portal\/#\/schema\/logo\/image\/\",\"url\":\"https:\/\/www.pm.pb.gov.br\/portal\/wp-content\/uploads\/2025\/03\/cropped-logo-site-mag2-1.png\",\"contentUrl\":\"https:\/\/www.pm.pb.gov.br\/portal\/wp-content\/uploads\/2025\/03\/cropped-logo-site-mag2-1.png\",\"width\":320,\"height\":90,\"caption\":\"Pol\u00edcia Militar da Para\u00edba\"},\"image\":{\"@id\":\"https:\/\/www.pm.pb.gov.br\/portal\/#\/schema\/logo\/image\/\"}},{\"@type\":\"Person\",\"@id\":\"https:\/\/www.pm.pb.gov.br\/portal\/#\/schema\/person\/b169b297b8494dea236e315ed1a201d1\",\"name\":\"WAGNER HENRIQUE VARELA DA SILVA\",\"image\":{\"@type\":\"ImageObject\",\"inLanguage\":\"pt-BR\",\"@id\":\"https:\/\/www.pm.pb.gov.br\/portal\/#\/schema\/person\/image\/\",\"url\":\"https:\/\/secure.gravatar.com\/avatar\/e08af53176a66730df5c0706c6c31fd6?s=96&d=mm&r=g\",\"contentUrl\":\"https:\/\/secure.gravatar.com\/avatar\/e08af53176a66730df5c0706c6c31fd6?s=96&d=mm&r=g\",\"caption\":\"WAGNER HENRIQUE VARELA DA SILVA\"},\"url\":\"https:\/\/www.pm.pb.gov.br\/portal\/author\/varela\/\"}]}<\/script>\n<!-- \/ Yoast SEO plugin. -->","yoast_head_json":{"title":"Pol\u00edcia Militar prende suspeito que estaria praticando assaltos durante as primeiras horas da manh\u00e3 em Jo\u00e3o Pessoa - Pol\u00edcia Militar da Para\u00edba","robots":{"index":"index","follow":"follow","max-snippet":"max-snippet:-1","max-image-preview":"max-image-preview:large","max-video-preview":"max-video-preview:-1"},"canonical":"https:\/\/www.pm.pb.gov.br\/portal\/2019\/09\/25\/policia-militar-prende-suspeito-que-estaria-praticando-assaltos-durante-as-primeiras-horas-da-manha-em-joao-pessoa\/","og_locale":"pt_BR","og_type":"article","og_title":"Pol\u00edcia Militar prende suspeito que estaria praticando assaltos durante as primeiras horas da manh\u00e3 em Jo\u00e3o Pessoa - Pol\u00edcia Militar da Para\u00edba","og_description":"A Pol\u00edcia Militar localizou e prendeu, no fim da manh\u00e3 desta quarta-feira (25), o principal suspeito dos arrast\u00f5es que estavam","og_url":"https:\/\/www.pm.pb.gov.br\/portal\/2019\/09\/25\/policia-militar-prende-suspeito-que-estaria-praticando-assaltos-durante-as-primeiras-horas-da-manha-em-joao-pessoa\/","og_site_name":"Pol\u00edcia Militar da Para\u00edba","article_published_time":"2019-09-25T15:06:46+00:00","article_modified_time":"2019-09-25T15:06:47+00:00","og_image":[{"width":1280,"height":712,"url":"https:\/\/www.pm.pb.gov.br\/portal\/wp-content\/uploads\/2019\/09\/WhatsApp-Image-2019-09-25-at-12.07.43.jpeg","type":"image\/jpeg"}],"author":"WAGNER HENRIQUE VARELA DA SILVA","twitter_card":"summary_large_image","twitter_misc":{"Escrito por":"WAGNER HENRIQUE VARELA DA SILVA","Est. tempo de leitura":"1 minuto"},"schema":{"@context":"https:\/\/schema.org","@graph":[{"@type":"Article","@id":"https:\/\/www.pm.pb.gov.br\/portal\/2019\/09\/25\/policia-militar-prende-suspeito-que-estaria-praticando-assaltos-durante-as-primeiras-horas-da-manha-em-joao-pessoa\/#article","isPartOf":{"@id":"https:\/\/www.pm.pb.gov.br\/portal\/2019\/09\/25\/policia-militar-prende-suspeito-que-estaria-praticando-assaltos-durante-as-primeiras-horas-da-manha-em-joao-pessoa\/"},"author":{"name":"WAGNER HENRIQUE VARELA DA SILVA","@id":"https:\/\/www.pm.pb.gov.br\/portal\/#\/schema\/person\/b169b297b8494dea236e315ed1a201d1"},"headline":"Pol\u00edcia Militar prende suspeito que estaria praticando assaltos durante as primeiras horas da manh\u00e3 em Jo\u00e3o Pessoa","datePublished":"2019-09-25T15:06:46+00:00","dateModified":"2019-09-25T15:06:47+00:00","mainEntityOfPage":{"@id":"https:\/\/www.pm.pb.gov.br\/portal\/2019\/09\/25\/policia-militar-prende-suspeito-que-estaria-praticando-assaltos-durante-as-primeiras-horas-da-manha-em-joao-pessoa\/"},"wordCount":169,"publisher":{"@id":"https:\/\/www.pm.pb.gov.br\/portal\/#organization"},"articleSection":["A\u00e7\u00f5es Policiais"],"inLanguage":"pt-BR"},{"@type":"WebPage","@id":"https:\/\/www.pm.pb.gov.br\/portal\/2019\/09\/25\/policia-militar-prende-suspeito-que-estaria-praticando-assaltos-durante-as-primeiras-horas-da-manha-em-joao-pessoa\/","url":"https:\/\/www.pm.pb.gov.br\/portal\/2019\/09\/25\/policia-militar-prende-suspeito-que-estaria-praticando-assaltos-durante-as-primeiras-horas-da-manha-em-joao-pessoa\/","name":"Pol\u00edcia Militar prende suspeito que estaria praticando assaltos durante as primeiras horas da manh\u00e3 em Jo\u00e3o Pessoa - Pol\u00edcia Militar da Para\u00edba","isPartOf":{"@id":"https:\/\/www.pm.pb.gov.br\/portal\/#website"},"datePublished":"2019-09-25T15:06:46+00:00","dateModified":"2019-09-25T15:06:47+00:00","breadcrumb":{"@id":"https:\/\/www.pm.pb.gov.br\/portal\/2019\/09\/25\/policia-militar-prende-suspeito-que-estaria-praticando-assaltos-durante-as-primeiras-horas-da-manha-em-joao-pessoa\/#breadcrumb"},"inLanguage":"pt-BR","potentialAction":[{"@type":"ReadAction","target":["https:\/\/www.pm.pb.gov.br\/portal\/2019\/09\/25\/policia-militar-prende-suspeito-que-estaria-praticando-assaltos-durante-as-primeiras-horas-da-manha-em-joao-pessoa\/"]}]},{"@type":"BreadcrumbList","@id":"https:\/\/www.pm.pb.gov.br\/portal\/2019\/09\/25\/policia-militar-prende-suspeito-que-estaria-praticando-assaltos-durante-as-primeiras-horas-da-manha-em-joao-pessoa\/#breadcrumb","itemListElement":[{"@type":"ListItem","position":1,"name":"In\u00edcio","item":"https:\/\/www.pm.pb.gov.br\/portal\/"},{"@type":"ListItem","position":2,"name":"Pol\u00edcia Militar prende suspeito que estaria praticando assaltos durante as primeiras horas da manh\u00e3 em Jo\u00e3o Pessoa"}]},{"@type":"WebSite","@id":"https:\/\/www.pm.pb.gov.br\/portal\/#website","url":"https:\/\/www.pm.pb.gov.br\/portal\/","name":"Pol\u00edcia Militar da Para\u00edba","description":"","publisher":{"@id":"https:\/\/www.pm.pb.gov.br\/portal\/#organization"},"potentialAction":[{"@type":"SearchAction","target":{"@type":"EntryPoint","urlTemplate":"https:\/\/www.pm.pb.gov.br\/portal\/?s={search_term_string}"},"query-input":"required name=search_term_string"}],"inLanguage":"pt-BR"},{"@type":"Organization","@id":"https:\/\/www.pm.pb.gov.br\/portal\/#organization","name":"Pol\u00edcia Militar da Para\u00edba","url":"https:\/\/www.pm.pb.gov.br\/portal\/","logo":{"@type":"ImageObject","inLanguage":"pt-BR","@id":"https:\/\/www.pm.pb.gov.br\/portal\/#\/schema\/logo\/image\/","url":"https:\/\/www.pm.pb.gov.br\/portal\/wp-content\/uploads\/2025\/03\/cropped-logo-site-mag2-1.png","contentUrl":"https:\/\/www.pm.pb.gov.br\/portal\/wp-content\/uploads\/2025\/03\/cropped-logo-site-mag2-1.png","width":320,"height":90,"caption":"Pol\u00edcia Militar da Para\u00edba"},"image":{"@id":"https:\/\/www.pm.pb.gov.br\/portal\/#\/schema\/logo\/image\/"}},{"@type":"Person","@id":"https:\/\/www.pm.pb.gov.br\/portal\/#\/schema\/person\/b169b297b8494dea236e315ed1a201d1","name":"WAGNER HENRIQUE VARELA DA SILVA","image":{"@type":"ImageObject","inLanguage":"pt-BR","@id":"https:\/\/www.pm.pb.gov.br\/portal\/#\/schema\/person\/image\/","url":"https:\/\/secure.gravatar.com\/avatar\/e08af53176a66730df5c0706c6c31fd6?s=96&d=mm&r=g","contentUrl":"https:\/\/secure.gravatar.com\/avatar\/e08af53176a66730df5c0706c6c31fd6?s=96&d=mm&r=g","caption":"WAGNER HENRIQUE VARELA DA SILVA"},"url":"https:\/\/www.pm.pb.gov.br\/portal\/author\/varela\/"}]}},"_links":{"self":[{"href":"https:\/\/www.pm.pb.gov.br\/portal\/wp-json\/wp\/v2\/posts\/902468"}],"collection":[{"href":"https:\/\/www.pm.pb.gov.br\/portal\/wp-json\/wp\/v2\/posts"}],"about":[{"href":"https:\/\/www.pm.pb.gov.br\/portal\/wp-json\/wp\/v2\/types\/post"}],"author":[{"embeddable":true,"href":"https:\/\/www.pm.pb.gov.br\/portal\/wp-json\/wp\/v2\/users\/10"}],"replies":[{"embeddable":true,"href":"https:\/\/www.pm.pb.gov.br\/portal\/wp-json\/wp\/v2\/comments?post=902468"}],"version-history":[{"count":1,"href":"https:\/\/www.pm.pb.gov.br\/portal\/wp-json\/wp\/v2\/posts\/902468\/revisions"}],"predecessor-version":[{"id":902470,"href":"https:\/\/www.pm.pb.gov.br\/portal\/wp-json\/wp\/v2\/posts\/902468\/revisions\/902470"}],"wp:featuredmedia":[{"embeddable":true,"href":"https:\/\/www.pm.pb.gov.br\/portal\/wp-json\/wp\/v2\/media\/902469"}],"wp:attachment":[{"href":"https:\/\/www.pm.pb.gov.br\/portal\/wp-json\/wp\/v2\/media?parent=902468"}],"wp:term":[{"taxonomy":"category","embeddable":true,"href":"https:\/\/www.pm.pb.gov.br\/portal\/wp-json\/wp\/v2\/categories?post=902468"},{"taxonomy":"post_tag","embeddable":true,"href":"https:\/\/www.pm.pb.gov.br\/portal\/wp-json\/wp\/v2\/tags?post=902468"}],"curies":[{"name":"wp","href":"https:\/\/api.w.org\/{rel}","templated":true}]}}