{"id":902459,"date":"2019-09-25T09:11:34","date_gmt":"2019-09-25T12:11:34","guid":{"rendered":"http:\/\/www.pm.pb.gov.br\/portal\/?p=902459"},"modified":"2019-09-25T09:11:35","modified_gmt":"2019-09-25T12:11:35","slug":"policias-militar-e-civil-prendem-mulher-que-estaria-atuando-no-trafico-de-drogas-na-cidade-de-solanea","status":"publish","type":"post","link":"https:\/\/www.pm.pb.gov.br\/portal\/2019\/09\/25\/policias-militar-e-civil-prendem-mulher-que-estaria-atuando-no-trafico-de-drogas-na-cidade-de-solanea\/","title":{"rendered":"Pol\u00edcias Militar e Civil prendem mulher que estaria atuando no tr\u00e1fico de drogas na cidade de Sol\u00e2nea"},"content":{"rendered":"\n<p align=\"justify\"><span style=\"font-size: medium;\"><span style=\"color: #000000;\">Uma mulher de 22 anos foi presa em flagrante com quase 3,5 kg de maconha, na noite dessa\u00a0ter\u00e7a-feira (24), na cidade de Sol\u00e2nea. Ele vinha sendo procurada ap\u00f3s den\u00fancias de sua atua\u00e7\u00e3o no tr\u00e1fico de drogas, no munic\u00edpio.<\/span><\/span><\/p>\n<p align=\"justify\"><span style=\"color: #000000; font-size: medium;\">A pris\u00e3o da suspeita foi realizada pelas equipes da 7\u00aa Companhia Independente da PM e da Pol\u00edcia Civil, que abordaram a acusada na Rua do Jatob\u00e1, onde ela estaria agindo. A mulher foi flagrada com uma por\u00e7\u00e3o da droga e o restante estava na casa dela, dentro de um dep\u00f3sito pl\u00e1stico. Na resid\u00eancia, os policiais apreenderam ainda dinheiro e balan\u00e7a de precis\u00e3o.<\/span><\/p>\n<p align=\"justify\"><span style=\"color: #000000; font-size: medium;\">A presa foi levada com o material apreendido para a Delegacia de Pol\u00edcia Civil, em Sol\u00e2nea.<\/span><\/p>\n<p>\u00a0<\/p>\n","protected":false},"excerpt":{"rendered":"<p>Uma mulher de 22 anos foi presa em flagrante com quase 3,5 kg de maconha, na noite dessa\u00a0ter\u00e7a-feira (24), na<\/p>\n","protected":false},"author":10,"featured_media":902460,"comment_status":"closed","ping_status":"closed","sticky":false,"template":"","format":"standard","meta":{"_exactmetrics_skip_tracking":false,"_exactmetrics_sitenote_active":false,"_exactmetrics_sitenote_note":"","_exactmetrics_sitenote_category":0,"footnotes":""},"categories":[4],"tags":[],"yoast_head":"<!-- This site is optimized with the Yoast SEO plugin v22.0 - https:\/\/yoast.com\/wordpress\/plugins\/seo\/ -->\n<title>Pol\u00edcias Militar e Civil prendem mulher que estaria atuando no tr\u00e1fico de drogas na cidade de Sol\u00e2nea - Pol\u00edcia Militar da Para\u00edba<\/title>\n<meta name=\"robots\" content=\"index, follow, max-snippet:-1, max-image-preview:large, max-video-preview:-1\" \/>\n<link rel=\"canonical\" href=\"https:\/\/www.pm.pb.gov.br\/portal\/2019\/09\/25\/policias-militar-e-civil-prendem-mulher-que-estaria-atuando-no-trafico-de-drogas-na-cidade-de-solanea\/\" \/>\n<meta property=\"og:locale\" content=\"pt_BR\" \/>\n<meta property=\"og:type\" content=\"article\" \/>\n<meta property=\"og:title\" content=\"Pol\u00edcias Militar e Civil prendem mulher que estaria atuando no tr\u00e1fico de drogas na cidade de Sol\u00e2nea - Pol\u00edcia Militar da Para\u00edba\" \/>\n<meta property=\"og:description\" content=\"Uma mulher de 22 anos foi presa em flagrante com quase 3,5 kg de maconha, na noite dessa\u00a0ter\u00e7a-feira (24), na\" \/>\n<meta property=\"og:url\" content=\"https:\/\/www.pm.pb.gov.br\/portal\/2019\/09\/25\/policias-militar-e-civil-prendem-mulher-que-estaria-atuando-no-trafico-de-drogas-na-cidade-de-solanea\/\" \/>\n<meta property=\"og:site_name\" content=\"Pol\u00edcia Militar da Para\u00edba\" \/>\n<meta property=\"article:published_time\" content=\"2019-09-25T12:11:34+00:00\" \/>\n<meta property=\"article:modified_time\" content=\"2019-09-25T12:11:35+00:00\" \/>\n<meta property=\"og:image\" content=\"https:\/\/www.pm.pb.gov.br\/portal\/wp-content\/uploads\/2019\/09\/APREENS\u00c3O-EM-SOL\u00c2NEA.jpg\" \/>\n\t<meta property=\"og:image:width\" content=\"800\" \/>\n\t<meta property=\"og:image:height\" content=\"455\" \/>\n\t<meta property=\"og:image:type\" content=\"image\/jpeg\" \/>\n<meta name=\"author\" content=\"WAGNER HENRIQUE VARELA DA SILVA\" \/>\n<meta name=\"twitter:card\" content=\"summary_large_image\" \/>\n<meta name=\"twitter:label1\" content=\"Escrito por\" \/>\n\t<meta name=\"twitter:data1\" content=\"WAGNER HENRIQUE VARELA DA SILVA\" \/>\n\t<meta name=\"twitter:label2\" content=\"Est. tempo de leitura\" \/>\n\t<meta name=\"twitter:data2\" content=\"1 minuto\" \/>\n<script type=\"application\/ld+json\" class=\"yoast-schema-graph\">{\"@context\":\"https:\/\/schema.org\",\"@graph\":[{\"@type\":\"Article\",\"@id\":\"https:\/\/www.pm.pb.gov.br\/portal\/2019\/09\/25\/policias-militar-e-civil-prendem-mulher-que-estaria-atuando-no-trafico-de-drogas-na-cidade-de-solanea\/#article\",\"isPartOf\":{\"@id\":\"https:\/\/www.pm.pb.gov.br\/portal\/2019\/09\/25\/policias-militar-e-civil-prendem-mulher-que-estaria-atuando-no-trafico-de-drogas-na-cidade-de-solanea\/\"},\"author\":{\"name\":\"WAGNER HENRIQUE VARELA DA SILVA\",\"@id\":\"https:\/\/www.pm.pb.gov.br\/portal\/#\/schema\/person\/b169b297b8494dea236e315ed1a201d1\"},\"headline\":\"Pol\u00edcias Militar e Civil prendem mulher que estaria atuando no tr\u00e1fico de drogas na cidade de Sol\u00e2nea\",\"datePublished\":\"2019-09-25T12:11:34+00:00\",\"dateModified\":\"2019-09-25T12:11:35+00:00\",\"mainEntityOfPage\":{\"@id\":\"https:\/\/www.pm.pb.gov.br\/portal\/2019\/09\/25\/policias-militar-e-civil-prendem-mulher-que-estaria-atuando-no-trafico-de-drogas-na-cidade-de-solanea\/\"},\"wordCount\":150,\"publisher\":{\"@id\":\"https:\/\/www.pm.pb.gov.br\/portal\/#organization\"},\"articleSection\":[\"A\u00e7\u00f5es Policiais\"],\"inLanguage\":\"pt-BR\"},{\"@type\":\"WebPage\",\"@id\":\"https:\/\/www.pm.pb.gov.br\/portal\/2019\/09\/25\/policias-militar-e-civil-prendem-mulher-que-estaria-atuando-no-trafico-de-drogas-na-cidade-de-solanea\/\",\"url\":\"https:\/\/www.pm.pb.gov.br\/portal\/2019\/09\/25\/policias-militar-e-civil-prendem-mulher-que-estaria-atuando-no-trafico-de-drogas-na-cidade-de-solanea\/\",\"name\":\"Pol\u00edcias Militar e Civil prendem mulher que estaria atuando no tr\u00e1fico de drogas na cidade de Sol\u00e2nea - Pol\u00edcia Militar da Para\u00edba\",\"isPartOf\":{\"@id\":\"https:\/\/www.pm.pb.gov.br\/portal\/#website\"},\"datePublished\":\"2019-09-25T12:11:34+00:00\",\"dateModified\":\"2019-09-25T12:11:35+00:00\",\"breadcrumb\":{\"@id\":\"https:\/\/www.pm.pb.gov.br\/portal\/2019\/09\/25\/policias-militar-e-civil-prendem-mulher-que-estaria-atuando-no-trafico-de-drogas-na-cidade-de-solanea\/#breadcrumb\"},\"inLanguage\":\"pt-BR\",\"potentialAction\":[{\"@type\":\"ReadAction\",\"target\":[\"https:\/\/www.pm.pb.gov.br\/portal\/2019\/09\/25\/policias-militar-e-civil-prendem-mulher-que-estaria-atuando-no-trafico-de-drogas-na-cidade-de-solanea\/\"]}]},{\"@type\":\"BreadcrumbList\",\"@id\":\"https:\/\/www.pm.pb.gov.br\/portal\/2019\/09\/25\/policias-militar-e-civil-prendem-mulher-que-estaria-atuando-no-trafico-de-drogas-na-cidade-de-solanea\/#breadcrumb\",\"itemListElement\":[{\"@type\":\"ListItem\",\"position\":1,\"name\":\"In\u00edcio\",\"item\":\"https:\/\/www.pm.pb.gov.br\/portal\/\"},{\"@type\":\"ListItem\",\"position\":2,\"name\":\"Pol\u00edcias Militar e Civil prendem mulher que estaria atuando no tr\u00e1fico de drogas na cidade de Sol\u00e2nea\"}]},{\"@type\":\"WebSite\",\"@id\":\"https:\/\/www.pm.pb.gov.br\/portal\/#website\",\"url\":\"https:\/\/www.pm.pb.gov.br\/portal\/\",\"name\":\"Pol\u00edcia Militar da Para\u00edba\",\"description\":\"\",\"publisher\":{\"@id\":\"https:\/\/www.pm.pb.gov.br\/portal\/#organization\"},\"potentialAction\":[{\"@type\":\"SearchAction\",\"target\":{\"@type\":\"EntryPoint\",\"urlTemplate\":\"https:\/\/www.pm.pb.gov.br\/portal\/?s={search_term_string}\"},\"query-input\":\"required name=search_term_string\"}],\"inLanguage\":\"pt-BR\"},{\"@type\":\"Organization\",\"@id\":\"https:\/\/www.pm.pb.gov.br\/portal\/#organization\",\"name\":\"Pol\u00edcia Militar da Para\u00edba\",\"url\":\"https:\/\/www.pm.pb.gov.br\/portal\/\",\"logo\":{\"@type\":\"ImageObject\",\"inLanguage\":\"pt-BR\",\"@id\":\"https:\/\/www.pm.pb.gov.br\/portal\/#\/schema\/logo\/image\/\",\"url\":\"https:\/\/www.pm.pb.gov.br\/portal\/wp-content\/uploads\/2025\/03\/cropped-logo-site-mag2-1.png\",\"contentUrl\":\"https:\/\/www.pm.pb.gov.br\/portal\/wp-content\/uploads\/2025\/03\/cropped-logo-site-mag2-1.png\",\"width\":320,\"height\":90,\"caption\":\"Pol\u00edcia Militar da Para\u00edba\"},\"image\":{\"@id\":\"https:\/\/www.pm.pb.gov.br\/portal\/#\/schema\/logo\/image\/\"}},{\"@type\":\"Person\",\"@id\":\"https:\/\/www.pm.pb.gov.br\/portal\/#\/schema\/person\/b169b297b8494dea236e315ed1a201d1\",\"name\":\"WAGNER HENRIQUE VARELA DA SILVA\",\"image\":{\"@type\":\"ImageObject\",\"inLanguage\":\"pt-BR\",\"@id\":\"https:\/\/www.pm.pb.gov.br\/portal\/#\/schema\/person\/image\/\",\"url\":\"https:\/\/secure.gravatar.com\/avatar\/e08af53176a66730df5c0706c6c31fd6?s=96&d=mm&r=g\",\"contentUrl\":\"https:\/\/secure.gravatar.com\/avatar\/e08af53176a66730df5c0706c6c31fd6?s=96&d=mm&r=g\",\"caption\":\"WAGNER HENRIQUE VARELA DA SILVA\"},\"url\":\"https:\/\/www.pm.pb.gov.br\/portal\/author\/varela\/\"}]}<\/script>\n<!-- \/ Yoast SEO plugin. -->","yoast_head_json":{"title":"Pol\u00edcias Militar e Civil prendem mulher que estaria atuando no tr\u00e1fico de drogas na cidade de Sol\u00e2nea - Pol\u00edcia Militar da Para\u00edba","robots":{"index":"index","follow":"follow","max-snippet":"max-snippet:-1","max-image-preview":"max-image-preview:large","max-video-preview":"max-video-preview:-1"},"canonical":"https:\/\/www.pm.pb.gov.br\/portal\/2019\/09\/25\/policias-militar-e-civil-prendem-mulher-que-estaria-atuando-no-trafico-de-drogas-na-cidade-de-solanea\/","og_locale":"pt_BR","og_type":"article","og_title":"Pol\u00edcias Militar e Civil prendem mulher que estaria atuando no tr\u00e1fico de drogas na cidade de Sol\u00e2nea - Pol\u00edcia Militar da Para\u00edba","og_description":"Uma mulher de 22 anos foi presa em flagrante com quase 3,5 kg de maconha, na noite dessa\u00a0ter\u00e7a-feira (24), na","og_url":"https:\/\/www.pm.pb.gov.br\/portal\/2019\/09\/25\/policias-militar-e-civil-prendem-mulher-que-estaria-atuando-no-trafico-de-drogas-na-cidade-de-solanea\/","og_site_name":"Pol\u00edcia Militar da Para\u00edba","article_published_time":"2019-09-25T12:11:34+00:00","article_modified_time":"2019-09-25T12:11:35+00:00","og_image":[{"width":800,"height":455,"url":"https:\/\/www.pm.pb.gov.br\/portal\/wp-content\/uploads\/2019\/09\/APREENS\u00c3O-EM-SOL\u00c2NEA.jpg","type":"image\/jpeg"}],"author":"WAGNER HENRIQUE VARELA DA SILVA","twitter_card":"summary_large_image","twitter_misc":{"Escrito por":"WAGNER HENRIQUE VARELA DA SILVA","Est. tempo de leitura":"1 minuto"},"schema":{"@context":"https:\/\/schema.org","@graph":[{"@type":"Article","@id":"https:\/\/www.pm.pb.gov.br\/portal\/2019\/09\/25\/policias-militar-e-civil-prendem-mulher-que-estaria-atuando-no-trafico-de-drogas-na-cidade-de-solanea\/#article","isPartOf":{"@id":"https:\/\/www.pm.pb.gov.br\/portal\/2019\/09\/25\/policias-militar-e-civil-prendem-mulher-que-estaria-atuando-no-trafico-de-drogas-na-cidade-de-solanea\/"},"author":{"name":"WAGNER HENRIQUE VARELA DA SILVA","@id":"https:\/\/www.pm.pb.gov.br\/portal\/#\/schema\/person\/b169b297b8494dea236e315ed1a201d1"},"headline":"Pol\u00edcias Militar e Civil prendem mulher que estaria atuando no tr\u00e1fico de drogas na cidade de Sol\u00e2nea","datePublished":"2019-09-25T12:11:34+00:00","dateModified":"2019-09-25T12:11:35+00:00","mainEntityOfPage":{"@id":"https:\/\/www.pm.pb.gov.br\/portal\/2019\/09\/25\/policias-militar-e-civil-prendem-mulher-que-estaria-atuando-no-trafico-de-drogas-na-cidade-de-solanea\/"},"wordCount":150,"publisher":{"@id":"https:\/\/www.pm.pb.gov.br\/portal\/#organization"},"articleSection":["A\u00e7\u00f5es Policiais"],"inLanguage":"pt-BR"},{"@type":"WebPage","@id":"https:\/\/www.pm.pb.gov.br\/portal\/2019\/09\/25\/policias-militar-e-civil-prendem-mulher-que-estaria-atuando-no-trafico-de-drogas-na-cidade-de-solanea\/","url":"https:\/\/www.pm.pb.gov.br\/portal\/2019\/09\/25\/policias-militar-e-civil-prendem-mulher-que-estaria-atuando-no-trafico-de-drogas-na-cidade-de-solanea\/","name":"Pol\u00edcias Militar e Civil prendem mulher que estaria atuando no tr\u00e1fico de drogas na cidade de Sol\u00e2nea - Pol\u00edcia Militar da Para\u00edba","isPartOf":{"@id":"https:\/\/www.pm.pb.gov.br\/portal\/#website"},"datePublished":"2019-09-25T12:11:34+00:00","dateModified":"2019-09-25T12:11:35+00:00","breadcrumb":{"@id":"https:\/\/www.pm.pb.gov.br\/portal\/2019\/09\/25\/policias-militar-e-civil-prendem-mulher-que-estaria-atuando-no-trafico-de-drogas-na-cidade-de-solanea\/#breadcrumb"},"inLanguage":"pt-BR","potentialAction":[{"@type":"ReadAction","target":["https:\/\/www.pm.pb.gov.br\/portal\/2019\/09\/25\/policias-militar-e-civil-prendem-mulher-que-estaria-atuando-no-trafico-de-drogas-na-cidade-de-solanea\/"]}]},{"@type":"BreadcrumbList","@id":"https:\/\/www.pm.pb.gov.br\/portal\/2019\/09\/25\/policias-militar-e-civil-prendem-mulher-que-estaria-atuando-no-trafico-de-drogas-na-cidade-de-solanea\/#breadcrumb","itemListElement":[{"@type":"ListItem","position":1,"name":"In\u00edcio","item":"https:\/\/www.pm.pb.gov.br\/portal\/"},{"@type":"ListItem","position":2,"name":"Pol\u00edcias Militar e Civil prendem mulher que estaria atuando no tr\u00e1fico de drogas na cidade de Sol\u00e2nea"}]},{"@type":"WebSite","@id":"https:\/\/www.pm.pb.gov.br\/portal\/#website","url":"https:\/\/www.pm.pb.gov.br\/portal\/","name":"Pol\u00edcia Militar da Para\u00edba","description":"","publisher":{"@id":"https:\/\/www.pm.pb.gov.br\/portal\/#organization"},"potentialAction":[{"@type":"SearchAction","target":{"@type":"EntryPoint","urlTemplate":"https:\/\/www.pm.pb.gov.br\/portal\/?s={search_term_string}"},"query-input":"required name=search_term_string"}],"inLanguage":"pt-BR"},{"@type":"Organization","@id":"https:\/\/www.pm.pb.gov.br\/portal\/#organization","name":"Pol\u00edcia Militar da Para\u00edba","url":"https:\/\/www.pm.pb.gov.br\/portal\/","logo":{"@type":"ImageObject","inLanguage":"pt-BR","@id":"https:\/\/www.pm.pb.gov.br\/portal\/#\/schema\/logo\/image\/","url":"https:\/\/www.pm.pb.gov.br\/portal\/wp-content\/uploads\/2025\/03\/cropped-logo-site-mag2-1.png","contentUrl":"https:\/\/www.pm.pb.gov.br\/portal\/wp-content\/uploads\/2025\/03\/cropped-logo-site-mag2-1.png","width":320,"height":90,"caption":"Pol\u00edcia Militar da Para\u00edba"},"image":{"@id":"https:\/\/www.pm.pb.gov.br\/portal\/#\/schema\/logo\/image\/"}},{"@type":"Person","@id":"https:\/\/www.pm.pb.gov.br\/portal\/#\/schema\/person\/b169b297b8494dea236e315ed1a201d1","name":"WAGNER HENRIQUE VARELA DA SILVA","image":{"@type":"ImageObject","inLanguage":"pt-BR","@id":"https:\/\/www.pm.pb.gov.br\/portal\/#\/schema\/person\/image\/","url":"https:\/\/secure.gravatar.com\/avatar\/e08af53176a66730df5c0706c6c31fd6?s=96&d=mm&r=g","contentUrl":"https:\/\/secure.gravatar.com\/avatar\/e08af53176a66730df5c0706c6c31fd6?s=96&d=mm&r=g","caption":"WAGNER HENRIQUE VARELA DA SILVA"},"url":"https:\/\/www.pm.pb.gov.br\/portal\/author\/varela\/"}]}},"_links":{"self":[{"href":"https:\/\/www.pm.pb.gov.br\/portal\/wp-json\/wp\/v2\/posts\/902459"}],"collection":[{"href":"https:\/\/www.pm.pb.gov.br\/portal\/wp-json\/wp\/v2\/posts"}],"about":[{"href":"https:\/\/www.pm.pb.gov.br\/portal\/wp-json\/wp\/v2\/types\/post"}],"author":[{"embeddable":true,"href":"https:\/\/www.pm.pb.gov.br\/portal\/wp-json\/wp\/v2\/users\/10"}],"replies":[{"embeddable":true,"href":"https:\/\/www.pm.pb.gov.br\/portal\/wp-json\/wp\/v2\/comments?post=902459"}],"version-history":[{"count":1,"href":"https:\/\/www.pm.pb.gov.br\/portal\/wp-json\/wp\/v2\/posts\/902459\/revisions"}],"predecessor-version":[{"id":902461,"href":"https:\/\/www.pm.pb.gov.br\/portal\/wp-json\/wp\/v2\/posts\/902459\/revisions\/902461"}],"wp:featuredmedia":[{"embeddable":true,"href":"https:\/\/www.pm.pb.gov.br\/portal\/wp-json\/wp\/v2\/media\/902460"}],"wp:attachment":[{"href":"https:\/\/www.pm.pb.gov.br\/portal\/wp-json\/wp\/v2\/media?parent=902459"}],"wp:term":[{"taxonomy":"category","embeddable":true,"href":"https:\/\/www.pm.pb.gov.br\/portal\/wp-json\/wp\/v2\/categories?post=902459"},{"taxonomy":"post_tag","embeddable":true,"href":"https:\/\/www.pm.pb.gov.br\/portal\/wp-json\/wp\/v2\/tags?post=902459"}],"curies":[{"name":"wp","href":"https:\/\/api.w.org\/{rel}","templated":true}]}}